{"id":848,"date":"2020-11-28T20:41:51","date_gmt":"2020-11-28T19:41:51","guid":{"rendered":"http:\/\/wp.kristdemokraterna.se\/koping\/?p=848"},"modified":"2020-11-28T21:12:55","modified_gmt":"2020-11-28T20:12:55","slug":"joda-koping-kan-battre-2","status":"publish","type":"post","link":"https:\/\/wp.kristdemokraterna.se\/koping\/2020\/11\/28\/joda-koping-kan-battre-2\/","title":{"rendered":"Jod\u00e5, K\u00f6ping kan b\u00e4ttre!"},"content":{"rendered":"<p><a href=\"http:\/\/wp.kristdemokraterna.se\/koping\/2020\/11\/28\/joda-koping-kan-battre-2\/img-0139\/\" rel=\"attachment wp-att-863\"><img loading=\"lazy\" decoding=\"async\" class=\"alignright size-medium wp-image-863\" src=\"http:\/\/wp.kristdemokraterna.se\/koping\/files\/2020\/11\/img_0139-136x300.jpeg\" alt=\"\" width=\"136\" height=\"300\" srcset=\"https:\/\/wp.kristdemokraterna.se\/koping\/files\/2020\/11\/img_0139-136x300.jpeg 136w, https:\/\/wp.kristdemokraterna.se\/koping\/files\/2020\/11\/img_0139-466x1024.jpeg 466w, https:\/\/wp.kristdemokraterna.se\/koping\/files\/2020\/11\/img_0139-768x1689.jpeg 768w, https:\/\/wp.kristdemokraterna.se\/koping\/files\/2020\/11\/img_0139-698x1536.jpeg 698w, https:\/\/wp.kristdemokraterna.se\/koping\/files\/2020\/11\/img_0139-91x200.jpeg 91w, https:\/\/wp.kristdemokraterna.se\/koping\/files\/2020\/11\/img_0139-370x814.jpeg 370w, https:\/\/wp.kristdemokraterna.se\/koping\/files\/2020\/11\/img_0139-770x1693.jpeg 770w, https:\/\/wp.kristdemokraterna.se\/koping\/files\/2020\/11\/img_0139-450x990.jpeg 450w, https:\/\/wp.kristdemokraterna.se\/koping\/files\/2020\/11\/img_0139-183x402.jpeg 183w, https:\/\/wp.kristdemokraterna.se\/koping\/files\/2020\/11\/img_0139-340x748.jpeg 340w, https:\/\/wp.kristdemokraterna.se\/koping\/files\/2020\/11\/img_0139-25x56.jpeg 25w, https:\/\/wp.kristdemokraterna.se\/koping\/files\/2020\/11\/img_0139.jpeg 819w\" sizes=\"auto, (max-width: 136px) 100vw, 136px\" \/><\/a><\/p>\n","protected":false},"excerpt":{"rendered":"","protected":false},"author":62,"featured_media":0,"comment_status":"closed","ping_status":"closed","sticky":false,"template":"","format":"standard","meta":{"_acf_changed":false,"footnotes":""},"categories":[10],"tags":[],"class_list":["post-848","post","type-post","status-publish","format-standard","hentry","category-i-media"],"acf":[],"yoast_head":"<!-- This site is optimized with the Yoast SEO plugin v27.4 - https:\/\/yoast.com\/product\/yoast-seo-wordpress\/ -->\n<title>Jod\u00e5, K\u00f6ping kan b\u00e4ttre! - Kristdemokraterna | K\u00f6ping<\/title>\n<meta name=\"robots\" content=\"index, follow, max-snippet:-1, max-image-preview:large, max-video-preview:-1\" \/>\n<link rel=\"canonical\" href=\"https:\/\/wp.kristdemokraterna.se\/koping\/2020\/11\/28\/joda-koping-kan-battre-2\/\" \/>\n<meta property=\"og:locale\" content=\"sv_SE\" \/>\n<meta property=\"og:type\" content=\"article\" \/>\n<meta property=\"og:title\" content=\"Jod\u00e5, K\u00f6ping kan b\u00e4ttre! - Kristdemokraterna | K\u00f6ping\" \/>\n<meta property=\"og:url\" content=\"https:\/\/wp.kristdemokraterna.se\/koping\/2020\/11\/28\/joda-koping-kan-battre-2\/\" \/>\n<meta property=\"og:site_name\" content=\"Kristdemokraterna | K\u00f6ping\" \/>\n<meta property=\"article:published_time\" content=\"2020-11-28T19:41:51+00:00\" \/>\n<meta property=\"article:modified_time\" content=\"2020-11-28T20:12:55+00:00\" \/>\n<meta property=\"og:image\" content=\"http:\/\/wp.kristdemokraterna.se\/koping\/files\/2020\/11\/img_0139-136x300.jpeg\" \/>\n<meta name=\"author\" content=\"Lars-Axel Nordell\" \/>\n<meta name=\"twitter:card\" content=\"summary_large_image\" \/>\n<meta name=\"twitter:label1\" content=\"Skriven av\" \/>\n\t<meta name=\"twitter:data1\" content=\"Lars-Axel Nordell\" \/>\n<script type=\"application\/ld+json\" class=\"yoast-schema-graph\">{\"@context\":\"https:\\\/\\\/schema.org\",\"@graph\":[{\"@type\":\"Article\",\"@id\":\"https:\\\/\\\/wp.kristdemokraterna.se\\\/koping\\\/2020\\\/11\\\/28\\\/joda-koping-kan-battre-2\\\/#article\",\"isPartOf\":{\"@id\":\"https:\\\/\\\/wp.kristdemokraterna.se\\\/koping\\\/2020\\\/11\\\/28\\\/joda-koping-kan-battre-2\\\/\"},\"author\":{\"name\":\"Lars-Axel Nordell\",\"@id\":\"https:\\\/\\\/wp.kristdemokraterna.se\\\/koping\\\/#\\\/schema\\\/person\\\/bdb0c5f48d712a46a4a2837cc9440b62\"},\"headline\":\"Jod\u00e5, K\u00f6ping kan b\u00e4ttre!\",\"datePublished\":\"2020-11-28T19:41:51+00:00\",\"dateModified\":\"2020-11-28T20:12:55+00:00\",\"mainEntityOfPage\":{\"@id\":\"https:\\\/\\\/wp.kristdemokraterna.se\\\/koping\\\/2020\\\/11\\\/28\\\/joda-koping-kan-battre-2\\\/\"},\"wordCount\":6,\"image\":{\"@id\":\"https:\\\/\\\/wp.kristdemokraterna.se\\\/koping\\\/2020\\\/11\\\/28\\\/joda-koping-kan-battre-2\\\/#primaryimage\"},\"thumbnailUrl\":\"http:\\\/\\\/wp.kristdemokraterna.se\\\/koping\\\/files\\\/2020\\\/11\\\/img_0139-136x300.jpeg\",\"articleSection\":[\"I media\"],\"inLanguage\":\"sv-SE\"},{\"@type\":\"WebPage\",\"@id\":\"https:\\\/\\\/wp.kristdemokraterna.se\\\/koping\\\/2020\\\/11\\\/28\\\/joda-koping-kan-battre-2\\\/\",\"url\":\"https:\\\/\\\/wp.kristdemokraterna.se\\\/koping\\\/2020\\\/11\\\/28\\\/joda-koping-kan-battre-2\\\/\",\"name\":\"Jod\u00e5, K\u00f6ping kan b\u00e4ttre! - Kristdemokraterna | K\u00f6ping\",\"isPartOf\":{\"@id\":\"https:\\\/\\\/wp.kristdemokraterna.se\\\/koping\\\/#website\"},\"primaryImageOfPage\":{\"@id\":\"https:\\\/\\\/wp.kristdemokraterna.se\\\/koping\\\/2020\\\/11\\\/28\\\/joda-koping-kan-battre-2\\\/#primaryimage\"},\"image\":{\"@id\":\"https:\\\/\\\/wp.kristdemokraterna.se\\\/koping\\\/2020\\\/11\\\/28\\\/joda-koping-kan-battre-2\\\/#primaryimage\"},\"thumbnailUrl\":\"http:\\\/\\\/wp.kristdemokraterna.se\\\/koping\\\/files\\\/2020\\\/11\\\/img_0139-136x300.jpeg\",\"datePublished\":\"2020-11-28T19:41:51+00:00\",\"dateModified\":\"2020-11-28T20:12:55+00:00\",\"author\":{\"@id\":\"https:\\\/\\\/wp.kristdemokraterna.se\\\/koping\\\/#\\\/schema\\\/person\\\/bdb0c5f48d712a46a4a2837cc9440b62\"},\"breadcrumb\":{\"@id\":\"https:\\\/\\\/wp.kristdemokraterna.se\\\/koping\\\/2020\\\/11\\\/28\\\/joda-koping-kan-battre-2\\\/#breadcrumb\"},\"inLanguage\":\"sv-SE\",\"potentialAction\":[{\"@type\":\"ReadAction\",\"target\":[\"https:\\\/\\\/wp.kristdemokraterna.se\\\/koping\\\/2020\\\/11\\\/28\\\/joda-koping-kan-battre-2\\\/\"]}]},{\"@type\":\"ImageObject\",\"inLanguage\":\"sv-SE\",\"@id\":\"https:\\\/\\\/wp.kristdemokraterna.se\\\/koping\\\/2020\\\/11\\\/28\\\/joda-koping-kan-battre-2\\\/#primaryimage\",\"url\":\"http:\\\/\\\/wp.kristdemokraterna.se\\\/koping\\\/files\\\/2020\\\/11\\\/img_0139-136x300.jpeg\",\"contentUrl\":\"http:\\\/\\\/wp.kristdemokraterna.se\\\/koping\\\/files\\\/2020\\\/11\\\/img_0139-136x300.jpeg\"},{\"@type\":\"BreadcrumbList\",\"@id\":\"https:\\\/\\\/wp.kristdemokraterna.se\\\/koping\\\/2020\\\/11\\\/28\\\/joda-koping-kan-battre-2\\\/#breadcrumb\",\"itemListElement\":[{\"@type\":\"ListItem\",\"position\":1,\"name\":\"Hem\",\"item\":\"https:\\\/\\\/wp.kristdemokraterna.se\\\/koping\\\/\"},{\"@type\":\"ListItem\",\"position\":2,\"name\":\"Jod\u00e5, K\u00f6ping kan b\u00e4ttre!\"}]},{\"@type\":\"WebSite\",\"@id\":\"https:\\\/\\\/wp.kristdemokraterna.se\\\/koping\\\/#website\",\"url\":\"https:\\\/\\\/wp.kristdemokraterna.se\\\/koping\\\/\",\"name\":\"Kristdemokraterna | K\u00f6ping\",\"description\":\"K\u00f6ping beh\u00f6ver ett nytt styre - men inga bilar p\u00e5 Stora gatan\",\"inLanguage\":\"sv-SE\"},{\"@type\":\"Person\",\"@id\":\"https:\\\/\\\/wp.kristdemokraterna.se\\\/koping\\\/#\\\/schema\\\/person\\\/bdb0c5f48d712a46a4a2837cc9440b62\",\"name\":\"Lars-Axel Nordell\",\"image\":{\"@type\":\"ImageObject\",\"inLanguage\":\"sv-SE\",\"@id\":\"https:\\\/\\\/secure.gravatar.com\\\/avatar\\\/d92875e023d2cb6ae0d1029a6bd2cca88e6910b5027e0eae0de217c7a30af7c8?s=96&d=mm&r=g\",\"url\":\"https:\\\/\\\/secure.gravatar.com\\\/avatar\\\/d92875e023d2cb6ae0d1029a6bd2cca88e6910b5027e0eae0de217c7a30af7c8?s=96&d=mm&r=g\",\"contentUrl\":\"https:\\\/\\\/secure.gravatar.com\\\/avatar\\\/d92875e023d2cb6ae0d1029a6bd2cca88e6910b5027e0eae0de217c7a30af7c8?s=96&d=mm&r=g\",\"caption\":\"Lars-Axel Nordell\"},\"sameAs\":[\"http:\\\/\\\/larsaxel.se\"],\"url\":\"https:\\\/\\\/wp.kristdemokraterna.se\\\/koping\\\/author\\\/larsaxel\\\/\"}]}<\/script>\n<!-- \/ Yoast SEO plugin. -->","yoast_head_json":{"title":"Jod\u00e5, K\u00f6ping kan b\u00e4ttre! - Kristdemokraterna | K\u00f6ping","robots":{"index":"index","follow":"follow","max-snippet":"max-snippet:-1","max-image-preview":"max-image-preview:large","max-video-preview":"max-video-preview:-1"},"canonical":"https:\/\/wp.kristdemokraterna.se\/koping\/2020\/11\/28\/joda-koping-kan-battre-2\/","og_locale":"sv_SE","og_type":"article","og_title":"Jod\u00e5, K\u00f6ping kan b\u00e4ttre! - Kristdemokraterna | K\u00f6ping","og_url":"https:\/\/wp.kristdemokraterna.se\/koping\/2020\/11\/28\/joda-koping-kan-battre-2\/","og_site_name":"Kristdemokraterna | K\u00f6ping","article_published_time":"2020-11-28T19:41:51+00:00","article_modified_time":"2020-11-28T20:12:55+00:00","og_image":[{"url":"http:\/\/wp.kristdemokraterna.se\/koping\/files\/2020\/11\/img_0139-136x300.jpeg","type":"","width":"","height":""}],"author":"Lars-Axel Nordell","twitter_card":"summary_large_image","twitter_misc":{"Skriven av":"Lars-Axel Nordell"},"schema":{"@context":"https:\/\/schema.org","@graph":[{"@type":"Article","@id":"https:\/\/wp.kristdemokraterna.se\/koping\/2020\/11\/28\/joda-koping-kan-battre-2\/#article","isPartOf":{"@id":"https:\/\/wp.kristdemokraterna.se\/koping\/2020\/11\/28\/joda-koping-kan-battre-2\/"},"author":{"name":"Lars-Axel Nordell","@id":"https:\/\/wp.kristdemokraterna.se\/koping\/#\/schema\/person\/bdb0c5f48d712a46a4a2837cc9440b62"},"headline":"Jod\u00e5, K\u00f6ping kan b\u00e4ttre!","datePublished":"2020-11-28T19:41:51+00:00","dateModified":"2020-11-28T20:12:55+00:00","mainEntityOfPage":{"@id":"https:\/\/wp.kristdemokraterna.se\/koping\/2020\/11\/28\/joda-koping-kan-battre-2\/"},"wordCount":6,"image":{"@id":"https:\/\/wp.kristdemokraterna.se\/koping\/2020\/11\/28\/joda-koping-kan-battre-2\/#primaryimage"},"thumbnailUrl":"http:\/\/wp.kristdemokraterna.se\/koping\/files\/2020\/11\/img_0139-136x300.jpeg","articleSection":["I media"],"inLanguage":"sv-SE"},{"@type":"WebPage","@id":"https:\/\/wp.kristdemokraterna.se\/koping\/2020\/11\/28\/joda-koping-kan-battre-2\/","url":"https:\/\/wp.kristdemokraterna.se\/koping\/2020\/11\/28\/joda-koping-kan-battre-2\/","name":"Jod\u00e5, K\u00f6ping kan b\u00e4ttre! - Kristdemokraterna | K\u00f6ping","isPartOf":{"@id":"https:\/\/wp.kristdemokraterna.se\/koping\/#website"},"primaryImageOfPage":{"@id":"https:\/\/wp.kristdemokraterna.se\/koping\/2020\/11\/28\/joda-koping-kan-battre-2\/#primaryimage"},"image":{"@id":"https:\/\/wp.kristdemokraterna.se\/koping\/2020\/11\/28\/joda-koping-kan-battre-2\/#primaryimage"},"thumbnailUrl":"http:\/\/wp.kristdemokraterna.se\/koping\/files\/2020\/11\/img_0139-136x300.jpeg","datePublished":"2020-11-28T19:41:51+00:00","dateModified":"2020-11-28T20:12:55+00:00","author":{"@id":"https:\/\/wp.kristdemokraterna.se\/koping\/#\/schema\/person\/bdb0c5f48d712a46a4a2837cc9440b62"},"breadcrumb":{"@id":"https:\/\/wp.kristdemokraterna.se\/koping\/2020\/11\/28\/joda-koping-kan-battre-2\/#breadcrumb"},"inLanguage":"sv-SE","potentialAction":[{"@type":"ReadAction","target":["https:\/\/wp.kristdemokraterna.se\/koping\/2020\/11\/28\/joda-koping-kan-battre-2\/"]}]},{"@type":"ImageObject","inLanguage":"sv-SE","@id":"https:\/\/wp.kristdemokraterna.se\/koping\/2020\/11\/28\/joda-koping-kan-battre-2\/#primaryimage","url":"http:\/\/wp.kristdemokraterna.se\/koping\/files\/2020\/11\/img_0139-136x300.jpeg","contentUrl":"http:\/\/wp.kristdemokraterna.se\/koping\/files\/2020\/11\/img_0139-136x300.jpeg"},{"@type":"BreadcrumbList","@id":"https:\/\/wp.kristdemokraterna.se\/koping\/2020\/11\/28\/joda-koping-kan-battre-2\/#breadcrumb","itemListElement":[{"@type":"ListItem","position":1,"name":"Hem","item":"https:\/\/wp.kristdemokraterna.se\/koping\/"},{"@type":"ListItem","position":2,"name":"Jod\u00e5, K\u00f6ping kan b\u00e4ttre!"}]},{"@type":"WebSite","@id":"https:\/\/wp.kristdemokraterna.se\/koping\/#website","url":"https:\/\/wp.kristdemokraterna.se\/koping\/","name":"Kristdemokraterna | K\u00f6ping","description":"K\u00f6ping beh\u00f6ver ett nytt styre - men inga bilar p\u00e5 Stora gatan","inLanguage":"sv-SE"},{"@type":"Person","@id":"https:\/\/wp.kristdemokraterna.se\/koping\/#\/schema\/person\/bdb0c5f48d712a46a4a2837cc9440b62","name":"Lars-Axel Nordell","image":{"@type":"ImageObject","inLanguage":"sv-SE","@id":"https:\/\/secure.gravatar.com\/avatar\/d92875e023d2cb6ae0d1029a6bd2cca88e6910b5027e0eae0de217c7a30af7c8?s=96&d=mm&r=g","url":"https:\/\/secure.gravatar.com\/avatar\/d92875e023d2cb6ae0d1029a6bd2cca88e6910b5027e0eae0de217c7a30af7c8?s=96&d=mm&r=g","contentUrl":"https:\/\/secure.gravatar.com\/avatar\/d92875e023d2cb6ae0d1029a6bd2cca88e6910b5027e0eae0de217c7a30af7c8?s=96&d=mm&r=g","caption":"Lars-Axel Nordell"},"sameAs":["http:\/\/larsaxel.se"],"url":"https:\/\/wp.kristdemokraterna.se\/koping\/author\/larsaxel\/"}]}},"_links":{"self":[{"href":"https:\/\/wp.kristdemokraterna.se\/koping\/wp-json\/wp\/v2\/posts\/848","targetHints":{"allow":["GET"]}}],"collection":[{"href":"https:\/\/wp.kristdemokraterna.se\/koping\/wp-json\/wp\/v2\/posts"}],"about":[{"href":"https:\/\/wp.kristdemokraterna.se\/koping\/wp-json\/wp\/v2\/types\/post"}],"author":[{"embeddable":true,"href":"https:\/\/wp.kristdemokraterna.se\/koping\/wp-json\/wp\/v2\/users\/62"}],"replies":[{"embeddable":true,"href":"https:\/\/wp.kristdemokraterna.se\/koping\/wp-json\/wp\/v2\/comments?post=848"}],"version-history":[{"count":9,"href":"https:\/\/wp.kristdemokraterna.se\/koping\/wp-json\/wp\/v2\/posts\/848\/revisions"}],"predecessor-version":[{"id":868,"href":"https:\/\/wp.kristdemokraterna.se\/koping\/wp-json\/wp\/v2\/posts\/848\/revisions\/868"}],"wp:attachment":[{"href":"https:\/\/wp.kristdemokraterna.se\/koping\/wp-json\/wp\/v2\/media?parent=848"}],"wp:term":[{"taxonomy":"category","embeddable":true,"href":"https:\/\/wp.kristdemokraterna.se\/koping\/wp-json\/wp\/v2\/categories?post=848"},{"taxonomy":"post_tag","embeddable":true,"href":"https:\/\/wp.kristdemokraterna.se\/koping\/wp-json\/wp\/v2\/tags?post=848"}],"curies":[{"name":"wp","href":"https:\/\/api.w.org\/{rel}","templated":true}]}}