{"id":820,"date":"2026-04-22T14:25:29","date_gmt":"2026-04-22T12:25:29","guid":{"rendered":"https:\/\/wp.kristdemokraterna.se\/kronoberg\/?p=820"},"modified":"2026-04-22T14:25:29","modified_gmt":"2026-04-22T12:25:29","slug":"820-2","status":"publish","type":"post","link":"https:\/\/wp.kristdemokraterna.se\/kronoberg\/820-2\/","title":{"rendered":""},"content":{"rendered":"<p>Kristdemokraterna presenterar vall\u00f6fte #1<br class=\"html-br\" \/><br class=\"html-br\" \/>DU SOM F\u00d6DANDE SKA ERBJUDAS ETT FAST BARNMORSKETEAM F\u00d6R \u00d6KAD TRYGGHET.<br class=\"html-br\" \/><br class=\"html-br\" \/>&#8211; Du som f\u00f6dande kvinna ska erbjudas ditt fasta barnmorsketeam, genom s\u00e5v\u00e4l f\u00f6rlossning som efterv\u00e5rd. F\u00f6r att du ska k\u00e4nna dig trygg med f\u00f6rlossningsv\u00e5rden.<br class=\"html-br\" \/><br class=\"html-br\" \/>F\u00f6rra \u00e5ret drev Kristdemokraterna fram en ny nationell f\u00f6rlossningsplan, med m\u00e5let att s\u00e4kerst\u00e4lla en trygg och n\u00e4ra f\u00f6rlossningsv\u00e5rd i hela Sverige.<br class=\"html-br\" \/><br class=\"html-br\" \/>Nu presenterar vi kristdemokrater i Kronoberg v\u00e5rt f\u00f6rsta vall\u00f6fte i Kronoberg:<br class=\"html-br\" \/><br class=\"html-br\" \/>Varje f\u00f6dande kvinna i Kronoberg ska ha ett fast barnmorsketeam. Detta inneb\u00e4r trygg, s\u00e4ker och samordnad v\u00e5rd f\u00f6re, under och efter f\u00f6rlossningen.<br class=\"html-br\" \/><br class=\"html-br\" \/>Med v\u00e5rt koncept &#8221;Fast barnmorsketeam&#8221; f\u00e5r varje gravid kvinna f\u00f6lja samma lilla grupp av barnmorskor genom hela graviditeten, f\u00f6rlossningen och efterv\u00e5rden.<br class=\"html-br\" \/><br class=\"html-br\" \/>M\u00e5let \u00e4r att \u00f6ka tryggheten, kontinuiteten och kvaliteten i v\u00e5rden genom att minska antalet olika v\u00e5rdgivare som den gravida kvinnan m\u00f6ter. God v\u00e5rd bygger p\u00e5 goda och trygga relationer.<br class=\"html-br\" \/><br class=\"html-br\" \/>Vi vill skapa vi en b\u00e4ttre framtid f\u00f6r alla f\u00f6dande i Kronoberg!<br class=\"html-br\" \/><br class=\"html-br\" \/>Vi prioriterar din v\u00e5rd<span class=\"html-span xexx8yu xyri2b x18d9i69 x1c1uobl x1hl2dhg x16tdsg8 x1vvkbs x3nfvp2 x1j61x8r x1fcty0u xdj266r xat24cr xm2jcoa x1mpyi22 xxymvpz xlup9mm x1kky2od\"><img loading=\"lazy\" decoding=\"async\" class=\"xz74otr x15mokao x1ga7v0g x16uus16 xbiv7yw\" src=\"https:\/\/static.xx.fbcdn.net\/images\/emoji.php\/v9\/te0\/1\/16\/1f31f.png\" alt=\"\ud83c\udf1f\" width=\"16\" height=\"16\" \/><\/span><br class=\"html-br\" \/><br class=\"html-br\" \/><span class=\"html-span xdj266r x14z9mp xat24cr x1lziwak xexx8yu xyri2b x18d9i69 x1c1uobl x1hl2dhg x16tdsg8 x1vvkbs\"><a class=\"x1i10hfl xjbqb8w x1ejq31n x18oe1m7 x1sy0etr xstzfhl x972fbf x10w94by x1qhh985 x14e42zd x9f619 x1ypdohk xt0psk2 x3ct3a4 xdj266r x14z9mp xat24cr x1lziwak xexx8yu xyri2b x18d9i69 x1c1uobl x16tdsg8 x1hl2dhg xggy1nq x1a2a7pz xkrqix3 x1sur9pj xzsf02u x1s688f\" role=\"link\" href=\"https:\/\/www.facebook.com\/anna.zelvin?__cft__[0]=AZarn8HD1jnZfTaCiXg3ZD4XHU59YmVkGh9fqcXb2RvKalVo7zrAIlAEUlhadIKh5TdB1--A3sw4bjfQ9tKg73w-DtvGAM9aeZPTEOxLvtO105OKTBYdAtXfc43cXU1z_1B0qC98tl0T2SZuR1EUc5xEHh1MLwkhwWJP7kyHTLq1ANsYdiXcZyHlZvdtTQyY6Ws&amp;__tn__=-]K*F\"><span class=\"xt0psk2\"><span class=\"xjp7ctv\">Anna Zelvin<\/span><\/span><\/a><\/span>, Regionr\u00e5d och f\u00f6rstanamn.<br class=\"html-br\" \/><span class=\"html-span xdj266r x14z9mp xat24cr x1lziwak xexx8yu xyri2b x18d9i69 x1c1uobl x1hl2dhg x16tdsg8 x1vvkbs\"><a class=\"x1i10hfl xjbqb8w x1ejq31n x18oe1m7 x1sy0etr xstzfhl x972fbf x10w94by x1qhh985 x14e42zd x9f619 x1ypdohk xt0psk2 x3ct3a4 xdj266r x14z9mp xat24cr x1lziwak xexx8yu xyri2b x18d9i69 x1c1uobl x16tdsg8 x1hl2dhg xggy1nq x1a2a7pz xkrqix3 x1sur9pj xzsf02u x1s688f\" role=\"link\" href=\"https:\/\/www.facebook.com\/malin.m.stadig?__cft__[0]=AZarn8HD1jnZfTaCiXg3ZD4XHU59YmVkGh9fqcXb2RvKalVo7zrAIlAEUlhadIKh5TdB1--A3sw4bjfQ9tKg73w-DtvGAM9aeZPTEOxLvtO105OKTBYdAtXfc43cXU1z_1B0qC98tl0T2SZuR1EUc5xEHh1MLwkhwWJP7kyHTLq1ANsYdiXcZyHlZvdtTQyY6Ws&amp;__tn__=-]K*F\"><span class=\"xt0psk2\"><span class=\"xjp7ctv\">Malin Stadig Lundgren<\/span><\/span><\/a><\/span><br class=\"html-br\" \/><span class=\"html-span xdj266r x14z9mp xat24cr x1lziwak xexx8yu xyri2b x18d9i69 x1c1uobl x1hl2dhg x16tdsg8 x1vvkbs\"><a class=\"x1i10hfl xjbqb8w x1ejq31n x18oe1m7 x1sy0etr xstzfhl x972fbf x10w94by x1qhh985 x14e42zd x9f619 x1ypdohk xt0psk2 x3ct3a4 xdj266r x14z9mp xat24cr x1lziwak xexx8yu xyri2b x18d9i69 x1c1uobl x16tdsg8 x1hl2dhg xggy1nq x1a2a7pz xkrqix3 x1sur9pj xzsf02u x1s688f\" role=\"link\" href=\"https:\/\/www.facebook.com\/mia.svenssonlundin?__cft__[0]=AZarn8HD1jnZfTaCiXg3ZD4XHU59YmVkGh9fqcXb2RvKalVo7zrAIlAEUlhadIKh5TdB1--A3sw4bjfQ9tKg73w-DtvGAM9aeZPTEOxLvtO105OKTBYdAtXfc43cXU1z_1B0qC98tl0T2SZuR1EUc5xEHh1MLwkhwWJP7kyHTLq1ANsYdiXcZyHlZvdtTQyY6Ws&amp;__tn__=-]K*F\"><span class=\"xt0psk2\"><span class=\"xjp7ctv\">Mia Svensson Lundin<\/span><\/span><\/a><\/span><br class=\"html-br\" \/><span class=\"html-span xdj266r x14z9mp xat24cr x1lziwak xexx8yu xyri2b x18d9i69 x1c1uobl x1hl2dhg x16tdsg8 x1vvkbs\"><a class=\"x1i10hfl xjbqb8w x1ejq31n x18oe1m7 x1sy0etr xstzfhl x972fbf x10w94by x1qhh985 x14e42zd x9f619 x1ypdohk xt0psk2 x3ct3a4 xdj266r x14z9mp xat24cr x1lziwak xexx8yu xyri2b x18d9i69 x1c1uobl x16tdsg8 x1hl2dhg xggy1nq x1a2a7pz xkrqix3 x1sur9pj xzsf02u x1s688f\" role=\"link\" href=\"https:\/\/www.facebook.com\/frida.bondesson.3?__cft__[0]=AZarn8HD1jnZfTaCiXg3ZD4XHU59YmVkGh9fqcXb2RvKalVo7zrAIlAEUlhadIKh5TdB1--A3sw4bjfQ9tKg73w-DtvGAM9aeZPTEOxLvtO105OKTBYdAtXfc43cXU1z_1B0qC98tl0T2SZuR1EUc5xEHh1MLwkhwWJP7kyHTLq1ANsYdiXcZyHlZvdtTQyY6Ws&amp;__tn__=-]K*F\"><span class=\"xt0psk2\"><span class=\"xjp7ctv\">Frida Bondesson<\/span><\/span><\/a><\/span><br class=\"html-br\" \/><br class=\"html-br\" \/>Alla toppkandidater till regionfullm\u00e4ktige 2026-2030<\/p>\n","protected":false},"excerpt":{"rendered":"<p>Kristdemokraterna presenterar vall\u00f6fte #1DU SOM F\u00d6DANDE SKA ERBJUDAS ETT FAST BARNMORSKETEAM F\u00d6R \u00d6KAD TRYGGHET.&#8211; Du som f\u00f6dande kvinna ska erbjudas ditt fasta barnmorsketeam, genom s\u00e5v\u00e4l f\u00f6rlossning som efterv\u00e5rd. F\u00f6r att du ska k\u00e4nna dig trygg med f\u00f6rlossningsv\u00e5rden.F\u00f6rra \u00e5ret drev Kristdemokraterna fram en ny nationell f\u00f6rlossningsplan, med m\u00e5let att s\u00e4kerst\u00e4lla en trygg och n\u00e4ra f\u00f6rlossningsv\u00e5rd i <a class=\"read-more-link\" href=\"https:\/\/wp.kristdemokraterna.se\/kronoberg\/820-2\/\">Read More<\/a><\/p>\n","protected":false},"author":896,"featured_media":0,"comment_status":"closed","ping_status":"closed","sticky":false,"template":"","format":"standard","meta":{"_acf_changed":false,"footnotes":""},"categories":[56],"tags":[],"class_list":["post-820","post","type-post","status-publish","format-standard","hentry","category-regionen"],"acf":[],"yoast_head":"<!-- This site is optimized with the Yoast SEO plugin v27.4 - https:\/\/yoast.com\/product\/yoast-seo-wordpress\/ -->\n<title>- Kristdemokraterna i Kronoberg<\/title>\n<meta name=\"robots\" content=\"index, follow, max-snippet:-1, max-image-preview:large, max-video-preview:-1\" \/>\n<link rel=\"canonical\" href=\"https:\/\/wp.kristdemokraterna.se\/kronoberg\/820-2\/\" \/>\n<meta property=\"og:locale\" content=\"sv_SE\" \/>\n<meta property=\"og:type\" content=\"article\" \/>\n<meta property=\"og:title\" content=\"- Kristdemokraterna i Kronoberg\" \/>\n<meta property=\"og:description\" content=\"Kristdemokraterna presenterar vall\u00f6fte #1DU SOM F\u00d6DANDE SKA ERBJUDAS ETT FAST BARNMORSKETEAM F\u00d6R \u00d6KAD TRYGGHET.&#8211; Du som f\u00f6dande kvinna ska erbjudas ditt fasta barnmorsketeam, genom s\u00e5v\u00e4l f\u00f6rlossning som efterv\u00e5rd. F\u00f6r att du ska k\u00e4nna dig trygg med f\u00f6rlossningsv\u00e5rden.F\u00f6rra \u00e5ret drev Kristdemokraterna fram en ny nationell f\u00f6rlossningsplan, med m\u00e5let att s\u00e4kerst\u00e4lla en trygg och n\u00e4ra f\u00f6rlossningsv\u00e5rd i Read More\" \/>\n<meta property=\"og:url\" content=\"https:\/\/wp.kristdemokraterna.se\/kronoberg\/820-2\/\" \/>\n<meta property=\"og:site_name\" content=\"Kristdemokraterna i Kronoberg\" \/>\n<meta property=\"article:published_time\" content=\"2026-04-22T12:25:29+00:00\" \/>\n<meta property=\"og:image\" content=\"https:\/\/static.xx.fbcdn.net\/images\/emoji.php\/v9\/te0\/1\/16\/1f31f.png\" \/>\n<meta name=\"author\" content=\"Ricardo Chavez\" \/>\n<meta name=\"twitter:card\" content=\"summary_large_image\" \/>\n<meta name=\"twitter:label1\" content=\"Skriven av\" \/>\n\t<meta name=\"twitter:data1\" content=\"Ricardo Chavez\" \/>\n\t<meta name=\"twitter:label2\" content=\"Ber\u00e4knad l\u00e4stid\" \/>\n\t<meta name=\"twitter:data2\" content=\"2 minuter\" \/>\n<script type=\"application\/ld+json\" class=\"yoast-schema-graph\">{\"@context\":\"https:\\\/\\\/schema.org\",\"@graph\":[{\"@type\":\"Article\",\"@id\":\"https:\\\/\\\/wp.kristdemokraterna.se\\\/kronoberg\\\/820-2\\\/#article\",\"isPartOf\":{\"@id\":\"https:\\\/\\\/wp.kristdemokraterna.se\\\/kronoberg\\\/820-2\\\/\"},\"author\":{\"name\":\"Ricardo Chavez\",\"@id\":\"https:\\\/\\\/wp.kristdemokraterna.se\\\/kronoberg\\\/#\\\/schema\\\/person\\\/d72cd03fe11a4c8da78b80477fd66884\"},\"headline\":\"Ingen rubrik\",\"datePublished\":\"2026-04-22T12:25:29+00:00\",\"mainEntityOfPage\":{\"@id\":\"https:\\\/\\\/wp.kristdemokraterna.se\\\/kronoberg\\\/820-2\\\/\"},\"wordCount\":222,\"image\":{\"@id\":\"https:\\\/\\\/wp.kristdemokraterna.se\\\/kronoberg\\\/820-2\\\/#primaryimage\"},\"thumbnailUrl\":\"https:\\\/\\\/static.xx.fbcdn.net\\\/images\\\/emoji.php\\\/v9\\\/te0\\\/1\\\/16\\\/1f31f.png\",\"articleSection\":[\"Regionen\"],\"inLanguage\":\"sv-SE\"},{\"@type\":\"WebPage\",\"@id\":\"https:\\\/\\\/wp.kristdemokraterna.se\\\/kronoberg\\\/820-2\\\/\",\"url\":\"https:\\\/\\\/wp.kristdemokraterna.se\\\/kronoberg\\\/820-2\\\/\",\"name\":\"- Kristdemokraterna i Kronoberg\",\"isPartOf\":{\"@id\":\"https:\\\/\\\/wp.kristdemokraterna.se\\\/kronoberg\\\/#website\"},\"primaryImageOfPage\":{\"@id\":\"https:\\\/\\\/wp.kristdemokraterna.se\\\/kronoberg\\\/820-2\\\/#primaryimage\"},\"image\":{\"@id\":\"https:\\\/\\\/wp.kristdemokraterna.se\\\/kronoberg\\\/820-2\\\/#primaryimage\"},\"thumbnailUrl\":\"https:\\\/\\\/static.xx.fbcdn.net\\\/images\\\/emoji.php\\\/v9\\\/te0\\\/1\\\/16\\\/1f31f.png\",\"datePublished\":\"2026-04-22T12:25:29+00:00\",\"author\":{\"@id\":\"https:\\\/\\\/wp.kristdemokraterna.se\\\/kronoberg\\\/#\\\/schema\\\/person\\\/d72cd03fe11a4c8da78b80477fd66884\"},\"inLanguage\":\"sv-SE\",\"potentialAction\":[{\"@type\":\"ReadAction\",\"target\":[\"https:\\\/\\\/wp.kristdemokraterna.se\\\/kronoberg\\\/820-2\\\/\"]}]},{\"@type\":\"ImageObject\",\"inLanguage\":\"sv-SE\",\"@id\":\"https:\\\/\\\/wp.kristdemokraterna.se\\\/kronoberg\\\/820-2\\\/#primaryimage\",\"url\":\"https:\\\/\\\/static.xx.fbcdn.net\\\/images\\\/emoji.php\\\/v9\\\/te0\\\/1\\\/16\\\/1f31f.png\",\"contentUrl\":\"https:\\\/\\\/static.xx.fbcdn.net\\\/images\\\/emoji.php\\\/v9\\\/te0\\\/1\\\/16\\\/1f31f.png\"},{\"@type\":\"WebSite\",\"@id\":\"https:\\\/\\\/wp.kristdemokraterna.se\\\/kronoberg\\\/#website\",\"url\":\"https:\\\/\\\/wp.kristdemokraterna.se\\\/kronoberg\\\/\",\"name\":\"Kristdemokraterna i Kronoberg\",\"description\":\"Kristdemokraterna i Kronoberg\",\"inLanguage\":\"sv-SE\"},{\"@type\":\"Person\",\"@id\":\"https:\\\/\\\/wp.kristdemokraterna.se\\\/kronoberg\\\/#\\\/schema\\\/person\\\/d72cd03fe11a4c8da78b80477fd66884\",\"name\":\"Ricardo Chavez\",\"image\":{\"@type\":\"ImageObject\",\"inLanguage\":\"sv-SE\",\"@id\":\"https:\\\/\\\/secure.gravatar.com\\\/avatar\\\/b395e5aaf246f9987b910cfea2745e52a2cf4c43f7da6d80857ecff2120b4cb0?s=96&r=g\",\"url\":\"https:\\\/\\\/secure.gravatar.com\\\/avatar\\\/b395e5aaf246f9987b910cfea2745e52a2cf4c43f7da6d80857ecff2120b4cb0?s=96&r=g\",\"contentUrl\":\"https:\\\/\\\/secure.gravatar.com\\\/avatar\\\/b395e5aaf246f9987b910cfea2745e52a2cf4c43f7da6d80857ecff2120b4cb0?s=96&r=g\",\"caption\":\"Ricardo Chavez\"},\"url\":\"https:\\\/\\\/wp.kristdemokraterna.se\\\/kronoberg\\\/author\\\/ricardo\\\/\"}]}<\/script>\n<!-- \/ Yoast SEO plugin. -->","yoast_head_json":{"title":"- Kristdemokraterna i Kronoberg","robots":{"index":"index","follow":"follow","max-snippet":"max-snippet:-1","max-image-preview":"max-image-preview:large","max-video-preview":"max-video-preview:-1"},"canonical":"https:\/\/wp.kristdemokraterna.se\/kronoberg\/820-2\/","og_locale":"sv_SE","og_type":"article","og_title":"- Kristdemokraterna i Kronoberg","og_description":"Kristdemokraterna presenterar vall\u00f6fte #1DU SOM F\u00d6DANDE SKA ERBJUDAS ETT FAST BARNMORSKETEAM F\u00d6R \u00d6KAD TRYGGHET.&#8211; Du som f\u00f6dande kvinna ska erbjudas ditt fasta barnmorsketeam, genom s\u00e5v\u00e4l f\u00f6rlossning som efterv\u00e5rd. F\u00f6r att du ska k\u00e4nna dig trygg med f\u00f6rlossningsv\u00e5rden.F\u00f6rra \u00e5ret drev Kristdemokraterna fram en ny nationell f\u00f6rlossningsplan, med m\u00e5let att s\u00e4kerst\u00e4lla en trygg och n\u00e4ra f\u00f6rlossningsv\u00e5rd i Read More","og_url":"https:\/\/wp.kristdemokraterna.se\/kronoberg\/820-2\/","og_site_name":"Kristdemokraterna i Kronoberg","article_published_time":"2026-04-22T12:25:29+00:00","og_image":[{"url":"https:\/\/static.xx.fbcdn.net\/images\/emoji.php\/v9\/te0\/1\/16\/1f31f.png","type":"","width":"","height":""}],"author":"Ricardo Chavez","twitter_card":"summary_large_image","twitter_misc":{"Skriven av":"Ricardo Chavez","Ber\u00e4knad l\u00e4stid":"2 minuter"},"schema":{"@context":"https:\/\/schema.org","@graph":[{"@type":"Article","@id":"https:\/\/wp.kristdemokraterna.se\/kronoberg\/820-2\/#article","isPartOf":{"@id":"https:\/\/wp.kristdemokraterna.se\/kronoberg\/820-2\/"},"author":{"name":"Ricardo Chavez","@id":"https:\/\/wp.kristdemokraterna.se\/kronoberg\/#\/schema\/person\/d72cd03fe11a4c8da78b80477fd66884"},"headline":"Ingen rubrik","datePublished":"2026-04-22T12:25:29+00:00","mainEntityOfPage":{"@id":"https:\/\/wp.kristdemokraterna.se\/kronoberg\/820-2\/"},"wordCount":222,"image":{"@id":"https:\/\/wp.kristdemokraterna.se\/kronoberg\/820-2\/#primaryimage"},"thumbnailUrl":"https:\/\/static.xx.fbcdn.net\/images\/emoji.php\/v9\/te0\/1\/16\/1f31f.png","articleSection":["Regionen"],"inLanguage":"sv-SE"},{"@type":"WebPage","@id":"https:\/\/wp.kristdemokraterna.se\/kronoberg\/820-2\/","url":"https:\/\/wp.kristdemokraterna.se\/kronoberg\/820-2\/","name":"- Kristdemokraterna i Kronoberg","isPartOf":{"@id":"https:\/\/wp.kristdemokraterna.se\/kronoberg\/#website"},"primaryImageOfPage":{"@id":"https:\/\/wp.kristdemokraterna.se\/kronoberg\/820-2\/#primaryimage"},"image":{"@id":"https:\/\/wp.kristdemokraterna.se\/kronoberg\/820-2\/#primaryimage"},"thumbnailUrl":"https:\/\/static.xx.fbcdn.net\/images\/emoji.php\/v9\/te0\/1\/16\/1f31f.png","datePublished":"2026-04-22T12:25:29+00:00","author":{"@id":"https:\/\/wp.kristdemokraterna.se\/kronoberg\/#\/schema\/person\/d72cd03fe11a4c8da78b80477fd66884"},"inLanguage":"sv-SE","potentialAction":[{"@type":"ReadAction","target":["https:\/\/wp.kristdemokraterna.se\/kronoberg\/820-2\/"]}]},{"@type":"ImageObject","inLanguage":"sv-SE","@id":"https:\/\/wp.kristdemokraterna.se\/kronoberg\/820-2\/#primaryimage","url":"https:\/\/static.xx.fbcdn.net\/images\/emoji.php\/v9\/te0\/1\/16\/1f31f.png","contentUrl":"https:\/\/static.xx.fbcdn.net\/images\/emoji.php\/v9\/te0\/1\/16\/1f31f.png"},{"@type":"WebSite","@id":"https:\/\/wp.kristdemokraterna.se\/kronoberg\/#website","url":"https:\/\/wp.kristdemokraterna.se\/kronoberg\/","name":"Kristdemokraterna i Kronoberg","description":"Kristdemokraterna i Kronoberg","inLanguage":"sv-SE"},{"@type":"Person","@id":"https:\/\/wp.kristdemokraterna.se\/kronoberg\/#\/schema\/person\/d72cd03fe11a4c8da78b80477fd66884","name":"Ricardo Chavez","image":{"@type":"ImageObject","inLanguage":"sv-SE","@id":"https:\/\/secure.gravatar.com\/avatar\/b395e5aaf246f9987b910cfea2745e52a2cf4c43f7da6d80857ecff2120b4cb0?s=96&r=g","url":"https:\/\/secure.gravatar.com\/avatar\/b395e5aaf246f9987b910cfea2745e52a2cf4c43f7da6d80857ecff2120b4cb0?s=96&r=g","contentUrl":"https:\/\/secure.gravatar.com\/avatar\/b395e5aaf246f9987b910cfea2745e52a2cf4c43f7da6d80857ecff2120b4cb0?s=96&r=g","caption":"Ricardo Chavez"},"url":"https:\/\/wp.kristdemokraterna.se\/kronoberg\/author\/ricardo\/"}]}},"_links":{"self":[{"href":"https:\/\/wp.kristdemokraterna.se\/kronoberg\/wp-json\/wp\/v2\/posts\/820","targetHints":{"allow":["GET"]}}],"collection":[{"href":"https:\/\/wp.kristdemokraterna.se\/kronoberg\/wp-json\/wp\/v2\/posts"}],"about":[{"href":"https:\/\/wp.kristdemokraterna.se\/kronoberg\/wp-json\/wp\/v2\/types\/post"}],"author":[{"embeddable":true,"href":"https:\/\/wp.kristdemokraterna.se\/kronoberg\/wp-json\/wp\/v2\/users\/896"}],"replies":[{"embeddable":true,"href":"https:\/\/wp.kristdemokraterna.se\/kronoberg\/wp-json\/wp\/v2\/comments?post=820"}],"version-history":[{"count":2,"href":"https:\/\/wp.kristdemokraterna.se\/kronoberg\/wp-json\/wp\/v2\/posts\/820\/revisions"}],"predecessor-version":[{"id":823,"href":"https:\/\/wp.kristdemokraterna.se\/kronoberg\/wp-json\/wp\/v2\/posts\/820\/revisions\/823"}],"wp:attachment":[{"href":"https:\/\/wp.kristdemokraterna.se\/kronoberg\/wp-json\/wp\/v2\/media?parent=820"}],"wp:term":[{"taxonomy":"category","embeddable":true,"href":"https:\/\/wp.kristdemokraterna.se\/kronoberg\/wp-json\/wp\/v2\/categories?post=820"},{"taxonomy":"post_tag","embeddable":true,"href":"https:\/\/wp.kristdemokraterna.se\/kronoberg\/wp-json\/wp\/v2\/tags?post=820"}],"curies":[{"name":"wp","href":"https:\/\/api.w.org\/{rel}","templated":true}]}}