{"id":650,"date":"2025-02-11T09:23:03","date_gmt":"2025-02-11T08:23:03","guid":{"rendered":"https:\/\/wp.kristdemokraterna.se\/kumla\/?p=650"},"modified":"2025-02-11T13:01:54","modified_gmt":"2025-02-11T12:01:54","slug":"skola","status":"publish","type":"post","link":"https:\/\/wp.kristdemokraterna.se\/kumla\/skola\/","title":{"rendered":"Skola &amp; Utbildning"},"content":{"rendered":"<div id=\"svid12_5f5685e31817fdfecebbb3\" class=\"sv-text-portlet sv-use-margins\">\n<div class=\"sv-text-portlet-content\">\n<p class=\"font-description\">Skolans uppgift \u00e4r att ge varje elev de kunskaper som \u00e4r n\u00f6dv\u00e4ndiga f\u00f6r att leva och verka i ett modernt samh\u00e4lle och att tillsammans med f\u00f6r\u00e4ldrarna fostra eleverna till ansvarsk\u00e4nnande medborgare. Med en skolpolitik som fokuserar p\u00e5 trygghet, kunskap och arbetsro och d\u00e4r varje skola har stor frihet att utforma sin egen verksamhet vill Kristdemokraterna ge elever, l\u00e4rare och skolledare f\u00f6ruts\u00e4ttningar f\u00f6r att klara denna uppgift.<\/p>\n<\/div>\n<div id=\"svid12_533f690b17f7294399b14efb\" class=\"sv-text-portlet sv-use-margins\">\n<div class=\"sv-text-portlet-content\">\n<p class=\"font-description\">V\u00e5r utbildningspolitik fokuserar p\u00e5 kunskap, klassisk bildning och arbetsro. Vi arbetar f\u00f6r en skola d\u00e4r ingen h\u00e5lls tillbaka, ingen l\u00e4mnas efter och d\u00e4r alla barn behandlas med respekt.<\/p>\n<\/div>\n<\/div>\n<\/div>\n","protected":false},"excerpt":{"rendered":"<p>Skolans uppgift \u00e4r att ge varje elev de kunskaper som \u00e4r n\u00f6dv\u00e4ndiga f\u00f6r att leva och verka i ett modernt samh\u00e4lle och att tillsammans med f\u00f6r\u00e4ldrarna fostra eleverna till ansvarsk\u00e4nnande medborgare. Med en skolpolitik som fokuserar p\u00e5 trygghet, kunskap och arbetsro och d\u00e4r varje skola har stor frihet att utforma sin egen verksamhet vill Kristdemokraterna <a class=\"read-more-link\" href=\"https:\/\/wp.kristdemokraterna.se\/kumla\/skola\/\">L\u00e4s mer<\/a><\/p>\n","protected":false},"author":457,"featured_media":714,"comment_status":"closed","ping_status":"closed","sticky":false,"template":"","format":"standard","meta":{"_acf_changed":false,"footnotes":""},"categories":[12],"tags":[],"class_list":["post-650","post","type-post","status-publish","format-standard","hentry","category-skolautbildning"],"acf":[],"yoast_head":"<!-- This site is optimized with the Yoast SEO plugin v27.4 - https:\/\/yoast.com\/product\/yoast-seo-wordpress\/ -->\n<title>Skola &amp; Utbildning - Kristdemokraterna - Kumla<\/title>\n<meta name=\"robots\" content=\"index, follow, max-snippet:-1, max-image-preview:large, max-video-preview:-1\" \/>\n<link rel=\"canonical\" href=\"https:\/\/wp.kristdemokraterna.se\/kumla\/skola\/\" \/>\n<meta property=\"og:locale\" content=\"sv_SE\" \/>\n<meta property=\"og:type\" content=\"article\" \/>\n<meta property=\"og:title\" content=\"Skola &amp; Utbildning - Kristdemokraterna - Kumla\" \/>\n<meta property=\"og:description\" content=\"Skolans uppgift \u00e4r att ge varje elev de kunskaper som \u00e4r n\u00f6dv\u00e4ndiga f\u00f6r att leva och verka i ett modernt samh\u00e4lle och att tillsammans med f\u00f6r\u00e4ldrarna fostra eleverna till ansvarsk\u00e4nnande medborgare. Med en skolpolitik som fokuserar p\u00e5 trygghet, kunskap och arbetsro och d\u00e4r varje skola har stor frihet att utforma sin egen verksamhet vill Kristdemokraterna L\u00e4s mer\" \/>\n<meta property=\"og:url\" content=\"https:\/\/wp.kristdemokraterna.se\/kumla\/skola\/\" \/>\n<meta property=\"og:site_name\" content=\"Kristdemokraterna - Kumla\" \/>\n<meta property=\"article:published_time\" content=\"2025-02-11T08:23:03+00:00\" \/>\n<meta property=\"article:modified_time\" content=\"2025-02-11T12:01:54+00:00\" \/>\n<meta name=\"author\" content=\"kumla\" \/>\n<meta name=\"twitter:card\" content=\"summary_large_image\" \/>\n<meta name=\"twitter:label1\" content=\"Skriven av\" \/>\n\t<meta name=\"twitter:data1\" content=\"kumla\" \/>\n\t<meta name=\"twitter:label2\" content=\"Ber\u00e4knad l\u00e4stid\" \/>\n\t<meta name=\"twitter:data2\" content=\"1 minut\" \/>\n<script type=\"application\/ld+json\" class=\"yoast-schema-graph\">{\"@context\":\"https:\\\/\\\/schema.org\",\"@graph\":[{\"@type\":\"Article\",\"@id\":\"https:\\\/\\\/wp.kristdemokraterna.se\\\/kumla\\\/skola\\\/#article\",\"isPartOf\":{\"@id\":\"https:\\\/\\\/wp.kristdemokraterna.se\\\/kumla\\\/skola\\\/\"},\"author\":{\"name\":\"kumla\",\"@id\":\"https:\\\/\\\/wp.kristdemokraterna.se\\\/kumla\\\/#\\\/schema\\\/person\\\/3c7bc8d37fec137e79ab4d7b9164fde5\"},\"headline\":\"Skola &amp; Utbildning\",\"datePublished\":\"2025-02-11T08:23:03+00:00\",\"dateModified\":\"2025-02-11T12:01:54+00:00\",\"mainEntityOfPage\":{\"@id\":\"https:\\\/\\\/wp.kristdemokraterna.se\\\/kumla\\\/skola\\\/\"},\"wordCount\":115,\"image\":{\"@id\":\"https:\\\/\\\/wp.kristdemokraterna.se\\\/kumla\\\/skola\\\/#primaryimage\"},\"thumbnailUrl\":\"\",\"articleSection\":[\"Skola &amp; Utbildning\"],\"inLanguage\":\"sv-SE\"},{\"@type\":\"WebPage\",\"@id\":\"https:\\\/\\\/wp.kristdemokraterna.se\\\/kumla\\\/skola\\\/\",\"url\":\"https:\\\/\\\/wp.kristdemokraterna.se\\\/kumla\\\/skola\\\/\",\"name\":\"Skola &amp; Utbildning - Kristdemokraterna - Kumla\",\"isPartOf\":{\"@id\":\"https:\\\/\\\/wp.kristdemokraterna.se\\\/kumla\\\/#website\"},\"primaryImageOfPage\":{\"@id\":\"https:\\\/\\\/wp.kristdemokraterna.se\\\/kumla\\\/skola\\\/#primaryimage\"},\"image\":{\"@id\":\"https:\\\/\\\/wp.kristdemokraterna.se\\\/kumla\\\/skola\\\/#primaryimage\"},\"thumbnailUrl\":\"\",\"datePublished\":\"2025-02-11T08:23:03+00:00\",\"dateModified\":\"2025-02-11T12:01:54+00:00\",\"author\":{\"@id\":\"https:\\\/\\\/wp.kristdemokraterna.se\\\/kumla\\\/#\\\/schema\\\/person\\\/3c7bc8d37fec137e79ab4d7b9164fde5\"},\"breadcrumb\":{\"@id\":\"https:\\\/\\\/wp.kristdemokraterna.se\\\/kumla\\\/skola\\\/#breadcrumb\"},\"inLanguage\":\"sv-SE\",\"potentialAction\":[{\"@type\":\"ReadAction\",\"target\":[\"https:\\\/\\\/wp.kristdemokraterna.se\\\/kumla\\\/skola\\\/\"]}]},{\"@type\":\"ImageObject\",\"inLanguage\":\"sv-SE\",\"@id\":\"https:\\\/\\\/wp.kristdemokraterna.se\\\/kumla\\\/skola\\\/#primaryimage\",\"url\":\"\",\"contentUrl\":\"\"},{\"@type\":\"BreadcrumbList\",\"@id\":\"https:\\\/\\\/wp.kristdemokraterna.se\\\/kumla\\\/skola\\\/#breadcrumb\",\"itemListElement\":[{\"@type\":\"ListItem\",\"position\":1,\"name\":\"Hem\",\"item\":\"https:\\\/\\\/wp.kristdemokraterna.se\\\/kumla\\\/\"},{\"@type\":\"ListItem\",\"position\":2,\"name\":\"Skola &amp; Utbildning\"}]},{\"@type\":\"WebSite\",\"@id\":\"https:\\\/\\\/wp.kristdemokraterna.se\\\/kumla\\\/#website\",\"url\":\"https:\\\/\\\/wp.kristdemokraterna.se\\\/kumla\\\/\",\"name\":\"Kristdemokraterna - Kumla\",\"description\":\"En till Kristdemokraterna webbplats\",\"inLanguage\":\"sv-SE\"},{\"@type\":\"Person\",\"@id\":\"https:\\\/\\\/wp.kristdemokraterna.se\\\/kumla\\\/#\\\/schema\\\/person\\\/3c7bc8d37fec137e79ab4d7b9164fde5\",\"name\":\"kumla\",\"image\":{\"@type\":\"ImageObject\",\"inLanguage\":\"sv-SE\",\"@id\":\"https:\\\/\\\/secure.gravatar.com\\\/avatar\\\/996cc053534ef7c557e6898920edbe32a76919f18afd617656c76030f2359b80?s=96&d=mm&r=g\",\"url\":\"https:\\\/\\\/secure.gravatar.com\\\/avatar\\\/996cc053534ef7c557e6898920edbe32a76919f18afd617656c76030f2359b80?s=96&d=mm&r=g\",\"contentUrl\":\"https:\\\/\\\/secure.gravatar.com\\\/avatar\\\/996cc053534ef7c557e6898920edbe32a76919f18afd617656c76030f2359b80?s=96&d=mm&r=g\",\"caption\":\"kumla\"},\"url\":\"https:\\\/\\\/wp.kristdemokraterna.se\\\/kumla\\\/author\\\/kumla\\\/\"}]}<\/script>\n<!-- \/ Yoast SEO plugin. -->","yoast_head_json":{"title":"Skola &amp; Utbildning - Kristdemokraterna - Kumla","robots":{"index":"index","follow":"follow","max-snippet":"max-snippet:-1","max-image-preview":"max-image-preview:large","max-video-preview":"max-video-preview:-1"},"canonical":"https:\/\/wp.kristdemokraterna.se\/kumla\/skola\/","og_locale":"sv_SE","og_type":"article","og_title":"Skola &amp; Utbildning - Kristdemokraterna - Kumla","og_description":"Skolans uppgift \u00e4r att ge varje elev de kunskaper som \u00e4r n\u00f6dv\u00e4ndiga f\u00f6r att leva och verka i ett modernt samh\u00e4lle och att tillsammans med f\u00f6r\u00e4ldrarna fostra eleverna till ansvarsk\u00e4nnande medborgare. Med en skolpolitik som fokuserar p\u00e5 trygghet, kunskap och arbetsro och d\u00e4r varje skola har stor frihet att utforma sin egen verksamhet vill Kristdemokraterna L\u00e4s mer","og_url":"https:\/\/wp.kristdemokraterna.se\/kumla\/skola\/","og_site_name":"Kristdemokraterna - Kumla","article_published_time":"2025-02-11T08:23:03+00:00","article_modified_time":"2025-02-11T12:01:54+00:00","author":"kumla","twitter_card":"summary_large_image","twitter_misc":{"Skriven av":"kumla","Ber\u00e4knad l\u00e4stid":"1 minut"},"schema":{"@context":"https:\/\/schema.org","@graph":[{"@type":"Article","@id":"https:\/\/wp.kristdemokraterna.se\/kumla\/skola\/#article","isPartOf":{"@id":"https:\/\/wp.kristdemokraterna.se\/kumla\/skola\/"},"author":{"name":"kumla","@id":"https:\/\/wp.kristdemokraterna.se\/kumla\/#\/schema\/person\/3c7bc8d37fec137e79ab4d7b9164fde5"},"headline":"Skola &amp; Utbildning","datePublished":"2025-02-11T08:23:03+00:00","dateModified":"2025-02-11T12:01:54+00:00","mainEntityOfPage":{"@id":"https:\/\/wp.kristdemokraterna.se\/kumla\/skola\/"},"wordCount":115,"image":{"@id":"https:\/\/wp.kristdemokraterna.se\/kumla\/skola\/#primaryimage"},"thumbnailUrl":"","articleSection":["Skola &amp; Utbildning"],"inLanguage":"sv-SE"},{"@type":"WebPage","@id":"https:\/\/wp.kristdemokraterna.se\/kumla\/skola\/","url":"https:\/\/wp.kristdemokraterna.se\/kumla\/skola\/","name":"Skola &amp; Utbildning - Kristdemokraterna - Kumla","isPartOf":{"@id":"https:\/\/wp.kristdemokraterna.se\/kumla\/#website"},"primaryImageOfPage":{"@id":"https:\/\/wp.kristdemokraterna.se\/kumla\/skola\/#primaryimage"},"image":{"@id":"https:\/\/wp.kristdemokraterna.se\/kumla\/skola\/#primaryimage"},"thumbnailUrl":"","datePublished":"2025-02-11T08:23:03+00:00","dateModified":"2025-02-11T12:01:54+00:00","author":{"@id":"https:\/\/wp.kristdemokraterna.se\/kumla\/#\/schema\/person\/3c7bc8d37fec137e79ab4d7b9164fde5"},"breadcrumb":{"@id":"https:\/\/wp.kristdemokraterna.se\/kumla\/skola\/#breadcrumb"},"inLanguage":"sv-SE","potentialAction":[{"@type":"ReadAction","target":["https:\/\/wp.kristdemokraterna.se\/kumla\/skola\/"]}]},{"@type":"ImageObject","inLanguage":"sv-SE","@id":"https:\/\/wp.kristdemokraterna.se\/kumla\/skola\/#primaryimage","url":"","contentUrl":""},{"@type":"BreadcrumbList","@id":"https:\/\/wp.kristdemokraterna.se\/kumla\/skola\/#breadcrumb","itemListElement":[{"@type":"ListItem","position":1,"name":"Hem","item":"https:\/\/wp.kristdemokraterna.se\/kumla\/"},{"@type":"ListItem","position":2,"name":"Skola &amp; Utbildning"}]},{"@type":"WebSite","@id":"https:\/\/wp.kristdemokraterna.se\/kumla\/#website","url":"https:\/\/wp.kristdemokraterna.se\/kumla\/","name":"Kristdemokraterna - Kumla","description":"En till Kristdemokraterna webbplats","inLanguage":"sv-SE"},{"@type":"Person","@id":"https:\/\/wp.kristdemokraterna.se\/kumla\/#\/schema\/person\/3c7bc8d37fec137e79ab4d7b9164fde5","name":"kumla","image":{"@type":"ImageObject","inLanguage":"sv-SE","@id":"https:\/\/secure.gravatar.com\/avatar\/996cc053534ef7c557e6898920edbe32a76919f18afd617656c76030f2359b80?s=96&d=mm&r=g","url":"https:\/\/secure.gravatar.com\/avatar\/996cc053534ef7c557e6898920edbe32a76919f18afd617656c76030f2359b80?s=96&d=mm&r=g","contentUrl":"https:\/\/secure.gravatar.com\/avatar\/996cc053534ef7c557e6898920edbe32a76919f18afd617656c76030f2359b80?s=96&d=mm&r=g","caption":"kumla"},"url":"https:\/\/wp.kristdemokraterna.se\/kumla\/author\/kumla\/"}]}},"_links":{"self":[{"href":"https:\/\/wp.kristdemokraterna.se\/kumla\/wp-json\/wp\/v2\/posts\/650","targetHints":{"allow":["GET"]}}],"collection":[{"href":"https:\/\/wp.kristdemokraterna.se\/kumla\/wp-json\/wp\/v2\/posts"}],"about":[{"href":"https:\/\/wp.kristdemokraterna.se\/kumla\/wp-json\/wp\/v2\/types\/post"}],"author":[{"embeddable":true,"href":"https:\/\/wp.kristdemokraterna.se\/kumla\/wp-json\/wp\/v2\/users\/457"}],"replies":[{"embeddable":true,"href":"https:\/\/wp.kristdemokraterna.se\/kumla\/wp-json\/wp\/v2\/comments?post=650"}],"version-history":[{"count":4,"href":"https:\/\/wp.kristdemokraterna.se\/kumla\/wp-json\/wp\/v2\/posts\/650\/revisions"}],"predecessor-version":[{"id":654,"href":"https:\/\/wp.kristdemokraterna.se\/kumla\/wp-json\/wp\/v2\/posts\/650\/revisions\/654"}],"wp:featuredmedia":[{"embeddable":true,"href":"https:\/\/wp.kristdemokraterna.se\/kumla\/wp-json\/wp\/v2\/posts\/714"}],"wp:attachment":[{"href":"https:\/\/wp.kristdemokraterna.se\/kumla\/wp-json\/wp\/v2\/media?parent=650"}],"wp:term":[{"taxonomy":"category","embeddable":true,"href":"https:\/\/wp.kristdemokraterna.se\/kumla\/wp-json\/wp\/v2\/categories?post=650"},{"taxonomy":"post_tag","embeddable":true,"href":"https:\/\/wp.kristdemokraterna.se\/kumla\/wp-json\/wp\/v2\/tags?post=650"}],"curies":[{"name":"wp","href":"https:\/\/api.w.org\/{rel}","templated":true}]}}