{"id":656,"date":"2025-02-11T09:29:33","date_gmt":"2025-02-11T08:29:33","guid":{"rendered":"https:\/\/wp.kristdemokraterna.se\/kumla\/?p=656"},"modified":"2025-02-11T13:18:59","modified_gmt":"2025-02-11T12:18:59","slug":"vardegrund-och-klassisk-bildning","status":"publish","type":"post","link":"https:\/\/wp.kristdemokraterna.se\/kumla\/vardegrund-och-klassisk-bildning\/","title":{"rendered":"V\u00e4rdegrund och klassisk bildning"},"content":{"rendered":"<p>Skolan ska skapa f\u00f6ruts\u00e4ttningar f\u00f6r att varje barn ska f\u00e5 l\u00e4ra sig s\u00e5 mycket som m\u00f6jligt, utvecklas och f\u00f6rverkliga sin potential. F\u00f6r att det ska vara m\u00f6jligt kr\u00e4vs att skolan erbjuder kunskap f\u00f6r ett liv p\u00e5 arbetsmarknaden, men ocks\u00e5 klassisk bildning. Skolan ska inte bara rusta eleverna f\u00f6r arbetsmarknaden utan ocks\u00e5 ge f\u00f6rst\u00e5else f\u00f6r v\u00e5rt samh\u00e4lle, f\u00f6r v\u00e5r historia, v\u00e5rt kulturarv samt de v\u00e4rdefulla dygder och den etik som f\u00f6rvaltats av kristen och v\u00e4sterl\u00e4ndsk id\u00e9tradition. Det \u00e4r viktigt att skolan g\u00e5r tillbaka till grunderna, med satsningar p\u00e5 att alla ska kunna l\u00e4sa, skriva och r\u00e4kna. Regeringen genomf\u00f6r en satsning f\u00f6r grundl\u00e4ggande f\u00e4rdigheter, fler l\u00e4rob\u00f6cker och mindre sk\u00e4rmtid.<\/p>\n","protected":false},"excerpt":{"rendered":"<p>Skolan ska skapa f\u00f6ruts\u00e4ttningar f\u00f6r att varje barn ska f\u00e5 l\u00e4ra sig s\u00e5 mycket som m\u00f6jligt, utvecklas och f\u00f6rverkliga sin potential. F\u00f6r att det ska vara m\u00f6jligt kr\u00e4vs att skolan erbjuder kunskap f\u00f6r ett liv p\u00e5 arbetsmarknaden, men ocks\u00e5 klassisk bildning. Skolan ska inte bara rusta eleverna f\u00f6r arbetsmarknaden utan ocks\u00e5 ge f\u00f6rst\u00e5else f\u00f6r v\u00e5rt <a class=\"read-more-link\" href=\"https:\/\/wp.kristdemokraterna.se\/kumla\/vardegrund-och-klassisk-bildning\/\">L\u00e4s mer<\/a><\/p>\n","protected":false},"author":457,"featured_media":714,"comment_status":"closed","ping_status":"closed","sticky":false,"template":"","format":"standard","meta":{"_acf_changed":false,"footnotes":""},"categories":[12],"tags":[],"class_list":["post-656","post","type-post","status-publish","format-standard","hentry","category-skolautbildning"],"acf":[],"yoast_head":"<!-- This site is optimized with the Yoast SEO plugin v27.4 - https:\/\/yoast.com\/product\/yoast-seo-wordpress\/ -->\n<title>V\u00e4rdegrund och klassisk bildning - Kristdemokraterna - Kumla<\/title>\n<meta name=\"robots\" content=\"index, follow, max-snippet:-1, max-image-preview:large, max-video-preview:-1\" \/>\n<link rel=\"canonical\" href=\"https:\/\/wp.kristdemokraterna.se\/kumla\/vardegrund-och-klassisk-bildning\/\" \/>\n<meta property=\"og:locale\" content=\"sv_SE\" \/>\n<meta property=\"og:type\" content=\"article\" \/>\n<meta property=\"og:title\" content=\"V\u00e4rdegrund och klassisk bildning - Kristdemokraterna - Kumla\" \/>\n<meta property=\"og:description\" content=\"Skolan ska skapa f\u00f6ruts\u00e4ttningar f\u00f6r att varje barn ska f\u00e5 l\u00e4ra sig s\u00e5 mycket som m\u00f6jligt, utvecklas och f\u00f6rverkliga sin potential. F\u00f6r att det ska vara m\u00f6jligt kr\u00e4vs att skolan erbjuder kunskap f\u00f6r ett liv p\u00e5 arbetsmarknaden, men ocks\u00e5 klassisk bildning. Skolan ska inte bara rusta eleverna f\u00f6r arbetsmarknaden utan ocks\u00e5 ge f\u00f6rst\u00e5else f\u00f6r v\u00e5rt L\u00e4s mer\" \/>\n<meta property=\"og:url\" content=\"https:\/\/wp.kristdemokraterna.se\/kumla\/vardegrund-och-klassisk-bildning\/\" \/>\n<meta property=\"og:site_name\" content=\"Kristdemokraterna - Kumla\" \/>\n<meta property=\"article:published_time\" content=\"2025-02-11T08:29:33+00:00\" \/>\n<meta property=\"article:modified_time\" content=\"2025-02-11T12:18:59+00:00\" \/>\n<meta name=\"author\" content=\"kumla\" \/>\n<meta name=\"twitter:card\" content=\"summary_large_image\" \/>\n<meta name=\"twitter:label1\" content=\"Skriven av\" \/>\n\t<meta name=\"twitter:data1\" content=\"kumla\" \/>\n\t<meta name=\"twitter:label2\" content=\"Ber\u00e4knad l\u00e4stid\" \/>\n\t<meta name=\"twitter:data2\" content=\"1 minut\" \/>\n<script type=\"application\/ld+json\" class=\"yoast-schema-graph\">{\"@context\":\"https:\\\/\\\/schema.org\",\"@graph\":[{\"@type\":\"Article\",\"@id\":\"https:\\\/\\\/wp.kristdemokraterna.se\\\/kumla\\\/vardegrund-och-klassisk-bildning\\\/#article\",\"isPartOf\":{\"@id\":\"https:\\\/\\\/wp.kristdemokraterna.se\\\/kumla\\\/vardegrund-och-klassisk-bildning\\\/\"},\"author\":{\"name\":\"kumla\",\"@id\":\"https:\\\/\\\/wp.kristdemokraterna.se\\\/kumla\\\/#\\\/schema\\\/person\\\/3c7bc8d37fec137e79ab4d7b9164fde5\"},\"headline\":\"V\u00e4rdegrund och klassisk bildning\",\"datePublished\":\"2025-02-11T08:29:33+00:00\",\"dateModified\":\"2025-02-11T12:18:59+00:00\",\"mainEntityOfPage\":{\"@id\":\"https:\\\/\\\/wp.kristdemokraterna.se\\\/kumla\\\/vardegrund-och-klassisk-bildning\\\/\"},\"wordCount\":146,\"image\":{\"@id\":\"https:\\\/\\\/wp.kristdemokraterna.se\\\/kumla\\\/vardegrund-och-klassisk-bildning\\\/#primaryimage\"},\"thumbnailUrl\":\"\",\"articleSection\":[\"Skola &amp; Utbildning\"],\"inLanguage\":\"sv-SE\"},{\"@type\":\"WebPage\",\"@id\":\"https:\\\/\\\/wp.kristdemokraterna.se\\\/kumla\\\/vardegrund-och-klassisk-bildning\\\/\",\"url\":\"https:\\\/\\\/wp.kristdemokraterna.se\\\/kumla\\\/vardegrund-och-klassisk-bildning\\\/\",\"name\":\"V\u00e4rdegrund och klassisk bildning - Kristdemokraterna - Kumla\",\"isPartOf\":{\"@id\":\"https:\\\/\\\/wp.kristdemokraterna.se\\\/kumla\\\/#website\"},\"primaryImageOfPage\":{\"@id\":\"https:\\\/\\\/wp.kristdemokraterna.se\\\/kumla\\\/vardegrund-och-klassisk-bildning\\\/#primaryimage\"},\"image\":{\"@id\":\"https:\\\/\\\/wp.kristdemokraterna.se\\\/kumla\\\/vardegrund-och-klassisk-bildning\\\/#primaryimage\"},\"thumbnailUrl\":\"\",\"datePublished\":\"2025-02-11T08:29:33+00:00\",\"dateModified\":\"2025-02-11T12:18:59+00:00\",\"author\":{\"@id\":\"https:\\\/\\\/wp.kristdemokraterna.se\\\/kumla\\\/#\\\/schema\\\/person\\\/3c7bc8d37fec137e79ab4d7b9164fde5\"},\"breadcrumb\":{\"@id\":\"https:\\\/\\\/wp.kristdemokraterna.se\\\/kumla\\\/vardegrund-och-klassisk-bildning\\\/#breadcrumb\"},\"inLanguage\":\"sv-SE\",\"potentialAction\":[{\"@type\":\"ReadAction\",\"target\":[\"https:\\\/\\\/wp.kristdemokraterna.se\\\/kumla\\\/vardegrund-och-klassisk-bildning\\\/\"]}]},{\"@type\":\"ImageObject\",\"inLanguage\":\"sv-SE\",\"@id\":\"https:\\\/\\\/wp.kristdemokraterna.se\\\/kumla\\\/vardegrund-och-klassisk-bildning\\\/#primaryimage\",\"url\":\"\",\"contentUrl\":\"\"},{\"@type\":\"BreadcrumbList\",\"@id\":\"https:\\\/\\\/wp.kristdemokraterna.se\\\/kumla\\\/vardegrund-och-klassisk-bildning\\\/#breadcrumb\",\"itemListElement\":[{\"@type\":\"ListItem\",\"position\":1,\"name\":\"Hem\",\"item\":\"https:\\\/\\\/wp.kristdemokraterna.se\\\/kumla\\\/\"},{\"@type\":\"ListItem\",\"position\":2,\"name\":\"V\u00e4rdegrund och klassisk bildning\"}]},{\"@type\":\"WebSite\",\"@id\":\"https:\\\/\\\/wp.kristdemokraterna.se\\\/kumla\\\/#website\",\"url\":\"https:\\\/\\\/wp.kristdemokraterna.se\\\/kumla\\\/\",\"name\":\"Kristdemokraterna - Kumla\",\"description\":\"En till Kristdemokraterna webbplats\",\"inLanguage\":\"sv-SE\"},{\"@type\":\"Person\",\"@id\":\"https:\\\/\\\/wp.kristdemokraterna.se\\\/kumla\\\/#\\\/schema\\\/person\\\/3c7bc8d37fec137e79ab4d7b9164fde5\",\"name\":\"kumla\",\"image\":{\"@type\":\"ImageObject\",\"inLanguage\":\"sv-SE\",\"@id\":\"https:\\\/\\\/secure.gravatar.com\\\/avatar\\\/996cc053534ef7c557e6898920edbe32a76919f18afd617656c76030f2359b80?s=96&d=mm&r=g\",\"url\":\"https:\\\/\\\/secure.gravatar.com\\\/avatar\\\/996cc053534ef7c557e6898920edbe32a76919f18afd617656c76030f2359b80?s=96&d=mm&r=g\",\"contentUrl\":\"https:\\\/\\\/secure.gravatar.com\\\/avatar\\\/996cc053534ef7c557e6898920edbe32a76919f18afd617656c76030f2359b80?s=96&d=mm&r=g\",\"caption\":\"kumla\"},\"url\":\"https:\\\/\\\/wp.kristdemokraterna.se\\\/kumla\\\/author\\\/kumla\\\/\"}]}<\/script>\n<!-- \/ Yoast SEO plugin. -->","yoast_head_json":{"title":"V\u00e4rdegrund och klassisk bildning - Kristdemokraterna - Kumla","robots":{"index":"index","follow":"follow","max-snippet":"max-snippet:-1","max-image-preview":"max-image-preview:large","max-video-preview":"max-video-preview:-1"},"canonical":"https:\/\/wp.kristdemokraterna.se\/kumla\/vardegrund-och-klassisk-bildning\/","og_locale":"sv_SE","og_type":"article","og_title":"V\u00e4rdegrund och klassisk bildning - Kristdemokraterna - Kumla","og_description":"Skolan ska skapa f\u00f6ruts\u00e4ttningar f\u00f6r att varje barn ska f\u00e5 l\u00e4ra sig s\u00e5 mycket som m\u00f6jligt, utvecklas och f\u00f6rverkliga sin potential. F\u00f6r att det ska vara m\u00f6jligt kr\u00e4vs att skolan erbjuder kunskap f\u00f6r ett liv p\u00e5 arbetsmarknaden, men ocks\u00e5 klassisk bildning. Skolan ska inte bara rusta eleverna f\u00f6r arbetsmarknaden utan ocks\u00e5 ge f\u00f6rst\u00e5else f\u00f6r v\u00e5rt L\u00e4s mer","og_url":"https:\/\/wp.kristdemokraterna.se\/kumla\/vardegrund-och-klassisk-bildning\/","og_site_name":"Kristdemokraterna - Kumla","article_published_time":"2025-02-11T08:29:33+00:00","article_modified_time":"2025-02-11T12:18:59+00:00","author":"kumla","twitter_card":"summary_large_image","twitter_misc":{"Skriven av":"kumla","Ber\u00e4knad l\u00e4stid":"1 minut"},"schema":{"@context":"https:\/\/schema.org","@graph":[{"@type":"Article","@id":"https:\/\/wp.kristdemokraterna.se\/kumla\/vardegrund-och-klassisk-bildning\/#article","isPartOf":{"@id":"https:\/\/wp.kristdemokraterna.se\/kumla\/vardegrund-och-klassisk-bildning\/"},"author":{"name":"kumla","@id":"https:\/\/wp.kristdemokraterna.se\/kumla\/#\/schema\/person\/3c7bc8d37fec137e79ab4d7b9164fde5"},"headline":"V\u00e4rdegrund och klassisk bildning","datePublished":"2025-02-11T08:29:33+00:00","dateModified":"2025-02-11T12:18:59+00:00","mainEntityOfPage":{"@id":"https:\/\/wp.kristdemokraterna.se\/kumla\/vardegrund-och-klassisk-bildning\/"},"wordCount":146,"image":{"@id":"https:\/\/wp.kristdemokraterna.se\/kumla\/vardegrund-och-klassisk-bildning\/#primaryimage"},"thumbnailUrl":"","articleSection":["Skola &amp; Utbildning"],"inLanguage":"sv-SE"},{"@type":"WebPage","@id":"https:\/\/wp.kristdemokraterna.se\/kumla\/vardegrund-och-klassisk-bildning\/","url":"https:\/\/wp.kristdemokraterna.se\/kumla\/vardegrund-och-klassisk-bildning\/","name":"V\u00e4rdegrund och klassisk bildning - Kristdemokraterna - Kumla","isPartOf":{"@id":"https:\/\/wp.kristdemokraterna.se\/kumla\/#website"},"primaryImageOfPage":{"@id":"https:\/\/wp.kristdemokraterna.se\/kumla\/vardegrund-och-klassisk-bildning\/#primaryimage"},"image":{"@id":"https:\/\/wp.kristdemokraterna.se\/kumla\/vardegrund-och-klassisk-bildning\/#primaryimage"},"thumbnailUrl":"","datePublished":"2025-02-11T08:29:33+00:00","dateModified":"2025-02-11T12:18:59+00:00","author":{"@id":"https:\/\/wp.kristdemokraterna.se\/kumla\/#\/schema\/person\/3c7bc8d37fec137e79ab4d7b9164fde5"},"breadcrumb":{"@id":"https:\/\/wp.kristdemokraterna.se\/kumla\/vardegrund-och-klassisk-bildning\/#breadcrumb"},"inLanguage":"sv-SE","potentialAction":[{"@type":"ReadAction","target":["https:\/\/wp.kristdemokraterna.se\/kumla\/vardegrund-och-klassisk-bildning\/"]}]},{"@type":"ImageObject","inLanguage":"sv-SE","@id":"https:\/\/wp.kristdemokraterna.se\/kumla\/vardegrund-och-klassisk-bildning\/#primaryimage","url":"","contentUrl":""},{"@type":"BreadcrumbList","@id":"https:\/\/wp.kristdemokraterna.se\/kumla\/vardegrund-och-klassisk-bildning\/#breadcrumb","itemListElement":[{"@type":"ListItem","position":1,"name":"Hem","item":"https:\/\/wp.kristdemokraterna.se\/kumla\/"},{"@type":"ListItem","position":2,"name":"V\u00e4rdegrund och klassisk bildning"}]},{"@type":"WebSite","@id":"https:\/\/wp.kristdemokraterna.se\/kumla\/#website","url":"https:\/\/wp.kristdemokraterna.se\/kumla\/","name":"Kristdemokraterna - Kumla","description":"En till Kristdemokraterna webbplats","inLanguage":"sv-SE"},{"@type":"Person","@id":"https:\/\/wp.kristdemokraterna.se\/kumla\/#\/schema\/person\/3c7bc8d37fec137e79ab4d7b9164fde5","name":"kumla","image":{"@type":"ImageObject","inLanguage":"sv-SE","@id":"https:\/\/secure.gravatar.com\/avatar\/996cc053534ef7c557e6898920edbe32a76919f18afd617656c76030f2359b80?s=96&d=mm&r=g","url":"https:\/\/secure.gravatar.com\/avatar\/996cc053534ef7c557e6898920edbe32a76919f18afd617656c76030f2359b80?s=96&d=mm&r=g","contentUrl":"https:\/\/secure.gravatar.com\/avatar\/996cc053534ef7c557e6898920edbe32a76919f18afd617656c76030f2359b80?s=96&d=mm&r=g","caption":"kumla"},"url":"https:\/\/wp.kristdemokraterna.se\/kumla\/author\/kumla\/"}]}},"_links":{"self":[{"href":"https:\/\/wp.kristdemokraterna.se\/kumla\/wp-json\/wp\/v2\/posts\/656","targetHints":{"allow":["GET"]}}],"collection":[{"href":"https:\/\/wp.kristdemokraterna.se\/kumla\/wp-json\/wp\/v2\/posts"}],"about":[{"href":"https:\/\/wp.kristdemokraterna.se\/kumla\/wp-json\/wp\/v2\/types\/post"}],"author":[{"embeddable":true,"href":"https:\/\/wp.kristdemokraterna.se\/kumla\/wp-json\/wp\/v2\/users\/457"}],"replies":[{"embeddable":true,"href":"https:\/\/wp.kristdemokraterna.se\/kumla\/wp-json\/wp\/v2\/comments?post=656"}],"version-history":[{"count":4,"href":"https:\/\/wp.kristdemokraterna.se\/kumla\/wp-json\/wp\/v2\/posts\/656\/revisions"}],"predecessor-version":[{"id":825,"href":"https:\/\/wp.kristdemokraterna.se\/kumla\/wp-json\/wp\/v2\/posts\/656\/revisions\/825"}],"wp:featuredmedia":[{"embeddable":true,"href":"https:\/\/wp.kristdemokraterna.se\/kumla\/wp-json\/wp\/v2\/posts\/714"}],"wp:attachment":[{"href":"https:\/\/wp.kristdemokraterna.se\/kumla\/wp-json\/wp\/v2\/media?parent=656"}],"wp:term":[{"taxonomy":"category","embeddable":true,"href":"https:\/\/wp.kristdemokraterna.se\/kumla\/wp-json\/wp\/v2\/categories?post=656"},{"taxonomy":"post_tag","embeddable":true,"href":"https:\/\/wp.kristdemokraterna.se\/kumla\/wp-json\/wp\/v2\/tags?post=656"}],"curies":[{"name":"wp","href":"https:\/\/api.w.org\/{rel}","templated":true}]}}