{"id":658,"date":"2025-02-11T09:29:53","date_gmt":"2025-02-11T08:29:53","guid":{"rendered":"https:\/\/wp.kristdemokraterna.se\/kumla\/?p=658"},"modified":"2025-02-11T13:18:16","modified_gmt":"2025-02-11T12:18:16","slug":"skolledarskap-och-satsningar-pa-lararna","status":"publish","type":"post","link":"https:\/\/wp.kristdemokraterna.se\/kumla\/skolledarskap-och-satsningar-pa-lararna\/","title":{"rendered":"Skolledarskap och satsningar p\u00e5 l\u00e4rarna"},"content":{"rendered":"<p class=\"font-normal\">Ett gott ledarskap \u00e4r centralt f\u00f6r en framg\u00e5ngsrik skola. En verkligt bra skola kr\u00e4ver ocks\u00e5 verkligt bra l\u00e4rare. F\u00f6r att locka fler till l\u00e4raryrket beh\u00f6ver yrket uppv\u00e4rderas.<\/p>\n<p class=\"font-normal\">Vi vill se h\u00f6jda beh\u00f6righetskrav till l\u00e4rarutbildningen och vi beh\u00f6ver s\u00e4kerst\u00e4lla likv\u00e4rdiga l\u00e4rarutbildningar i hela landet. Mer av ledarskap och konflikthantering beh\u00f6vs och \u00e4mnesdidaktik och metodik ska vara sj\u00e4lvklara delar av utbildningen. Regeringen tillsatte utredning som l\u00e4mnat f\u00f6rslag om att utveckla l\u00e4rarutbildningarna, med h\u00f6jda krav p\u00e5 antagning och st\u00e4rkta utbildningar med h\u00f6gre kvalitet. Vi vill ocks\u00e5 arbeta f\u00f6r att fler akademiker skolar om sig till l\u00e4rare. Vi st\u00e5r ocks\u00e5 bakom karri\u00e4rtj\u00e4nster som ger l\u00e4rare m\u00f6jlighet till ett rej\u00e4lt l\u00f6nelyft. Dessutom vill vi minska den administrativa b\u00f6rdan f\u00f6r l\u00e4rare.<\/p>\n<p class=\"font-normal\">Vi vill att elever f\u00e5r mer l\u00e4rarledd undervisning och d\u00e4rmed ut\u00f6ka den garanterade undervisningstiden i svensk skola. F\u00f6r att n\u00e5 detta vill vi \u00e4ven g\u00f6ra en satsning f\u00f6r fler vuxna i skolan.<\/p>\n","protected":false},"excerpt":{"rendered":"<p>Ett gott ledarskap \u00e4r centralt f\u00f6r en framg\u00e5ngsrik skola. En verkligt bra skola kr\u00e4ver ocks\u00e5 verkligt bra l\u00e4rare. F\u00f6r att locka fler till l\u00e4raryrket beh\u00f6ver yrket uppv\u00e4rderas. Vi vill se h\u00f6jda beh\u00f6righetskrav till l\u00e4rarutbildningen och vi beh\u00f6ver s\u00e4kerst\u00e4lla likv\u00e4rdiga l\u00e4rarutbildningar i hela landet. Mer av ledarskap och konflikthantering beh\u00f6vs och \u00e4mnesdidaktik och metodik ska vara <a class=\"read-more-link\" href=\"https:\/\/wp.kristdemokraterna.se\/kumla\/skolledarskap-och-satsningar-pa-lararna\/\">L\u00e4s mer<\/a><\/p>\n","protected":false},"author":457,"featured_media":714,"comment_status":"closed","ping_status":"closed","sticky":false,"template":"","format":"standard","meta":{"_acf_changed":false,"footnotes":""},"categories":[12],"tags":[],"class_list":["post-658","post","type-post","status-publish","format-standard","hentry","category-skolautbildning"],"acf":[],"yoast_head":"<!-- This site is optimized with the Yoast SEO plugin v27.4 - https:\/\/yoast.com\/product\/yoast-seo-wordpress\/ -->\n<title>Skolledarskap och satsningar p\u00e5 l\u00e4rarna - Kristdemokraterna - Kumla<\/title>\n<meta name=\"robots\" content=\"index, follow, max-snippet:-1, max-image-preview:large, max-video-preview:-1\" \/>\n<link rel=\"canonical\" href=\"https:\/\/wp.kristdemokraterna.se\/kumla\/skolledarskap-och-satsningar-pa-lararna\/\" \/>\n<meta property=\"og:locale\" content=\"sv_SE\" \/>\n<meta property=\"og:type\" content=\"article\" \/>\n<meta property=\"og:title\" content=\"Skolledarskap och satsningar p\u00e5 l\u00e4rarna - Kristdemokraterna - Kumla\" \/>\n<meta property=\"og:description\" content=\"Ett gott ledarskap \u00e4r centralt f\u00f6r en framg\u00e5ngsrik skola. En verkligt bra skola kr\u00e4ver ocks\u00e5 verkligt bra l\u00e4rare. F\u00f6r att locka fler till l\u00e4raryrket beh\u00f6ver yrket uppv\u00e4rderas. Vi vill se h\u00f6jda beh\u00f6righetskrav till l\u00e4rarutbildningen och vi beh\u00f6ver s\u00e4kerst\u00e4lla likv\u00e4rdiga l\u00e4rarutbildningar i hela landet. Mer av ledarskap och konflikthantering beh\u00f6vs och \u00e4mnesdidaktik och metodik ska vara L\u00e4s mer\" \/>\n<meta property=\"og:url\" content=\"https:\/\/wp.kristdemokraterna.se\/kumla\/skolledarskap-och-satsningar-pa-lararna\/\" \/>\n<meta property=\"og:site_name\" content=\"Kristdemokraterna - Kumla\" \/>\n<meta property=\"article:published_time\" content=\"2025-02-11T08:29:53+00:00\" \/>\n<meta property=\"article:modified_time\" content=\"2025-02-11T12:18:16+00:00\" \/>\n<meta name=\"author\" content=\"kumla\" \/>\n<meta name=\"twitter:card\" content=\"summary_large_image\" \/>\n<meta name=\"twitter:label1\" content=\"Skriven av\" \/>\n\t<meta name=\"twitter:data1\" content=\"kumla\" \/>\n\t<meta name=\"twitter:label2\" content=\"Ber\u00e4knad l\u00e4stid\" \/>\n\t<meta name=\"twitter:data2\" content=\"1 minut\" \/>\n<script type=\"application\/ld+json\" class=\"yoast-schema-graph\">{\"@context\":\"https:\\\/\\\/schema.org\",\"@graph\":[{\"@type\":\"Article\",\"@id\":\"https:\\\/\\\/wp.kristdemokraterna.se\\\/kumla\\\/skolledarskap-och-satsningar-pa-lararna\\\/#article\",\"isPartOf\":{\"@id\":\"https:\\\/\\\/wp.kristdemokraterna.se\\\/kumla\\\/skolledarskap-och-satsningar-pa-lararna\\\/\"},\"author\":{\"name\":\"kumla\",\"@id\":\"https:\\\/\\\/wp.kristdemokraterna.se\\\/kumla\\\/#\\\/schema\\\/person\\\/3c7bc8d37fec137e79ab4d7b9164fde5\"},\"headline\":\"Skolledarskap och satsningar p\u00e5 l\u00e4rarna\",\"datePublished\":\"2025-02-11T08:29:53+00:00\",\"dateModified\":\"2025-02-11T12:18:16+00:00\",\"mainEntityOfPage\":{\"@id\":\"https:\\\/\\\/wp.kristdemokraterna.se\\\/kumla\\\/skolledarskap-och-satsningar-pa-lararna\\\/\"},\"wordCount\":196,\"image\":{\"@id\":\"https:\\\/\\\/wp.kristdemokraterna.se\\\/kumla\\\/skolledarskap-och-satsningar-pa-lararna\\\/#primaryimage\"},\"thumbnailUrl\":\"\",\"articleSection\":[\"Skola &amp; Utbildning\"],\"inLanguage\":\"sv-SE\"},{\"@type\":\"WebPage\",\"@id\":\"https:\\\/\\\/wp.kristdemokraterna.se\\\/kumla\\\/skolledarskap-och-satsningar-pa-lararna\\\/\",\"url\":\"https:\\\/\\\/wp.kristdemokraterna.se\\\/kumla\\\/skolledarskap-och-satsningar-pa-lararna\\\/\",\"name\":\"Skolledarskap och satsningar p\u00e5 l\u00e4rarna - Kristdemokraterna - Kumla\",\"isPartOf\":{\"@id\":\"https:\\\/\\\/wp.kristdemokraterna.se\\\/kumla\\\/#website\"},\"primaryImageOfPage\":{\"@id\":\"https:\\\/\\\/wp.kristdemokraterna.se\\\/kumla\\\/skolledarskap-och-satsningar-pa-lararna\\\/#primaryimage\"},\"image\":{\"@id\":\"https:\\\/\\\/wp.kristdemokraterna.se\\\/kumla\\\/skolledarskap-och-satsningar-pa-lararna\\\/#primaryimage\"},\"thumbnailUrl\":\"\",\"datePublished\":\"2025-02-11T08:29:53+00:00\",\"dateModified\":\"2025-02-11T12:18:16+00:00\",\"author\":{\"@id\":\"https:\\\/\\\/wp.kristdemokraterna.se\\\/kumla\\\/#\\\/schema\\\/person\\\/3c7bc8d37fec137e79ab4d7b9164fde5\"},\"breadcrumb\":{\"@id\":\"https:\\\/\\\/wp.kristdemokraterna.se\\\/kumla\\\/skolledarskap-och-satsningar-pa-lararna\\\/#breadcrumb\"},\"inLanguage\":\"sv-SE\",\"potentialAction\":[{\"@type\":\"ReadAction\",\"target\":[\"https:\\\/\\\/wp.kristdemokraterna.se\\\/kumla\\\/skolledarskap-och-satsningar-pa-lararna\\\/\"]}]},{\"@type\":\"ImageObject\",\"inLanguage\":\"sv-SE\",\"@id\":\"https:\\\/\\\/wp.kristdemokraterna.se\\\/kumla\\\/skolledarskap-och-satsningar-pa-lararna\\\/#primaryimage\",\"url\":\"\",\"contentUrl\":\"\"},{\"@type\":\"BreadcrumbList\",\"@id\":\"https:\\\/\\\/wp.kristdemokraterna.se\\\/kumla\\\/skolledarskap-och-satsningar-pa-lararna\\\/#breadcrumb\",\"itemListElement\":[{\"@type\":\"ListItem\",\"position\":1,\"name\":\"Hem\",\"item\":\"https:\\\/\\\/wp.kristdemokraterna.se\\\/kumla\\\/\"},{\"@type\":\"ListItem\",\"position\":2,\"name\":\"Skolledarskap och satsningar p\u00e5 l\u00e4rarna\"}]},{\"@type\":\"WebSite\",\"@id\":\"https:\\\/\\\/wp.kristdemokraterna.se\\\/kumla\\\/#website\",\"url\":\"https:\\\/\\\/wp.kristdemokraterna.se\\\/kumla\\\/\",\"name\":\"Kristdemokraterna - Kumla\",\"description\":\"En till Kristdemokraterna webbplats\",\"inLanguage\":\"sv-SE\"},{\"@type\":\"Person\",\"@id\":\"https:\\\/\\\/wp.kristdemokraterna.se\\\/kumla\\\/#\\\/schema\\\/person\\\/3c7bc8d37fec137e79ab4d7b9164fde5\",\"name\":\"kumla\",\"image\":{\"@type\":\"ImageObject\",\"inLanguage\":\"sv-SE\",\"@id\":\"https:\\\/\\\/secure.gravatar.com\\\/avatar\\\/996cc053534ef7c557e6898920edbe32a76919f18afd617656c76030f2359b80?s=96&d=mm&r=g\",\"url\":\"https:\\\/\\\/secure.gravatar.com\\\/avatar\\\/996cc053534ef7c557e6898920edbe32a76919f18afd617656c76030f2359b80?s=96&d=mm&r=g\",\"contentUrl\":\"https:\\\/\\\/secure.gravatar.com\\\/avatar\\\/996cc053534ef7c557e6898920edbe32a76919f18afd617656c76030f2359b80?s=96&d=mm&r=g\",\"caption\":\"kumla\"},\"url\":\"https:\\\/\\\/wp.kristdemokraterna.se\\\/kumla\\\/author\\\/kumla\\\/\"}]}<\/script>\n<!-- \/ Yoast SEO plugin. -->","yoast_head_json":{"title":"Skolledarskap och satsningar p\u00e5 l\u00e4rarna - Kristdemokraterna - Kumla","robots":{"index":"index","follow":"follow","max-snippet":"max-snippet:-1","max-image-preview":"max-image-preview:large","max-video-preview":"max-video-preview:-1"},"canonical":"https:\/\/wp.kristdemokraterna.se\/kumla\/skolledarskap-och-satsningar-pa-lararna\/","og_locale":"sv_SE","og_type":"article","og_title":"Skolledarskap och satsningar p\u00e5 l\u00e4rarna - Kristdemokraterna - Kumla","og_description":"Ett gott ledarskap \u00e4r centralt f\u00f6r en framg\u00e5ngsrik skola. En verkligt bra skola kr\u00e4ver ocks\u00e5 verkligt bra l\u00e4rare. F\u00f6r att locka fler till l\u00e4raryrket beh\u00f6ver yrket uppv\u00e4rderas. Vi vill se h\u00f6jda beh\u00f6righetskrav till l\u00e4rarutbildningen och vi beh\u00f6ver s\u00e4kerst\u00e4lla likv\u00e4rdiga l\u00e4rarutbildningar i hela landet. Mer av ledarskap och konflikthantering beh\u00f6vs och \u00e4mnesdidaktik och metodik ska vara L\u00e4s mer","og_url":"https:\/\/wp.kristdemokraterna.se\/kumla\/skolledarskap-och-satsningar-pa-lararna\/","og_site_name":"Kristdemokraterna - Kumla","article_published_time":"2025-02-11T08:29:53+00:00","article_modified_time":"2025-02-11T12:18:16+00:00","author":"kumla","twitter_card":"summary_large_image","twitter_misc":{"Skriven av":"kumla","Ber\u00e4knad l\u00e4stid":"1 minut"},"schema":{"@context":"https:\/\/schema.org","@graph":[{"@type":"Article","@id":"https:\/\/wp.kristdemokraterna.se\/kumla\/skolledarskap-och-satsningar-pa-lararna\/#article","isPartOf":{"@id":"https:\/\/wp.kristdemokraterna.se\/kumla\/skolledarskap-och-satsningar-pa-lararna\/"},"author":{"name":"kumla","@id":"https:\/\/wp.kristdemokraterna.se\/kumla\/#\/schema\/person\/3c7bc8d37fec137e79ab4d7b9164fde5"},"headline":"Skolledarskap och satsningar p\u00e5 l\u00e4rarna","datePublished":"2025-02-11T08:29:53+00:00","dateModified":"2025-02-11T12:18:16+00:00","mainEntityOfPage":{"@id":"https:\/\/wp.kristdemokraterna.se\/kumla\/skolledarskap-och-satsningar-pa-lararna\/"},"wordCount":196,"image":{"@id":"https:\/\/wp.kristdemokraterna.se\/kumla\/skolledarskap-och-satsningar-pa-lararna\/#primaryimage"},"thumbnailUrl":"","articleSection":["Skola &amp; Utbildning"],"inLanguage":"sv-SE"},{"@type":"WebPage","@id":"https:\/\/wp.kristdemokraterna.se\/kumla\/skolledarskap-och-satsningar-pa-lararna\/","url":"https:\/\/wp.kristdemokraterna.se\/kumla\/skolledarskap-och-satsningar-pa-lararna\/","name":"Skolledarskap och satsningar p\u00e5 l\u00e4rarna - Kristdemokraterna - Kumla","isPartOf":{"@id":"https:\/\/wp.kristdemokraterna.se\/kumla\/#website"},"primaryImageOfPage":{"@id":"https:\/\/wp.kristdemokraterna.se\/kumla\/skolledarskap-och-satsningar-pa-lararna\/#primaryimage"},"image":{"@id":"https:\/\/wp.kristdemokraterna.se\/kumla\/skolledarskap-och-satsningar-pa-lararna\/#primaryimage"},"thumbnailUrl":"","datePublished":"2025-02-11T08:29:53+00:00","dateModified":"2025-02-11T12:18:16+00:00","author":{"@id":"https:\/\/wp.kristdemokraterna.se\/kumla\/#\/schema\/person\/3c7bc8d37fec137e79ab4d7b9164fde5"},"breadcrumb":{"@id":"https:\/\/wp.kristdemokraterna.se\/kumla\/skolledarskap-och-satsningar-pa-lararna\/#breadcrumb"},"inLanguage":"sv-SE","potentialAction":[{"@type":"ReadAction","target":["https:\/\/wp.kristdemokraterna.se\/kumla\/skolledarskap-och-satsningar-pa-lararna\/"]}]},{"@type":"ImageObject","inLanguage":"sv-SE","@id":"https:\/\/wp.kristdemokraterna.se\/kumla\/skolledarskap-och-satsningar-pa-lararna\/#primaryimage","url":"","contentUrl":""},{"@type":"BreadcrumbList","@id":"https:\/\/wp.kristdemokraterna.se\/kumla\/skolledarskap-och-satsningar-pa-lararna\/#breadcrumb","itemListElement":[{"@type":"ListItem","position":1,"name":"Hem","item":"https:\/\/wp.kristdemokraterna.se\/kumla\/"},{"@type":"ListItem","position":2,"name":"Skolledarskap och satsningar p\u00e5 l\u00e4rarna"}]},{"@type":"WebSite","@id":"https:\/\/wp.kristdemokraterna.se\/kumla\/#website","url":"https:\/\/wp.kristdemokraterna.se\/kumla\/","name":"Kristdemokraterna - Kumla","description":"En till Kristdemokraterna webbplats","inLanguage":"sv-SE"},{"@type":"Person","@id":"https:\/\/wp.kristdemokraterna.se\/kumla\/#\/schema\/person\/3c7bc8d37fec137e79ab4d7b9164fde5","name":"kumla","image":{"@type":"ImageObject","inLanguage":"sv-SE","@id":"https:\/\/secure.gravatar.com\/avatar\/996cc053534ef7c557e6898920edbe32a76919f18afd617656c76030f2359b80?s=96&d=mm&r=g","url":"https:\/\/secure.gravatar.com\/avatar\/996cc053534ef7c557e6898920edbe32a76919f18afd617656c76030f2359b80?s=96&d=mm&r=g","contentUrl":"https:\/\/secure.gravatar.com\/avatar\/996cc053534ef7c557e6898920edbe32a76919f18afd617656c76030f2359b80?s=96&d=mm&r=g","caption":"kumla"},"url":"https:\/\/wp.kristdemokraterna.se\/kumla\/author\/kumla\/"}]}},"_links":{"self":[{"href":"https:\/\/wp.kristdemokraterna.se\/kumla\/wp-json\/wp\/v2\/posts\/658","targetHints":{"allow":["GET"]}}],"collection":[{"href":"https:\/\/wp.kristdemokraterna.se\/kumla\/wp-json\/wp\/v2\/posts"}],"about":[{"href":"https:\/\/wp.kristdemokraterna.se\/kumla\/wp-json\/wp\/v2\/types\/post"}],"author":[{"embeddable":true,"href":"https:\/\/wp.kristdemokraterna.se\/kumla\/wp-json\/wp\/v2\/users\/457"}],"replies":[{"embeddable":true,"href":"https:\/\/wp.kristdemokraterna.se\/kumla\/wp-json\/wp\/v2\/comments?post=658"}],"version-history":[{"count":3,"href":"https:\/\/wp.kristdemokraterna.se\/kumla\/wp-json\/wp\/v2\/posts\/658\/revisions"}],"predecessor-version":[{"id":824,"href":"https:\/\/wp.kristdemokraterna.se\/kumla\/wp-json\/wp\/v2\/posts\/658\/revisions\/824"}],"wp:featuredmedia":[{"embeddable":true,"href":"https:\/\/wp.kristdemokraterna.se\/kumla\/wp-json\/wp\/v2\/posts\/714"}],"wp:attachment":[{"href":"https:\/\/wp.kristdemokraterna.se\/kumla\/wp-json\/wp\/v2\/media?parent=658"}],"wp:term":[{"taxonomy":"category","embeddable":true,"href":"https:\/\/wp.kristdemokraterna.se\/kumla\/wp-json\/wp\/v2\/categories?post=658"},{"taxonomy":"post_tag","embeddable":true,"href":"https:\/\/wp.kristdemokraterna.se\/kumla\/wp-json\/wp\/v2\/tags?post=658"}],"curies":[{"name":"wp","href":"https:\/\/api.w.org\/{rel}","templated":true}]}}