{"id":660,"date":"2025-02-11T09:30:23","date_gmt":"2025-02-11T08:30:23","guid":{"rendered":"https:\/\/wp.kristdemokraterna.se\/kumla\/?p=660"},"modified":"2025-02-11T13:31:32","modified_gmt":"2025-02-11T12:31:32","slug":"kunskapen-i-fokus","status":"publish","type":"post","link":"https:\/\/wp.kristdemokraterna.se\/kumla\/kunskapen-i-fokus\/","title":{"rendered":"Kunskapen i fokus"},"content":{"rendered":"<p class=\"font-normal\">Skolan ska ha h\u00f6ga f\u00f6rv\u00e4ntningar p\u00e5 b\u00e5de elever och personal och kunskapen ska st\u00e5 i fokus. Kurs- och l\u00e4roplanerna beh\u00f6ver d\u00e4rf\u00f6r vara utformade med fokus p\u00e5 tydliga faktakunskaper i varje \u00e4mne.<\/p>\n<p class=\"font-normal\">Det beh\u00f6vs tidiga kunskapskontroller och st\u00f6dinsatser. Alla elever ska testas f\u00f6r skrivsv\u00e5righeter, och vi anser att det ska finnas krav som s\u00e4kerst\u00e4ller att alla skolor \u00e5terkommande arbetar med diagnostiska prov, m\u00e4ter elevernas progression och systematiskt arbetar f\u00f6r att ge tidiga st\u00f6dinsatser, till exempel i form av ut\u00f6kad undervisningstid, l\u00e4xhj\u00e4lp och lovskola samt inte minst speciall\u00e4rarst\u00f6d och s\u00e4rskilda undervisningsgrupper.<\/p>\n<p class=\"font-normal\">Att m\u00e4ta elevers progression p\u00e5 varje skolenhet dvs. skolornas f\u00f6rm\u00e5ga att \u00e5stadkomma kunskapsutveckling hos eleverna \u00e4r centralt f\u00f6r att avg\u00f6ra vilka skolor som lyckas med sitt uppdrag.<\/p>\n","protected":false},"excerpt":{"rendered":"<p>Skolan ska ha h\u00f6ga f\u00f6rv\u00e4ntningar p\u00e5 b\u00e5de elever och personal och kunskapen ska st\u00e5 i fokus. Kurs- och l\u00e4roplanerna beh\u00f6ver d\u00e4rf\u00f6r vara utformade med fokus p\u00e5 tydliga faktakunskaper i varje \u00e4mne. Det beh\u00f6vs tidiga kunskapskontroller och st\u00f6dinsatser. Alla elever ska testas f\u00f6r skrivsv\u00e5righeter, och vi anser att det ska finnas krav som s\u00e4kerst\u00e4ller att alla <a class=\"read-more-link\" href=\"https:\/\/wp.kristdemokraterna.se\/kumla\/kunskapen-i-fokus\/\">L\u00e4s mer<\/a><\/p>\n","protected":false},"author":457,"featured_media":714,"comment_status":"closed","ping_status":"closed","sticky":false,"template":"","format":"standard","meta":{"_acf_changed":false,"footnotes":""},"categories":[12],"tags":[],"class_list":["post-660","post","type-post","status-publish","format-standard","hentry","category-skolautbildning"],"acf":[],"yoast_head":"<!-- This site is optimized with the Yoast SEO plugin v27.4 - https:\/\/yoast.com\/product\/yoast-seo-wordpress\/ -->\n<title>Kunskapen i fokus - Kristdemokraterna - Kumla<\/title>\n<meta name=\"robots\" content=\"index, follow, max-snippet:-1, max-image-preview:large, max-video-preview:-1\" \/>\n<link rel=\"canonical\" href=\"https:\/\/wp.kristdemokraterna.se\/kumla\/kunskapen-i-fokus\/\" \/>\n<meta property=\"og:locale\" content=\"sv_SE\" \/>\n<meta property=\"og:type\" content=\"article\" \/>\n<meta property=\"og:title\" content=\"Kunskapen i fokus - Kristdemokraterna - Kumla\" \/>\n<meta property=\"og:description\" content=\"Skolan ska ha h\u00f6ga f\u00f6rv\u00e4ntningar p\u00e5 b\u00e5de elever och personal och kunskapen ska st\u00e5 i fokus. Kurs- och l\u00e4roplanerna beh\u00f6ver d\u00e4rf\u00f6r vara utformade med fokus p\u00e5 tydliga faktakunskaper i varje \u00e4mne. Det beh\u00f6vs tidiga kunskapskontroller och st\u00f6dinsatser. Alla elever ska testas f\u00f6r skrivsv\u00e5righeter, och vi anser att det ska finnas krav som s\u00e4kerst\u00e4ller att alla L\u00e4s mer\" \/>\n<meta property=\"og:url\" content=\"https:\/\/wp.kristdemokraterna.se\/kumla\/kunskapen-i-fokus\/\" \/>\n<meta property=\"og:site_name\" content=\"Kristdemokraterna - Kumla\" \/>\n<meta property=\"article:published_time\" content=\"2025-02-11T08:30:23+00:00\" \/>\n<meta property=\"article:modified_time\" content=\"2025-02-11T12:31:32+00:00\" \/>\n<meta name=\"author\" content=\"kumla\" \/>\n<meta name=\"twitter:card\" content=\"summary_large_image\" \/>\n<meta name=\"twitter:label1\" content=\"Skriven av\" \/>\n\t<meta name=\"twitter:data1\" content=\"kumla\" \/>\n\t<meta name=\"twitter:label2\" content=\"Ber\u00e4knad l\u00e4stid\" \/>\n\t<meta name=\"twitter:data2\" content=\"1 minut\" \/>\n<script type=\"application\/ld+json\" class=\"yoast-schema-graph\">{\"@context\":\"https:\\\/\\\/schema.org\",\"@graph\":[{\"@type\":\"Article\",\"@id\":\"https:\\\/\\\/wp.kristdemokraterna.se\\\/kumla\\\/kunskapen-i-fokus\\\/#article\",\"isPartOf\":{\"@id\":\"https:\\\/\\\/wp.kristdemokraterna.se\\\/kumla\\\/kunskapen-i-fokus\\\/\"},\"author\":{\"name\":\"kumla\",\"@id\":\"https:\\\/\\\/wp.kristdemokraterna.se\\\/kumla\\\/#\\\/schema\\\/person\\\/3c7bc8d37fec137e79ab4d7b9164fde5\"},\"headline\":\"Kunskapen i fokus\",\"datePublished\":\"2025-02-11T08:30:23+00:00\",\"dateModified\":\"2025-02-11T12:31:32+00:00\",\"mainEntityOfPage\":{\"@id\":\"https:\\\/\\\/wp.kristdemokraterna.se\\\/kumla\\\/kunskapen-i-fokus\\\/\"},\"wordCount\":147,\"image\":{\"@id\":\"https:\\\/\\\/wp.kristdemokraterna.se\\\/kumla\\\/kunskapen-i-fokus\\\/#primaryimage\"},\"thumbnailUrl\":\"\",\"articleSection\":[\"Skola &amp; Utbildning\"],\"inLanguage\":\"sv-SE\"},{\"@type\":\"WebPage\",\"@id\":\"https:\\\/\\\/wp.kristdemokraterna.se\\\/kumla\\\/kunskapen-i-fokus\\\/\",\"url\":\"https:\\\/\\\/wp.kristdemokraterna.se\\\/kumla\\\/kunskapen-i-fokus\\\/\",\"name\":\"Kunskapen i fokus - Kristdemokraterna - Kumla\",\"isPartOf\":{\"@id\":\"https:\\\/\\\/wp.kristdemokraterna.se\\\/kumla\\\/#website\"},\"primaryImageOfPage\":{\"@id\":\"https:\\\/\\\/wp.kristdemokraterna.se\\\/kumla\\\/kunskapen-i-fokus\\\/#primaryimage\"},\"image\":{\"@id\":\"https:\\\/\\\/wp.kristdemokraterna.se\\\/kumla\\\/kunskapen-i-fokus\\\/#primaryimage\"},\"thumbnailUrl\":\"\",\"datePublished\":\"2025-02-11T08:30:23+00:00\",\"dateModified\":\"2025-02-11T12:31:32+00:00\",\"author\":{\"@id\":\"https:\\\/\\\/wp.kristdemokraterna.se\\\/kumla\\\/#\\\/schema\\\/person\\\/3c7bc8d37fec137e79ab4d7b9164fde5\"},\"breadcrumb\":{\"@id\":\"https:\\\/\\\/wp.kristdemokraterna.se\\\/kumla\\\/kunskapen-i-fokus\\\/#breadcrumb\"},\"inLanguage\":\"sv-SE\",\"potentialAction\":[{\"@type\":\"ReadAction\",\"target\":[\"https:\\\/\\\/wp.kristdemokraterna.se\\\/kumla\\\/kunskapen-i-fokus\\\/\"]}]},{\"@type\":\"ImageObject\",\"inLanguage\":\"sv-SE\",\"@id\":\"https:\\\/\\\/wp.kristdemokraterna.se\\\/kumla\\\/kunskapen-i-fokus\\\/#primaryimage\",\"url\":\"\",\"contentUrl\":\"\"},{\"@type\":\"BreadcrumbList\",\"@id\":\"https:\\\/\\\/wp.kristdemokraterna.se\\\/kumla\\\/kunskapen-i-fokus\\\/#breadcrumb\",\"itemListElement\":[{\"@type\":\"ListItem\",\"position\":1,\"name\":\"Hem\",\"item\":\"https:\\\/\\\/wp.kristdemokraterna.se\\\/kumla\\\/\"},{\"@type\":\"ListItem\",\"position\":2,\"name\":\"Kunskapen i fokus\"}]},{\"@type\":\"WebSite\",\"@id\":\"https:\\\/\\\/wp.kristdemokraterna.se\\\/kumla\\\/#website\",\"url\":\"https:\\\/\\\/wp.kristdemokraterna.se\\\/kumla\\\/\",\"name\":\"Kristdemokraterna - Kumla\",\"description\":\"En till Kristdemokraterna webbplats\",\"inLanguage\":\"sv-SE\"},{\"@type\":\"Person\",\"@id\":\"https:\\\/\\\/wp.kristdemokraterna.se\\\/kumla\\\/#\\\/schema\\\/person\\\/3c7bc8d37fec137e79ab4d7b9164fde5\",\"name\":\"kumla\",\"image\":{\"@type\":\"ImageObject\",\"inLanguage\":\"sv-SE\",\"@id\":\"https:\\\/\\\/secure.gravatar.com\\\/avatar\\\/996cc053534ef7c557e6898920edbe32a76919f18afd617656c76030f2359b80?s=96&d=mm&r=g\",\"url\":\"https:\\\/\\\/secure.gravatar.com\\\/avatar\\\/996cc053534ef7c557e6898920edbe32a76919f18afd617656c76030f2359b80?s=96&d=mm&r=g\",\"contentUrl\":\"https:\\\/\\\/secure.gravatar.com\\\/avatar\\\/996cc053534ef7c557e6898920edbe32a76919f18afd617656c76030f2359b80?s=96&d=mm&r=g\",\"caption\":\"kumla\"},\"url\":\"https:\\\/\\\/wp.kristdemokraterna.se\\\/kumla\\\/author\\\/kumla\\\/\"}]}<\/script>\n<!-- \/ Yoast SEO plugin. -->","yoast_head_json":{"title":"Kunskapen i fokus - Kristdemokraterna - Kumla","robots":{"index":"index","follow":"follow","max-snippet":"max-snippet:-1","max-image-preview":"max-image-preview:large","max-video-preview":"max-video-preview:-1"},"canonical":"https:\/\/wp.kristdemokraterna.se\/kumla\/kunskapen-i-fokus\/","og_locale":"sv_SE","og_type":"article","og_title":"Kunskapen i fokus - Kristdemokraterna - Kumla","og_description":"Skolan ska ha h\u00f6ga f\u00f6rv\u00e4ntningar p\u00e5 b\u00e5de elever och personal och kunskapen ska st\u00e5 i fokus. Kurs- och l\u00e4roplanerna beh\u00f6ver d\u00e4rf\u00f6r vara utformade med fokus p\u00e5 tydliga faktakunskaper i varje \u00e4mne. Det beh\u00f6vs tidiga kunskapskontroller och st\u00f6dinsatser. Alla elever ska testas f\u00f6r skrivsv\u00e5righeter, och vi anser att det ska finnas krav som s\u00e4kerst\u00e4ller att alla L\u00e4s mer","og_url":"https:\/\/wp.kristdemokraterna.se\/kumla\/kunskapen-i-fokus\/","og_site_name":"Kristdemokraterna - Kumla","article_published_time":"2025-02-11T08:30:23+00:00","article_modified_time":"2025-02-11T12:31:32+00:00","author":"kumla","twitter_card":"summary_large_image","twitter_misc":{"Skriven av":"kumla","Ber\u00e4knad l\u00e4stid":"1 minut"},"schema":{"@context":"https:\/\/schema.org","@graph":[{"@type":"Article","@id":"https:\/\/wp.kristdemokraterna.se\/kumla\/kunskapen-i-fokus\/#article","isPartOf":{"@id":"https:\/\/wp.kristdemokraterna.se\/kumla\/kunskapen-i-fokus\/"},"author":{"name":"kumla","@id":"https:\/\/wp.kristdemokraterna.se\/kumla\/#\/schema\/person\/3c7bc8d37fec137e79ab4d7b9164fde5"},"headline":"Kunskapen i fokus","datePublished":"2025-02-11T08:30:23+00:00","dateModified":"2025-02-11T12:31:32+00:00","mainEntityOfPage":{"@id":"https:\/\/wp.kristdemokraterna.se\/kumla\/kunskapen-i-fokus\/"},"wordCount":147,"image":{"@id":"https:\/\/wp.kristdemokraterna.se\/kumla\/kunskapen-i-fokus\/#primaryimage"},"thumbnailUrl":"","articleSection":["Skola &amp; Utbildning"],"inLanguage":"sv-SE"},{"@type":"WebPage","@id":"https:\/\/wp.kristdemokraterna.se\/kumla\/kunskapen-i-fokus\/","url":"https:\/\/wp.kristdemokraterna.se\/kumla\/kunskapen-i-fokus\/","name":"Kunskapen i fokus - Kristdemokraterna - Kumla","isPartOf":{"@id":"https:\/\/wp.kristdemokraterna.se\/kumla\/#website"},"primaryImageOfPage":{"@id":"https:\/\/wp.kristdemokraterna.se\/kumla\/kunskapen-i-fokus\/#primaryimage"},"image":{"@id":"https:\/\/wp.kristdemokraterna.se\/kumla\/kunskapen-i-fokus\/#primaryimage"},"thumbnailUrl":"","datePublished":"2025-02-11T08:30:23+00:00","dateModified":"2025-02-11T12:31:32+00:00","author":{"@id":"https:\/\/wp.kristdemokraterna.se\/kumla\/#\/schema\/person\/3c7bc8d37fec137e79ab4d7b9164fde5"},"breadcrumb":{"@id":"https:\/\/wp.kristdemokraterna.se\/kumla\/kunskapen-i-fokus\/#breadcrumb"},"inLanguage":"sv-SE","potentialAction":[{"@type":"ReadAction","target":["https:\/\/wp.kristdemokraterna.se\/kumla\/kunskapen-i-fokus\/"]}]},{"@type":"ImageObject","inLanguage":"sv-SE","@id":"https:\/\/wp.kristdemokraterna.se\/kumla\/kunskapen-i-fokus\/#primaryimage","url":"","contentUrl":""},{"@type":"BreadcrumbList","@id":"https:\/\/wp.kristdemokraterna.se\/kumla\/kunskapen-i-fokus\/#breadcrumb","itemListElement":[{"@type":"ListItem","position":1,"name":"Hem","item":"https:\/\/wp.kristdemokraterna.se\/kumla\/"},{"@type":"ListItem","position":2,"name":"Kunskapen i fokus"}]},{"@type":"WebSite","@id":"https:\/\/wp.kristdemokraterna.se\/kumla\/#website","url":"https:\/\/wp.kristdemokraterna.se\/kumla\/","name":"Kristdemokraterna - Kumla","description":"En till Kristdemokraterna webbplats","inLanguage":"sv-SE"},{"@type":"Person","@id":"https:\/\/wp.kristdemokraterna.se\/kumla\/#\/schema\/person\/3c7bc8d37fec137e79ab4d7b9164fde5","name":"kumla","image":{"@type":"ImageObject","inLanguage":"sv-SE","@id":"https:\/\/secure.gravatar.com\/avatar\/996cc053534ef7c557e6898920edbe32a76919f18afd617656c76030f2359b80?s=96&d=mm&r=g","url":"https:\/\/secure.gravatar.com\/avatar\/996cc053534ef7c557e6898920edbe32a76919f18afd617656c76030f2359b80?s=96&d=mm&r=g","contentUrl":"https:\/\/secure.gravatar.com\/avatar\/996cc053534ef7c557e6898920edbe32a76919f18afd617656c76030f2359b80?s=96&d=mm&r=g","caption":"kumla"},"url":"https:\/\/wp.kristdemokraterna.se\/kumla\/author\/kumla\/"}]}},"_links":{"self":[{"href":"https:\/\/wp.kristdemokraterna.se\/kumla\/wp-json\/wp\/v2\/posts\/660","targetHints":{"allow":["GET"]}}],"collection":[{"href":"https:\/\/wp.kristdemokraterna.se\/kumla\/wp-json\/wp\/v2\/posts"}],"about":[{"href":"https:\/\/wp.kristdemokraterna.se\/kumla\/wp-json\/wp\/v2\/types\/post"}],"author":[{"embeddable":true,"href":"https:\/\/wp.kristdemokraterna.se\/kumla\/wp-json\/wp\/v2\/users\/457"}],"replies":[{"embeddable":true,"href":"https:\/\/wp.kristdemokraterna.se\/kumla\/wp-json\/wp\/v2\/comments?post=660"}],"version-history":[{"count":4,"href":"https:\/\/wp.kristdemokraterna.se\/kumla\/wp-json\/wp\/v2\/posts\/660\/revisions"}],"predecessor-version":[{"id":842,"href":"https:\/\/wp.kristdemokraterna.se\/kumla\/wp-json\/wp\/v2\/posts\/660\/revisions\/842"}],"wp:featuredmedia":[{"embeddable":true,"href":"https:\/\/wp.kristdemokraterna.se\/kumla\/wp-json\/wp\/v2\/posts\/714"}],"wp:attachment":[{"href":"https:\/\/wp.kristdemokraterna.se\/kumla\/wp-json\/wp\/v2\/media?parent=660"}],"wp:term":[{"taxonomy":"category","embeddable":true,"href":"https:\/\/wp.kristdemokraterna.se\/kumla\/wp-json\/wp\/v2\/categories?post=660"},{"taxonomy":"post_tag","embeddable":true,"href":"https:\/\/wp.kristdemokraterna.se\/kumla\/wp-json\/wp\/v2\/tags?post=660"}],"curies":[{"name":"wp","href":"https:\/\/api.w.org\/{rel}","templated":true}]}}