{"id":664,"date":"2025-02-11T09:31:15","date_gmt":"2025-02-11T08:31:15","guid":{"rendered":"https:\/\/wp.kristdemokraterna.se\/kumla\/?p=664"},"modified":"2025-02-11T13:28:47","modified_gmt":"2025-02-11T12:28:47","slug":"en-skola-dar-ingen-lamnas-efter","status":"publish","type":"post","link":"https:\/\/wp.kristdemokraterna.se\/kumla\/en-skola-dar-ingen-lamnas-efter\/","title":{"rendered":"En skola d\u00e4r ingen l\u00e4mnas efter"},"content":{"rendered":"<p>Skolan har l\u00e4nge pr\u00e4glats av en str\u00e4van efter inkludering, att ingen ska pekas ut genom att g\u00e5 i s\u00e4rskild grupp. Resultatet har snarare blivit att en del elever har farit illa genom att de har l\u00e4mnats efter. Kristdemokraterna vill satsa p\u00e5 fler speciall\u00e4rare och specialpedagoger, bland annat f\u00f6r att m\u00f6jligg\u00f6ra mindre undervisningsgrupper. Alla skolor b\u00f6r ha tillg\u00e5ng till s\u00e4rskilda undervisningsgrupper. Vi anser ocks\u00e5 att det beh\u00f6ver tills\u00e4ttas en utredning om systemet f\u00f6r s\u00e4rskilt st\u00f6d f\u00f6r att s\u00e4kra en h\u00e5llbar finansieringsmodell f\u00f6r st\u00f6dinsatser i s\u00e5v\u00e4l kommunala som frist\u00e5ende skolor. Specialpedagogiska skolmyndigheten (SPSM) b\u00f6r dessutom ta fram ett nationellt handlingsprogram som tydligg\u00f6r hur skolan ska arbeta med fr\u00e5nvarande elever, s\u00e5 kallade \u201dhemmasittare\u201d. Regeringen har tillsatt en utredning om extra anpassningar och s\u00e4rskilt st\u00f6d, samt f\u00f6r att det ska bli enklare att placera elever i mindre och flexibla undervisningsgrupper. Regeringen har \u00e4ven gett en utredning i uppdrag att l\u00e4mna f\u00f6rslag om ett nationellt fr\u00e5nvaroregister, som g\u00f6r det m\u00f6jligt att g\u00f6ra systematiska uppf\u00f6ljningar av elevers skolfr\u00e5nvaro.<\/p>\n","protected":false},"excerpt":{"rendered":"<p>Skolan har l\u00e4nge pr\u00e4glats av en str\u00e4van efter inkludering, att ingen ska pekas ut genom att g\u00e5 i s\u00e4rskild grupp. Resultatet har snarare blivit att en del elever har farit illa genom att de har l\u00e4mnats efter. Kristdemokraterna vill satsa p\u00e5 fler speciall\u00e4rare och specialpedagoger, bland annat f\u00f6r att m\u00f6jligg\u00f6ra mindre undervisningsgrupper. Alla skolor b\u00f6r <a class=\"read-more-link\" href=\"https:\/\/wp.kristdemokraterna.se\/kumla\/en-skola-dar-ingen-lamnas-efter\/\">L\u00e4s mer<\/a><\/p>\n","protected":false},"author":457,"featured_media":714,"comment_status":"closed","ping_status":"closed","sticky":false,"template":"","format":"standard","meta":{"_acf_changed":false,"footnotes":""},"categories":[12],"tags":[],"class_list":["post-664","post","type-post","status-publish","format-standard","hentry","category-skolautbildning"],"acf":[],"yoast_head":"<!-- This site is optimized with the Yoast SEO plugin v27.4 - https:\/\/yoast.com\/product\/yoast-seo-wordpress\/ -->\n<title>En skola d\u00e4r ingen l\u00e4mnas efter - Kristdemokraterna - Kumla<\/title>\n<meta name=\"robots\" content=\"index, follow, max-snippet:-1, max-image-preview:large, max-video-preview:-1\" \/>\n<link rel=\"canonical\" href=\"https:\/\/wp.kristdemokraterna.se\/kumla\/en-skola-dar-ingen-lamnas-efter\/\" \/>\n<meta property=\"og:locale\" content=\"sv_SE\" \/>\n<meta property=\"og:type\" content=\"article\" \/>\n<meta property=\"og:title\" content=\"En skola d\u00e4r ingen l\u00e4mnas efter - Kristdemokraterna - Kumla\" \/>\n<meta property=\"og:description\" content=\"Skolan har l\u00e4nge pr\u00e4glats av en str\u00e4van efter inkludering, att ingen ska pekas ut genom att g\u00e5 i s\u00e4rskild grupp. Resultatet har snarare blivit att en del elever har farit illa genom att de har l\u00e4mnats efter. Kristdemokraterna vill satsa p\u00e5 fler speciall\u00e4rare och specialpedagoger, bland annat f\u00f6r att m\u00f6jligg\u00f6ra mindre undervisningsgrupper. Alla skolor b\u00f6r L\u00e4s mer\" \/>\n<meta property=\"og:url\" content=\"https:\/\/wp.kristdemokraterna.se\/kumla\/en-skola-dar-ingen-lamnas-efter\/\" \/>\n<meta property=\"og:site_name\" content=\"Kristdemokraterna - Kumla\" \/>\n<meta property=\"article:published_time\" content=\"2025-02-11T08:31:15+00:00\" \/>\n<meta property=\"article:modified_time\" content=\"2025-02-11T12:28:47+00:00\" \/>\n<meta name=\"author\" content=\"kumla\" \/>\n<meta name=\"twitter:card\" content=\"summary_large_image\" \/>\n<meta name=\"twitter:label1\" content=\"Skriven av\" \/>\n\t<meta name=\"twitter:data1\" content=\"kumla\" \/>\n\t<meta name=\"twitter:label2\" content=\"Ber\u00e4knad l\u00e4stid\" \/>\n\t<meta name=\"twitter:data2\" content=\"1 minut\" \/>\n<script type=\"application\/ld+json\" class=\"yoast-schema-graph\">{\"@context\":\"https:\\\/\\\/schema.org\",\"@graph\":[{\"@type\":\"Article\",\"@id\":\"https:\\\/\\\/wp.kristdemokraterna.se\\\/kumla\\\/en-skola-dar-ingen-lamnas-efter\\\/#article\",\"isPartOf\":{\"@id\":\"https:\\\/\\\/wp.kristdemokraterna.se\\\/kumla\\\/en-skola-dar-ingen-lamnas-efter\\\/\"},\"author\":{\"name\":\"kumla\",\"@id\":\"https:\\\/\\\/wp.kristdemokraterna.se\\\/kumla\\\/#\\\/schema\\\/person\\\/3c7bc8d37fec137e79ab4d7b9164fde5\"},\"headline\":\"En skola d\u00e4r ingen l\u00e4mnas efter\",\"datePublished\":\"2025-02-11T08:31:15+00:00\",\"dateModified\":\"2025-02-11T12:28:47+00:00\",\"mainEntityOfPage\":{\"@id\":\"https:\\\/\\\/wp.kristdemokraterna.se\\\/kumla\\\/en-skola-dar-ingen-lamnas-efter\\\/\"},\"wordCount\":209,\"image\":{\"@id\":\"https:\\\/\\\/wp.kristdemokraterna.se\\\/kumla\\\/en-skola-dar-ingen-lamnas-efter\\\/#primaryimage\"},\"thumbnailUrl\":\"\",\"articleSection\":[\"Skola &amp; Utbildning\"],\"inLanguage\":\"sv-SE\"},{\"@type\":\"WebPage\",\"@id\":\"https:\\\/\\\/wp.kristdemokraterna.se\\\/kumla\\\/en-skola-dar-ingen-lamnas-efter\\\/\",\"url\":\"https:\\\/\\\/wp.kristdemokraterna.se\\\/kumla\\\/en-skola-dar-ingen-lamnas-efter\\\/\",\"name\":\"En skola d\u00e4r ingen l\u00e4mnas efter - Kristdemokraterna - Kumla\",\"isPartOf\":{\"@id\":\"https:\\\/\\\/wp.kristdemokraterna.se\\\/kumla\\\/#website\"},\"primaryImageOfPage\":{\"@id\":\"https:\\\/\\\/wp.kristdemokraterna.se\\\/kumla\\\/en-skola-dar-ingen-lamnas-efter\\\/#primaryimage\"},\"image\":{\"@id\":\"https:\\\/\\\/wp.kristdemokraterna.se\\\/kumla\\\/en-skola-dar-ingen-lamnas-efter\\\/#primaryimage\"},\"thumbnailUrl\":\"\",\"datePublished\":\"2025-02-11T08:31:15+00:00\",\"dateModified\":\"2025-02-11T12:28:47+00:00\",\"author\":{\"@id\":\"https:\\\/\\\/wp.kristdemokraterna.se\\\/kumla\\\/#\\\/schema\\\/person\\\/3c7bc8d37fec137e79ab4d7b9164fde5\"},\"breadcrumb\":{\"@id\":\"https:\\\/\\\/wp.kristdemokraterna.se\\\/kumla\\\/en-skola-dar-ingen-lamnas-efter\\\/#breadcrumb\"},\"inLanguage\":\"sv-SE\",\"potentialAction\":[{\"@type\":\"ReadAction\",\"target\":[\"https:\\\/\\\/wp.kristdemokraterna.se\\\/kumla\\\/en-skola-dar-ingen-lamnas-efter\\\/\"]}]},{\"@type\":\"ImageObject\",\"inLanguage\":\"sv-SE\",\"@id\":\"https:\\\/\\\/wp.kristdemokraterna.se\\\/kumla\\\/en-skola-dar-ingen-lamnas-efter\\\/#primaryimage\",\"url\":\"\",\"contentUrl\":\"\"},{\"@type\":\"BreadcrumbList\",\"@id\":\"https:\\\/\\\/wp.kristdemokraterna.se\\\/kumla\\\/en-skola-dar-ingen-lamnas-efter\\\/#breadcrumb\",\"itemListElement\":[{\"@type\":\"ListItem\",\"position\":1,\"name\":\"Hem\",\"item\":\"https:\\\/\\\/wp.kristdemokraterna.se\\\/kumla\\\/\"},{\"@type\":\"ListItem\",\"position\":2,\"name\":\"En skola d\u00e4r ingen l\u00e4mnas efter\"}]},{\"@type\":\"WebSite\",\"@id\":\"https:\\\/\\\/wp.kristdemokraterna.se\\\/kumla\\\/#website\",\"url\":\"https:\\\/\\\/wp.kristdemokraterna.se\\\/kumla\\\/\",\"name\":\"Kristdemokraterna - Kumla\",\"description\":\"En till Kristdemokraterna webbplats\",\"inLanguage\":\"sv-SE\"},{\"@type\":\"Person\",\"@id\":\"https:\\\/\\\/wp.kristdemokraterna.se\\\/kumla\\\/#\\\/schema\\\/person\\\/3c7bc8d37fec137e79ab4d7b9164fde5\",\"name\":\"kumla\",\"image\":{\"@type\":\"ImageObject\",\"inLanguage\":\"sv-SE\",\"@id\":\"https:\\\/\\\/secure.gravatar.com\\\/avatar\\\/996cc053534ef7c557e6898920edbe32a76919f18afd617656c76030f2359b80?s=96&d=mm&r=g\",\"url\":\"https:\\\/\\\/secure.gravatar.com\\\/avatar\\\/996cc053534ef7c557e6898920edbe32a76919f18afd617656c76030f2359b80?s=96&d=mm&r=g\",\"contentUrl\":\"https:\\\/\\\/secure.gravatar.com\\\/avatar\\\/996cc053534ef7c557e6898920edbe32a76919f18afd617656c76030f2359b80?s=96&d=mm&r=g\",\"caption\":\"kumla\"},\"url\":\"https:\\\/\\\/wp.kristdemokraterna.se\\\/kumla\\\/author\\\/kumla\\\/\"}]}<\/script>\n<!-- \/ Yoast SEO plugin. -->","yoast_head_json":{"title":"En skola d\u00e4r ingen l\u00e4mnas efter - Kristdemokraterna - Kumla","robots":{"index":"index","follow":"follow","max-snippet":"max-snippet:-1","max-image-preview":"max-image-preview:large","max-video-preview":"max-video-preview:-1"},"canonical":"https:\/\/wp.kristdemokraterna.se\/kumla\/en-skola-dar-ingen-lamnas-efter\/","og_locale":"sv_SE","og_type":"article","og_title":"En skola d\u00e4r ingen l\u00e4mnas efter - Kristdemokraterna - Kumla","og_description":"Skolan har l\u00e4nge pr\u00e4glats av en str\u00e4van efter inkludering, att ingen ska pekas ut genom att g\u00e5 i s\u00e4rskild grupp. Resultatet har snarare blivit att en del elever har farit illa genom att de har l\u00e4mnats efter. Kristdemokraterna vill satsa p\u00e5 fler speciall\u00e4rare och specialpedagoger, bland annat f\u00f6r att m\u00f6jligg\u00f6ra mindre undervisningsgrupper. Alla skolor b\u00f6r L\u00e4s mer","og_url":"https:\/\/wp.kristdemokraterna.se\/kumla\/en-skola-dar-ingen-lamnas-efter\/","og_site_name":"Kristdemokraterna - Kumla","article_published_time":"2025-02-11T08:31:15+00:00","article_modified_time":"2025-02-11T12:28:47+00:00","author":"kumla","twitter_card":"summary_large_image","twitter_misc":{"Skriven av":"kumla","Ber\u00e4knad l\u00e4stid":"1 minut"},"schema":{"@context":"https:\/\/schema.org","@graph":[{"@type":"Article","@id":"https:\/\/wp.kristdemokraterna.se\/kumla\/en-skola-dar-ingen-lamnas-efter\/#article","isPartOf":{"@id":"https:\/\/wp.kristdemokraterna.se\/kumla\/en-skola-dar-ingen-lamnas-efter\/"},"author":{"name":"kumla","@id":"https:\/\/wp.kristdemokraterna.se\/kumla\/#\/schema\/person\/3c7bc8d37fec137e79ab4d7b9164fde5"},"headline":"En skola d\u00e4r ingen l\u00e4mnas efter","datePublished":"2025-02-11T08:31:15+00:00","dateModified":"2025-02-11T12:28:47+00:00","mainEntityOfPage":{"@id":"https:\/\/wp.kristdemokraterna.se\/kumla\/en-skola-dar-ingen-lamnas-efter\/"},"wordCount":209,"image":{"@id":"https:\/\/wp.kristdemokraterna.se\/kumla\/en-skola-dar-ingen-lamnas-efter\/#primaryimage"},"thumbnailUrl":"","articleSection":["Skola &amp; Utbildning"],"inLanguage":"sv-SE"},{"@type":"WebPage","@id":"https:\/\/wp.kristdemokraterna.se\/kumla\/en-skola-dar-ingen-lamnas-efter\/","url":"https:\/\/wp.kristdemokraterna.se\/kumla\/en-skola-dar-ingen-lamnas-efter\/","name":"En skola d\u00e4r ingen l\u00e4mnas efter - Kristdemokraterna - Kumla","isPartOf":{"@id":"https:\/\/wp.kristdemokraterna.se\/kumla\/#website"},"primaryImageOfPage":{"@id":"https:\/\/wp.kristdemokraterna.se\/kumla\/en-skola-dar-ingen-lamnas-efter\/#primaryimage"},"image":{"@id":"https:\/\/wp.kristdemokraterna.se\/kumla\/en-skola-dar-ingen-lamnas-efter\/#primaryimage"},"thumbnailUrl":"","datePublished":"2025-02-11T08:31:15+00:00","dateModified":"2025-02-11T12:28:47+00:00","author":{"@id":"https:\/\/wp.kristdemokraterna.se\/kumla\/#\/schema\/person\/3c7bc8d37fec137e79ab4d7b9164fde5"},"breadcrumb":{"@id":"https:\/\/wp.kristdemokraterna.se\/kumla\/en-skola-dar-ingen-lamnas-efter\/#breadcrumb"},"inLanguage":"sv-SE","potentialAction":[{"@type":"ReadAction","target":["https:\/\/wp.kristdemokraterna.se\/kumla\/en-skola-dar-ingen-lamnas-efter\/"]}]},{"@type":"ImageObject","inLanguage":"sv-SE","@id":"https:\/\/wp.kristdemokraterna.se\/kumla\/en-skola-dar-ingen-lamnas-efter\/#primaryimage","url":"","contentUrl":""},{"@type":"BreadcrumbList","@id":"https:\/\/wp.kristdemokraterna.se\/kumla\/en-skola-dar-ingen-lamnas-efter\/#breadcrumb","itemListElement":[{"@type":"ListItem","position":1,"name":"Hem","item":"https:\/\/wp.kristdemokraterna.se\/kumla\/"},{"@type":"ListItem","position":2,"name":"En skola d\u00e4r ingen l\u00e4mnas efter"}]},{"@type":"WebSite","@id":"https:\/\/wp.kristdemokraterna.se\/kumla\/#website","url":"https:\/\/wp.kristdemokraterna.se\/kumla\/","name":"Kristdemokraterna - Kumla","description":"En till Kristdemokraterna webbplats","inLanguage":"sv-SE"},{"@type":"Person","@id":"https:\/\/wp.kristdemokraterna.se\/kumla\/#\/schema\/person\/3c7bc8d37fec137e79ab4d7b9164fde5","name":"kumla","image":{"@type":"ImageObject","inLanguage":"sv-SE","@id":"https:\/\/secure.gravatar.com\/avatar\/996cc053534ef7c557e6898920edbe32a76919f18afd617656c76030f2359b80?s=96&d=mm&r=g","url":"https:\/\/secure.gravatar.com\/avatar\/996cc053534ef7c557e6898920edbe32a76919f18afd617656c76030f2359b80?s=96&d=mm&r=g","contentUrl":"https:\/\/secure.gravatar.com\/avatar\/996cc053534ef7c557e6898920edbe32a76919f18afd617656c76030f2359b80?s=96&d=mm&r=g","caption":"kumla"},"url":"https:\/\/wp.kristdemokraterna.se\/kumla\/author\/kumla\/"}]}},"_links":{"self":[{"href":"https:\/\/wp.kristdemokraterna.se\/kumla\/wp-json\/wp\/v2\/posts\/664","targetHints":{"allow":["GET"]}}],"collection":[{"href":"https:\/\/wp.kristdemokraterna.se\/kumla\/wp-json\/wp\/v2\/posts"}],"about":[{"href":"https:\/\/wp.kristdemokraterna.se\/kumla\/wp-json\/wp\/v2\/types\/post"}],"author":[{"embeddable":true,"href":"https:\/\/wp.kristdemokraterna.se\/kumla\/wp-json\/wp\/v2\/users\/457"}],"replies":[{"embeddable":true,"href":"https:\/\/wp.kristdemokraterna.se\/kumla\/wp-json\/wp\/v2\/comments?post=664"}],"version-history":[{"count":3,"href":"https:\/\/wp.kristdemokraterna.se\/kumla\/wp-json\/wp\/v2\/posts\/664\/revisions"}],"predecessor-version":[{"id":837,"href":"https:\/\/wp.kristdemokraterna.se\/kumla\/wp-json\/wp\/v2\/posts\/664\/revisions\/837"}],"wp:featuredmedia":[{"embeddable":true,"href":"https:\/\/wp.kristdemokraterna.se\/kumla\/wp-json\/wp\/v2\/posts\/714"}],"wp:attachment":[{"href":"https:\/\/wp.kristdemokraterna.se\/kumla\/wp-json\/wp\/v2\/media?parent=664"}],"wp:term":[{"taxonomy":"category","embeddable":true,"href":"https:\/\/wp.kristdemokraterna.se\/kumla\/wp-json\/wp\/v2\/categories?post=664"},{"taxonomy":"post_tag","embeddable":true,"href":"https:\/\/wp.kristdemokraterna.se\/kumla\/wp-json\/wp\/v2\/tags?post=664"}],"curies":[{"name":"wp","href":"https:\/\/api.w.org\/{rel}","templated":true}]}}