{"id":678,"date":"2025-02-11T09:38:53","date_gmt":"2025-02-11T08:38:53","guid":{"rendered":"https:\/\/wp.kristdemokraterna.se\/kumla\/?p=678"},"modified":"2025-02-11T10:33:27","modified_gmt":"2025-02-11T09:33:27","slug":"skolan-i-kumla","status":"publish","type":"post","link":"https:\/\/wp.kristdemokraterna.se\/kumla\/skolan-i-kumla\/","title":{"rendered":"Skolan i Kumla"},"content":{"rendered":"<h2 id=\"h-Forvaltningforlivslangtlarande\" class=\"subheading\">F\u00f6rvaltning f\u00f6r livsl\u00e5ngt l\u00e4rande<\/h2>\n<p class=\"normal\">I Kumla kommun ansvarar f\u00f6rvaltning f\u00f6r livsl\u00e5ngt l\u00e4rande f\u00f6r kommunens f\u00f6rskolor, fritidshem, grundskolor, anpassad grundskola, gymnasium, anpassat gymnasium, vuxenutbildning och svenska f\u00f6r invandrare.<\/p>\n<p class=\"normal\">Anpassad grundskola \u00e4r organiserad tillsammans med andra st\u00f6dinsatser till barn och ungdomar som en egen enhet.<\/p>\n<p class=\"normal\">F\u00f6rvaltningschef och skolchef \u00e4r Linda Meriloo.<\/p>\n<h2 id=\"h-Namndforlivslangtlarande\" class=\"subheading\">N\u00e4mnd f\u00f6r livsl\u00e5ngt l\u00e4rande<\/h2>\n<p class=\"normal\">N\u00e4mnd f\u00f6r livsl\u00e5ngt l\u00e4rande har det politiska ansvaret f\u00f6r kommunens f\u00f6rskoleverksamhet, fritidsverksamhet, anpassad grundskola, grundskola, gymnasieskola, anpassat gymnasium, vuxenutbildning, svenska f\u00f6r invandrare och kulturskola.<\/p>\n<p class=\"normal\">Ordf\u00f6rande f\u00f6r n\u00e4mnd f\u00f6r livsl\u00e5ngt l\u00e4rande \u00e4r Veronica Ulfgren (S).<\/p>\n","protected":false},"excerpt":{"rendered":"<p>F\u00f6rvaltning f\u00f6r livsl\u00e5ngt l\u00e4rande I Kumla kommun ansvarar f\u00f6rvaltning f\u00f6r livsl\u00e5ngt l\u00e4rande f\u00f6r kommunens f\u00f6rskolor, fritidshem, grundskolor, anpassad grundskola, gymnasium, anpassat gymnasium, vuxenutbildning och svenska f\u00f6r invandrare. Anpassad grundskola \u00e4r organiserad tillsammans med andra st\u00f6dinsatser till barn och ungdomar som en egen enhet. F\u00f6rvaltningschef och skolchef \u00e4r Linda Meriloo. N\u00e4mnd f\u00f6r livsl\u00e5ngt l\u00e4rande N\u00e4mnd f\u00f6r <a class=\"read-more-link\" href=\"https:\/\/wp.kristdemokraterna.se\/kumla\/skolan-i-kumla\/\">L\u00e4s mer<\/a><\/p>\n","protected":false},"author":457,"featured_media":714,"comment_status":"closed","ping_status":"closed","sticky":false,"template":"","format":"standard","meta":{"_acf_changed":false,"footnotes":""},"categories":[12],"tags":[],"class_list":["post-678","post","type-post","status-publish","format-standard","hentry","category-skolautbildning"],"acf":[],"yoast_head":"<!-- This site is optimized with the Yoast SEO plugin v27.4 - https:\/\/yoast.com\/product\/yoast-seo-wordpress\/ -->\n<title>Skolan i Kumla - Kristdemokraterna - Kumla<\/title>\n<meta name=\"robots\" content=\"index, follow, max-snippet:-1, max-image-preview:large, max-video-preview:-1\" \/>\n<link rel=\"canonical\" href=\"https:\/\/wp.kristdemokraterna.se\/kumla\/skolan-i-kumla\/\" \/>\n<meta property=\"og:locale\" content=\"sv_SE\" \/>\n<meta property=\"og:type\" content=\"article\" \/>\n<meta property=\"og:title\" content=\"Skolan i Kumla - Kristdemokraterna - Kumla\" \/>\n<meta property=\"og:description\" content=\"F\u00f6rvaltning f\u00f6r livsl\u00e5ngt l\u00e4rande I Kumla kommun ansvarar f\u00f6rvaltning f\u00f6r livsl\u00e5ngt l\u00e4rande f\u00f6r kommunens f\u00f6rskolor, fritidshem, grundskolor, anpassad grundskola, gymnasium, anpassat gymnasium, vuxenutbildning och svenska f\u00f6r invandrare. Anpassad grundskola \u00e4r organiserad tillsammans med andra st\u00f6dinsatser till barn och ungdomar som en egen enhet. F\u00f6rvaltningschef och skolchef \u00e4r Linda Meriloo. N\u00e4mnd f\u00f6r livsl\u00e5ngt l\u00e4rande N\u00e4mnd f\u00f6r L\u00e4s mer\" \/>\n<meta property=\"og:url\" content=\"https:\/\/wp.kristdemokraterna.se\/kumla\/skolan-i-kumla\/\" \/>\n<meta property=\"og:site_name\" content=\"Kristdemokraterna - Kumla\" \/>\n<meta property=\"article:published_time\" content=\"2025-02-11T08:38:53+00:00\" \/>\n<meta property=\"article:modified_time\" content=\"2025-02-11T09:33:27+00:00\" \/>\n<meta name=\"author\" content=\"kumla\" \/>\n<meta name=\"twitter:card\" content=\"summary_large_image\" \/>\n<meta name=\"twitter:label1\" content=\"Skriven av\" \/>\n\t<meta name=\"twitter:data1\" content=\"kumla\" \/>\n\t<meta name=\"twitter:label2\" content=\"Ber\u00e4knad l\u00e4stid\" \/>\n\t<meta name=\"twitter:data2\" content=\"1 minut\" \/>\n<script type=\"application\/ld+json\" class=\"yoast-schema-graph\">{\"@context\":\"https:\\\/\\\/schema.org\",\"@graph\":[{\"@type\":\"Article\",\"@id\":\"https:\\\/\\\/wp.kristdemokraterna.se\\\/kumla\\\/skolan-i-kumla\\\/#article\",\"isPartOf\":{\"@id\":\"https:\\\/\\\/wp.kristdemokraterna.se\\\/kumla\\\/skolan-i-kumla\\\/\"},\"author\":{\"name\":\"kumla\",\"@id\":\"https:\\\/\\\/wp.kristdemokraterna.se\\\/kumla\\\/#\\\/schema\\\/person\\\/3c7bc8d37fec137e79ab4d7b9164fde5\"},\"headline\":\"Skolan i Kumla\",\"datePublished\":\"2025-02-11T08:38:53+00:00\",\"dateModified\":\"2025-02-11T09:33:27+00:00\",\"mainEntityOfPage\":{\"@id\":\"https:\\\/\\\/wp.kristdemokraterna.se\\\/kumla\\\/skolan-i-kumla\\\/\"},\"wordCount\":120,\"image\":{\"@id\":\"https:\\\/\\\/wp.kristdemokraterna.se\\\/kumla\\\/skolan-i-kumla\\\/#primaryimage\"},\"thumbnailUrl\":\"\",\"articleSection\":[\"Skola &amp; Utbildning\"],\"inLanguage\":\"sv-SE\"},{\"@type\":\"WebPage\",\"@id\":\"https:\\\/\\\/wp.kristdemokraterna.se\\\/kumla\\\/skolan-i-kumla\\\/\",\"url\":\"https:\\\/\\\/wp.kristdemokraterna.se\\\/kumla\\\/skolan-i-kumla\\\/\",\"name\":\"Skolan i Kumla - Kristdemokraterna - Kumla\",\"isPartOf\":{\"@id\":\"https:\\\/\\\/wp.kristdemokraterna.se\\\/kumla\\\/#website\"},\"primaryImageOfPage\":{\"@id\":\"https:\\\/\\\/wp.kristdemokraterna.se\\\/kumla\\\/skolan-i-kumla\\\/#primaryimage\"},\"image\":{\"@id\":\"https:\\\/\\\/wp.kristdemokraterna.se\\\/kumla\\\/skolan-i-kumla\\\/#primaryimage\"},\"thumbnailUrl\":\"\",\"datePublished\":\"2025-02-11T08:38:53+00:00\",\"dateModified\":\"2025-02-11T09:33:27+00:00\",\"author\":{\"@id\":\"https:\\\/\\\/wp.kristdemokraterna.se\\\/kumla\\\/#\\\/schema\\\/person\\\/3c7bc8d37fec137e79ab4d7b9164fde5\"},\"breadcrumb\":{\"@id\":\"https:\\\/\\\/wp.kristdemokraterna.se\\\/kumla\\\/skolan-i-kumla\\\/#breadcrumb\"},\"inLanguage\":\"sv-SE\",\"potentialAction\":[{\"@type\":\"ReadAction\",\"target\":[\"https:\\\/\\\/wp.kristdemokraterna.se\\\/kumla\\\/skolan-i-kumla\\\/\"]}]},{\"@type\":\"ImageObject\",\"inLanguage\":\"sv-SE\",\"@id\":\"https:\\\/\\\/wp.kristdemokraterna.se\\\/kumla\\\/skolan-i-kumla\\\/#primaryimage\",\"url\":\"\",\"contentUrl\":\"\"},{\"@type\":\"BreadcrumbList\",\"@id\":\"https:\\\/\\\/wp.kristdemokraterna.se\\\/kumla\\\/skolan-i-kumla\\\/#breadcrumb\",\"itemListElement\":[{\"@type\":\"ListItem\",\"position\":1,\"name\":\"Hem\",\"item\":\"https:\\\/\\\/wp.kristdemokraterna.se\\\/kumla\\\/\"},{\"@type\":\"ListItem\",\"position\":2,\"name\":\"Skolan i Kumla\"}]},{\"@type\":\"WebSite\",\"@id\":\"https:\\\/\\\/wp.kristdemokraterna.se\\\/kumla\\\/#website\",\"url\":\"https:\\\/\\\/wp.kristdemokraterna.se\\\/kumla\\\/\",\"name\":\"Kristdemokraterna - Kumla\",\"description\":\"En till Kristdemokraterna webbplats\",\"inLanguage\":\"sv-SE\"},{\"@type\":\"Person\",\"@id\":\"https:\\\/\\\/wp.kristdemokraterna.se\\\/kumla\\\/#\\\/schema\\\/person\\\/3c7bc8d37fec137e79ab4d7b9164fde5\",\"name\":\"kumla\",\"image\":{\"@type\":\"ImageObject\",\"inLanguage\":\"sv-SE\",\"@id\":\"https:\\\/\\\/secure.gravatar.com\\\/avatar\\\/996cc053534ef7c557e6898920edbe32a76919f18afd617656c76030f2359b80?s=96&d=mm&r=g\",\"url\":\"https:\\\/\\\/secure.gravatar.com\\\/avatar\\\/996cc053534ef7c557e6898920edbe32a76919f18afd617656c76030f2359b80?s=96&d=mm&r=g\",\"contentUrl\":\"https:\\\/\\\/secure.gravatar.com\\\/avatar\\\/996cc053534ef7c557e6898920edbe32a76919f18afd617656c76030f2359b80?s=96&d=mm&r=g\",\"caption\":\"kumla\"},\"url\":\"https:\\\/\\\/wp.kristdemokraterna.se\\\/kumla\\\/author\\\/kumla\\\/\"}]}<\/script>\n<!-- \/ Yoast SEO plugin. -->","yoast_head_json":{"title":"Skolan i Kumla - Kristdemokraterna - Kumla","robots":{"index":"index","follow":"follow","max-snippet":"max-snippet:-1","max-image-preview":"max-image-preview:large","max-video-preview":"max-video-preview:-1"},"canonical":"https:\/\/wp.kristdemokraterna.se\/kumla\/skolan-i-kumla\/","og_locale":"sv_SE","og_type":"article","og_title":"Skolan i Kumla - Kristdemokraterna - Kumla","og_description":"F\u00f6rvaltning f\u00f6r livsl\u00e5ngt l\u00e4rande I Kumla kommun ansvarar f\u00f6rvaltning f\u00f6r livsl\u00e5ngt l\u00e4rande f\u00f6r kommunens f\u00f6rskolor, fritidshem, grundskolor, anpassad grundskola, gymnasium, anpassat gymnasium, vuxenutbildning och svenska f\u00f6r invandrare. Anpassad grundskola \u00e4r organiserad tillsammans med andra st\u00f6dinsatser till barn och ungdomar som en egen enhet. F\u00f6rvaltningschef och skolchef \u00e4r Linda Meriloo. N\u00e4mnd f\u00f6r livsl\u00e5ngt l\u00e4rande N\u00e4mnd f\u00f6r L\u00e4s mer","og_url":"https:\/\/wp.kristdemokraterna.se\/kumla\/skolan-i-kumla\/","og_site_name":"Kristdemokraterna - Kumla","article_published_time":"2025-02-11T08:38:53+00:00","article_modified_time":"2025-02-11T09:33:27+00:00","author":"kumla","twitter_card":"summary_large_image","twitter_misc":{"Skriven av":"kumla","Ber\u00e4knad l\u00e4stid":"1 minut"},"schema":{"@context":"https:\/\/schema.org","@graph":[{"@type":"Article","@id":"https:\/\/wp.kristdemokraterna.se\/kumla\/skolan-i-kumla\/#article","isPartOf":{"@id":"https:\/\/wp.kristdemokraterna.se\/kumla\/skolan-i-kumla\/"},"author":{"name":"kumla","@id":"https:\/\/wp.kristdemokraterna.se\/kumla\/#\/schema\/person\/3c7bc8d37fec137e79ab4d7b9164fde5"},"headline":"Skolan i Kumla","datePublished":"2025-02-11T08:38:53+00:00","dateModified":"2025-02-11T09:33:27+00:00","mainEntityOfPage":{"@id":"https:\/\/wp.kristdemokraterna.se\/kumla\/skolan-i-kumla\/"},"wordCount":120,"image":{"@id":"https:\/\/wp.kristdemokraterna.se\/kumla\/skolan-i-kumla\/#primaryimage"},"thumbnailUrl":"","articleSection":["Skola &amp; Utbildning"],"inLanguage":"sv-SE"},{"@type":"WebPage","@id":"https:\/\/wp.kristdemokraterna.se\/kumla\/skolan-i-kumla\/","url":"https:\/\/wp.kristdemokraterna.se\/kumla\/skolan-i-kumla\/","name":"Skolan i Kumla - Kristdemokraterna - Kumla","isPartOf":{"@id":"https:\/\/wp.kristdemokraterna.se\/kumla\/#website"},"primaryImageOfPage":{"@id":"https:\/\/wp.kristdemokraterna.se\/kumla\/skolan-i-kumla\/#primaryimage"},"image":{"@id":"https:\/\/wp.kristdemokraterna.se\/kumla\/skolan-i-kumla\/#primaryimage"},"thumbnailUrl":"","datePublished":"2025-02-11T08:38:53+00:00","dateModified":"2025-02-11T09:33:27+00:00","author":{"@id":"https:\/\/wp.kristdemokraterna.se\/kumla\/#\/schema\/person\/3c7bc8d37fec137e79ab4d7b9164fde5"},"breadcrumb":{"@id":"https:\/\/wp.kristdemokraterna.se\/kumla\/skolan-i-kumla\/#breadcrumb"},"inLanguage":"sv-SE","potentialAction":[{"@type":"ReadAction","target":["https:\/\/wp.kristdemokraterna.se\/kumla\/skolan-i-kumla\/"]}]},{"@type":"ImageObject","inLanguage":"sv-SE","@id":"https:\/\/wp.kristdemokraterna.se\/kumla\/skolan-i-kumla\/#primaryimage","url":"","contentUrl":""},{"@type":"BreadcrumbList","@id":"https:\/\/wp.kristdemokraterna.se\/kumla\/skolan-i-kumla\/#breadcrumb","itemListElement":[{"@type":"ListItem","position":1,"name":"Hem","item":"https:\/\/wp.kristdemokraterna.se\/kumla\/"},{"@type":"ListItem","position":2,"name":"Skolan i Kumla"}]},{"@type":"WebSite","@id":"https:\/\/wp.kristdemokraterna.se\/kumla\/#website","url":"https:\/\/wp.kristdemokraterna.se\/kumla\/","name":"Kristdemokraterna - Kumla","description":"En till Kristdemokraterna webbplats","inLanguage":"sv-SE"},{"@type":"Person","@id":"https:\/\/wp.kristdemokraterna.se\/kumla\/#\/schema\/person\/3c7bc8d37fec137e79ab4d7b9164fde5","name":"kumla","image":{"@type":"ImageObject","inLanguage":"sv-SE","@id":"https:\/\/secure.gravatar.com\/avatar\/996cc053534ef7c557e6898920edbe32a76919f18afd617656c76030f2359b80?s=96&d=mm&r=g","url":"https:\/\/secure.gravatar.com\/avatar\/996cc053534ef7c557e6898920edbe32a76919f18afd617656c76030f2359b80?s=96&d=mm&r=g","contentUrl":"https:\/\/secure.gravatar.com\/avatar\/996cc053534ef7c557e6898920edbe32a76919f18afd617656c76030f2359b80?s=96&d=mm&r=g","caption":"kumla"},"url":"https:\/\/wp.kristdemokraterna.se\/kumla\/author\/kumla\/"}]}},"_links":{"self":[{"href":"https:\/\/wp.kristdemokraterna.se\/kumla\/wp-json\/wp\/v2\/posts\/678","targetHints":{"allow":["GET"]}}],"collection":[{"href":"https:\/\/wp.kristdemokraterna.se\/kumla\/wp-json\/wp\/v2\/posts"}],"about":[{"href":"https:\/\/wp.kristdemokraterna.se\/kumla\/wp-json\/wp\/v2\/types\/post"}],"author":[{"embeddable":true,"href":"https:\/\/wp.kristdemokraterna.se\/kumla\/wp-json\/wp\/v2\/users\/457"}],"replies":[{"embeddable":true,"href":"https:\/\/wp.kristdemokraterna.se\/kumla\/wp-json\/wp\/v2\/comments?post=678"}],"version-history":[{"count":2,"href":"https:\/\/wp.kristdemokraterna.se\/kumla\/wp-json\/wp\/v2\/posts\/678\/revisions"}],"predecessor-version":[{"id":724,"href":"https:\/\/wp.kristdemokraterna.se\/kumla\/wp-json\/wp\/v2\/posts\/678\/revisions\/724"}],"wp:featuredmedia":[{"embeddable":true,"href":"https:\/\/wp.kristdemokraterna.se\/kumla\/wp-json\/wp\/v2\/posts\/714"}],"wp:attachment":[{"href":"https:\/\/wp.kristdemokraterna.se\/kumla\/wp-json\/wp\/v2\/media?parent=678"}],"wp:term":[{"taxonomy":"category","embeddable":true,"href":"https:\/\/wp.kristdemokraterna.se\/kumla\/wp-json\/wp\/v2\/categories?post=678"},{"taxonomy":"post_tag","embeddable":true,"href":"https:\/\/wp.kristdemokraterna.se\/kumla\/wp-json\/wp\/v2\/tags?post=678"}],"curies":[{"name":"wp","href":"https:\/\/api.w.org\/{rel}","templated":true}]}}