{"id":744,"date":"2025-02-11T10:41:54","date_gmt":"2025-02-11T09:41:54","guid":{"rendered":"https:\/\/wp.kristdemokraterna.se\/kumla\/?p=744"},"modified":"2025-02-11T16:49:16","modified_gmt":"2025-02-11T15:49:16","slug":"varna-ett-oberoende-public-service","status":"publish","type":"post","link":"https:\/\/wp.kristdemokraterna.se\/kumla\/varna-ett-oberoende-public-service\/","title":{"rendered":"V\u00e4rna ett oberoende public service"},"content":{"rendered":"<p>Kristdemokraterna ska verka f\u00f6r att v\u00e4rna public service, som ska finnas tillg\u00e4ngligt brett i de kanaler som m\u00e4nniskor anv\u00e4nder. F\u00f6r att st\u00e4rka public service legitimitet \u00f6ver tid beh\u00f6ver uppdraget smalnas av och ges ett huvudsakligt fokus p\u00e5 samh\u00e4llsinformation, oberoende och saklig nyhetsf\u00f6rmedling nationellt och regionalt, samt d\u00e4rut\u00f6ver ett h\u00f6gkvalitativt kulturutbud. En viktig del av uppdraget \u00e4r att g\u00f6ra utbudet tillg\u00e4ngligt f\u00f6r personer med funktionsneds\u00e4ttning och m\u00f6ta minoriteters behov och \u00f6nskem\u00e5l.<\/p>\n","protected":false},"excerpt":{"rendered":"<p>Kristdemokraterna ska verka f\u00f6r att v\u00e4rna public service, som ska finnas tillg\u00e4ngligt brett i de kanaler som m\u00e4nniskor anv\u00e4nder. F\u00f6r att st\u00e4rka public service legitimitet \u00f6ver tid beh\u00f6ver uppdraget smalnas av och ges ett huvudsakligt fokus p\u00e5 samh\u00e4llsinformation, oberoende och saklig nyhetsf\u00f6rmedling nationellt och regionalt, samt d\u00e4rut\u00f6ver ett h\u00f6gkvalitativt kulturutbud. En viktig del av uppdraget <a class=\"read-more-link\" href=\"https:\/\/wp.kristdemokraterna.se\/kumla\/varna-ett-oberoende-public-service\/\">L\u00e4s mer<\/a><\/p>\n","protected":false},"author":457,"featured_media":714,"comment_status":"closed","ping_status":"closed","sticky":false,"template":"","format":"standard","meta":{"_acf_changed":false,"footnotes":""},"categories":[25],"tags":[],"class_list":["post-744","post","type-post","status-publish","format-standard","hentry","category-kulturfritid"],"acf":[],"yoast_head":"<!-- This site is optimized with the Yoast SEO plugin v27.4 - https:\/\/yoast.com\/product\/yoast-seo-wordpress\/ -->\n<title>V\u00e4rna ett oberoende public service - Kristdemokraterna - Kumla<\/title>\n<meta name=\"robots\" content=\"index, follow, max-snippet:-1, max-image-preview:large, max-video-preview:-1\" \/>\n<link rel=\"canonical\" href=\"https:\/\/wp.kristdemokraterna.se\/kumla\/varna-ett-oberoende-public-service\/\" \/>\n<meta property=\"og:locale\" content=\"sv_SE\" \/>\n<meta property=\"og:type\" content=\"article\" \/>\n<meta property=\"og:title\" content=\"V\u00e4rna ett oberoende public service - Kristdemokraterna - Kumla\" \/>\n<meta property=\"og:description\" content=\"Kristdemokraterna ska verka f\u00f6r att v\u00e4rna public service, som ska finnas tillg\u00e4ngligt brett i de kanaler som m\u00e4nniskor anv\u00e4nder. F\u00f6r att st\u00e4rka public service legitimitet \u00f6ver tid beh\u00f6ver uppdraget smalnas av och ges ett huvudsakligt fokus p\u00e5 samh\u00e4llsinformation, oberoende och saklig nyhetsf\u00f6rmedling nationellt och regionalt, samt d\u00e4rut\u00f6ver ett h\u00f6gkvalitativt kulturutbud. En viktig del av uppdraget L\u00e4s mer\" \/>\n<meta property=\"og:url\" content=\"https:\/\/wp.kristdemokraterna.se\/kumla\/varna-ett-oberoende-public-service\/\" \/>\n<meta property=\"og:site_name\" content=\"Kristdemokraterna - Kumla\" \/>\n<meta property=\"article:published_time\" content=\"2025-02-11T09:41:54+00:00\" \/>\n<meta property=\"article:modified_time\" content=\"2025-02-11T15:49:16+00:00\" \/>\n<meta name=\"author\" content=\"kumla\" \/>\n<meta name=\"twitter:card\" content=\"summary_large_image\" \/>\n<meta name=\"twitter:label1\" content=\"Skriven av\" \/>\n\t<meta name=\"twitter:data1\" content=\"kumla\" \/>\n\t<meta name=\"twitter:label2\" content=\"Ber\u00e4knad l\u00e4stid\" \/>\n\t<meta name=\"twitter:data2\" content=\"1 minut\" \/>\n<script type=\"application\/ld+json\" class=\"yoast-schema-graph\">{\"@context\":\"https:\\\/\\\/schema.org\",\"@graph\":[{\"@type\":\"Article\",\"@id\":\"https:\\\/\\\/wp.kristdemokraterna.se\\\/kumla\\\/varna-ett-oberoende-public-service\\\/#article\",\"isPartOf\":{\"@id\":\"https:\\\/\\\/wp.kristdemokraterna.se\\\/kumla\\\/varna-ett-oberoende-public-service\\\/\"},\"author\":{\"name\":\"kumla\",\"@id\":\"https:\\\/\\\/wp.kristdemokraterna.se\\\/kumla\\\/#\\\/schema\\\/person\\\/3c7bc8d37fec137e79ab4d7b9164fde5\"},\"headline\":\"V\u00e4rna ett oberoende public service\",\"datePublished\":\"2025-02-11T09:41:54+00:00\",\"dateModified\":\"2025-02-11T15:49:16+00:00\",\"mainEntityOfPage\":{\"@id\":\"https:\\\/\\\/wp.kristdemokraterna.se\\\/kumla\\\/varna-ett-oberoende-public-service\\\/\"},\"wordCount\":95,\"image\":{\"@id\":\"https:\\\/\\\/wp.kristdemokraterna.se\\\/kumla\\\/varna-ett-oberoende-public-service\\\/#primaryimage\"},\"thumbnailUrl\":\"\",\"articleSection\":[\"Kultur &amp; Fritid\"],\"inLanguage\":\"sv-SE\"},{\"@type\":\"WebPage\",\"@id\":\"https:\\\/\\\/wp.kristdemokraterna.se\\\/kumla\\\/varna-ett-oberoende-public-service\\\/\",\"url\":\"https:\\\/\\\/wp.kristdemokraterna.se\\\/kumla\\\/varna-ett-oberoende-public-service\\\/\",\"name\":\"V\u00e4rna ett oberoende public service - Kristdemokraterna - Kumla\",\"isPartOf\":{\"@id\":\"https:\\\/\\\/wp.kristdemokraterna.se\\\/kumla\\\/#website\"},\"primaryImageOfPage\":{\"@id\":\"https:\\\/\\\/wp.kristdemokraterna.se\\\/kumla\\\/varna-ett-oberoende-public-service\\\/#primaryimage\"},\"image\":{\"@id\":\"https:\\\/\\\/wp.kristdemokraterna.se\\\/kumla\\\/varna-ett-oberoende-public-service\\\/#primaryimage\"},\"thumbnailUrl\":\"\",\"datePublished\":\"2025-02-11T09:41:54+00:00\",\"dateModified\":\"2025-02-11T15:49:16+00:00\",\"author\":{\"@id\":\"https:\\\/\\\/wp.kristdemokraterna.se\\\/kumla\\\/#\\\/schema\\\/person\\\/3c7bc8d37fec137e79ab4d7b9164fde5\"},\"breadcrumb\":{\"@id\":\"https:\\\/\\\/wp.kristdemokraterna.se\\\/kumla\\\/varna-ett-oberoende-public-service\\\/#breadcrumb\"},\"inLanguage\":\"sv-SE\",\"potentialAction\":[{\"@type\":\"ReadAction\",\"target\":[\"https:\\\/\\\/wp.kristdemokraterna.se\\\/kumla\\\/varna-ett-oberoende-public-service\\\/\"]}]},{\"@type\":\"ImageObject\",\"inLanguage\":\"sv-SE\",\"@id\":\"https:\\\/\\\/wp.kristdemokraterna.se\\\/kumla\\\/varna-ett-oberoende-public-service\\\/#primaryimage\",\"url\":\"\",\"contentUrl\":\"\"},{\"@type\":\"BreadcrumbList\",\"@id\":\"https:\\\/\\\/wp.kristdemokraterna.se\\\/kumla\\\/varna-ett-oberoende-public-service\\\/#breadcrumb\",\"itemListElement\":[{\"@type\":\"ListItem\",\"position\":1,\"name\":\"Hem\",\"item\":\"https:\\\/\\\/wp.kristdemokraterna.se\\\/kumla\\\/\"},{\"@type\":\"ListItem\",\"position\":2,\"name\":\"V\u00e4rna ett oberoende public service\"}]},{\"@type\":\"WebSite\",\"@id\":\"https:\\\/\\\/wp.kristdemokraterna.se\\\/kumla\\\/#website\",\"url\":\"https:\\\/\\\/wp.kristdemokraterna.se\\\/kumla\\\/\",\"name\":\"Kristdemokraterna - Kumla\",\"description\":\"En till Kristdemokraterna webbplats\",\"inLanguage\":\"sv-SE\"},{\"@type\":\"Person\",\"@id\":\"https:\\\/\\\/wp.kristdemokraterna.se\\\/kumla\\\/#\\\/schema\\\/person\\\/3c7bc8d37fec137e79ab4d7b9164fde5\",\"name\":\"kumla\",\"image\":{\"@type\":\"ImageObject\",\"inLanguage\":\"sv-SE\",\"@id\":\"https:\\\/\\\/secure.gravatar.com\\\/avatar\\\/996cc053534ef7c557e6898920edbe32a76919f18afd617656c76030f2359b80?s=96&d=mm&r=g\",\"url\":\"https:\\\/\\\/secure.gravatar.com\\\/avatar\\\/996cc053534ef7c557e6898920edbe32a76919f18afd617656c76030f2359b80?s=96&d=mm&r=g\",\"contentUrl\":\"https:\\\/\\\/secure.gravatar.com\\\/avatar\\\/996cc053534ef7c557e6898920edbe32a76919f18afd617656c76030f2359b80?s=96&d=mm&r=g\",\"caption\":\"kumla\"},\"url\":\"https:\\\/\\\/wp.kristdemokraterna.se\\\/kumla\\\/author\\\/kumla\\\/\"}]}<\/script>\n<!-- \/ Yoast SEO plugin. -->","yoast_head_json":{"title":"V\u00e4rna ett oberoende public service - Kristdemokraterna - Kumla","robots":{"index":"index","follow":"follow","max-snippet":"max-snippet:-1","max-image-preview":"max-image-preview:large","max-video-preview":"max-video-preview:-1"},"canonical":"https:\/\/wp.kristdemokraterna.se\/kumla\/varna-ett-oberoende-public-service\/","og_locale":"sv_SE","og_type":"article","og_title":"V\u00e4rna ett oberoende public service - Kristdemokraterna - Kumla","og_description":"Kristdemokraterna ska verka f\u00f6r att v\u00e4rna public service, som ska finnas tillg\u00e4ngligt brett i de kanaler som m\u00e4nniskor anv\u00e4nder. F\u00f6r att st\u00e4rka public service legitimitet \u00f6ver tid beh\u00f6ver uppdraget smalnas av och ges ett huvudsakligt fokus p\u00e5 samh\u00e4llsinformation, oberoende och saklig nyhetsf\u00f6rmedling nationellt och regionalt, samt d\u00e4rut\u00f6ver ett h\u00f6gkvalitativt kulturutbud. En viktig del av uppdraget L\u00e4s mer","og_url":"https:\/\/wp.kristdemokraterna.se\/kumla\/varna-ett-oberoende-public-service\/","og_site_name":"Kristdemokraterna - Kumla","article_published_time":"2025-02-11T09:41:54+00:00","article_modified_time":"2025-02-11T15:49:16+00:00","author":"kumla","twitter_card":"summary_large_image","twitter_misc":{"Skriven av":"kumla","Ber\u00e4knad l\u00e4stid":"1 minut"},"schema":{"@context":"https:\/\/schema.org","@graph":[{"@type":"Article","@id":"https:\/\/wp.kristdemokraterna.se\/kumla\/varna-ett-oberoende-public-service\/#article","isPartOf":{"@id":"https:\/\/wp.kristdemokraterna.se\/kumla\/varna-ett-oberoende-public-service\/"},"author":{"name":"kumla","@id":"https:\/\/wp.kristdemokraterna.se\/kumla\/#\/schema\/person\/3c7bc8d37fec137e79ab4d7b9164fde5"},"headline":"V\u00e4rna ett oberoende public service","datePublished":"2025-02-11T09:41:54+00:00","dateModified":"2025-02-11T15:49:16+00:00","mainEntityOfPage":{"@id":"https:\/\/wp.kristdemokraterna.se\/kumla\/varna-ett-oberoende-public-service\/"},"wordCount":95,"image":{"@id":"https:\/\/wp.kristdemokraterna.se\/kumla\/varna-ett-oberoende-public-service\/#primaryimage"},"thumbnailUrl":"","articleSection":["Kultur &amp; Fritid"],"inLanguage":"sv-SE"},{"@type":"WebPage","@id":"https:\/\/wp.kristdemokraterna.se\/kumla\/varna-ett-oberoende-public-service\/","url":"https:\/\/wp.kristdemokraterna.se\/kumla\/varna-ett-oberoende-public-service\/","name":"V\u00e4rna ett oberoende public service - Kristdemokraterna - Kumla","isPartOf":{"@id":"https:\/\/wp.kristdemokraterna.se\/kumla\/#website"},"primaryImageOfPage":{"@id":"https:\/\/wp.kristdemokraterna.se\/kumla\/varna-ett-oberoende-public-service\/#primaryimage"},"image":{"@id":"https:\/\/wp.kristdemokraterna.se\/kumla\/varna-ett-oberoende-public-service\/#primaryimage"},"thumbnailUrl":"","datePublished":"2025-02-11T09:41:54+00:00","dateModified":"2025-02-11T15:49:16+00:00","author":{"@id":"https:\/\/wp.kristdemokraterna.se\/kumla\/#\/schema\/person\/3c7bc8d37fec137e79ab4d7b9164fde5"},"breadcrumb":{"@id":"https:\/\/wp.kristdemokraterna.se\/kumla\/varna-ett-oberoende-public-service\/#breadcrumb"},"inLanguage":"sv-SE","potentialAction":[{"@type":"ReadAction","target":["https:\/\/wp.kristdemokraterna.se\/kumla\/varna-ett-oberoende-public-service\/"]}]},{"@type":"ImageObject","inLanguage":"sv-SE","@id":"https:\/\/wp.kristdemokraterna.se\/kumla\/varna-ett-oberoende-public-service\/#primaryimage","url":"","contentUrl":""},{"@type":"BreadcrumbList","@id":"https:\/\/wp.kristdemokraterna.se\/kumla\/varna-ett-oberoende-public-service\/#breadcrumb","itemListElement":[{"@type":"ListItem","position":1,"name":"Hem","item":"https:\/\/wp.kristdemokraterna.se\/kumla\/"},{"@type":"ListItem","position":2,"name":"V\u00e4rna ett oberoende public service"}]},{"@type":"WebSite","@id":"https:\/\/wp.kristdemokraterna.se\/kumla\/#website","url":"https:\/\/wp.kristdemokraterna.se\/kumla\/","name":"Kristdemokraterna - Kumla","description":"En till Kristdemokraterna webbplats","inLanguage":"sv-SE"},{"@type":"Person","@id":"https:\/\/wp.kristdemokraterna.se\/kumla\/#\/schema\/person\/3c7bc8d37fec137e79ab4d7b9164fde5","name":"kumla","image":{"@type":"ImageObject","inLanguage":"sv-SE","@id":"https:\/\/secure.gravatar.com\/avatar\/996cc053534ef7c557e6898920edbe32a76919f18afd617656c76030f2359b80?s=96&d=mm&r=g","url":"https:\/\/secure.gravatar.com\/avatar\/996cc053534ef7c557e6898920edbe32a76919f18afd617656c76030f2359b80?s=96&d=mm&r=g","contentUrl":"https:\/\/secure.gravatar.com\/avatar\/996cc053534ef7c557e6898920edbe32a76919f18afd617656c76030f2359b80?s=96&d=mm&r=g","caption":"kumla"},"url":"https:\/\/wp.kristdemokraterna.se\/kumla\/author\/kumla\/"}]}},"_links":{"self":[{"href":"https:\/\/wp.kristdemokraterna.se\/kumla\/wp-json\/wp\/v2\/posts\/744","targetHints":{"allow":["GET"]}}],"collection":[{"href":"https:\/\/wp.kristdemokraterna.se\/kumla\/wp-json\/wp\/v2\/posts"}],"about":[{"href":"https:\/\/wp.kristdemokraterna.se\/kumla\/wp-json\/wp\/v2\/types\/post"}],"author":[{"embeddable":true,"href":"https:\/\/wp.kristdemokraterna.se\/kumla\/wp-json\/wp\/v2\/users\/457"}],"replies":[{"embeddable":true,"href":"https:\/\/wp.kristdemokraterna.se\/kumla\/wp-json\/wp\/v2\/comments?post=744"}],"version-history":[{"count":2,"href":"https:\/\/wp.kristdemokraterna.se\/kumla\/wp-json\/wp\/v2\/posts\/744\/revisions"}],"predecessor-version":[{"id":854,"href":"https:\/\/wp.kristdemokraterna.se\/kumla\/wp-json\/wp\/v2\/posts\/744\/revisions\/854"}],"wp:featuredmedia":[{"embeddable":true,"href":"https:\/\/wp.kristdemokraterna.se\/kumla\/wp-json\/wp\/v2\/posts\/714"}],"wp:attachment":[{"href":"https:\/\/wp.kristdemokraterna.se\/kumla\/wp-json\/wp\/v2\/media?parent=744"}],"wp:term":[{"taxonomy":"category","embeddable":true,"href":"https:\/\/wp.kristdemokraterna.se\/kumla\/wp-json\/wp\/v2\/categories?post=744"},{"taxonomy":"post_tag","embeddable":true,"href":"https:\/\/wp.kristdemokraterna.se\/kumla\/wp-json\/wp\/v2\/tags?post=744"}],"curies":[{"name":"wp","href":"https:\/\/api.w.org\/{rel}","templated":true}]}}