{"id":766,"date":"2025-02-11T10:46:32","date_gmt":"2025-02-11T09:46:32","guid":{"rendered":"https:\/\/wp.kristdemokraterna.se\/kumla\/?p=766"},"modified":"2025-02-11T17:25:22","modified_gmt":"2025-02-11T16:25:22","slug":"aterinfor-patientansvarig-lakare","status":"publish","type":"post","link":"https:\/\/wp.kristdemokraterna.se\/kumla\/aterinfor-patientansvarig-lakare\/","title":{"rendered":"\u00c5terinf\u00f6r patientansvarig l\u00e4kare"},"content":{"rendered":"<p>Samordningen av v\u00e5rden brister f\u00f6r framf\u00f6r allt tre patientgrupper: de med flera kroniska sjukdomar, de med psykisk oh\u00e4lsa och de i riskzonen f\u00f6r att utveckla eller f\u00f6rv\u00e4rra en kronisk sjukdom. Vi vill d\u00e4rf\u00f6r \u00e5terinf\u00f6ra begreppet patientansvarig l\u00e4kare \u2013 en l\u00e4kare som \u00e4r fullt insatt i den enskilda patientens sjukdomsbild och kan planera och koordinera de b\u00e4sta v\u00e5rdinsatserna utifr\u00e5n den enskilda patientens behov. Den kontinuitet och trygghet som denna fasta l\u00e4karkontakt kan ge \u00e4r viktigt framf\u00f6r allt f\u00f6r de patienter som har omfattande, allvarliga eller l\u00e5ngvariga v\u00e5rdbehov.<\/p>\n","protected":false},"excerpt":{"rendered":"<p>Samordningen av v\u00e5rden brister f\u00f6r framf\u00f6r allt tre patientgrupper: de med flera kroniska sjukdomar, de med psykisk oh\u00e4lsa och de i riskzonen f\u00f6r att utveckla eller f\u00f6rv\u00e4rra en kronisk sjukdom. Vi vill d\u00e4rf\u00f6r \u00e5terinf\u00f6ra begreppet patientansvarig l\u00e4kare \u2013 en l\u00e4kare som \u00e4r fullt insatt i den enskilda patientens sjukdomsbild och kan planera och koordinera de <a class=\"read-more-link\" href=\"https:\/\/wp.kristdemokraterna.se\/kumla\/aterinfor-patientansvarig-lakare\/\">L\u00e4s mer<\/a><\/p>\n","protected":false},"author":457,"featured_media":714,"comment_status":"closed","ping_status":"closed","sticky":false,"template":"","format":"standard","meta":{"_acf_changed":false,"footnotes":""},"categories":[1],"tags":[],"class_list":["post-766","post","type-post","status-publish","format-standard","hentry","category-vardomsorg"],"acf":[],"yoast_head":"<!-- This site is optimized with the Yoast SEO plugin v27.4 - https:\/\/yoast.com\/product\/yoast-seo-wordpress\/ -->\n<title>\u00c5terinf\u00f6r patientansvarig l\u00e4kare - Kristdemokraterna - Kumla<\/title>\n<meta name=\"robots\" content=\"index, follow, max-snippet:-1, max-image-preview:large, max-video-preview:-1\" \/>\n<link rel=\"canonical\" href=\"https:\/\/wp.kristdemokraterna.se\/kumla\/aterinfor-patientansvarig-lakare\/\" \/>\n<meta property=\"og:locale\" content=\"sv_SE\" \/>\n<meta property=\"og:type\" content=\"article\" \/>\n<meta property=\"og:title\" content=\"\u00c5terinf\u00f6r patientansvarig l\u00e4kare - Kristdemokraterna - Kumla\" \/>\n<meta property=\"og:description\" content=\"Samordningen av v\u00e5rden brister f\u00f6r framf\u00f6r allt tre patientgrupper: de med flera kroniska sjukdomar, de med psykisk oh\u00e4lsa och de i riskzonen f\u00f6r att utveckla eller f\u00f6rv\u00e4rra en kronisk sjukdom. Vi vill d\u00e4rf\u00f6r \u00e5terinf\u00f6ra begreppet patientansvarig l\u00e4kare \u2013 en l\u00e4kare som \u00e4r fullt insatt i den enskilda patientens sjukdomsbild och kan planera och koordinera de L\u00e4s mer\" \/>\n<meta property=\"og:url\" content=\"https:\/\/wp.kristdemokraterna.se\/kumla\/aterinfor-patientansvarig-lakare\/\" \/>\n<meta property=\"og:site_name\" content=\"Kristdemokraterna - Kumla\" \/>\n<meta property=\"article:published_time\" content=\"2025-02-11T09:46:32+00:00\" \/>\n<meta property=\"article:modified_time\" content=\"2025-02-11T16:25:22+00:00\" \/>\n<meta name=\"author\" content=\"kumla\" \/>\n<meta name=\"twitter:card\" content=\"summary_large_image\" \/>\n<meta name=\"twitter:label1\" content=\"Skriven av\" \/>\n\t<meta name=\"twitter:data1\" content=\"kumla\" \/>\n\t<meta name=\"twitter:label2\" content=\"Ber\u00e4knad l\u00e4stid\" \/>\n\t<meta name=\"twitter:data2\" content=\"1 minut\" \/>\n<script type=\"application\/ld+json\" class=\"yoast-schema-graph\">{\"@context\":\"https:\\\/\\\/schema.org\",\"@graph\":[{\"@type\":\"Article\",\"@id\":\"https:\\\/\\\/wp.kristdemokraterna.se\\\/kumla\\\/aterinfor-patientansvarig-lakare\\\/#article\",\"isPartOf\":{\"@id\":\"https:\\\/\\\/wp.kristdemokraterna.se\\\/kumla\\\/aterinfor-patientansvarig-lakare\\\/\"},\"author\":{\"name\":\"kumla\",\"@id\":\"https:\\\/\\\/wp.kristdemokraterna.se\\\/kumla\\\/#\\\/schema\\\/person\\\/3c7bc8d37fec137e79ab4d7b9164fde5\"},\"headline\":\"\u00c5terinf\u00f6r patientansvarig l\u00e4kare\",\"datePublished\":\"2025-02-11T09:46:32+00:00\",\"dateModified\":\"2025-02-11T16:25:22+00:00\",\"mainEntityOfPage\":{\"@id\":\"https:\\\/\\\/wp.kristdemokraterna.se\\\/kumla\\\/aterinfor-patientansvarig-lakare\\\/\"},\"wordCount\":110,\"image\":{\"@id\":\"https:\\\/\\\/wp.kristdemokraterna.se\\\/kumla\\\/aterinfor-patientansvarig-lakare\\\/#primaryimage\"},\"thumbnailUrl\":\"\",\"articleSection\":[\"V\u00e5rd &amp; Omsorg\"],\"inLanguage\":\"sv-SE\"},{\"@type\":\"WebPage\",\"@id\":\"https:\\\/\\\/wp.kristdemokraterna.se\\\/kumla\\\/aterinfor-patientansvarig-lakare\\\/\",\"url\":\"https:\\\/\\\/wp.kristdemokraterna.se\\\/kumla\\\/aterinfor-patientansvarig-lakare\\\/\",\"name\":\"\u00c5terinf\u00f6r patientansvarig l\u00e4kare - Kristdemokraterna - Kumla\",\"isPartOf\":{\"@id\":\"https:\\\/\\\/wp.kristdemokraterna.se\\\/kumla\\\/#website\"},\"primaryImageOfPage\":{\"@id\":\"https:\\\/\\\/wp.kristdemokraterna.se\\\/kumla\\\/aterinfor-patientansvarig-lakare\\\/#primaryimage\"},\"image\":{\"@id\":\"https:\\\/\\\/wp.kristdemokraterna.se\\\/kumla\\\/aterinfor-patientansvarig-lakare\\\/#primaryimage\"},\"thumbnailUrl\":\"\",\"datePublished\":\"2025-02-11T09:46:32+00:00\",\"dateModified\":\"2025-02-11T16:25:22+00:00\",\"author\":{\"@id\":\"https:\\\/\\\/wp.kristdemokraterna.se\\\/kumla\\\/#\\\/schema\\\/person\\\/3c7bc8d37fec137e79ab4d7b9164fde5\"},\"breadcrumb\":{\"@id\":\"https:\\\/\\\/wp.kristdemokraterna.se\\\/kumla\\\/aterinfor-patientansvarig-lakare\\\/#breadcrumb\"},\"inLanguage\":\"sv-SE\",\"potentialAction\":[{\"@type\":\"ReadAction\",\"target\":[\"https:\\\/\\\/wp.kristdemokraterna.se\\\/kumla\\\/aterinfor-patientansvarig-lakare\\\/\"]}]},{\"@type\":\"ImageObject\",\"inLanguage\":\"sv-SE\",\"@id\":\"https:\\\/\\\/wp.kristdemokraterna.se\\\/kumla\\\/aterinfor-patientansvarig-lakare\\\/#primaryimage\",\"url\":\"\",\"contentUrl\":\"\"},{\"@type\":\"BreadcrumbList\",\"@id\":\"https:\\\/\\\/wp.kristdemokraterna.se\\\/kumla\\\/aterinfor-patientansvarig-lakare\\\/#breadcrumb\",\"itemListElement\":[{\"@type\":\"ListItem\",\"position\":1,\"name\":\"Hem\",\"item\":\"https:\\\/\\\/wp.kristdemokraterna.se\\\/kumla\\\/\"},{\"@type\":\"ListItem\",\"position\":2,\"name\":\"\u00c5terinf\u00f6r patientansvarig l\u00e4kare\"}]},{\"@type\":\"WebSite\",\"@id\":\"https:\\\/\\\/wp.kristdemokraterna.se\\\/kumla\\\/#website\",\"url\":\"https:\\\/\\\/wp.kristdemokraterna.se\\\/kumla\\\/\",\"name\":\"Kristdemokraterna - Kumla\",\"description\":\"En till Kristdemokraterna webbplats\",\"inLanguage\":\"sv-SE\"},{\"@type\":\"Person\",\"@id\":\"https:\\\/\\\/wp.kristdemokraterna.se\\\/kumla\\\/#\\\/schema\\\/person\\\/3c7bc8d37fec137e79ab4d7b9164fde5\",\"name\":\"kumla\",\"image\":{\"@type\":\"ImageObject\",\"inLanguage\":\"sv-SE\",\"@id\":\"https:\\\/\\\/secure.gravatar.com\\\/avatar\\\/996cc053534ef7c557e6898920edbe32a76919f18afd617656c76030f2359b80?s=96&d=mm&r=g\",\"url\":\"https:\\\/\\\/secure.gravatar.com\\\/avatar\\\/996cc053534ef7c557e6898920edbe32a76919f18afd617656c76030f2359b80?s=96&d=mm&r=g\",\"contentUrl\":\"https:\\\/\\\/secure.gravatar.com\\\/avatar\\\/996cc053534ef7c557e6898920edbe32a76919f18afd617656c76030f2359b80?s=96&d=mm&r=g\",\"caption\":\"kumla\"},\"url\":\"https:\\\/\\\/wp.kristdemokraterna.se\\\/kumla\\\/author\\\/kumla\\\/\"}]}<\/script>\n<!-- \/ Yoast SEO plugin. -->","yoast_head_json":{"title":"\u00c5terinf\u00f6r patientansvarig l\u00e4kare - Kristdemokraterna - Kumla","robots":{"index":"index","follow":"follow","max-snippet":"max-snippet:-1","max-image-preview":"max-image-preview:large","max-video-preview":"max-video-preview:-1"},"canonical":"https:\/\/wp.kristdemokraterna.se\/kumla\/aterinfor-patientansvarig-lakare\/","og_locale":"sv_SE","og_type":"article","og_title":"\u00c5terinf\u00f6r patientansvarig l\u00e4kare - Kristdemokraterna - Kumla","og_description":"Samordningen av v\u00e5rden brister f\u00f6r framf\u00f6r allt tre patientgrupper: de med flera kroniska sjukdomar, de med psykisk oh\u00e4lsa och de i riskzonen f\u00f6r att utveckla eller f\u00f6rv\u00e4rra en kronisk sjukdom. Vi vill d\u00e4rf\u00f6r \u00e5terinf\u00f6ra begreppet patientansvarig l\u00e4kare \u2013 en l\u00e4kare som \u00e4r fullt insatt i den enskilda patientens sjukdomsbild och kan planera och koordinera de L\u00e4s mer","og_url":"https:\/\/wp.kristdemokraterna.se\/kumla\/aterinfor-patientansvarig-lakare\/","og_site_name":"Kristdemokraterna - Kumla","article_published_time":"2025-02-11T09:46:32+00:00","article_modified_time":"2025-02-11T16:25:22+00:00","author":"kumla","twitter_card":"summary_large_image","twitter_misc":{"Skriven av":"kumla","Ber\u00e4knad l\u00e4stid":"1 minut"},"schema":{"@context":"https:\/\/schema.org","@graph":[{"@type":"Article","@id":"https:\/\/wp.kristdemokraterna.se\/kumla\/aterinfor-patientansvarig-lakare\/#article","isPartOf":{"@id":"https:\/\/wp.kristdemokraterna.se\/kumla\/aterinfor-patientansvarig-lakare\/"},"author":{"name":"kumla","@id":"https:\/\/wp.kristdemokraterna.se\/kumla\/#\/schema\/person\/3c7bc8d37fec137e79ab4d7b9164fde5"},"headline":"\u00c5terinf\u00f6r patientansvarig l\u00e4kare","datePublished":"2025-02-11T09:46:32+00:00","dateModified":"2025-02-11T16:25:22+00:00","mainEntityOfPage":{"@id":"https:\/\/wp.kristdemokraterna.se\/kumla\/aterinfor-patientansvarig-lakare\/"},"wordCount":110,"image":{"@id":"https:\/\/wp.kristdemokraterna.se\/kumla\/aterinfor-patientansvarig-lakare\/#primaryimage"},"thumbnailUrl":"","articleSection":["V\u00e5rd &amp; Omsorg"],"inLanguage":"sv-SE"},{"@type":"WebPage","@id":"https:\/\/wp.kristdemokraterna.se\/kumla\/aterinfor-patientansvarig-lakare\/","url":"https:\/\/wp.kristdemokraterna.se\/kumla\/aterinfor-patientansvarig-lakare\/","name":"\u00c5terinf\u00f6r patientansvarig l\u00e4kare - Kristdemokraterna - Kumla","isPartOf":{"@id":"https:\/\/wp.kristdemokraterna.se\/kumla\/#website"},"primaryImageOfPage":{"@id":"https:\/\/wp.kristdemokraterna.se\/kumla\/aterinfor-patientansvarig-lakare\/#primaryimage"},"image":{"@id":"https:\/\/wp.kristdemokraterna.se\/kumla\/aterinfor-patientansvarig-lakare\/#primaryimage"},"thumbnailUrl":"","datePublished":"2025-02-11T09:46:32+00:00","dateModified":"2025-02-11T16:25:22+00:00","author":{"@id":"https:\/\/wp.kristdemokraterna.se\/kumla\/#\/schema\/person\/3c7bc8d37fec137e79ab4d7b9164fde5"},"breadcrumb":{"@id":"https:\/\/wp.kristdemokraterna.se\/kumla\/aterinfor-patientansvarig-lakare\/#breadcrumb"},"inLanguage":"sv-SE","potentialAction":[{"@type":"ReadAction","target":["https:\/\/wp.kristdemokraterna.se\/kumla\/aterinfor-patientansvarig-lakare\/"]}]},{"@type":"ImageObject","inLanguage":"sv-SE","@id":"https:\/\/wp.kristdemokraterna.se\/kumla\/aterinfor-patientansvarig-lakare\/#primaryimage","url":"","contentUrl":""},{"@type":"BreadcrumbList","@id":"https:\/\/wp.kristdemokraterna.se\/kumla\/aterinfor-patientansvarig-lakare\/#breadcrumb","itemListElement":[{"@type":"ListItem","position":1,"name":"Hem","item":"https:\/\/wp.kristdemokraterna.se\/kumla\/"},{"@type":"ListItem","position":2,"name":"\u00c5terinf\u00f6r patientansvarig l\u00e4kare"}]},{"@type":"WebSite","@id":"https:\/\/wp.kristdemokraterna.se\/kumla\/#website","url":"https:\/\/wp.kristdemokraterna.se\/kumla\/","name":"Kristdemokraterna - Kumla","description":"En till Kristdemokraterna webbplats","inLanguage":"sv-SE"},{"@type":"Person","@id":"https:\/\/wp.kristdemokraterna.se\/kumla\/#\/schema\/person\/3c7bc8d37fec137e79ab4d7b9164fde5","name":"kumla","image":{"@type":"ImageObject","inLanguage":"sv-SE","@id":"https:\/\/secure.gravatar.com\/avatar\/996cc053534ef7c557e6898920edbe32a76919f18afd617656c76030f2359b80?s=96&d=mm&r=g","url":"https:\/\/secure.gravatar.com\/avatar\/996cc053534ef7c557e6898920edbe32a76919f18afd617656c76030f2359b80?s=96&d=mm&r=g","contentUrl":"https:\/\/secure.gravatar.com\/avatar\/996cc053534ef7c557e6898920edbe32a76919f18afd617656c76030f2359b80?s=96&d=mm&r=g","caption":"kumla"},"url":"https:\/\/wp.kristdemokraterna.se\/kumla\/author\/kumla\/"}]}},"_links":{"self":[{"href":"https:\/\/wp.kristdemokraterna.se\/kumla\/wp-json\/wp\/v2\/posts\/766","targetHints":{"allow":["GET"]}}],"collection":[{"href":"https:\/\/wp.kristdemokraterna.se\/kumla\/wp-json\/wp\/v2\/posts"}],"about":[{"href":"https:\/\/wp.kristdemokraterna.se\/kumla\/wp-json\/wp\/v2\/types\/post"}],"author":[{"embeddable":true,"href":"https:\/\/wp.kristdemokraterna.se\/kumla\/wp-json\/wp\/v2\/users\/457"}],"replies":[{"embeddable":true,"href":"https:\/\/wp.kristdemokraterna.se\/kumla\/wp-json\/wp\/v2\/comments?post=766"}],"version-history":[{"count":2,"href":"https:\/\/wp.kristdemokraterna.se\/kumla\/wp-json\/wp\/v2\/posts\/766\/revisions"}],"predecessor-version":[{"id":886,"href":"https:\/\/wp.kristdemokraterna.se\/kumla\/wp-json\/wp\/v2\/posts\/766\/revisions\/886"}],"wp:featuredmedia":[{"embeddable":true,"href":"https:\/\/wp.kristdemokraterna.se\/kumla\/wp-json\/wp\/v2\/posts\/714"}],"wp:attachment":[{"href":"https:\/\/wp.kristdemokraterna.se\/kumla\/wp-json\/wp\/v2\/media?parent=766"}],"wp:term":[{"taxonomy":"category","embeddable":true,"href":"https:\/\/wp.kristdemokraterna.se\/kumla\/wp-json\/wp\/v2\/categories?post=766"},{"taxonomy":"post_tag","embeddable":true,"href":"https:\/\/wp.kristdemokraterna.se\/kumla\/wp-json\/wp\/v2\/tags?post=766"}],"curies":[{"name":"wp","href":"https:\/\/api.w.org\/{rel}","templated":true}]}}