{"id":775,"date":"2025-02-11T10:51:48","date_gmt":"2025-02-11T09:51:48","guid":{"rendered":"https:\/\/wp.kristdemokraterna.se\/kumla\/?p=775"},"modified":"2025-02-11T17:05:45","modified_gmt":"2025-02-11T16:05:45","slug":"gor-det-enklare-att-bygga","status":"publish","type":"post","link":"https:\/\/wp.kristdemokraterna.se\/kumla\/gor-det-enklare-att-bygga\/","title":{"rendered":"G\u00f6r det enklare att bygga"},"content":{"rendered":"<p>Med regelf\u00f6renklingar och b\u00e4ttre planprocess kan bostadsproduktionen \u00f6ka. Idag tar det alltf\u00f6r l\u00e5ng tid fr\u00e5n id\u00e9 till f\u00e4rdigst\u00e4llt hus. Detta g\u00f6r det dyrare och sp\u00e4r p\u00e5 bostadsbristen. Bland v\u00e5ra regelf\u00f6renklingsf\u00f6rslag finns begr\u00e4nsningar av \u00f6verklagandem\u00f6jligheterna, privat initiativr\u00e4tt, ett omreglerat lantm\u00e4teri och digitaliserade planarbetesf\u00f6ruts\u00e4ttningar.<\/p>\n","protected":false},"excerpt":{"rendered":"<p>Med regelf\u00f6renklingar och b\u00e4ttre planprocess kan bostadsproduktionen \u00f6ka. Idag tar det alltf\u00f6r l\u00e5ng tid fr\u00e5n id\u00e9 till f\u00e4rdigst\u00e4llt hus. Detta g\u00f6r det dyrare och sp\u00e4r p\u00e5 bostadsbristen. Bland v\u00e5ra regelf\u00f6renklingsf\u00f6rslag finns begr\u00e4nsningar av \u00f6verklagandem\u00f6jligheterna, privat initiativr\u00e4tt, ett omreglerat lantm\u00e4teri och digitaliserade planarbetesf\u00f6ruts\u00e4ttningar.<\/p>\n","protected":false},"author":457,"featured_media":714,"comment_status":"closed","ping_status":"closed","sticky":false,"template":"","format":"standard","meta":{"_acf_changed":false,"footnotes":""},"categories":[24],"tags":[],"class_list":["post-775","post","type-post","status-publish","format-standard","hentry","category-samhallsbyggnad"],"acf":[],"yoast_head":"<!-- This site is optimized with the Yoast SEO plugin v27.4 - https:\/\/yoast.com\/product\/yoast-seo-wordpress\/ -->\n<title>G\u00f6r det enklare att bygga - Kristdemokraterna - Kumla<\/title>\n<meta name=\"robots\" content=\"index, follow, max-snippet:-1, max-image-preview:large, max-video-preview:-1\" \/>\n<link rel=\"canonical\" href=\"https:\/\/wp.kristdemokraterna.se\/kumla\/gor-det-enklare-att-bygga\/\" \/>\n<meta property=\"og:locale\" content=\"sv_SE\" \/>\n<meta property=\"og:type\" content=\"article\" \/>\n<meta property=\"og:title\" content=\"G\u00f6r det enklare att bygga - Kristdemokraterna - Kumla\" \/>\n<meta property=\"og:description\" content=\"Med regelf\u00f6renklingar och b\u00e4ttre planprocess kan bostadsproduktionen \u00f6ka. Idag tar det alltf\u00f6r l\u00e5ng tid fr\u00e5n id\u00e9 till f\u00e4rdigst\u00e4llt hus. Detta g\u00f6r det dyrare och sp\u00e4r p\u00e5 bostadsbristen. Bland v\u00e5ra regelf\u00f6renklingsf\u00f6rslag finns begr\u00e4nsningar av \u00f6verklagandem\u00f6jligheterna, privat initiativr\u00e4tt, ett omreglerat lantm\u00e4teri och digitaliserade planarbetesf\u00f6ruts\u00e4ttningar.\" \/>\n<meta property=\"og:url\" content=\"https:\/\/wp.kristdemokraterna.se\/kumla\/gor-det-enklare-att-bygga\/\" \/>\n<meta property=\"og:site_name\" content=\"Kristdemokraterna - Kumla\" \/>\n<meta property=\"article:published_time\" content=\"2025-02-11T09:51:48+00:00\" \/>\n<meta property=\"article:modified_time\" content=\"2025-02-11T16:05:45+00:00\" \/>\n<meta name=\"author\" content=\"kumla\" \/>\n<meta name=\"twitter:card\" content=\"summary_large_image\" \/>\n<meta name=\"twitter:label1\" content=\"Skriven av\" \/>\n\t<meta name=\"twitter:data1\" content=\"kumla\" \/>\n\t<meta name=\"twitter:label2\" content=\"Ber\u00e4knad l\u00e4stid\" \/>\n\t<meta name=\"twitter:data2\" content=\"1 minut\" \/>\n<script type=\"application\/ld+json\" class=\"yoast-schema-graph\">{\"@context\":\"https:\\\/\\\/schema.org\",\"@graph\":[{\"@type\":\"Article\",\"@id\":\"https:\\\/\\\/wp.kristdemokraterna.se\\\/kumla\\\/gor-det-enklare-att-bygga\\\/#article\",\"isPartOf\":{\"@id\":\"https:\\\/\\\/wp.kristdemokraterna.se\\\/kumla\\\/gor-det-enklare-att-bygga\\\/\"},\"author\":{\"name\":\"kumla\",\"@id\":\"https:\\\/\\\/wp.kristdemokraterna.se\\\/kumla\\\/#\\\/schema\\\/person\\\/3c7bc8d37fec137e79ab4d7b9164fde5\"},\"headline\":\"G\u00f6r det enklare att bygga\",\"datePublished\":\"2025-02-11T09:51:48+00:00\",\"dateModified\":\"2025-02-11T16:05:45+00:00\",\"mainEntityOfPage\":{\"@id\":\"https:\\\/\\\/wp.kristdemokraterna.se\\\/kumla\\\/gor-det-enklare-att-bygga\\\/\"},\"wordCount\":66,\"image\":{\"@id\":\"https:\\\/\\\/wp.kristdemokraterna.se\\\/kumla\\\/gor-det-enklare-att-bygga\\\/#primaryimage\"},\"thumbnailUrl\":\"\",\"articleSection\":[\"Samh\u00e4llsbyggnad\"],\"inLanguage\":\"sv-SE\"},{\"@type\":\"WebPage\",\"@id\":\"https:\\\/\\\/wp.kristdemokraterna.se\\\/kumla\\\/gor-det-enklare-att-bygga\\\/\",\"url\":\"https:\\\/\\\/wp.kristdemokraterna.se\\\/kumla\\\/gor-det-enklare-att-bygga\\\/\",\"name\":\"G\u00f6r det enklare att bygga - Kristdemokraterna - Kumla\",\"isPartOf\":{\"@id\":\"https:\\\/\\\/wp.kristdemokraterna.se\\\/kumla\\\/#website\"},\"primaryImageOfPage\":{\"@id\":\"https:\\\/\\\/wp.kristdemokraterna.se\\\/kumla\\\/gor-det-enklare-att-bygga\\\/#primaryimage\"},\"image\":{\"@id\":\"https:\\\/\\\/wp.kristdemokraterna.se\\\/kumla\\\/gor-det-enklare-att-bygga\\\/#primaryimage\"},\"thumbnailUrl\":\"\",\"datePublished\":\"2025-02-11T09:51:48+00:00\",\"dateModified\":\"2025-02-11T16:05:45+00:00\",\"author\":{\"@id\":\"https:\\\/\\\/wp.kristdemokraterna.se\\\/kumla\\\/#\\\/schema\\\/person\\\/3c7bc8d37fec137e79ab4d7b9164fde5\"},\"breadcrumb\":{\"@id\":\"https:\\\/\\\/wp.kristdemokraterna.se\\\/kumla\\\/gor-det-enklare-att-bygga\\\/#breadcrumb\"},\"inLanguage\":\"sv-SE\",\"potentialAction\":[{\"@type\":\"ReadAction\",\"target\":[\"https:\\\/\\\/wp.kristdemokraterna.se\\\/kumla\\\/gor-det-enklare-att-bygga\\\/\"]}]},{\"@type\":\"ImageObject\",\"inLanguage\":\"sv-SE\",\"@id\":\"https:\\\/\\\/wp.kristdemokraterna.se\\\/kumla\\\/gor-det-enklare-att-bygga\\\/#primaryimage\",\"url\":\"\",\"contentUrl\":\"\"},{\"@type\":\"BreadcrumbList\",\"@id\":\"https:\\\/\\\/wp.kristdemokraterna.se\\\/kumla\\\/gor-det-enklare-att-bygga\\\/#breadcrumb\",\"itemListElement\":[{\"@type\":\"ListItem\",\"position\":1,\"name\":\"Hem\",\"item\":\"https:\\\/\\\/wp.kristdemokraterna.se\\\/kumla\\\/\"},{\"@type\":\"ListItem\",\"position\":2,\"name\":\"G\u00f6r det enklare att bygga\"}]},{\"@type\":\"WebSite\",\"@id\":\"https:\\\/\\\/wp.kristdemokraterna.se\\\/kumla\\\/#website\",\"url\":\"https:\\\/\\\/wp.kristdemokraterna.se\\\/kumla\\\/\",\"name\":\"Kristdemokraterna - Kumla\",\"description\":\"En till Kristdemokraterna webbplats\",\"inLanguage\":\"sv-SE\"},{\"@type\":\"Person\",\"@id\":\"https:\\\/\\\/wp.kristdemokraterna.se\\\/kumla\\\/#\\\/schema\\\/person\\\/3c7bc8d37fec137e79ab4d7b9164fde5\",\"name\":\"kumla\",\"image\":{\"@type\":\"ImageObject\",\"inLanguage\":\"sv-SE\",\"@id\":\"https:\\\/\\\/secure.gravatar.com\\\/avatar\\\/996cc053534ef7c557e6898920edbe32a76919f18afd617656c76030f2359b80?s=96&d=mm&r=g\",\"url\":\"https:\\\/\\\/secure.gravatar.com\\\/avatar\\\/996cc053534ef7c557e6898920edbe32a76919f18afd617656c76030f2359b80?s=96&d=mm&r=g\",\"contentUrl\":\"https:\\\/\\\/secure.gravatar.com\\\/avatar\\\/996cc053534ef7c557e6898920edbe32a76919f18afd617656c76030f2359b80?s=96&d=mm&r=g\",\"caption\":\"kumla\"},\"url\":\"https:\\\/\\\/wp.kristdemokraterna.se\\\/kumla\\\/author\\\/kumla\\\/\"}]}<\/script>\n<!-- \/ Yoast SEO plugin. -->","yoast_head_json":{"title":"G\u00f6r det enklare att bygga - Kristdemokraterna - Kumla","robots":{"index":"index","follow":"follow","max-snippet":"max-snippet:-1","max-image-preview":"max-image-preview:large","max-video-preview":"max-video-preview:-1"},"canonical":"https:\/\/wp.kristdemokraterna.se\/kumla\/gor-det-enklare-att-bygga\/","og_locale":"sv_SE","og_type":"article","og_title":"G\u00f6r det enklare att bygga - Kristdemokraterna - Kumla","og_description":"Med regelf\u00f6renklingar och b\u00e4ttre planprocess kan bostadsproduktionen \u00f6ka. Idag tar det alltf\u00f6r l\u00e5ng tid fr\u00e5n id\u00e9 till f\u00e4rdigst\u00e4llt hus. Detta g\u00f6r det dyrare och sp\u00e4r p\u00e5 bostadsbristen. Bland v\u00e5ra regelf\u00f6renklingsf\u00f6rslag finns begr\u00e4nsningar av \u00f6verklagandem\u00f6jligheterna, privat initiativr\u00e4tt, ett omreglerat lantm\u00e4teri och digitaliserade planarbetesf\u00f6ruts\u00e4ttningar.","og_url":"https:\/\/wp.kristdemokraterna.se\/kumla\/gor-det-enklare-att-bygga\/","og_site_name":"Kristdemokraterna - Kumla","article_published_time":"2025-02-11T09:51:48+00:00","article_modified_time":"2025-02-11T16:05:45+00:00","author":"kumla","twitter_card":"summary_large_image","twitter_misc":{"Skriven av":"kumla","Ber\u00e4knad l\u00e4stid":"1 minut"},"schema":{"@context":"https:\/\/schema.org","@graph":[{"@type":"Article","@id":"https:\/\/wp.kristdemokraterna.se\/kumla\/gor-det-enklare-att-bygga\/#article","isPartOf":{"@id":"https:\/\/wp.kristdemokraterna.se\/kumla\/gor-det-enklare-att-bygga\/"},"author":{"name":"kumla","@id":"https:\/\/wp.kristdemokraterna.se\/kumla\/#\/schema\/person\/3c7bc8d37fec137e79ab4d7b9164fde5"},"headline":"G\u00f6r det enklare att bygga","datePublished":"2025-02-11T09:51:48+00:00","dateModified":"2025-02-11T16:05:45+00:00","mainEntityOfPage":{"@id":"https:\/\/wp.kristdemokraterna.se\/kumla\/gor-det-enklare-att-bygga\/"},"wordCount":66,"image":{"@id":"https:\/\/wp.kristdemokraterna.se\/kumla\/gor-det-enklare-att-bygga\/#primaryimage"},"thumbnailUrl":"","articleSection":["Samh\u00e4llsbyggnad"],"inLanguage":"sv-SE"},{"@type":"WebPage","@id":"https:\/\/wp.kristdemokraterna.se\/kumla\/gor-det-enklare-att-bygga\/","url":"https:\/\/wp.kristdemokraterna.se\/kumla\/gor-det-enklare-att-bygga\/","name":"G\u00f6r det enklare att bygga - Kristdemokraterna - Kumla","isPartOf":{"@id":"https:\/\/wp.kristdemokraterna.se\/kumla\/#website"},"primaryImageOfPage":{"@id":"https:\/\/wp.kristdemokraterna.se\/kumla\/gor-det-enklare-att-bygga\/#primaryimage"},"image":{"@id":"https:\/\/wp.kristdemokraterna.se\/kumla\/gor-det-enklare-att-bygga\/#primaryimage"},"thumbnailUrl":"","datePublished":"2025-02-11T09:51:48+00:00","dateModified":"2025-02-11T16:05:45+00:00","author":{"@id":"https:\/\/wp.kristdemokraterna.se\/kumla\/#\/schema\/person\/3c7bc8d37fec137e79ab4d7b9164fde5"},"breadcrumb":{"@id":"https:\/\/wp.kristdemokraterna.se\/kumla\/gor-det-enklare-att-bygga\/#breadcrumb"},"inLanguage":"sv-SE","potentialAction":[{"@type":"ReadAction","target":["https:\/\/wp.kristdemokraterna.se\/kumla\/gor-det-enklare-att-bygga\/"]}]},{"@type":"ImageObject","inLanguage":"sv-SE","@id":"https:\/\/wp.kristdemokraterna.se\/kumla\/gor-det-enklare-att-bygga\/#primaryimage","url":"","contentUrl":""},{"@type":"BreadcrumbList","@id":"https:\/\/wp.kristdemokraterna.se\/kumla\/gor-det-enklare-att-bygga\/#breadcrumb","itemListElement":[{"@type":"ListItem","position":1,"name":"Hem","item":"https:\/\/wp.kristdemokraterna.se\/kumla\/"},{"@type":"ListItem","position":2,"name":"G\u00f6r det enklare att bygga"}]},{"@type":"WebSite","@id":"https:\/\/wp.kristdemokraterna.se\/kumla\/#website","url":"https:\/\/wp.kristdemokraterna.se\/kumla\/","name":"Kristdemokraterna - Kumla","description":"En till Kristdemokraterna webbplats","inLanguage":"sv-SE"},{"@type":"Person","@id":"https:\/\/wp.kristdemokraterna.se\/kumla\/#\/schema\/person\/3c7bc8d37fec137e79ab4d7b9164fde5","name":"kumla","image":{"@type":"ImageObject","inLanguage":"sv-SE","@id":"https:\/\/secure.gravatar.com\/avatar\/996cc053534ef7c557e6898920edbe32a76919f18afd617656c76030f2359b80?s=96&d=mm&r=g","url":"https:\/\/secure.gravatar.com\/avatar\/996cc053534ef7c557e6898920edbe32a76919f18afd617656c76030f2359b80?s=96&d=mm&r=g","contentUrl":"https:\/\/secure.gravatar.com\/avatar\/996cc053534ef7c557e6898920edbe32a76919f18afd617656c76030f2359b80?s=96&d=mm&r=g","caption":"kumla"},"url":"https:\/\/wp.kristdemokraterna.se\/kumla\/author\/kumla\/"}]}},"_links":{"self":[{"href":"https:\/\/wp.kristdemokraterna.se\/kumla\/wp-json\/wp\/v2\/posts\/775","targetHints":{"allow":["GET"]}}],"collection":[{"href":"https:\/\/wp.kristdemokraterna.se\/kumla\/wp-json\/wp\/v2\/posts"}],"about":[{"href":"https:\/\/wp.kristdemokraterna.se\/kumla\/wp-json\/wp\/v2\/types\/post"}],"author":[{"embeddable":true,"href":"https:\/\/wp.kristdemokraterna.se\/kumla\/wp-json\/wp\/v2\/users\/457"}],"replies":[{"embeddable":true,"href":"https:\/\/wp.kristdemokraterna.se\/kumla\/wp-json\/wp\/v2\/comments?post=775"}],"version-history":[{"count":2,"href":"https:\/\/wp.kristdemokraterna.se\/kumla\/wp-json\/wp\/v2\/posts\/775\/revisions"}],"predecessor-version":[{"id":868,"href":"https:\/\/wp.kristdemokraterna.se\/kumla\/wp-json\/wp\/v2\/posts\/775\/revisions\/868"}],"wp:featuredmedia":[{"embeddable":true,"href":"https:\/\/wp.kristdemokraterna.se\/kumla\/wp-json\/wp\/v2\/posts\/714"}],"wp:attachment":[{"href":"https:\/\/wp.kristdemokraterna.se\/kumla\/wp-json\/wp\/v2\/media?parent=775"}],"wp:term":[{"taxonomy":"category","embeddable":true,"href":"https:\/\/wp.kristdemokraterna.se\/kumla\/wp-json\/wp\/v2\/categories?post=775"},{"taxonomy":"post_tag","embeddable":true,"href":"https:\/\/wp.kristdemokraterna.se\/kumla\/wp-json\/wp\/v2\/tags?post=775"}],"curies":[{"name":"wp","href":"https:\/\/api.w.org\/{rel}","templated":true}]}}