{"id":929,"date":"2025-05-05T10:34:20","date_gmt":"2025-05-05T08:34:20","guid":{"rendered":"https:\/\/wp.kristdemokraterna.se\/kumla\/?p=929"},"modified":"2025-05-05T10:35:08","modified_gmt":"2025-05-05T08:35:08","slug":"nytt-arbetssatt-skadar-demokratin","status":"publish","type":"post","link":"https:\/\/wp.kristdemokraterna.se\/kumla\/nytt-arbetssatt-skadar-demokratin\/","title":{"rendered":"Nytt arbetss\u00e4tt skadar demokratin!"},"content":{"rendered":"<p><em>Kristdemokraterna i Kumla st\u00e4ller sig emot inf\u00f6randet av majoritetens nya arbetss\u00e4tt i Kultur och fritidsn\u00e4mnden.<\/em><\/p>\n<p>Vi \u00e4r starkt kritiska till att majoriteten best\u00e5ende av Socialdemokraterna och Moderaterna inf\u00f6rt nya arbetss\u00e4ttet i kultur och fritidsn\u00e4mnden d\u00e4r man tagit bort arbetsutskottet och ersatt med n\u00e5got man kallar presidieberedning. Socialdemokraterna och Moderaterna i majoriteten h\u00e4vdar att man f\u00e5tt b\u00e4ttre beslutsunderlag och \u00f6kad demokrati d\u00e5 oppositionen nu bara har en representant i beredningen och att man inte beh\u00f6ver f\u00f6rra protokoll.<\/p>\n<p>-Vi \u00e4r mycket kritiska. Det finns mycket goda sk\u00e4l till varf\u00f6r det demokratiska arbetet i en kommun \u00e4r organiserat som det \u00e4r. Vi anser att detta f\u00f6rsvagar den demokratiska processen n\u00e4r man minskar oppositionens deltagande och att det skapar brist p\u00e5 transparens utan protokoll. Detta \u00e4r ett s\u00e4tt f\u00f6r majoriteten att enklare, utan st\u00f6rre diskussion, genomdriva det man vill. Vi anser att beslutsunderlag och demokratin helt klart f\u00f6rsvagats och att hela arbetss\u00e4ttet kring inf\u00f6randet av den nya arbetsmodellen \u00e4r demokratiskt tveksam.<\/p>\n<p>Per Holm och Mats Lind &#8211; Kristdemokraterna, Kumla.<\/p>\n<p>L\u00e4s mer p\u00e5 Sydn\u00e4rkenytt i l\u00e4nken nedan.<\/p>\n<p><a href=\"https:\/\/www.sydnarkenytt.se\/kumla\/artikel\/majoriteten-talar-om-oekad-demokrati-oppositionen-anser-att-demokratin-inskraenkts\">https:\/\/www.sydnarkenytt.se\/kumla\/artikel\/majoriteten-talar-om-oekad-demokrati-oppositionen-anser-att-demokratin-inskraenkts<\/a><\/p>\n","protected":false},"excerpt":{"rendered":"<p>Kristdemokraterna i Kumla st\u00e4ller sig emot inf\u00f6randet av majoritetens nya arbetss\u00e4tt i Kultur och fritidsn\u00e4mnden. Vi \u00e4r starkt kritiska till att majoriteten best\u00e5ende av Socialdemokraterna och Moderaterna inf\u00f6rt nya arbetss\u00e4ttet i kultur och fritidsn\u00e4mnden d\u00e4r man tagit bort arbetsutskottet och ersatt med n\u00e5got man kallar presidieberedning. Socialdemokraterna och Moderaterna i majoriteten h\u00e4vdar att man f\u00e5tt <a class=\"read-more-link\" href=\"https:\/\/wp.kristdemokraterna.se\/kumla\/nytt-arbetssatt-skadar-demokratin\/\">L\u00e4s mer<\/a><\/p>\n","protected":false},"author":457,"featured_media":714,"comment_status":"closed","ping_status":"closed","sticky":false,"template":"","format":"standard","meta":{"_acf_changed":false,"footnotes":""},"categories":[11,25,3],"tags":[],"class_list":["post-929","post","type-post","status-publish","format-standard","hentry","category-inlagg","category-kulturfritid","category-var-politik"],"acf":[],"yoast_head":"<!-- This site is optimized with the Yoast SEO plugin v27.4 - https:\/\/yoast.com\/product\/yoast-seo-wordpress\/ -->\n<title>Nytt arbetss\u00e4tt skadar demokratin! - Kristdemokraterna - Kumla<\/title>\n<meta name=\"robots\" content=\"index, follow, max-snippet:-1, max-image-preview:large, max-video-preview:-1\" \/>\n<link rel=\"canonical\" href=\"https:\/\/wp.kristdemokraterna.se\/kumla\/nytt-arbetssatt-skadar-demokratin\/\" \/>\n<meta property=\"og:locale\" content=\"sv_SE\" \/>\n<meta property=\"og:type\" content=\"article\" \/>\n<meta property=\"og:title\" content=\"Nytt arbetss\u00e4tt skadar demokratin! - Kristdemokraterna - Kumla\" \/>\n<meta property=\"og:description\" content=\"Kristdemokraterna i Kumla st\u00e4ller sig emot inf\u00f6randet av majoritetens nya arbetss\u00e4tt i Kultur och fritidsn\u00e4mnden. Vi \u00e4r starkt kritiska till att majoriteten best\u00e5ende av Socialdemokraterna och Moderaterna inf\u00f6rt nya arbetss\u00e4ttet i kultur och fritidsn\u00e4mnden d\u00e4r man tagit bort arbetsutskottet och ersatt med n\u00e5got man kallar presidieberedning. Socialdemokraterna och Moderaterna i majoriteten h\u00e4vdar att man f\u00e5tt L\u00e4s mer\" \/>\n<meta property=\"og:url\" content=\"https:\/\/wp.kristdemokraterna.se\/kumla\/nytt-arbetssatt-skadar-demokratin\/\" \/>\n<meta property=\"og:site_name\" content=\"Kristdemokraterna - Kumla\" \/>\n<meta property=\"article:published_time\" content=\"2025-05-05T08:34:20+00:00\" \/>\n<meta property=\"article:modified_time\" content=\"2025-05-05T08:35:08+00:00\" \/>\n<meta property=\"og:image\" content=\"https:\/\/wp.kristdemokraterna.se\/kumla\/files\/2025\/05\/skarmbild-2025-02-10-204229-kopia.png\" \/>\n\t<meta property=\"og:image:width\" content=\"1522\" \/>\n\t<meta property=\"og:image:height\" content=\"793\" \/>\n\t<meta property=\"og:image:type\" content=\"image\/png\" \/>\n<meta name=\"author\" content=\"kumla\" \/>\n<meta name=\"twitter:card\" content=\"summary_large_image\" \/>\n<meta name=\"twitter:label1\" content=\"Skriven av\" \/>\n\t<meta name=\"twitter:data1\" content=\"kumla\" \/>\n\t<meta name=\"twitter:label2\" content=\"Ber\u00e4knad l\u00e4stid\" \/>\n\t<meta name=\"twitter:data2\" content=\"1 minut\" \/>\n<script type=\"application\/ld+json\" class=\"yoast-schema-graph\">{\"@context\":\"https:\\\/\\\/schema.org\",\"@graph\":[{\"@type\":\"Article\",\"@id\":\"https:\\\/\\\/wp.kristdemokraterna.se\\\/kumla\\\/nytt-arbetssatt-skadar-demokratin\\\/#article\",\"isPartOf\":{\"@id\":\"https:\\\/\\\/wp.kristdemokraterna.se\\\/kumla\\\/nytt-arbetssatt-skadar-demokratin\\\/\"},\"author\":{\"name\":\"kumla\",\"@id\":\"https:\\\/\\\/wp.kristdemokraterna.se\\\/kumla\\\/#\\\/schema\\\/person\\\/3c7bc8d37fec137e79ab4d7b9164fde5\"},\"headline\":\"Nytt arbetss\u00e4tt skadar demokratin!\",\"datePublished\":\"2025-05-05T08:34:20+00:00\",\"dateModified\":\"2025-05-05T08:35:08+00:00\",\"mainEntityOfPage\":{\"@id\":\"https:\\\/\\\/wp.kristdemokraterna.se\\\/kumla\\\/nytt-arbetssatt-skadar-demokratin\\\/\"},\"wordCount\":212,\"image\":{\"@id\":\"https:\\\/\\\/wp.kristdemokraterna.se\\\/kumla\\\/nytt-arbetssatt-skadar-demokratin\\\/#primaryimage\"},\"thumbnailUrl\":\"\",\"articleSection\":[\"Inl\u00e4gg\",\"Kultur &amp; Fritid\",\"V\u00e5r politik\"],\"inLanguage\":\"sv-SE\"},{\"@type\":\"WebPage\",\"@id\":\"https:\\\/\\\/wp.kristdemokraterna.se\\\/kumla\\\/nytt-arbetssatt-skadar-demokratin\\\/\",\"url\":\"https:\\\/\\\/wp.kristdemokraterna.se\\\/kumla\\\/nytt-arbetssatt-skadar-demokratin\\\/\",\"name\":\"Nytt arbetss\u00e4tt skadar demokratin! - Kristdemokraterna - Kumla\",\"isPartOf\":{\"@id\":\"https:\\\/\\\/wp.kristdemokraterna.se\\\/kumla\\\/#website\"},\"primaryImageOfPage\":{\"@id\":\"https:\\\/\\\/wp.kristdemokraterna.se\\\/kumla\\\/nytt-arbetssatt-skadar-demokratin\\\/#primaryimage\"},\"image\":{\"@id\":\"https:\\\/\\\/wp.kristdemokraterna.se\\\/kumla\\\/nytt-arbetssatt-skadar-demokratin\\\/#primaryimage\"},\"thumbnailUrl\":\"\",\"datePublished\":\"2025-05-05T08:34:20+00:00\",\"dateModified\":\"2025-05-05T08:35:08+00:00\",\"author\":{\"@id\":\"https:\\\/\\\/wp.kristdemokraterna.se\\\/kumla\\\/#\\\/schema\\\/person\\\/3c7bc8d37fec137e79ab4d7b9164fde5\"},\"breadcrumb\":{\"@id\":\"https:\\\/\\\/wp.kristdemokraterna.se\\\/kumla\\\/nytt-arbetssatt-skadar-demokratin\\\/#breadcrumb\"},\"inLanguage\":\"sv-SE\",\"potentialAction\":[{\"@type\":\"ReadAction\",\"target\":[\"https:\\\/\\\/wp.kristdemokraterna.se\\\/kumla\\\/nytt-arbetssatt-skadar-demokratin\\\/\"]}]},{\"@type\":\"ImageObject\",\"inLanguage\":\"sv-SE\",\"@id\":\"https:\\\/\\\/wp.kristdemokraterna.se\\\/kumla\\\/nytt-arbetssatt-skadar-demokratin\\\/#primaryimage\",\"url\":\"\",\"contentUrl\":\"\"},{\"@type\":\"BreadcrumbList\",\"@id\":\"https:\\\/\\\/wp.kristdemokraterna.se\\\/kumla\\\/nytt-arbetssatt-skadar-demokratin\\\/#breadcrumb\",\"itemListElement\":[{\"@type\":\"ListItem\",\"position\":1,\"name\":\"Hem\",\"item\":\"https:\\\/\\\/wp.kristdemokraterna.se\\\/kumla\\\/\"},{\"@type\":\"ListItem\",\"position\":2,\"name\":\"Nytt arbetss\u00e4tt skadar demokratin!\"}]},{\"@type\":\"WebSite\",\"@id\":\"https:\\\/\\\/wp.kristdemokraterna.se\\\/kumla\\\/#website\",\"url\":\"https:\\\/\\\/wp.kristdemokraterna.se\\\/kumla\\\/\",\"name\":\"Kristdemokraterna - Kumla\",\"description\":\"En till Kristdemokraterna webbplats\",\"inLanguage\":\"sv-SE\"},{\"@type\":\"Person\",\"@id\":\"https:\\\/\\\/wp.kristdemokraterna.se\\\/kumla\\\/#\\\/schema\\\/person\\\/3c7bc8d37fec137e79ab4d7b9164fde5\",\"name\":\"kumla\",\"image\":{\"@type\":\"ImageObject\",\"inLanguage\":\"sv-SE\",\"@id\":\"https:\\\/\\\/secure.gravatar.com\\\/avatar\\\/996cc053534ef7c557e6898920edbe32a76919f18afd617656c76030f2359b80?s=96&d=mm&r=g\",\"url\":\"https:\\\/\\\/secure.gravatar.com\\\/avatar\\\/996cc053534ef7c557e6898920edbe32a76919f18afd617656c76030f2359b80?s=96&d=mm&r=g\",\"contentUrl\":\"https:\\\/\\\/secure.gravatar.com\\\/avatar\\\/996cc053534ef7c557e6898920edbe32a76919f18afd617656c76030f2359b80?s=96&d=mm&r=g\",\"caption\":\"kumla\"},\"url\":\"https:\\\/\\\/wp.kristdemokraterna.se\\\/kumla\\\/author\\\/kumla\\\/\"}]}<\/script>\n<!-- \/ Yoast SEO plugin. -->","yoast_head_json":{"title":"Nytt arbetss\u00e4tt skadar demokratin! - Kristdemokraterna - Kumla","robots":{"index":"index","follow":"follow","max-snippet":"max-snippet:-1","max-image-preview":"max-image-preview:large","max-video-preview":"max-video-preview:-1"},"canonical":"https:\/\/wp.kristdemokraterna.se\/kumla\/nytt-arbetssatt-skadar-demokratin\/","og_locale":"sv_SE","og_type":"article","og_title":"Nytt arbetss\u00e4tt skadar demokratin! - Kristdemokraterna - Kumla","og_description":"Kristdemokraterna i Kumla st\u00e4ller sig emot inf\u00f6randet av majoritetens nya arbetss\u00e4tt i Kultur och fritidsn\u00e4mnden. Vi \u00e4r starkt kritiska till att majoriteten best\u00e5ende av Socialdemokraterna och Moderaterna inf\u00f6rt nya arbetss\u00e4ttet i kultur och fritidsn\u00e4mnden d\u00e4r man tagit bort arbetsutskottet och ersatt med n\u00e5got man kallar presidieberedning. Socialdemokraterna och Moderaterna i majoriteten h\u00e4vdar att man f\u00e5tt L\u00e4s mer","og_url":"https:\/\/wp.kristdemokraterna.se\/kumla\/nytt-arbetssatt-skadar-demokratin\/","og_site_name":"Kristdemokraterna - Kumla","article_published_time":"2025-05-05T08:34:20+00:00","article_modified_time":"2025-05-05T08:35:08+00:00","og_image":[{"width":1522,"height":793,"url":"https:\/\/wp.kristdemokraterna.se\/kumla\/files\/2025\/05\/skarmbild-2025-02-10-204229-kopia.png","type":"image\/png"}],"author":"kumla","twitter_card":"summary_large_image","twitter_misc":{"Skriven av":"kumla","Ber\u00e4knad l\u00e4stid":"1 minut"},"schema":{"@context":"https:\/\/schema.org","@graph":[{"@type":"Article","@id":"https:\/\/wp.kristdemokraterna.se\/kumla\/nytt-arbetssatt-skadar-demokratin\/#article","isPartOf":{"@id":"https:\/\/wp.kristdemokraterna.se\/kumla\/nytt-arbetssatt-skadar-demokratin\/"},"author":{"name":"kumla","@id":"https:\/\/wp.kristdemokraterna.se\/kumla\/#\/schema\/person\/3c7bc8d37fec137e79ab4d7b9164fde5"},"headline":"Nytt arbetss\u00e4tt skadar demokratin!","datePublished":"2025-05-05T08:34:20+00:00","dateModified":"2025-05-05T08:35:08+00:00","mainEntityOfPage":{"@id":"https:\/\/wp.kristdemokraterna.se\/kumla\/nytt-arbetssatt-skadar-demokratin\/"},"wordCount":212,"image":{"@id":"https:\/\/wp.kristdemokraterna.se\/kumla\/nytt-arbetssatt-skadar-demokratin\/#primaryimage"},"thumbnailUrl":"","articleSection":["Inl\u00e4gg","Kultur &amp; Fritid","V\u00e5r politik"],"inLanguage":"sv-SE"},{"@type":"WebPage","@id":"https:\/\/wp.kristdemokraterna.se\/kumla\/nytt-arbetssatt-skadar-demokratin\/","url":"https:\/\/wp.kristdemokraterna.se\/kumla\/nytt-arbetssatt-skadar-demokratin\/","name":"Nytt arbetss\u00e4tt skadar demokratin! - Kristdemokraterna - Kumla","isPartOf":{"@id":"https:\/\/wp.kristdemokraterna.se\/kumla\/#website"},"primaryImageOfPage":{"@id":"https:\/\/wp.kristdemokraterna.se\/kumla\/nytt-arbetssatt-skadar-demokratin\/#primaryimage"},"image":{"@id":"https:\/\/wp.kristdemokraterna.se\/kumla\/nytt-arbetssatt-skadar-demokratin\/#primaryimage"},"thumbnailUrl":"","datePublished":"2025-05-05T08:34:20+00:00","dateModified":"2025-05-05T08:35:08+00:00","author":{"@id":"https:\/\/wp.kristdemokraterna.se\/kumla\/#\/schema\/person\/3c7bc8d37fec137e79ab4d7b9164fde5"},"breadcrumb":{"@id":"https:\/\/wp.kristdemokraterna.se\/kumla\/nytt-arbetssatt-skadar-demokratin\/#breadcrumb"},"inLanguage":"sv-SE","potentialAction":[{"@type":"ReadAction","target":["https:\/\/wp.kristdemokraterna.se\/kumla\/nytt-arbetssatt-skadar-demokratin\/"]}]},{"@type":"ImageObject","inLanguage":"sv-SE","@id":"https:\/\/wp.kristdemokraterna.se\/kumla\/nytt-arbetssatt-skadar-demokratin\/#primaryimage","url":"","contentUrl":""},{"@type":"BreadcrumbList","@id":"https:\/\/wp.kristdemokraterna.se\/kumla\/nytt-arbetssatt-skadar-demokratin\/#breadcrumb","itemListElement":[{"@type":"ListItem","position":1,"name":"Hem","item":"https:\/\/wp.kristdemokraterna.se\/kumla\/"},{"@type":"ListItem","position":2,"name":"Nytt arbetss\u00e4tt skadar demokratin!"}]},{"@type":"WebSite","@id":"https:\/\/wp.kristdemokraterna.se\/kumla\/#website","url":"https:\/\/wp.kristdemokraterna.se\/kumla\/","name":"Kristdemokraterna - Kumla","description":"En till Kristdemokraterna webbplats","inLanguage":"sv-SE"},{"@type":"Person","@id":"https:\/\/wp.kristdemokraterna.se\/kumla\/#\/schema\/person\/3c7bc8d37fec137e79ab4d7b9164fde5","name":"kumla","image":{"@type":"ImageObject","inLanguage":"sv-SE","@id":"https:\/\/secure.gravatar.com\/avatar\/996cc053534ef7c557e6898920edbe32a76919f18afd617656c76030f2359b80?s=96&d=mm&r=g","url":"https:\/\/secure.gravatar.com\/avatar\/996cc053534ef7c557e6898920edbe32a76919f18afd617656c76030f2359b80?s=96&d=mm&r=g","contentUrl":"https:\/\/secure.gravatar.com\/avatar\/996cc053534ef7c557e6898920edbe32a76919f18afd617656c76030f2359b80?s=96&d=mm&r=g","caption":"kumla"},"url":"https:\/\/wp.kristdemokraterna.se\/kumla\/author\/kumla\/"}]}},"_links":{"self":[{"href":"https:\/\/wp.kristdemokraterna.se\/kumla\/wp-json\/wp\/v2\/posts\/929","targetHints":{"allow":["GET"]}}],"collection":[{"href":"https:\/\/wp.kristdemokraterna.se\/kumla\/wp-json\/wp\/v2\/posts"}],"about":[{"href":"https:\/\/wp.kristdemokraterna.se\/kumla\/wp-json\/wp\/v2\/types\/post"}],"author":[{"embeddable":true,"href":"https:\/\/wp.kristdemokraterna.se\/kumla\/wp-json\/wp\/v2\/users\/457"}],"replies":[{"embeddable":true,"href":"https:\/\/wp.kristdemokraterna.se\/kumla\/wp-json\/wp\/v2\/comments?post=929"}],"version-history":[{"count":7,"href":"https:\/\/wp.kristdemokraterna.se\/kumla\/wp-json\/wp\/v2\/posts\/929\/revisions"}],"predecessor-version":[{"id":939,"href":"https:\/\/wp.kristdemokraterna.se\/kumla\/wp-json\/wp\/v2\/posts\/929\/revisions\/939"}],"wp:featuredmedia":[{"embeddable":true,"href":"https:\/\/wp.kristdemokraterna.se\/kumla\/wp-json\/wp\/v2\/posts\/714"}],"wp:attachment":[{"href":"https:\/\/wp.kristdemokraterna.se\/kumla\/wp-json\/wp\/v2\/media?parent=929"}],"wp:term":[{"taxonomy":"category","embeddable":true,"href":"https:\/\/wp.kristdemokraterna.se\/kumla\/wp-json\/wp\/v2\/categories?post=929"},{"taxonomy":"post_tag","embeddable":true,"href":"https:\/\/wp.kristdemokraterna.se\/kumla\/wp-json\/wp\/v2\/tags?post=929"}],"curies":[{"name":"wp","href":"https:\/\/api.w.org\/{rel}","templated":true}]}}