{"id":1165,"date":"2017-01-18T11:20:30","date_gmt":"2017-01-18T10:20:30","guid":{"rendered":"http:\/\/wp.kristdemokraterna.se\/laxa\/?p=1165"},"modified":"2017-01-18T11:20:30","modified_gmt":"2017-01-18T10:20:30","slug":"slopa-pensionarsskatten","status":"publish","type":"post","link":"https:\/\/wp.kristdemokraterna.se\/laxa\/slopa-pensionarsskatten\/","title":{"rendered":"Slopa pension\u00e4rsskatten!"},"content":{"rendered":"<p>Kristdemokraterna har alltid v\u00e4rnat alla m\u00e4nniskors lika v\u00e4rde, oavsett \u00e5lder. Under alliansregeringens tid medverkade Kristdemokraterna fem g\u00e5nger till att s\u00e4nka skatten p\u00e5 pensioner. Utan Kristdemokraterna hade skatten p\u00e5 pensioner idag varit h\u00f6gre. Men vi \u00e4r inte n\u00f6jda f\u00f6rr\u00e4n vi s\u00e4nkt skatten p\u00e5 pensioner till samma niv\u00e5 som f\u00f6r arbetsinkomster. Vi kristdemokrater \u00e4r stolta \u00f6ver att vi, tillsammans med \u00f6vriga Alliansen, kraftigt s\u00e4nkte skatten p\u00e5 arbete genom jobbskatteavdraget. Detta bidrog till att fler fick arbete och att Sveriges ekonomi klarade finanskrisen relativt v\u00e4l. Samtidigt \u00e4r det inte rimligt att pension\u00e4rerna \u00e5r efter \u00e5r ska betala en h\u00f6gre skattesats \u00e4n personer i arbetsf\u00f6r \u00e5lder.<\/p>\n<p>M\u00e5nga pension\u00e4rsgrupper har halkat efter ekonomiskt. Det riskerar att dra is\u00e4r samh\u00e4llet.<br \/>\nNu m\u00e5ste vi g\u00e5 hela v\u00e4gen. Har man arbetat ett helt liv, g\u00e5tt i pension, och kanske har 12\u201313 000 kronor i inkomst f\u00f6re skatt i m\u00e5naden, ska man inte f\u00f6rv\u00e4ntas betala mer i skatt \u00e4n den som jobbar idag.<!--more--><\/p>\n<p>Vi kristdemokrater f\u00f6resl\u00e5r d\u00e4rf\u00f6r att skillnaden i beskattning av l\u00f6ntagare och pension\u00e4rer avskaffas helt. Pension \u00e4r uppskjuten l\u00f6n \u2013 inte ett bidrag eller en ers\u00e4ttning som man uppb\u00e4r n\u00e4r man i arbetsf\u00f6r \u00e5lder inte arbetar. Det b\u00f6r d\u00e4rf\u00f6r beskattas lika som arbetsinkomst. En pension\u00e4r med en pension p\u00e5 16 000 kronor f\u00e5r med v\u00e5rt f\u00f6rslag 328 kronor mer i pl\u00e5nboken varje m\u00e5nad.<\/p>\n<p>Reformen kostar knappt 14 miljarder kronor f\u00f6r staten och finansieras genom h\u00f6jd moms med en procentenhet p\u00e5 alla momssatser. Skatteh\u00f6jningar \u00e4r aldrig positiva, men reformen \u00e4r angel\u00e4gen och effekterna p\u00e5 b\u00e5de ekonomin och hush\u00e5llen blir relativt sm\u00e5. En momsh\u00f6jning drabbar inte specifikt arbete, utan tr\u00e4ffar bredare.<br \/>\nH\u00f6ginkomsttagarhush\u00e5ll bidrar mest till finansieringen i kronor. L\u00e5ginkomsttagare anv\u00e4nder n\u00e5got st\u00f6rre andel av inkomsten \u00e4n \u00f6vriga grupper till livsmedel, men v\u00e4sentligt l\u00e4gre andel \u00e4n \u00f6vriga grupper till annan konsumtion. F\u00f6r en ensamst\u00e5ende med tv\u00e5 barn inneb\u00e4r momsh\u00f6jningen cirka 80 kronor mer i m\u00e5naden i utgifter, f\u00f6r en ensam pension\u00e4r betydligt mindre.<\/p>\n<p>Vi beh\u00f6ver ocks\u00e5 genomf\u00f6ra ytterligare f\u00f6rst\u00e4rkningar f\u00f6r pension\u00e4rerna med de allra l\u00e4gsta pensionerna. D\u00e4rf\u00f6r f\u00f6resl\u00e5r vi kristdemokrater en h\u00f6jning av bostadstill\u00e4gget med 500 kr f\u00f6r ensamst\u00e5ende och 300 kr f\u00f6r sammanboende pension\u00e4rer. Ekonomiskt utsatta barnfamiljer f\u00e5r h\u00f6jd barndel i bostadsbidraget och f\u00f6r barnfamiljer f\u00f6resl\u00e5r vi ett jobbskatteavdrag f\u00f6r f\u00f6r\u00e4ldrar.<br \/>\nI slut\u00e4nden handlar v\u00e5rt f\u00f6rslag om att p\u00e5 ett s\u00e5 lindrigt s\u00e4tt som m\u00f6jligt avskaffa den skillnaden som uppst\u00e5tt mellan pension\u00e4rer och l\u00f6ntagare. Det \u00e4r h\u00f6g tid att slopa det som i dagligt tal brukar kallas f\u00f6r pension\u00e4rsskatten.<\/p>\n<p>Ebba Busch Thor (KD) partiledare<\/p>\n<p>Jakob Forssmed (KD) ekonomiskpolitisk talesperson<\/p>\n<p>Lars-Axel Nordell (KD) riksdagsledamot fr\u00e5n \u00d6rebro<\/p>\n","protected":false},"excerpt":{"rendered":"<p>Kristdemokraterna har alltid v\u00e4rnat alla m\u00e4nniskors lika v\u00e4rde, oavsett \u00e5lder. Under alliansregeringens tid medverkade Kristdemokraterna fem g\u00e5nger till att s\u00e4nka skatten p\u00e5 pensioner. Utan Kristdemokraterna hade skatten p\u00e5 pensioner idag varit h\u00f6gre. Men vi \u00e4r inte n\u00f6jda f\u00f6rr\u00e4n vi s\u00e4nkt skatten p\u00e5 pensioner till samma niv\u00e5 som f\u00f6r arbetsinkomster. Vi kristdemokrater \u00e4r stolta \u00f6ver att <a class=\"read-more-link\" href=\"https:\/\/wp.kristdemokraterna.se\/laxa\/slopa-pensionarsskatten\/\">Read More<\/a><\/p>\n","protected":false},"author":428,"featured_media":0,"comment_status":"closed","ping_status":"closed","sticky":false,"template":"","format":"standard","meta":{"_acf_changed":false,"footnotes":""},"categories":[1],"tags":[],"class_list":["post-1165","post","type-post","status-publish","format-standard","hentry","category-okategoriserade"],"acf":[],"yoast_head":"<!-- This site is optimized with the Yoast SEO plugin v27.4 - https:\/\/yoast.com\/product\/yoast-seo-wordpress\/ -->\n<title>Slopa pension\u00e4rsskatten! - Lax\u00e5<\/title>\n<meta name=\"robots\" content=\"index, follow, max-snippet:-1, max-image-preview:large, max-video-preview:-1\" \/>\n<link rel=\"canonical\" href=\"https:\/\/wp.kristdemokraterna.se\/laxa\/slopa-pensionarsskatten\/\" \/>\n<meta property=\"og:locale\" content=\"sv_SE\" \/>\n<meta property=\"og:type\" content=\"article\" \/>\n<meta property=\"og:title\" content=\"Slopa pension\u00e4rsskatten! - Lax\u00e5\" \/>\n<meta property=\"og:description\" content=\"Kristdemokraterna har alltid v\u00e4rnat alla m\u00e4nniskors lika v\u00e4rde, oavsett \u00e5lder. Under alliansregeringens tid medverkade Kristdemokraterna fem g\u00e5nger till att s\u00e4nka skatten p\u00e5 pensioner. Utan Kristdemokraterna hade skatten p\u00e5 pensioner idag varit h\u00f6gre. Men vi \u00e4r inte n\u00f6jda f\u00f6rr\u00e4n vi s\u00e4nkt skatten p\u00e5 pensioner till samma niv\u00e5 som f\u00f6r arbetsinkomster. Vi kristdemokrater \u00e4r stolta \u00f6ver att Read More\" \/>\n<meta property=\"og:url\" content=\"https:\/\/wp.kristdemokraterna.se\/laxa\/slopa-pensionarsskatten\/\" \/>\n<meta property=\"og:site_name\" content=\"Lax\u00e5\" \/>\n<meta property=\"article:published_time\" content=\"2017-01-18T10:20:30+00:00\" \/>\n<meta name=\"author\" content=\"laxa\" \/>\n<meta name=\"twitter:card\" content=\"summary_large_image\" \/>\n<meta name=\"twitter:label1\" content=\"Skriven av\" \/>\n\t<meta name=\"twitter:data1\" content=\"laxa\" \/>\n\t<meta name=\"twitter:label2\" content=\"Ber\u00e4knad l\u00e4stid\" \/>\n\t<meta name=\"twitter:data2\" content=\"3 minuter\" \/>\n<script type=\"application\/ld+json\" class=\"yoast-schema-graph\">{\"@context\":\"https:\\\/\\\/schema.org\",\"@graph\":[{\"@type\":\"Article\",\"@id\":\"https:\\\/\\\/wp.kristdemokraterna.se\\\/laxa\\\/slopa-pensionarsskatten\\\/#article\",\"isPartOf\":{\"@id\":\"https:\\\/\\\/wp.kristdemokraterna.se\\\/laxa\\\/slopa-pensionarsskatten\\\/\"},\"author\":{\"name\":\"laxa\",\"@id\":\"https:\\\/\\\/wp.kristdemokraterna.se\\\/laxa\\\/#\\\/schema\\\/person\\\/ccd2833372da9964aef749215a09cf35\"},\"headline\":\"Slopa pension\u00e4rsskatten!\",\"datePublished\":\"2017-01-18T10:20:30+00:00\",\"mainEntityOfPage\":{\"@id\":\"https:\\\/\\\/wp.kristdemokraterna.se\\\/laxa\\\/slopa-pensionarsskatten\\\/\"},\"wordCount\":516,\"inLanguage\":\"sv-SE\"},{\"@type\":\"WebPage\",\"@id\":\"https:\\\/\\\/wp.kristdemokraterna.se\\\/laxa\\\/slopa-pensionarsskatten\\\/\",\"url\":\"https:\\\/\\\/wp.kristdemokraterna.se\\\/laxa\\\/slopa-pensionarsskatten\\\/\",\"name\":\"Slopa pension\u00e4rsskatten! - Lax\u00e5\",\"isPartOf\":{\"@id\":\"https:\\\/\\\/wp.kristdemokraterna.se\\\/laxa\\\/#website\"},\"datePublished\":\"2017-01-18T10:20:30+00:00\",\"author\":{\"@id\":\"https:\\\/\\\/wp.kristdemokraterna.se\\\/laxa\\\/#\\\/schema\\\/person\\\/ccd2833372da9964aef749215a09cf35\"},\"breadcrumb\":{\"@id\":\"https:\\\/\\\/wp.kristdemokraterna.se\\\/laxa\\\/slopa-pensionarsskatten\\\/#breadcrumb\"},\"inLanguage\":\"sv-SE\",\"potentialAction\":[{\"@type\":\"ReadAction\",\"target\":[\"https:\\\/\\\/wp.kristdemokraterna.se\\\/laxa\\\/slopa-pensionarsskatten\\\/\"]}]},{\"@type\":\"BreadcrumbList\",\"@id\":\"https:\\\/\\\/wp.kristdemokraterna.se\\\/laxa\\\/slopa-pensionarsskatten\\\/#breadcrumb\",\"itemListElement\":[{\"@type\":\"ListItem\",\"position\":1,\"name\":\"Hem\",\"item\":\"https:\\\/\\\/wp.kristdemokraterna.se\\\/laxa\\\/\"},{\"@type\":\"ListItem\",\"position\":2,\"name\":\"Slopa pension\u00e4rsskatten!\"}]},{\"@type\":\"WebSite\",\"@id\":\"https:\\\/\\\/wp.kristdemokraterna.se\\\/laxa\\\/#website\",\"url\":\"https:\\\/\\\/wp.kristdemokraterna.se\\\/laxa\\\/\",\"name\":\"Lax\u00e5\",\"description\":\"En till Kristdemokraterna webbplats\",\"inLanguage\":\"sv-SE\"},{\"@type\":\"Person\",\"@id\":\"https:\\\/\\\/wp.kristdemokraterna.se\\\/laxa\\\/#\\\/schema\\\/person\\\/ccd2833372da9964aef749215a09cf35\",\"name\":\"laxa\",\"image\":{\"@type\":\"ImageObject\",\"inLanguage\":\"sv-SE\",\"@id\":\"https:\\\/\\\/secure.gravatar.com\\\/avatar\\\/8a8559c11839c3dd88243c3d984130c4a571386054cd359391be892596e017f4?s=96&r=g\",\"url\":\"https:\\\/\\\/secure.gravatar.com\\\/avatar\\\/8a8559c11839c3dd88243c3d984130c4a571386054cd359391be892596e017f4?s=96&r=g\",\"contentUrl\":\"https:\\\/\\\/secure.gravatar.com\\\/avatar\\\/8a8559c11839c3dd88243c3d984130c4a571386054cd359391be892596e017f4?s=96&r=g\",\"caption\":\"laxa\"},\"url\":\"https:\\\/\\\/wp.kristdemokraterna.se\\\/laxa\\\/author\\\/laxa\\\/\"}]}<\/script>\n<!-- \/ Yoast SEO plugin. -->","yoast_head_json":{"title":"Slopa pension\u00e4rsskatten! - Lax\u00e5","robots":{"index":"index","follow":"follow","max-snippet":"max-snippet:-1","max-image-preview":"max-image-preview:large","max-video-preview":"max-video-preview:-1"},"canonical":"https:\/\/wp.kristdemokraterna.se\/laxa\/slopa-pensionarsskatten\/","og_locale":"sv_SE","og_type":"article","og_title":"Slopa pension\u00e4rsskatten! - Lax\u00e5","og_description":"Kristdemokraterna har alltid v\u00e4rnat alla m\u00e4nniskors lika v\u00e4rde, oavsett \u00e5lder. Under alliansregeringens tid medverkade Kristdemokraterna fem g\u00e5nger till att s\u00e4nka skatten p\u00e5 pensioner. Utan Kristdemokraterna hade skatten p\u00e5 pensioner idag varit h\u00f6gre. Men vi \u00e4r inte n\u00f6jda f\u00f6rr\u00e4n vi s\u00e4nkt skatten p\u00e5 pensioner till samma niv\u00e5 som f\u00f6r arbetsinkomster. Vi kristdemokrater \u00e4r stolta \u00f6ver att Read More","og_url":"https:\/\/wp.kristdemokraterna.se\/laxa\/slopa-pensionarsskatten\/","og_site_name":"Lax\u00e5","article_published_time":"2017-01-18T10:20:30+00:00","author":"laxa","twitter_card":"summary_large_image","twitter_misc":{"Skriven av":"laxa","Ber\u00e4knad l\u00e4stid":"3 minuter"},"schema":{"@context":"https:\/\/schema.org","@graph":[{"@type":"Article","@id":"https:\/\/wp.kristdemokraterna.se\/laxa\/slopa-pensionarsskatten\/#article","isPartOf":{"@id":"https:\/\/wp.kristdemokraterna.se\/laxa\/slopa-pensionarsskatten\/"},"author":{"name":"laxa","@id":"https:\/\/wp.kristdemokraterna.se\/laxa\/#\/schema\/person\/ccd2833372da9964aef749215a09cf35"},"headline":"Slopa pension\u00e4rsskatten!","datePublished":"2017-01-18T10:20:30+00:00","mainEntityOfPage":{"@id":"https:\/\/wp.kristdemokraterna.se\/laxa\/slopa-pensionarsskatten\/"},"wordCount":516,"inLanguage":"sv-SE"},{"@type":"WebPage","@id":"https:\/\/wp.kristdemokraterna.se\/laxa\/slopa-pensionarsskatten\/","url":"https:\/\/wp.kristdemokraterna.se\/laxa\/slopa-pensionarsskatten\/","name":"Slopa pension\u00e4rsskatten! - Lax\u00e5","isPartOf":{"@id":"https:\/\/wp.kristdemokraterna.se\/laxa\/#website"},"datePublished":"2017-01-18T10:20:30+00:00","author":{"@id":"https:\/\/wp.kristdemokraterna.se\/laxa\/#\/schema\/person\/ccd2833372da9964aef749215a09cf35"},"breadcrumb":{"@id":"https:\/\/wp.kristdemokraterna.se\/laxa\/slopa-pensionarsskatten\/#breadcrumb"},"inLanguage":"sv-SE","potentialAction":[{"@type":"ReadAction","target":["https:\/\/wp.kristdemokraterna.se\/laxa\/slopa-pensionarsskatten\/"]}]},{"@type":"BreadcrumbList","@id":"https:\/\/wp.kristdemokraterna.se\/laxa\/slopa-pensionarsskatten\/#breadcrumb","itemListElement":[{"@type":"ListItem","position":1,"name":"Hem","item":"https:\/\/wp.kristdemokraterna.se\/laxa\/"},{"@type":"ListItem","position":2,"name":"Slopa pension\u00e4rsskatten!"}]},{"@type":"WebSite","@id":"https:\/\/wp.kristdemokraterna.se\/laxa\/#website","url":"https:\/\/wp.kristdemokraterna.se\/laxa\/","name":"Lax\u00e5","description":"En till Kristdemokraterna webbplats","inLanguage":"sv-SE"},{"@type":"Person","@id":"https:\/\/wp.kristdemokraterna.se\/laxa\/#\/schema\/person\/ccd2833372da9964aef749215a09cf35","name":"laxa","image":{"@type":"ImageObject","inLanguage":"sv-SE","@id":"https:\/\/secure.gravatar.com\/avatar\/8a8559c11839c3dd88243c3d984130c4a571386054cd359391be892596e017f4?s=96&r=g","url":"https:\/\/secure.gravatar.com\/avatar\/8a8559c11839c3dd88243c3d984130c4a571386054cd359391be892596e017f4?s=96&r=g","contentUrl":"https:\/\/secure.gravatar.com\/avatar\/8a8559c11839c3dd88243c3d984130c4a571386054cd359391be892596e017f4?s=96&r=g","caption":"laxa"},"url":"https:\/\/wp.kristdemokraterna.se\/laxa\/author\/laxa\/"}]}},"_links":{"self":[{"href":"https:\/\/wp.kristdemokraterna.se\/laxa\/wp-json\/wp\/v2\/posts\/1165","targetHints":{"allow":["GET"]}}],"collection":[{"href":"https:\/\/wp.kristdemokraterna.se\/laxa\/wp-json\/wp\/v2\/posts"}],"about":[{"href":"https:\/\/wp.kristdemokraterna.se\/laxa\/wp-json\/wp\/v2\/types\/post"}],"author":[{"embeddable":true,"href":"https:\/\/wp.kristdemokraterna.se\/laxa\/wp-json\/wp\/v2\/users\/428"}],"replies":[{"embeddable":true,"href":"https:\/\/wp.kristdemokraterna.se\/laxa\/wp-json\/wp\/v2\/comments?post=1165"}],"version-history":[{"count":1,"href":"https:\/\/wp.kristdemokraterna.se\/laxa\/wp-json\/wp\/v2\/posts\/1165\/revisions"}],"predecessor-version":[{"id":1166,"href":"https:\/\/wp.kristdemokraterna.se\/laxa\/wp-json\/wp\/v2\/posts\/1165\/revisions\/1166"}],"wp:attachment":[{"href":"https:\/\/wp.kristdemokraterna.se\/laxa\/wp-json\/wp\/v2\/media?parent=1165"}],"wp:term":[{"taxonomy":"category","embeddable":true,"href":"https:\/\/wp.kristdemokraterna.se\/laxa\/wp-json\/wp\/v2\/categories?post=1165"},{"taxonomy":"post_tag","embeddable":true,"href":"https:\/\/wp.kristdemokraterna.se\/laxa\/wp-json\/wp\/v2\/tags?post=1165"}],"curies":[{"name":"wp","href":"https:\/\/api.w.org\/{rel}","templated":true}]}}