{"id":196,"date":"2013-11-12T12:48:03","date_gmt":"2013-11-12T11:48:03","guid":{"rendered":"http:\/\/wp.kristdemokraterna.se\/laxa\/?p=196"},"modified":"2013-11-12T12:48:03","modified_gmt":"2013-11-12T11:48:03","slug":"tv-avgift-via-skatten-ar-ratta-losningen","status":"publish","type":"post","link":"https:\/\/wp.kristdemokraterna.se\/laxa\/tv-avgift-via-skatten-ar-ratta-losningen\/","title":{"rendered":"Tv-avgift via skatten \u00e4r r\u00e4tta l\u00f6sningen"},"content":{"rendered":"<p><a href=\"http:\/\/wp.kristdemokraterna.se\/laxa\/files\/2013\/11\/andreascarlson_580x200.jpg\"><img loading=\"lazy\" decoding=\"async\" class=\"alignnone size-large wp-image-197\" alt=\"andreascarlson_580x200\" src=\"http:\/\/wp.kristdemokraterna.se\/laxa\/files\/2013\/11\/andreascarlson_580x200-540x186.jpg\" width=\"540\" height=\"186\" srcset=\"https:\/\/wp.kristdemokraterna.se\/laxa\/files\/2013\/11\/andreascarlson_580x200-540x186.jpg 540w, https:\/\/wp.kristdemokraterna.se\/laxa\/files\/2013\/11\/andreascarlson_580x200-300x103.jpg 300w, https:\/\/wp.kristdemokraterna.se\/laxa\/files\/2013\/11\/andreascarlson_580x200-576x198.jpg 576w, https:\/\/wp.kristdemokraterna.se\/laxa\/files\/2013\/11\/andreascarlson_580x200-186x64.jpg 186w, https:\/\/wp.kristdemokraterna.se\/laxa\/files\/2013\/11\/andreascarlson_580x200.jpg 580w\" sizes=\"auto, (max-width: 540px) 100vw, 540px\" \/><\/a><\/p>\n<p><strong>Om vi ska vara s\u00e4kra p\u00e5\u00a0att TV-avgiften verkligen f\u00f6rpassas till historien i samband med att den kommande sex\u00e5rsperioden l\u00f6per ut, s\u00e5 m\u00e5ste vi redan nu agera s\u00e5 att inte motsvarande situation utspelar sig 2020. V\u00e5rt besked till v\u00e4ljarna \u00e4r tydliga; en r\u00f6st p\u00e5 Kristdemokraterna \u00e4r en r\u00f6st f\u00f6r en modernare finansieringsmodell av public service<\/strong>.<\/p>\n<div>\u00a0<a href=\"http:\/\/www.svd.se\/opinion\/brannpunkt\/tv-avgift-via-skatten-ar-ratta-losningen_8673724.svd\">L\u00e4s debattartikeln i SvD<\/a><\/div>\n<div>\n<p><!--more-->Tv-licensen har sitt ursprung i den monopolsituation p\u00e5 radio och tv som sedan l\u00e4nge \u00e4r borta. Trots att v\u00e4nsterpolitiker under decennier k\u00e4mpade mot utvecklingen har vi idag, tack och lov, ett brett utbud av valm\u00f6jlighet. Valfriheten handlar heller inte bara om utbudet av tv-kanaler utan ocks\u00e5 hur man vill konsumera programmen.<\/p>\n<p>Den gamla tidens finansieringssystem \u00e4r inte anpassat eller utt\u00e4nkt f\u00f6r att appliceras p\u00e5 v\u00e5r nuvarande situation. Detta f\u00f6rst\u00e5r var och en som utv\u00e4rderar systemet. Det var ocks\u00e5 d\u00e4rf\u00f6r som Public service-utredningen f\u00f6rra \u00e5ret kom fram till att det rimligaste vore att skrota dagens tv-licens. Regeringen har nu lagt fram sin public service-proposition som inom kort kommer att debatteras i riksdagens kammare.<\/p>\n<p>Dessv\u00e4rre f\u00f6resl\u00e5r regeringen att det nuvarande finansieringssystemet ska g\u00e4lla \u00e4ven de kommande sex \u00e5ren, \u00e4ven om man \u00f6ppnar upp f\u00f6r att under tiden utreda alternativa system som d\u00e5 skulle kunna g\u00e4lla fr\u00e5n 2020. Kristdemokraterna beklagar att fr\u00e5gan inte kommer till en snabbare l\u00f6sning, vi vet att nuvarande system \u00e4r oh\u00e5llbart och vi vet ocks\u00e5 att det finns f\u00e4rdiga alternativ.<\/p>\n<p>Vi har f\u00f6reslagit att man ist\u00e4llet tar ut en individuell avgift via skattesedeln. Detta skulle ha flera f\u00f6rdelar vid en j\u00e4mf\u00f6relse med det nuvarande systemet. F\u00f6r det f\u00f6rsta skulle det inneb\u00e4ra att Radiotj\u00e4nst avvecklas vilket motsvarar besparingar p\u00e5 150 miljoner kronor. Uppskattningar som gjorts pekar d\u00e4r till p\u00e5 att man skulle kunna spara in totalt en miljard genom att f\u00e5 stopp p\u00e5 smitningarna ifr\u00e5n att betala tv-licensen och d\u00e4rmed kunna f\u00e5 en l\u00e4gre individuell avgift via skatten. Men radiotj\u00e4nst avveckling \u00e4r inte enbart en finansieringsfr\u00e5ga. Det \u00e4r helt enkelt oacceptabelt med statliga tj\u00e4nstem\u00e4n som smyger runt i buskarna och kontrollerar vilken elektronisk utrustning medborgarna innehar.<\/p>\n<p>F\u00f6r det andra skulle ett system med en avgift via skatten g\u00f6ra att de som inte \u00e4r skattepliktiga inte heller \u00e4r avgiftsskydliga, vilket har ett stort f\u00f6rdelningspolitiskt merv\u00e4rde. Studenter, en av de grupper som nu h\u00e5rdast drabbas av licenssystemet, skulle exempelvis slippa avgiften f\u00f6rutsatt att de inte har n\u00e5gra omfattande extrakn\u00e4ck.<\/p>\n<p>Om vi ska vara s\u00e4kra p\u00e5 att avgiften verkligen f\u00f6rpassas till historien i samband med att den kommande sex\u00e5rsperioden l\u00f6per ut, s\u00e5 m\u00e5ste vi redan nu agera s\u00e5 att inte motsvarande situation utspelar sig 2020. V\u00e5rt besked till v\u00e4ljarna \u00e4r tydliga; en r\u00f6st p\u00e5 Kristdemokraterna \u00e4r en r\u00f6st f\u00f6r en modernare finansieringsmodell av public service.<\/p>\n<\/div>\n","protected":false},"excerpt":{"rendered":"<p>Om vi ska vara s\u00e4kra p\u00e5\u00a0att TV-avgiften verkligen f\u00f6rpassas till historien i samband med att den kommande sex\u00e5rsperioden l\u00f6per ut, s\u00e5 m\u00e5ste vi redan nu agera s\u00e5 att inte motsvarande situation utspelar sig 2020. V\u00e5rt besked till v\u00e4ljarna \u00e4r tydliga; en r\u00f6st p\u00e5 Kristdemokraterna \u00e4r en r\u00f6st f\u00f6r en modernare finansieringsmodell av public service. \u00a0L\u00e4s <a class=\"read-more-link\" href=\"https:\/\/wp.kristdemokraterna.se\/laxa\/tv-avgift-via-skatten-ar-ratta-losningen\/\">Read More<\/a><\/p>\n","protected":false},"author":428,"featured_media":0,"comment_status":"open","ping_status":"open","sticky":false,"template":"","format":"standard","meta":{"_acf_changed":false,"footnotes":""},"categories":[1],"tags":[],"class_list":["post-196","post","type-post","status-publish","format-standard","hentry","category-okategoriserade"],"acf":[],"yoast_head":"<!-- This site is optimized with the Yoast SEO plugin v27.5 - https:\/\/yoast.com\/product\/yoast-seo-wordpress\/ -->\n<title>Tv-avgift via skatten \u00e4r r\u00e4tta l\u00f6sningen  - Lax\u00e5<\/title>\n<meta name=\"robots\" content=\"index, follow, max-snippet:-1, max-image-preview:large, max-video-preview:-1\" \/>\n<link rel=\"canonical\" href=\"https:\/\/wp.kristdemokraterna.se\/laxa\/tv-avgift-via-skatten-ar-ratta-losningen\/\" \/>\n<meta property=\"og:locale\" content=\"sv_SE\" \/>\n<meta property=\"og:type\" content=\"article\" \/>\n<meta property=\"og:title\" content=\"Tv-avgift via skatten \u00e4r r\u00e4tta l\u00f6sningen  - Lax\u00e5\" \/>\n<meta property=\"og:description\" content=\"Om vi ska vara s\u00e4kra p\u00e5\u00a0att TV-avgiften verkligen f\u00f6rpassas till historien i samband med att den kommande sex\u00e5rsperioden l\u00f6per ut, s\u00e5 m\u00e5ste vi redan nu agera s\u00e5 att inte motsvarande situation utspelar sig 2020. V\u00e5rt besked till v\u00e4ljarna \u00e4r tydliga; en r\u00f6st p\u00e5 Kristdemokraterna \u00e4r en r\u00f6st f\u00f6r en modernare finansieringsmodell av public service. \u00a0L\u00e4s Read More\" \/>\n<meta property=\"og:url\" content=\"https:\/\/wp.kristdemokraterna.se\/laxa\/tv-avgift-via-skatten-ar-ratta-losningen\/\" \/>\n<meta property=\"og:site_name\" content=\"Lax\u00e5\" \/>\n<meta property=\"article:published_time\" content=\"2013-11-12T11:48:03+00:00\" \/>\n<meta property=\"og:image\" content=\"http:\/\/wp.kristdemokraterna.se\/laxa\/files\/2013\/11\/andreascarlson_580x200-540x186.jpg\" \/>\n<meta name=\"author\" content=\"laxa\" \/>\n<meta name=\"twitter:card\" content=\"summary_large_image\" \/>\n<meta name=\"twitter:label1\" content=\"Skriven av\" \/>\n\t<meta name=\"twitter:data1\" content=\"laxa\" \/>\n\t<meta name=\"twitter:label2\" content=\"Ber\u00e4knad l\u00e4stid\" \/>\n\t<meta name=\"twitter:data2\" content=\"3 minuter\" \/>\n<script type=\"application\/ld+json\" class=\"yoast-schema-graph\">{\"@context\":\"https:\\\/\\\/schema.org\",\"@graph\":[{\"@type\":\"Article\",\"@id\":\"https:\\\/\\\/wp.kristdemokraterna.se\\\/laxa\\\/tv-avgift-via-skatten-ar-ratta-losningen\\\/#article\",\"isPartOf\":{\"@id\":\"https:\\\/\\\/wp.kristdemokraterna.se\\\/laxa\\\/tv-avgift-via-skatten-ar-ratta-losningen\\\/\"},\"author\":{\"name\":\"laxa\",\"@id\":\"https:\\\/\\\/wp.kristdemokraterna.se\\\/laxa\\\/#\\\/schema\\\/person\\\/ccd2833372da9964aef749215a09cf35\"},\"headline\":\"Tv-avgift via skatten \u00e4r r\u00e4tta l\u00f6sningen\",\"datePublished\":\"2013-11-12T11:48:03+00:00\",\"mainEntityOfPage\":{\"@id\":\"https:\\\/\\\/wp.kristdemokraterna.se\\\/laxa\\\/tv-avgift-via-skatten-ar-ratta-losningen\\\/\"},\"wordCount\":515,\"commentCount\":0,\"image\":{\"@id\":\"https:\\\/\\\/wp.kristdemokraterna.se\\\/laxa\\\/tv-avgift-via-skatten-ar-ratta-losningen\\\/#primaryimage\"},\"thumbnailUrl\":\"http:\\\/\\\/wp.kristdemokraterna.se\\\/laxa\\\/files\\\/2013\\\/11\\\/andreascarlson_580x200-540x186.jpg\",\"inLanguage\":\"sv-SE\"},{\"@type\":\"WebPage\",\"@id\":\"https:\\\/\\\/wp.kristdemokraterna.se\\\/laxa\\\/tv-avgift-via-skatten-ar-ratta-losningen\\\/\",\"url\":\"https:\\\/\\\/wp.kristdemokraterna.se\\\/laxa\\\/tv-avgift-via-skatten-ar-ratta-losningen\\\/\",\"name\":\"Tv-avgift via skatten \u00e4r r\u00e4tta l\u00f6sningen - Lax\u00e5\",\"isPartOf\":{\"@id\":\"https:\\\/\\\/wp.kristdemokraterna.se\\\/laxa\\\/#website\"},\"primaryImageOfPage\":{\"@id\":\"https:\\\/\\\/wp.kristdemokraterna.se\\\/laxa\\\/tv-avgift-via-skatten-ar-ratta-losningen\\\/#primaryimage\"},\"image\":{\"@id\":\"https:\\\/\\\/wp.kristdemokraterna.se\\\/laxa\\\/tv-avgift-via-skatten-ar-ratta-losningen\\\/#primaryimage\"},\"thumbnailUrl\":\"http:\\\/\\\/wp.kristdemokraterna.se\\\/laxa\\\/files\\\/2013\\\/11\\\/andreascarlson_580x200-540x186.jpg\",\"datePublished\":\"2013-11-12T11:48:03+00:00\",\"author\":{\"@id\":\"https:\\\/\\\/wp.kristdemokraterna.se\\\/laxa\\\/#\\\/schema\\\/person\\\/ccd2833372da9964aef749215a09cf35\"},\"breadcrumb\":{\"@id\":\"https:\\\/\\\/wp.kristdemokraterna.se\\\/laxa\\\/tv-avgift-via-skatten-ar-ratta-losningen\\\/#breadcrumb\"},\"inLanguage\":\"sv-SE\",\"potentialAction\":[{\"@type\":\"ReadAction\",\"target\":[\"https:\\\/\\\/wp.kristdemokraterna.se\\\/laxa\\\/tv-avgift-via-skatten-ar-ratta-losningen\\\/\"]}]},{\"@type\":\"ImageObject\",\"inLanguage\":\"sv-SE\",\"@id\":\"https:\\\/\\\/wp.kristdemokraterna.se\\\/laxa\\\/tv-avgift-via-skatten-ar-ratta-losningen\\\/#primaryimage\",\"url\":\"https:\\\/\\\/wp.kristdemokraterna.se\\\/laxa\\\/files\\\/2013\\\/11\\\/andreascarlson_580x200.jpg\",\"contentUrl\":\"https:\\\/\\\/wp.kristdemokraterna.se\\\/laxa\\\/files\\\/2013\\\/11\\\/andreascarlson_580x200.jpg\",\"width\":580,\"height\":200},{\"@type\":\"BreadcrumbList\",\"@id\":\"https:\\\/\\\/wp.kristdemokraterna.se\\\/laxa\\\/tv-avgift-via-skatten-ar-ratta-losningen\\\/#breadcrumb\",\"itemListElement\":[{\"@type\":\"ListItem\",\"position\":1,\"name\":\"Hem\",\"item\":\"https:\\\/\\\/wp.kristdemokraterna.se\\\/laxa\\\/\"},{\"@type\":\"ListItem\",\"position\":2,\"name\":\"Tv-avgift via skatten \u00e4r r\u00e4tta l\u00f6sningen\"}]},{\"@type\":\"WebSite\",\"@id\":\"https:\\\/\\\/wp.kristdemokraterna.se\\\/laxa\\\/#website\",\"url\":\"https:\\\/\\\/wp.kristdemokraterna.se\\\/laxa\\\/\",\"name\":\"Lax\u00e5\",\"description\":\"En till Kristdemokraterna webbplats\",\"inLanguage\":\"sv-SE\"},{\"@type\":\"Person\",\"@id\":\"https:\\\/\\\/wp.kristdemokraterna.se\\\/laxa\\\/#\\\/schema\\\/person\\\/ccd2833372da9964aef749215a09cf35\",\"name\":\"laxa\",\"image\":{\"@type\":\"ImageObject\",\"inLanguage\":\"sv-SE\",\"@id\":\"https:\\\/\\\/secure.gravatar.com\\\/avatar\\\/8a8559c11839c3dd88243c3d984130c4a571386054cd359391be892596e017f4?s=96&r=g\",\"url\":\"https:\\\/\\\/secure.gravatar.com\\\/avatar\\\/8a8559c11839c3dd88243c3d984130c4a571386054cd359391be892596e017f4?s=96&r=g\",\"contentUrl\":\"https:\\\/\\\/secure.gravatar.com\\\/avatar\\\/8a8559c11839c3dd88243c3d984130c4a571386054cd359391be892596e017f4?s=96&r=g\",\"caption\":\"laxa\"},\"url\":\"https:\\\/\\\/wp.kristdemokraterna.se\\\/laxa\\\/author\\\/laxa\\\/\"}]}<\/script>\n<!-- \/ Yoast SEO plugin. -->","yoast_head_json":{"title":"Tv-avgift via skatten \u00e4r r\u00e4tta l\u00f6sningen  - Lax\u00e5","robots":{"index":"index","follow":"follow","max-snippet":"max-snippet:-1","max-image-preview":"max-image-preview:large","max-video-preview":"max-video-preview:-1"},"canonical":"https:\/\/wp.kristdemokraterna.se\/laxa\/tv-avgift-via-skatten-ar-ratta-losningen\/","og_locale":"sv_SE","og_type":"article","og_title":"Tv-avgift via skatten \u00e4r r\u00e4tta l\u00f6sningen  - Lax\u00e5","og_description":"Om vi ska vara s\u00e4kra p\u00e5\u00a0att TV-avgiften verkligen f\u00f6rpassas till historien i samband med att den kommande sex\u00e5rsperioden l\u00f6per ut, s\u00e5 m\u00e5ste vi redan nu agera s\u00e5 att inte motsvarande situation utspelar sig 2020. V\u00e5rt besked till v\u00e4ljarna \u00e4r tydliga; en r\u00f6st p\u00e5 Kristdemokraterna \u00e4r en r\u00f6st f\u00f6r en modernare finansieringsmodell av public service. \u00a0L\u00e4s Read More","og_url":"https:\/\/wp.kristdemokraterna.se\/laxa\/tv-avgift-via-skatten-ar-ratta-losningen\/","og_site_name":"Lax\u00e5","article_published_time":"2013-11-12T11:48:03+00:00","og_image":[{"url":"http:\/\/wp.kristdemokraterna.se\/laxa\/files\/2013\/11\/andreascarlson_580x200-540x186.jpg","type":"","width":"","height":""}],"author":"laxa","twitter_card":"summary_large_image","twitter_misc":{"Skriven av":"laxa","Ber\u00e4knad l\u00e4stid":"3 minuter"},"schema":{"@context":"https:\/\/schema.org","@graph":[{"@type":"Article","@id":"https:\/\/wp.kristdemokraterna.se\/laxa\/tv-avgift-via-skatten-ar-ratta-losningen\/#article","isPartOf":{"@id":"https:\/\/wp.kristdemokraterna.se\/laxa\/tv-avgift-via-skatten-ar-ratta-losningen\/"},"author":{"name":"laxa","@id":"https:\/\/wp.kristdemokraterna.se\/laxa\/#\/schema\/person\/ccd2833372da9964aef749215a09cf35"},"headline":"Tv-avgift via skatten \u00e4r r\u00e4tta l\u00f6sningen","datePublished":"2013-11-12T11:48:03+00:00","mainEntityOfPage":{"@id":"https:\/\/wp.kristdemokraterna.se\/laxa\/tv-avgift-via-skatten-ar-ratta-losningen\/"},"wordCount":515,"commentCount":0,"image":{"@id":"https:\/\/wp.kristdemokraterna.se\/laxa\/tv-avgift-via-skatten-ar-ratta-losningen\/#primaryimage"},"thumbnailUrl":"http:\/\/wp.kristdemokraterna.se\/laxa\/files\/2013\/11\/andreascarlson_580x200-540x186.jpg","inLanguage":"sv-SE"},{"@type":"WebPage","@id":"https:\/\/wp.kristdemokraterna.se\/laxa\/tv-avgift-via-skatten-ar-ratta-losningen\/","url":"https:\/\/wp.kristdemokraterna.se\/laxa\/tv-avgift-via-skatten-ar-ratta-losningen\/","name":"Tv-avgift via skatten \u00e4r r\u00e4tta l\u00f6sningen - Lax\u00e5","isPartOf":{"@id":"https:\/\/wp.kristdemokraterna.se\/laxa\/#website"},"primaryImageOfPage":{"@id":"https:\/\/wp.kristdemokraterna.se\/laxa\/tv-avgift-via-skatten-ar-ratta-losningen\/#primaryimage"},"image":{"@id":"https:\/\/wp.kristdemokraterna.se\/laxa\/tv-avgift-via-skatten-ar-ratta-losningen\/#primaryimage"},"thumbnailUrl":"http:\/\/wp.kristdemokraterna.se\/laxa\/files\/2013\/11\/andreascarlson_580x200-540x186.jpg","datePublished":"2013-11-12T11:48:03+00:00","author":{"@id":"https:\/\/wp.kristdemokraterna.se\/laxa\/#\/schema\/person\/ccd2833372da9964aef749215a09cf35"},"breadcrumb":{"@id":"https:\/\/wp.kristdemokraterna.se\/laxa\/tv-avgift-via-skatten-ar-ratta-losningen\/#breadcrumb"},"inLanguage":"sv-SE","potentialAction":[{"@type":"ReadAction","target":["https:\/\/wp.kristdemokraterna.se\/laxa\/tv-avgift-via-skatten-ar-ratta-losningen\/"]}]},{"@type":"ImageObject","inLanguage":"sv-SE","@id":"https:\/\/wp.kristdemokraterna.se\/laxa\/tv-avgift-via-skatten-ar-ratta-losningen\/#primaryimage","url":"https:\/\/wp.kristdemokraterna.se\/laxa\/files\/2013\/11\/andreascarlson_580x200.jpg","contentUrl":"https:\/\/wp.kristdemokraterna.se\/laxa\/files\/2013\/11\/andreascarlson_580x200.jpg","width":580,"height":200},{"@type":"BreadcrumbList","@id":"https:\/\/wp.kristdemokraterna.se\/laxa\/tv-avgift-via-skatten-ar-ratta-losningen\/#breadcrumb","itemListElement":[{"@type":"ListItem","position":1,"name":"Hem","item":"https:\/\/wp.kristdemokraterna.se\/laxa\/"},{"@type":"ListItem","position":2,"name":"Tv-avgift via skatten \u00e4r r\u00e4tta l\u00f6sningen"}]},{"@type":"WebSite","@id":"https:\/\/wp.kristdemokraterna.se\/laxa\/#website","url":"https:\/\/wp.kristdemokraterna.se\/laxa\/","name":"Lax\u00e5","description":"En till Kristdemokraterna webbplats","inLanguage":"sv-SE"},{"@type":"Person","@id":"https:\/\/wp.kristdemokraterna.se\/laxa\/#\/schema\/person\/ccd2833372da9964aef749215a09cf35","name":"laxa","image":{"@type":"ImageObject","inLanguage":"sv-SE","@id":"https:\/\/secure.gravatar.com\/avatar\/8a8559c11839c3dd88243c3d984130c4a571386054cd359391be892596e017f4?s=96&r=g","url":"https:\/\/secure.gravatar.com\/avatar\/8a8559c11839c3dd88243c3d984130c4a571386054cd359391be892596e017f4?s=96&r=g","contentUrl":"https:\/\/secure.gravatar.com\/avatar\/8a8559c11839c3dd88243c3d984130c4a571386054cd359391be892596e017f4?s=96&r=g","caption":"laxa"},"url":"https:\/\/wp.kristdemokraterna.se\/laxa\/author\/laxa\/"}]}},"_links":{"self":[{"href":"https:\/\/wp.kristdemokraterna.se\/laxa\/wp-json\/wp\/v2\/posts\/196","targetHints":{"allow":["GET"]}}],"collection":[{"href":"https:\/\/wp.kristdemokraterna.se\/laxa\/wp-json\/wp\/v2\/posts"}],"about":[{"href":"https:\/\/wp.kristdemokraterna.se\/laxa\/wp-json\/wp\/v2\/types\/post"}],"author":[{"embeddable":true,"href":"https:\/\/wp.kristdemokraterna.se\/laxa\/wp-json\/wp\/v2\/users\/428"}],"replies":[{"embeddable":true,"href":"https:\/\/wp.kristdemokraterna.se\/laxa\/wp-json\/wp\/v2\/comments?post=196"}],"version-history":[{"count":1,"href":"https:\/\/wp.kristdemokraterna.se\/laxa\/wp-json\/wp\/v2\/posts\/196\/revisions"}],"predecessor-version":[{"id":198,"href":"https:\/\/wp.kristdemokraterna.se\/laxa\/wp-json\/wp\/v2\/posts\/196\/revisions\/198"}],"wp:attachment":[{"href":"https:\/\/wp.kristdemokraterna.se\/laxa\/wp-json\/wp\/v2\/media?parent=196"}],"wp:term":[{"taxonomy":"category","embeddable":true,"href":"https:\/\/wp.kristdemokraterna.se\/laxa\/wp-json\/wp\/v2\/categories?post=196"},{"taxonomy":"post_tag","embeddable":true,"href":"https:\/\/wp.kristdemokraterna.se\/laxa\/wp-json\/wp\/v2\/tags?post=196"}],"curies":[{"name":"wp","href":"https:\/\/api.w.org\/{rel}","templated":true}]}}