{"id":288,"date":"2014-02-12T10:20:08","date_gmt":"2014-02-12T09:20:08","guid":{"rendered":"http:\/\/wp.kristdemokraterna.se\/laxa\/?p=288"},"modified":"2014-02-12T10:20:08","modified_gmt":"2014-02-12T09:20:08","slug":"kallelse-till-arsmote","status":"publish","type":"post","link":"https:\/\/wp.kristdemokraterna.se\/laxa\/kallelse-till-arsmote\/","title":{"rendered":"Kallelse till \u00e5rsm\u00f6te"},"content":{"rendered":"<p>Kristdemokraterna i Lax\u00e5 kallar h\u00e4rmed alla medlemmar till ordinarie \u00e5rsm\u00f6te med middag p\u00e5 m\u00e5ndagen 17 februari, kl. 19:00 p\u00e5 restaurang Rastpunkt.<\/p>\n<p>\u00c5rsm\u00f6tet kommer att avhandla sedvanliga \u00e4renden, s\u00e5som val av styrelse, \u00e5rsber\u00e4ttelse, ansvarsfrihet, fastst\u00e4llande av medlemsavgift, etc.<\/p>\n<p>Vid \u00a0\u00e5rsm\u00f6tet kommer riksdagsledamot Lars-Axel Nordell och ombudsman Urban Svensson att rapportera fr\u00e5n riksdagsarbetet och verksamheten i l\u00e4net samt m\u00e5l f\u00f6r det kommande valet under h\u00f6sten 2014.<\/p>\n<p>Lokalavdelningen bjuder ocks\u00e5 p\u00e5 middag f\u00f6r alla medlemmar som start p\u00e5 \u00e5rsm\u00f6tet (avgift 50 kr). Anm\u00e4lan till Bo Rudolfsson 070-580 93 92<\/p>\n<p>V\u00e4lkommen till middag med \u00e5rsm\u00f6te!<\/p>\n","protected":false},"excerpt":{"rendered":"<p>Kristdemokraterna i Lax\u00e5 kallar h\u00e4rmed alla medlemmar till ordinarie \u00e5rsm\u00f6te med middag p\u00e5 m\u00e5ndagen 17 februari, kl. 19:00 p\u00e5 restaurang Rastpunkt. \u00c5rsm\u00f6tet kommer att avhandla sedvanliga \u00e4renden, s\u00e5som val av styrelse, \u00e5rsber\u00e4ttelse, ansvarsfrihet, fastst\u00e4llande av medlemsavgift, etc. Vid \u00a0\u00e5rsm\u00f6tet kommer riksdagsledamot Lars-Axel Nordell och ombudsman Urban Svensson att rapportera fr\u00e5n riksdagsarbetet och verksamheten i l\u00e4net <a class=\"read-more-link\" href=\"https:\/\/wp.kristdemokraterna.se\/laxa\/kallelse-till-arsmote\/\">Read More<\/a><\/p>\n","protected":false},"author":428,"featured_media":0,"comment_status":"open","ping_status":"open","sticky":false,"template":"","format":"standard","meta":{"_acf_changed":false,"footnotes":""},"categories":[1],"tags":[],"class_list":["post-288","post","type-post","status-publish","format-standard","hentry","category-okategoriserade"],"acf":[],"yoast_head":"<!-- This site is optimized with the Yoast SEO plugin v27.5 - https:\/\/yoast.com\/product\/yoast-seo-wordpress\/ -->\n<title>Kallelse till \u00e5rsm\u00f6te - Lax\u00e5<\/title>\n<meta name=\"robots\" content=\"index, follow, max-snippet:-1, max-image-preview:large, max-video-preview:-1\" \/>\n<link rel=\"canonical\" href=\"https:\/\/wp.kristdemokraterna.se\/laxa\/kallelse-till-arsmote\/\" \/>\n<meta property=\"og:locale\" content=\"sv_SE\" \/>\n<meta property=\"og:type\" content=\"article\" \/>\n<meta property=\"og:title\" content=\"Kallelse till \u00e5rsm\u00f6te - Lax\u00e5\" \/>\n<meta property=\"og:description\" content=\"Kristdemokraterna i Lax\u00e5 kallar h\u00e4rmed alla medlemmar till ordinarie \u00e5rsm\u00f6te med middag p\u00e5 m\u00e5ndagen 17 februari, kl. 19:00 p\u00e5 restaurang Rastpunkt. \u00c5rsm\u00f6tet kommer att avhandla sedvanliga \u00e4renden, s\u00e5som val av styrelse, \u00e5rsber\u00e4ttelse, ansvarsfrihet, fastst\u00e4llande av medlemsavgift, etc. Vid \u00a0\u00e5rsm\u00f6tet kommer riksdagsledamot Lars-Axel Nordell och ombudsman Urban Svensson att rapportera fr\u00e5n riksdagsarbetet och verksamheten i l\u00e4net Read More\" \/>\n<meta property=\"og:url\" content=\"https:\/\/wp.kristdemokraterna.se\/laxa\/kallelse-till-arsmote\/\" \/>\n<meta property=\"og:site_name\" content=\"Lax\u00e5\" \/>\n<meta property=\"article:published_time\" content=\"2014-02-12T09:20:08+00:00\" \/>\n<meta name=\"author\" content=\"laxa\" \/>\n<meta name=\"twitter:card\" content=\"summary_large_image\" \/>\n<meta name=\"twitter:label1\" content=\"Skriven av\" \/>\n\t<meta name=\"twitter:data1\" content=\"laxa\" \/>\n\t<meta name=\"twitter:label2\" content=\"Ber\u00e4knad l\u00e4stid\" \/>\n\t<meta name=\"twitter:data2\" content=\"1 minut\" \/>\n<script type=\"application\/ld+json\" class=\"yoast-schema-graph\">{\"@context\":\"https:\\\/\\\/schema.org\",\"@graph\":[{\"@type\":\"Article\",\"@id\":\"https:\\\/\\\/wp.kristdemokraterna.se\\\/laxa\\\/kallelse-till-arsmote\\\/#article\",\"isPartOf\":{\"@id\":\"https:\\\/\\\/wp.kristdemokraterna.se\\\/laxa\\\/kallelse-till-arsmote\\\/\"},\"author\":{\"name\":\"laxa\",\"@id\":\"https:\\\/\\\/wp.kristdemokraterna.se\\\/laxa\\\/#\\\/schema\\\/person\\\/ccd2833372da9964aef749215a09cf35\"},\"headline\":\"Kallelse till \u00e5rsm\u00f6te\",\"datePublished\":\"2014-02-12T09:20:08+00:00\",\"mainEntityOfPage\":{\"@id\":\"https:\\\/\\\/wp.kristdemokraterna.se\\\/laxa\\\/kallelse-till-arsmote\\\/\"},\"wordCount\":107,\"commentCount\":0,\"inLanguage\":\"sv-SE\"},{\"@type\":\"WebPage\",\"@id\":\"https:\\\/\\\/wp.kristdemokraterna.se\\\/laxa\\\/kallelse-till-arsmote\\\/\",\"url\":\"https:\\\/\\\/wp.kristdemokraterna.se\\\/laxa\\\/kallelse-till-arsmote\\\/\",\"name\":\"Kallelse till \u00e5rsm\u00f6te - Lax\u00e5\",\"isPartOf\":{\"@id\":\"https:\\\/\\\/wp.kristdemokraterna.se\\\/laxa\\\/#website\"},\"datePublished\":\"2014-02-12T09:20:08+00:00\",\"author\":{\"@id\":\"https:\\\/\\\/wp.kristdemokraterna.se\\\/laxa\\\/#\\\/schema\\\/person\\\/ccd2833372da9964aef749215a09cf35\"},\"breadcrumb\":{\"@id\":\"https:\\\/\\\/wp.kristdemokraterna.se\\\/laxa\\\/kallelse-till-arsmote\\\/#breadcrumb\"},\"inLanguage\":\"sv-SE\",\"potentialAction\":[{\"@type\":\"ReadAction\",\"target\":[\"https:\\\/\\\/wp.kristdemokraterna.se\\\/laxa\\\/kallelse-till-arsmote\\\/\"]}]},{\"@type\":\"BreadcrumbList\",\"@id\":\"https:\\\/\\\/wp.kristdemokraterna.se\\\/laxa\\\/kallelse-till-arsmote\\\/#breadcrumb\",\"itemListElement\":[{\"@type\":\"ListItem\",\"position\":1,\"name\":\"Hem\",\"item\":\"https:\\\/\\\/wp.kristdemokraterna.se\\\/laxa\\\/\"},{\"@type\":\"ListItem\",\"position\":2,\"name\":\"Kallelse till \u00e5rsm\u00f6te\"}]},{\"@type\":\"WebSite\",\"@id\":\"https:\\\/\\\/wp.kristdemokraterna.se\\\/laxa\\\/#website\",\"url\":\"https:\\\/\\\/wp.kristdemokraterna.se\\\/laxa\\\/\",\"name\":\"Lax\u00e5\",\"description\":\"En till Kristdemokraterna webbplats\",\"inLanguage\":\"sv-SE\"},{\"@type\":\"Person\",\"@id\":\"https:\\\/\\\/wp.kristdemokraterna.se\\\/laxa\\\/#\\\/schema\\\/person\\\/ccd2833372da9964aef749215a09cf35\",\"name\":\"laxa\",\"image\":{\"@type\":\"ImageObject\",\"inLanguage\":\"sv-SE\",\"@id\":\"https:\\\/\\\/secure.gravatar.com\\\/avatar\\\/8a8559c11839c3dd88243c3d984130c4a571386054cd359391be892596e017f4?s=96&r=g\",\"url\":\"https:\\\/\\\/secure.gravatar.com\\\/avatar\\\/8a8559c11839c3dd88243c3d984130c4a571386054cd359391be892596e017f4?s=96&r=g\",\"contentUrl\":\"https:\\\/\\\/secure.gravatar.com\\\/avatar\\\/8a8559c11839c3dd88243c3d984130c4a571386054cd359391be892596e017f4?s=96&r=g\",\"caption\":\"laxa\"},\"url\":\"https:\\\/\\\/wp.kristdemokraterna.se\\\/laxa\\\/author\\\/laxa\\\/\"}]}<\/script>\n<!-- \/ Yoast SEO plugin. -->","yoast_head_json":{"title":"Kallelse till \u00e5rsm\u00f6te - Lax\u00e5","robots":{"index":"index","follow":"follow","max-snippet":"max-snippet:-1","max-image-preview":"max-image-preview:large","max-video-preview":"max-video-preview:-1"},"canonical":"https:\/\/wp.kristdemokraterna.se\/laxa\/kallelse-till-arsmote\/","og_locale":"sv_SE","og_type":"article","og_title":"Kallelse till \u00e5rsm\u00f6te - Lax\u00e5","og_description":"Kristdemokraterna i Lax\u00e5 kallar h\u00e4rmed alla medlemmar till ordinarie \u00e5rsm\u00f6te med middag p\u00e5 m\u00e5ndagen 17 februari, kl. 19:00 p\u00e5 restaurang Rastpunkt. \u00c5rsm\u00f6tet kommer att avhandla sedvanliga \u00e4renden, s\u00e5som val av styrelse, \u00e5rsber\u00e4ttelse, ansvarsfrihet, fastst\u00e4llande av medlemsavgift, etc. Vid \u00a0\u00e5rsm\u00f6tet kommer riksdagsledamot Lars-Axel Nordell och ombudsman Urban Svensson att rapportera fr\u00e5n riksdagsarbetet och verksamheten i l\u00e4net Read More","og_url":"https:\/\/wp.kristdemokraterna.se\/laxa\/kallelse-till-arsmote\/","og_site_name":"Lax\u00e5","article_published_time":"2014-02-12T09:20:08+00:00","author":"laxa","twitter_card":"summary_large_image","twitter_misc":{"Skriven av":"laxa","Ber\u00e4knad l\u00e4stid":"1 minut"},"schema":{"@context":"https:\/\/schema.org","@graph":[{"@type":"Article","@id":"https:\/\/wp.kristdemokraterna.se\/laxa\/kallelse-till-arsmote\/#article","isPartOf":{"@id":"https:\/\/wp.kristdemokraterna.se\/laxa\/kallelse-till-arsmote\/"},"author":{"name":"laxa","@id":"https:\/\/wp.kristdemokraterna.se\/laxa\/#\/schema\/person\/ccd2833372da9964aef749215a09cf35"},"headline":"Kallelse till \u00e5rsm\u00f6te","datePublished":"2014-02-12T09:20:08+00:00","mainEntityOfPage":{"@id":"https:\/\/wp.kristdemokraterna.se\/laxa\/kallelse-till-arsmote\/"},"wordCount":107,"commentCount":0,"inLanguage":"sv-SE"},{"@type":"WebPage","@id":"https:\/\/wp.kristdemokraterna.se\/laxa\/kallelse-till-arsmote\/","url":"https:\/\/wp.kristdemokraterna.se\/laxa\/kallelse-till-arsmote\/","name":"Kallelse till \u00e5rsm\u00f6te - Lax\u00e5","isPartOf":{"@id":"https:\/\/wp.kristdemokraterna.se\/laxa\/#website"},"datePublished":"2014-02-12T09:20:08+00:00","author":{"@id":"https:\/\/wp.kristdemokraterna.se\/laxa\/#\/schema\/person\/ccd2833372da9964aef749215a09cf35"},"breadcrumb":{"@id":"https:\/\/wp.kristdemokraterna.se\/laxa\/kallelse-till-arsmote\/#breadcrumb"},"inLanguage":"sv-SE","potentialAction":[{"@type":"ReadAction","target":["https:\/\/wp.kristdemokraterna.se\/laxa\/kallelse-till-arsmote\/"]}]},{"@type":"BreadcrumbList","@id":"https:\/\/wp.kristdemokraterna.se\/laxa\/kallelse-till-arsmote\/#breadcrumb","itemListElement":[{"@type":"ListItem","position":1,"name":"Hem","item":"https:\/\/wp.kristdemokraterna.se\/laxa\/"},{"@type":"ListItem","position":2,"name":"Kallelse till \u00e5rsm\u00f6te"}]},{"@type":"WebSite","@id":"https:\/\/wp.kristdemokraterna.se\/laxa\/#website","url":"https:\/\/wp.kristdemokraterna.se\/laxa\/","name":"Lax\u00e5","description":"En till Kristdemokraterna webbplats","inLanguage":"sv-SE"},{"@type":"Person","@id":"https:\/\/wp.kristdemokraterna.se\/laxa\/#\/schema\/person\/ccd2833372da9964aef749215a09cf35","name":"laxa","image":{"@type":"ImageObject","inLanguage":"sv-SE","@id":"https:\/\/secure.gravatar.com\/avatar\/8a8559c11839c3dd88243c3d984130c4a571386054cd359391be892596e017f4?s=96&r=g","url":"https:\/\/secure.gravatar.com\/avatar\/8a8559c11839c3dd88243c3d984130c4a571386054cd359391be892596e017f4?s=96&r=g","contentUrl":"https:\/\/secure.gravatar.com\/avatar\/8a8559c11839c3dd88243c3d984130c4a571386054cd359391be892596e017f4?s=96&r=g","caption":"laxa"},"url":"https:\/\/wp.kristdemokraterna.se\/laxa\/author\/laxa\/"}]}},"_links":{"self":[{"href":"https:\/\/wp.kristdemokraterna.se\/laxa\/wp-json\/wp\/v2\/posts\/288","targetHints":{"allow":["GET"]}}],"collection":[{"href":"https:\/\/wp.kristdemokraterna.se\/laxa\/wp-json\/wp\/v2\/posts"}],"about":[{"href":"https:\/\/wp.kristdemokraterna.se\/laxa\/wp-json\/wp\/v2\/types\/post"}],"author":[{"embeddable":true,"href":"https:\/\/wp.kristdemokraterna.se\/laxa\/wp-json\/wp\/v2\/users\/428"}],"replies":[{"embeddable":true,"href":"https:\/\/wp.kristdemokraterna.se\/laxa\/wp-json\/wp\/v2\/comments?post=288"}],"version-history":[{"count":2,"href":"https:\/\/wp.kristdemokraterna.se\/laxa\/wp-json\/wp\/v2\/posts\/288\/revisions"}],"predecessor-version":[{"id":290,"href":"https:\/\/wp.kristdemokraterna.se\/laxa\/wp-json\/wp\/v2\/posts\/288\/revisions\/290"}],"wp:attachment":[{"href":"https:\/\/wp.kristdemokraterna.se\/laxa\/wp-json\/wp\/v2\/media?parent=288"}],"wp:term":[{"taxonomy":"category","embeddable":true,"href":"https:\/\/wp.kristdemokraterna.se\/laxa\/wp-json\/wp\/v2\/categories?post=288"},{"taxonomy":"post_tag","embeddable":true,"href":"https:\/\/wp.kristdemokraterna.se\/laxa\/wp-json\/wp\/v2\/tags?post=288"}],"curies":[{"name":"wp","href":"https:\/\/api.w.org\/{rel}","templated":true}]}}