{"id":291,"date":"2014-02-12T11:42:01","date_gmt":"2014-02-12T10:42:01","guid":{"rendered":"http:\/\/wp.kristdemokraterna.se\/laxa\/?p=291"},"modified":"2014-02-12T11:47:02","modified_gmt":"2014-02-12T10:47:02","slug":"kommunfullmaktige-12-februari","status":"publish","type":"post","link":"https:\/\/wp.kristdemokraterna.se\/laxa\/kommunfullmaktige-12-februari\/","title":{"rendered":"Kommunfullm\u00e4ktige 12 februari"},"content":{"rendered":"<p>Ikv\u00e4ll 12 februari kl. 18:30 har Lax\u00e5 Kommunfullm\u00e4ktige sammantr\u00e4de p\u00e5 Kunskapens Hus. <a href=\"http:\/\/www.laxa.se\/nyheter\/kungorelsekommunfullmaktige.2831.html\">Klicka h\u00e4r f<\/a>\u00f6r att l\u00e4sa\u00a0vilka \u00e4renden som ska behandlas, men det politiskt mest kontroversiella \u00e4rendet \u00e4r flytt av Hasselfors skola till Centralskolan omr\u00e5de.<\/p>\n<p>Kristdemokraterna har sedan diskussionen om skolorganisationen b\u00f6rjade hela tiden h\u00e4vdat att det bara b\u00f6r finnas en l\u00e5gstadieskola i Lax\u00e5 t\u00e4tort, detta betyder att om drygt h\u00e4lften av Hasselfors skola flyttas s\u00e5 b\u00f6r den flyttas till Salt\u00e4ngsskolan och inte till Centralskolan.<\/p>\n<p>Detta skulle ocks\u00e5 inneb\u00e4ra att f\u00f6rskolan Linnean kan f\u00e5 vara kvar i nuvarande lokaler i von Boij-omr\u00e5det och att Lax\u00e5Hem fortsatt kan r\u00e4kna med en int\u00e4ckt f\u00f6r uthyrningen av Linnean.<\/p>\n","protected":false},"excerpt":{"rendered":"<p>Ikv\u00e4ll 12 februari kl. 18:30 har Lax\u00e5 Kommunfullm\u00e4ktige sammantr\u00e4de p\u00e5 Kunskapens Hus. Klicka h\u00e4r f\u00f6r att l\u00e4sa\u00a0vilka \u00e4renden som ska behandlas, men det politiskt mest kontroversiella \u00e4rendet \u00e4r flytt av Hasselfors skola till Centralskolan omr\u00e5de. Kristdemokraterna har sedan diskussionen om skolorganisationen b\u00f6rjade hela tiden h\u00e4vdat att det bara b\u00f6r finnas en l\u00e5gstadieskola i Lax\u00e5 t\u00e4tort, <a class=\"read-more-link\" href=\"https:\/\/wp.kristdemokraterna.se\/laxa\/kommunfullmaktige-12-februari\/\">Read More<\/a><\/p>\n","protected":false},"author":428,"featured_media":0,"comment_status":"open","ping_status":"open","sticky":false,"template":"","format":"standard","meta":{"_acf_changed":false,"footnotes":""},"categories":[1],"tags":[],"class_list":["post-291","post","type-post","status-publish","format-standard","hentry","category-okategoriserade"],"acf":[],"yoast_head":"<!-- This site is optimized with the Yoast SEO plugin v27.5 - https:\/\/yoast.com\/product\/yoast-seo-wordpress\/ -->\n<title>Kommunfullm\u00e4ktige 12 februari - Lax\u00e5<\/title>\n<meta name=\"robots\" content=\"index, follow, max-snippet:-1, max-image-preview:large, max-video-preview:-1\" \/>\n<link rel=\"canonical\" href=\"https:\/\/wp.kristdemokraterna.se\/laxa\/kommunfullmaktige-12-februari\/\" \/>\n<meta property=\"og:locale\" content=\"sv_SE\" \/>\n<meta property=\"og:type\" content=\"article\" \/>\n<meta property=\"og:title\" content=\"Kommunfullm\u00e4ktige 12 februari - Lax\u00e5\" \/>\n<meta property=\"og:description\" content=\"Ikv\u00e4ll 12 februari kl. 18:30 har Lax\u00e5 Kommunfullm\u00e4ktige sammantr\u00e4de p\u00e5 Kunskapens Hus. Klicka h\u00e4r f\u00f6r att l\u00e4sa\u00a0vilka \u00e4renden som ska behandlas, men det politiskt mest kontroversiella \u00e4rendet \u00e4r flytt av Hasselfors skola till Centralskolan omr\u00e5de. Kristdemokraterna har sedan diskussionen om skolorganisationen b\u00f6rjade hela tiden h\u00e4vdat att det bara b\u00f6r finnas en l\u00e5gstadieskola i Lax\u00e5 t\u00e4tort, Read More\" \/>\n<meta property=\"og:url\" content=\"https:\/\/wp.kristdemokraterna.se\/laxa\/kommunfullmaktige-12-februari\/\" \/>\n<meta property=\"og:site_name\" content=\"Lax\u00e5\" \/>\n<meta property=\"article:published_time\" content=\"2014-02-12T10:42:01+00:00\" \/>\n<meta property=\"article:modified_time\" content=\"2014-02-12T10:47:02+00:00\" \/>\n<meta name=\"author\" content=\"laxa\" \/>\n<meta name=\"twitter:card\" content=\"summary_large_image\" \/>\n<meta name=\"twitter:label1\" content=\"Skriven av\" \/>\n\t<meta name=\"twitter:data1\" content=\"laxa\" \/>\n\t<meta name=\"twitter:label2\" content=\"Ber\u00e4knad l\u00e4stid\" \/>\n\t<meta name=\"twitter:data2\" content=\"1 minut\" \/>\n<script type=\"application\/ld+json\" class=\"yoast-schema-graph\">{\"@context\":\"https:\\\/\\\/schema.org\",\"@graph\":[{\"@type\":\"Article\",\"@id\":\"https:\\\/\\\/wp.kristdemokraterna.se\\\/laxa\\\/kommunfullmaktige-12-februari\\\/#article\",\"isPartOf\":{\"@id\":\"https:\\\/\\\/wp.kristdemokraterna.se\\\/laxa\\\/kommunfullmaktige-12-februari\\\/\"},\"author\":{\"name\":\"laxa\",\"@id\":\"https:\\\/\\\/wp.kristdemokraterna.se\\\/laxa\\\/#\\\/schema\\\/person\\\/ccd2833372da9964aef749215a09cf35\"},\"headline\":\"Kommunfullm\u00e4ktige 12 februari\",\"datePublished\":\"2014-02-12T10:42:01+00:00\",\"dateModified\":\"2014-02-12T10:47:02+00:00\",\"mainEntityOfPage\":{\"@id\":\"https:\\\/\\\/wp.kristdemokraterna.se\\\/laxa\\\/kommunfullmaktige-12-februari\\\/\"},\"wordCount\":129,\"commentCount\":0,\"inLanguage\":\"sv-SE\"},{\"@type\":\"WebPage\",\"@id\":\"https:\\\/\\\/wp.kristdemokraterna.se\\\/laxa\\\/kommunfullmaktige-12-februari\\\/\",\"url\":\"https:\\\/\\\/wp.kristdemokraterna.se\\\/laxa\\\/kommunfullmaktige-12-februari\\\/\",\"name\":\"Kommunfullm\u00e4ktige 12 februari - Lax\u00e5\",\"isPartOf\":{\"@id\":\"https:\\\/\\\/wp.kristdemokraterna.se\\\/laxa\\\/#website\"},\"datePublished\":\"2014-02-12T10:42:01+00:00\",\"dateModified\":\"2014-02-12T10:47:02+00:00\",\"author\":{\"@id\":\"https:\\\/\\\/wp.kristdemokraterna.se\\\/laxa\\\/#\\\/schema\\\/person\\\/ccd2833372da9964aef749215a09cf35\"},\"breadcrumb\":{\"@id\":\"https:\\\/\\\/wp.kristdemokraterna.se\\\/laxa\\\/kommunfullmaktige-12-februari\\\/#breadcrumb\"},\"inLanguage\":\"sv-SE\",\"potentialAction\":[{\"@type\":\"ReadAction\",\"target\":[\"https:\\\/\\\/wp.kristdemokraterna.se\\\/laxa\\\/kommunfullmaktige-12-februari\\\/\"]}]},{\"@type\":\"BreadcrumbList\",\"@id\":\"https:\\\/\\\/wp.kristdemokraterna.se\\\/laxa\\\/kommunfullmaktige-12-februari\\\/#breadcrumb\",\"itemListElement\":[{\"@type\":\"ListItem\",\"position\":1,\"name\":\"Hem\",\"item\":\"https:\\\/\\\/wp.kristdemokraterna.se\\\/laxa\\\/\"},{\"@type\":\"ListItem\",\"position\":2,\"name\":\"Kommunfullm\u00e4ktige 12 februari\"}]},{\"@type\":\"WebSite\",\"@id\":\"https:\\\/\\\/wp.kristdemokraterna.se\\\/laxa\\\/#website\",\"url\":\"https:\\\/\\\/wp.kristdemokraterna.se\\\/laxa\\\/\",\"name\":\"Lax\u00e5\",\"description\":\"En till Kristdemokraterna webbplats\",\"inLanguage\":\"sv-SE\"},{\"@type\":\"Person\",\"@id\":\"https:\\\/\\\/wp.kristdemokraterna.se\\\/laxa\\\/#\\\/schema\\\/person\\\/ccd2833372da9964aef749215a09cf35\",\"name\":\"laxa\",\"image\":{\"@type\":\"ImageObject\",\"inLanguage\":\"sv-SE\",\"@id\":\"https:\\\/\\\/secure.gravatar.com\\\/avatar\\\/8a8559c11839c3dd88243c3d984130c4a571386054cd359391be892596e017f4?s=96&r=g\",\"url\":\"https:\\\/\\\/secure.gravatar.com\\\/avatar\\\/8a8559c11839c3dd88243c3d984130c4a571386054cd359391be892596e017f4?s=96&r=g\",\"contentUrl\":\"https:\\\/\\\/secure.gravatar.com\\\/avatar\\\/8a8559c11839c3dd88243c3d984130c4a571386054cd359391be892596e017f4?s=96&r=g\",\"caption\":\"laxa\"},\"url\":\"https:\\\/\\\/wp.kristdemokraterna.se\\\/laxa\\\/author\\\/laxa\\\/\"}]}<\/script>\n<!-- \/ Yoast SEO plugin. -->","yoast_head_json":{"title":"Kommunfullm\u00e4ktige 12 februari - Lax\u00e5","robots":{"index":"index","follow":"follow","max-snippet":"max-snippet:-1","max-image-preview":"max-image-preview:large","max-video-preview":"max-video-preview:-1"},"canonical":"https:\/\/wp.kristdemokraterna.se\/laxa\/kommunfullmaktige-12-februari\/","og_locale":"sv_SE","og_type":"article","og_title":"Kommunfullm\u00e4ktige 12 februari - Lax\u00e5","og_description":"Ikv\u00e4ll 12 februari kl. 18:30 har Lax\u00e5 Kommunfullm\u00e4ktige sammantr\u00e4de p\u00e5 Kunskapens Hus. Klicka h\u00e4r f\u00f6r att l\u00e4sa\u00a0vilka \u00e4renden som ska behandlas, men det politiskt mest kontroversiella \u00e4rendet \u00e4r flytt av Hasselfors skola till Centralskolan omr\u00e5de. Kristdemokraterna har sedan diskussionen om skolorganisationen b\u00f6rjade hela tiden h\u00e4vdat att det bara b\u00f6r finnas en l\u00e5gstadieskola i Lax\u00e5 t\u00e4tort, Read More","og_url":"https:\/\/wp.kristdemokraterna.se\/laxa\/kommunfullmaktige-12-februari\/","og_site_name":"Lax\u00e5","article_published_time":"2014-02-12T10:42:01+00:00","article_modified_time":"2014-02-12T10:47:02+00:00","author":"laxa","twitter_card":"summary_large_image","twitter_misc":{"Skriven av":"laxa","Ber\u00e4knad l\u00e4stid":"1 minut"},"schema":{"@context":"https:\/\/schema.org","@graph":[{"@type":"Article","@id":"https:\/\/wp.kristdemokraterna.se\/laxa\/kommunfullmaktige-12-februari\/#article","isPartOf":{"@id":"https:\/\/wp.kristdemokraterna.se\/laxa\/kommunfullmaktige-12-februari\/"},"author":{"name":"laxa","@id":"https:\/\/wp.kristdemokraterna.se\/laxa\/#\/schema\/person\/ccd2833372da9964aef749215a09cf35"},"headline":"Kommunfullm\u00e4ktige 12 februari","datePublished":"2014-02-12T10:42:01+00:00","dateModified":"2014-02-12T10:47:02+00:00","mainEntityOfPage":{"@id":"https:\/\/wp.kristdemokraterna.se\/laxa\/kommunfullmaktige-12-februari\/"},"wordCount":129,"commentCount":0,"inLanguage":"sv-SE"},{"@type":"WebPage","@id":"https:\/\/wp.kristdemokraterna.se\/laxa\/kommunfullmaktige-12-februari\/","url":"https:\/\/wp.kristdemokraterna.se\/laxa\/kommunfullmaktige-12-februari\/","name":"Kommunfullm\u00e4ktige 12 februari - Lax\u00e5","isPartOf":{"@id":"https:\/\/wp.kristdemokraterna.se\/laxa\/#website"},"datePublished":"2014-02-12T10:42:01+00:00","dateModified":"2014-02-12T10:47:02+00:00","author":{"@id":"https:\/\/wp.kristdemokraterna.se\/laxa\/#\/schema\/person\/ccd2833372da9964aef749215a09cf35"},"breadcrumb":{"@id":"https:\/\/wp.kristdemokraterna.se\/laxa\/kommunfullmaktige-12-februari\/#breadcrumb"},"inLanguage":"sv-SE","potentialAction":[{"@type":"ReadAction","target":["https:\/\/wp.kristdemokraterna.se\/laxa\/kommunfullmaktige-12-februari\/"]}]},{"@type":"BreadcrumbList","@id":"https:\/\/wp.kristdemokraterna.se\/laxa\/kommunfullmaktige-12-februari\/#breadcrumb","itemListElement":[{"@type":"ListItem","position":1,"name":"Hem","item":"https:\/\/wp.kristdemokraterna.se\/laxa\/"},{"@type":"ListItem","position":2,"name":"Kommunfullm\u00e4ktige 12 februari"}]},{"@type":"WebSite","@id":"https:\/\/wp.kristdemokraterna.se\/laxa\/#website","url":"https:\/\/wp.kristdemokraterna.se\/laxa\/","name":"Lax\u00e5","description":"En till Kristdemokraterna webbplats","inLanguage":"sv-SE"},{"@type":"Person","@id":"https:\/\/wp.kristdemokraterna.se\/laxa\/#\/schema\/person\/ccd2833372da9964aef749215a09cf35","name":"laxa","image":{"@type":"ImageObject","inLanguage":"sv-SE","@id":"https:\/\/secure.gravatar.com\/avatar\/8a8559c11839c3dd88243c3d984130c4a571386054cd359391be892596e017f4?s=96&r=g","url":"https:\/\/secure.gravatar.com\/avatar\/8a8559c11839c3dd88243c3d984130c4a571386054cd359391be892596e017f4?s=96&r=g","contentUrl":"https:\/\/secure.gravatar.com\/avatar\/8a8559c11839c3dd88243c3d984130c4a571386054cd359391be892596e017f4?s=96&r=g","caption":"laxa"},"url":"https:\/\/wp.kristdemokraterna.se\/laxa\/author\/laxa\/"}]}},"_links":{"self":[{"href":"https:\/\/wp.kristdemokraterna.se\/laxa\/wp-json\/wp\/v2\/posts\/291","targetHints":{"allow":["GET"]}}],"collection":[{"href":"https:\/\/wp.kristdemokraterna.se\/laxa\/wp-json\/wp\/v2\/posts"}],"about":[{"href":"https:\/\/wp.kristdemokraterna.se\/laxa\/wp-json\/wp\/v2\/types\/post"}],"author":[{"embeddable":true,"href":"https:\/\/wp.kristdemokraterna.se\/laxa\/wp-json\/wp\/v2\/users\/428"}],"replies":[{"embeddable":true,"href":"https:\/\/wp.kristdemokraterna.se\/laxa\/wp-json\/wp\/v2\/comments?post=291"}],"version-history":[{"count":4,"href":"https:\/\/wp.kristdemokraterna.se\/laxa\/wp-json\/wp\/v2\/posts\/291\/revisions"}],"predecessor-version":[{"id":295,"href":"https:\/\/wp.kristdemokraterna.se\/laxa\/wp-json\/wp\/v2\/posts\/291\/revisions\/295"}],"wp:attachment":[{"href":"https:\/\/wp.kristdemokraterna.se\/laxa\/wp-json\/wp\/v2\/media?parent=291"}],"wp:term":[{"taxonomy":"category","embeddable":true,"href":"https:\/\/wp.kristdemokraterna.se\/laxa\/wp-json\/wp\/v2\/categories?post=291"},{"taxonomy":"post_tag","embeddable":true,"href":"https:\/\/wp.kristdemokraterna.se\/laxa\/wp-json\/wp\/v2\/tags?post=291"}],"curies":[{"name":"wp","href":"https:\/\/api.w.org\/{rel}","templated":true}]}}