{"id":469,"date":"2014-07-05T09:33:35","date_gmt":"2014-07-05T07:33:35","guid":{"rendered":"http:\/\/wp.kristdemokraterna.se\/laxa\/?p=469"},"modified":"2014-07-05T09:33:35","modified_gmt":"2014-07-05T07:33:35","slug":"annu-dyrare-for-skolflytten","status":"publish","type":"post","link":"https:\/\/wp.kristdemokraterna.se\/laxa\/annu-dyrare-for-skolflytten\/","title":{"rendered":"\u00c4nnu dyrare f\u00f6r skolflytten!"},"content":{"rendered":"<p>NA presenterar kompletterande nyheter att kostnaden f\u00f6r skolflytten \u00e4r\u00a0ytterligare 5,2 miljoner kronor ut\u00f6ver sj\u00e4lvskolflytten p\u00e5 17 miljoner kronor. L\u00e4s artikeln<a href=\"http:\/\/na.se\/nyheter\/laxa\/1.2550173-skolprojektet-kostar-ytterligare-5-2-miljoner\"> h\u00e4r!<\/a><\/p>\n<p>Vid det extra kommunfullm\u00e4ktige som var i onsdags 2 juli r\u00f6stade st\u00f6rre delen av Ett b\u00e4ttre Lax\u00e5 nej till f\u00f6rslaget att ut\u00f6ka finansieringen f\u00f6r flytten. Folkpartiet lade ned sin r\u00f6ster.<\/p>\n<p>&nbsp;<\/p>\n","protected":false},"excerpt":{"rendered":"<p>NA presenterar kompletterande nyheter att kostnaden f\u00f6r skolflytten \u00e4r\u00a0ytterligare 5,2 miljoner kronor ut\u00f6ver sj\u00e4lvskolflytten p\u00e5 17 miljoner kronor. L\u00e4s artikeln h\u00e4r! Vid det extra kommunfullm\u00e4ktige som var i onsdags 2 juli r\u00f6stade st\u00f6rre delen av Ett b\u00e4ttre Lax\u00e5 nej till f\u00f6rslaget att ut\u00f6ka finansieringen f\u00f6r flytten. Folkpartiet lade ned sin r\u00f6ster. &nbsp;<\/p>\n","protected":false},"author":428,"featured_media":0,"comment_status":"closed","ping_status":"closed","sticky":false,"template":"","format":"standard","meta":{"_acf_changed":false,"footnotes":""},"categories":[1],"tags":[],"class_list":["post-469","post","type-post","status-publish","format-standard","hentry","category-okategoriserade"],"acf":[],"yoast_head":"<!-- This site is optimized with the Yoast SEO plugin v27.5 - https:\/\/yoast.com\/product\/yoast-seo-wordpress\/ -->\n<title>\u00c4nnu dyrare f\u00f6r skolflytten! - Lax\u00e5<\/title>\n<meta name=\"robots\" content=\"index, follow, max-snippet:-1, max-image-preview:large, max-video-preview:-1\" \/>\n<link rel=\"canonical\" href=\"https:\/\/wp.kristdemokraterna.se\/laxa\/annu-dyrare-for-skolflytten\/\" \/>\n<meta property=\"og:locale\" content=\"sv_SE\" \/>\n<meta property=\"og:type\" content=\"article\" \/>\n<meta property=\"og:title\" content=\"\u00c4nnu dyrare f\u00f6r skolflytten! - Lax\u00e5\" \/>\n<meta property=\"og:description\" content=\"NA presenterar kompletterande nyheter att kostnaden f\u00f6r skolflytten \u00e4r\u00a0ytterligare 5,2 miljoner kronor ut\u00f6ver sj\u00e4lvskolflytten p\u00e5 17 miljoner kronor. L\u00e4s artikeln h\u00e4r! Vid det extra kommunfullm\u00e4ktige som var i onsdags 2 juli r\u00f6stade st\u00f6rre delen av Ett b\u00e4ttre Lax\u00e5 nej till f\u00f6rslaget att ut\u00f6ka finansieringen f\u00f6r flytten. Folkpartiet lade ned sin r\u00f6ster. &nbsp;\" \/>\n<meta property=\"og:url\" content=\"https:\/\/wp.kristdemokraterna.se\/laxa\/annu-dyrare-for-skolflytten\/\" \/>\n<meta property=\"og:site_name\" content=\"Lax\u00e5\" \/>\n<meta property=\"article:published_time\" content=\"2014-07-05T07:33:35+00:00\" \/>\n<meta name=\"author\" content=\"laxa\" \/>\n<meta name=\"twitter:card\" content=\"summary_large_image\" \/>\n<meta name=\"twitter:label1\" content=\"Skriven av\" \/>\n\t<meta name=\"twitter:data1\" content=\"laxa\" \/>\n<script type=\"application\/ld+json\" class=\"yoast-schema-graph\">{\"@context\":\"https:\\\/\\\/schema.org\",\"@graph\":[{\"@type\":\"Article\",\"@id\":\"https:\\\/\\\/wp.kristdemokraterna.se\\\/laxa\\\/annu-dyrare-for-skolflytten\\\/#article\",\"isPartOf\":{\"@id\":\"https:\\\/\\\/wp.kristdemokraterna.se\\\/laxa\\\/annu-dyrare-for-skolflytten\\\/\"},\"author\":{\"name\":\"laxa\",\"@id\":\"https:\\\/\\\/wp.kristdemokraterna.se\\\/laxa\\\/#\\\/schema\\\/person\\\/ccd2833372da9964aef749215a09cf35\"},\"headline\":\"\u00c4nnu dyrare f\u00f6r skolflytten!\",\"datePublished\":\"2014-07-05T07:33:35+00:00\",\"mainEntityOfPage\":{\"@id\":\"https:\\\/\\\/wp.kristdemokraterna.se\\\/laxa\\\/annu-dyrare-for-skolflytten\\\/\"},\"wordCount\":68,\"inLanguage\":\"sv-SE\"},{\"@type\":\"WebPage\",\"@id\":\"https:\\\/\\\/wp.kristdemokraterna.se\\\/laxa\\\/annu-dyrare-for-skolflytten\\\/\",\"url\":\"https:\\\/\\\/wp.kristdemokraterna.se\\\/laxa\\\/annu-dyrare-for-skolflytten\\\/\",\"name\":\"\u00c4nnu dyrare f\u00f6r skolflytten! - Lax\u00e5\",\"isPartOf\":{\"@id\":\"https:\\\/\\\/wp.kristdemokraterna.se\\\/laxa\\\/#website\"},\"datePublished\":\"2014-07-05T07:33:35+00:00\",\"author\":{\"@id\":\"https:\\\/\\\/wp.kristdemokraterna.se\\\/laxa\\\/#\\\/schema\\\/person\\\/ccd2833372da9964aef749215a09cf35\"},\"breadcrumb\":{\"@id\":\"https:\\\/\\\/wp.kristdemokraterna.se\\\/laxa\\\/annu-dyrare-for-skolflytten\\\/#breadcrumb\"},\"inLanguage\":\"sv-SE\",\"potentialAction\":[{\"@type\":\"ReadAction\",\"target\":[\"https:\\\/\\\/wp.kristdemokraterna.se\\\/laxa\\\/annu-dyrare-for-skolflytten\\\/\"]}]},{\"@type\":\"BreadcrumbList\",\"@id\":\"https:\\\/\\\/wp.kristdemokraterna.se\\\/laxa\\\/annu-dyrare-for-skolflytten\\\/#breadcrumb\",\"itemListElement\":[{\"@type\":\"ListItem\",\"position\":1,\"name\":\"Hem\",\"item\":\"https:\\\/\\\/wp.kristdemokraterna.se\\\/laxa\\\/\"},{\"@type\":\"ListItem\",\"position\":2,\"name\":\"\u00c4nnu dyrare f\u00f6r skolflytten!\"}]},{\"@type\":\"WebSite\",\"@id\":\"https:\\\/\\\/wp.kristdemokraterna.se\\\/laxa\\\/#website\",\"url\":\"https:\\\/\\\/wp.kristdemokraterna.se\\\/laxa\\\/\",\"name\":\"Lax\u00e5\",\"description\":\"En till Kristdemokraterna webbplats\",\"inLanguage\":\"sv-SE\"},{\"@type\":\"Person\",\"@id\":\"https:\\\/\\\/wp.kristdemokraterna.se\\\/laxa\\\/#\\\/schema\\\/person\\\/ccd2833372da9964aef749215a09cf35\",\"name\":\"laxa\",\"image\":{\"@type\":\"ImageObject\",\"inLanguage\":\"sv-SE\",\"@id\":\"https:\\\/\\\/secure.gravatar.com\\\/avatar\\\/8a8559c11839c3dd88243c3d984130c4a571386054cd359391be892596e017f4?s=96&r=g\",\"url\":\"https:\\\/\\\/secure.gravatar.com\\\/avatar\\\/8a8559c11839c3dd88243c3d984130c4a571386054cd359391be892596e017f4?s=96&r=g\",\"contentUrl\":\"https:\\\/\\\/secure.gravatar.com\\\/avatar\\\/8a8559c11839c3dd88243c3d984130c4a571386054cd359391be892596e017f4?s=96&r=g\",\"caption\":\"laxa\"},\"url\":\"https:\\\/\\\/wp.kristdemokraterna.se\\\/laxa\\\/author\\\/laxa\\\/\"}]}<\/script>\n<!-- \/ Yoast SEO plugin. -->","yoast_head_json":{"title":"\u00c4nnu dyrare f\u00f6r skolflytten! - Lax\u00e5","robots":{"index":"index","follow":"follow","max-snippet":"max-snippet:-1","max-image-preview":"max-image-preview:large","max-video-preview":"max-video-preview:-1"},"canonical":"https:\/\/wp.kristdemokraterna.se\/laxa\/annu-dyrare-for-skolflytten\/","og_locale":"sv_SE","og_type":"article","og_title":"\u00c4nnu dyrare f\u00f6r skolflytten! - Lax\u00e5","og_description":"NA presenterar kompletterande nyheter att kostnaden f\u00f6r skolflytten \u00e4r\u00a0ytterligare 5,2 miljoner kronor ut\u00f6ver sj\u00e4lvskolflytten p\u00e5 17 miljoner kronor. L\u00e4s artikeln h\u00e4r! Vid det extra kommunfullm\u00e4ktige som var i onsdags 2 juli r\u00f6stade st\u00f6rre delen av Ett b\u00e4ttre Lax\u00e5 nej till f\u00f6rslaget att ut\u00f6ka finansieringen f\u00f6r flytten. Folkpartiet lade ned sin r\u00f6ster. &nbsp;","og_url":"https:\/\/wp.kristdemokraterna.se\/laxa\/annu-dyrare-for-skolflytten\/","og_site_name":"Lax\u00e5","article_published_time":"2014-07-05T07:33:35+00:00","author":"laxa","twitter_card":"summary_large_image","twitter_misc":{"Skriven av":"laxa"},"schema":{"@context":"https:\/\/schema.org","@graph":[{"@type":"Article","@id":"https:\/\/wp.kristdemokraterna.se\/laxa\/annu-dyrare-for-skolflytten\/#article","isPartOf":{"@id":"https:\/\/wp.kristdemokraterna.se\/laxa\/annu-dyrare-for-skolflytten\/"},"author":{"name":"laxa","@id":"https:\/\/wp.kristdemokraterna.se\/laxa\/#\/schema\/person\/ccd2833372da9964aef749215a09cf35"},"headline":"\u00c4nnu dyrare f\u00f6r skolflytten!","datePublished":"2014-07-05T07:33:35+00:00","mainEntityOfPage":{"@id":"https:\/\/wp.kristdemokraterna.se\/laxa\/annu-dyrare-for-skolflytten\/"},"wordCount":68,"inLanguage":"sv-SE"},{"@type":"WebPage","@id":"https:\/\/wp.kristdemokraterna.se\/laxa\/annu-dyrare-for-skolflytten\/","url":"https:\/\/wp.kristdemokraterna.se\/laxa\/annu-dyrare-for-skolflytten\/","name":"\u00c4nnu dyrare f\u00f6r skolflytten! - Lax\u00e5","isPartOf":{"@id":"https:\/\/wp.kristdemokraterna.se\/laxa\/#website"},"datePublished":"2014-07-05T07:33:35+00:00","author":{"@id":"https:\/\/wp.kristdemokraterna.se\/laxa\/#\/schema\/person\/ccd2833372da9964aef749215a09cf35"},"breadcrumb":{"@id":"https:\/\/wp.kristdemokraterna.se\/laxa\/annu-dyrare-for-skolflytten\/#breadcrumb"},"inLanguage":"sv-SE","potentialAction":[{"@type":"ReadAction","target":["https:\/\/wp.kristdemokraterna.se\/laxa\/annu-dyrare-for-skolflytten\/"]}]},{"@type":"BreadcrumbList","@id":"https:\/\/wp.kristdemokraterna.se\/laxa\/annu-dyrare-for-skolflytten\/#breadcrumb","itemListElement":[{"@type":"ListItem","position":1,"name":"Hem","item":"https:\/\/wp.kristdemokraterna.se\/laxa\/"},{"@type":"ListItem","position":2,"name":"\u00c4nnu dyrare f\u00f6r skolflytten!"}]},{"@type":"WebSite","@id":"https:\/\/wp.kristdemokraterna.se\/laxa\/#website","url":"https:\/\/wp.kristdemokraterna.se\/laxa\/","name":"Lax\u00e5","description":"En till Kristdemokraterna webbplats","inLanguage":"sv-SE"},{"@type":"Person","@id":"https:\/\/wp.kristdemokraterna.se\/laxa\/#\/schema\/person\/ccd2833372da9964aef749215a09cf35","name":"laxa","image":{"@type":"ImageObject","inLanguage":"sv-SE","@id":"https:\/\/secure.gravatar.com\/avatar\/8a8559c11839c3dd88243c3d984130c4a571386054cd359391be892596e017f4?s=96&r=g","url":"https:\/\/secure.gravatar.com\/avatar\/8a8559c11839c3dd88243c3d984130c4a571386054cd359391be892596e017f4?s=96&r=g","contentUrl":"https:\/\/secure.gravatar.com\/avatar\/8a8559c11839c3dd88243c3d984130c4a571386054cd359391be892596e017f4?s=96&r=g","caption":"laxa"},"url":"https:\/\/wp.kristdemokraterna.se\/laxa\/author\/laxa\/"}]}},"_links":{"self":[{"href":"https:\/\/wp.kristdemokraterna.se\/laxa\/wp-json\/wp\/v2\/posts\/469","targetHints":{"allow":["GET"]}}],"collection":[{"href":"https:\/\/wp.kristdemokraterna.se\/laxa\/wp-json\/wp\/v2\/posts"}],"about":[{"href":"https:\/\/wp.kristdemokraterna.se\/laxa\/wp-json\/wp\/v2\/types\/post"}],"author":[{"embeddable":true,"href":"https:\/\/wp.kristdemokraterna.se\/laxa\/wp-json\/wp\/v2\/users\/428"}],"replies":[{"embeddable":true,"href":"https:\/\/wp.kristdemokraterna.se\/laxa\/wp-json\/wp\/v2\/comments?post=469"}],"version-history":[{"count":1,"href":"https:\/\/wp.kristdemokraterna.se\/laxa\/wp-json\/wp\/v2\/posts\/469\/revisions"}],"predecessor-version":[{"id":470,"href":"https:\/\/wp.kristdemokraterna.se\/laxa\/wp-json\/wp\/v2\/posts\/469\/revisions\/470"}],"wp:attachment":[{"href":"https:\/\/wp.kristdemokraterna.se\/laxa\/wp-json\/wp\/v2\/media?parent=469"}],"wp:term":[{"taxonomy":"category","embeddable":true,"href":"https:\/\/wp.kristdemokraterna.se\/laxa\/wp-json\/wp\/v2\/categories?post=469"},{"taxonomy":"post_tag","embeddable":true,"href":"https:\/\/wp.kristdemokraterna.se\/laxa\/wp-json\/wp\/v2\/tags?post=469"}],"curies":[{"name":"wp","href":"https:\/\/api.w.org\/{rel}","templated":true}]}}