{"id":487,"date":"2014-08-04T15:07:37","date_gmt":"2014-08-04T13:07:37","guid":{"rendered":"http:\/\/wp.kristdemokraterna.se\/laxa\/?p=487"},"modified":"2014-08-08T18:03:49","modified_gmt":"2014-08-08T16:03:49","slug":"nu-borjar-valrorelsen","status":"publish","type":"post","link":"https:\/\/wp.kristdemokraterna.se\/laxa\/nu-borjar-valrorelsen\/","title":{"rendered":"Nu b\u00f6rjar valr\u00f6relsen"},"content":{"rendered":"<p>Nu b\u00f6rjar valr\u00f6relsen b\u00e5de p\u00e5 riksniv\u00e5 men ocks\u00e5 p\u00e5 lokalniv\u00e5. H\u00e4r hemma i Lax\u00e5 b\u00f6rjar valr\u00f6relsen f\u00f6r Kristdemokraterna och Ett b\u00e4ttre Lax\u00e5 genom att&#8230;.<\/p>\n<p>a) p\u00e5 torsdag\u00a014 augusti s\u00e4tts den, f\u00f6r Ett b\u00e4ttre Lax\u00e5, <strong>gemensamma valstugan <\/strong>upp. Vi b\u00f6rjar redan p\u00e5 morgonen f\u00f6r att flytta den fr\u00e5n\u00a0kommunf\u00f6rr\u00e5det och vi inviger den kl. 15:00 &#8211; \u00a0v\u00e4lkommen att vara med!<\/p>\n<p>Ett b\u00e4ttre Lax\u00e5 kommer att satsa lite speciellt p\u00e5 torsdag eftermiddag, fredag eftermiddag och l\u00f6rdag f\u00f6rmiddag, d\u00e5 m\u00e5nga personer kommer till centrala Lax\u00e5 f\u00f6r att handla matvaror.<\/p>\n<p>\u00c4r du intresserad att k\u00f6pa valstugan efter valr\u00f6relsen &#8211; ta kontakt med Bo Rudolfsson 070-580 93 92<\/p>\n<p>b) fr\u00e5n den 11 augusti p\u00e5b\u00f6rjas \u00e4ven <strong>Valaffischering<\/strong> som kommer att s\u00e4ttas upp p\u00e5 kommunens mark i hela kommunen. Varje parti har sj\u00e4lv s\u00f6kt polistillst\u00e5nd och \u00e4r sj\u00e4lv ansvarig f\u00f6r sina valaffischer. Det kan dr\u00f6ja n\u00e5gra dagar innan affischerna b\u00f6rjar s\u00e4ttas upp, vi Kristdemokrater har t.ex \u00e4nnu inte f\u00e5tt affischerna s\u00e5 vi f\u00e5r v\u00e4nta.<\/p>\n<p>L\u00e5t oss tillsammans g\u00f6ra v\u00e5rt b\u00e4sta f\u00f6r att ge Lax\u00e5 kommun en ny politisk ledning!<\/p>\n","protected":false},"excerpt":{"rendered":"<p>Nu b\u00f6rjar valr\u00f6relsen b\u00e5de p\u00e5 riksniv\u00e5 men ocks\u00e5 p\u00e5 lokalniv\u00e5. H\u00e4r hemma i Lax\u00e5 b\u00f6rjar valr\u00f6relsen f\u00f6r Kristdemokraterna och Ett b\u00e4ttre Lax\u00e5 genom att&#8230;. a) p\u00e5 torsdag\u00a014 augusti s\u00e4tts den, f\u00f6r Ett b\u00e4ttre Lax\u00e5, gemensamma valstugan upp. Vi b\u00f6rjar redan p\u00e5 morgonen f\u00f6r att flytta den fr\u00e5n\u00a0kommunf\u00f6rr\u00e5det och vi inviger den kl. 15:00 &#8211; \u00a0v\u00e4lkommen <a class=\"read-more-link\" href=\"https:\/\/wp.kristdemokraterna.se\/laxa\/nu-borjar-valrorelsen\/\">Read More<\/a><\/p>\n","protected":false},"author":428,"featured_media":0,"comment_status":"closed","ping_status":"closed","sticky":false,"template":"","format":"standard","meta":{"_acf_changed":false,"footnotes":""},"categories":[1],"tags":[],"class_list":["post-487","post","type-post","status-publish","format-standard","hentry","category-okategoriserade"],"acf":[],"yoast_head":"<!-- This site is optimized with the Yoast SEO plugin v27.5 - https:\/\/yoast.com\/product\/yoast-seo-wordpress\/ -->\n<title>Nu b\u00f6rjar valr\u00f6relsen - Lax\u00e5<\/title>\n<meta name=\"robots\" content=\"index, follow, max-snippet:-1, max-image-preview:large, max-video-preview:-1\" \/>\n<link rel=\"canonical\" href=\"https:\/\/wp.kristdemokraterna.se\/laxa\/nu-borjar-valrorelsen\/\" \/>\n<meta property=\"og:locale\" content=\"sv_SE\" \/>\n<meta property=\"og:type\" content=\"article\" \/>\n<meta property=\"og:title\" content=\"Nu b\u00f6rjar valr\u00f6relsen - Lax\u00e5\" \/>\n<meta property=\"og:description\" content=\"Nu b\u00f6rjar valr\u00f6relsen b\u00e5de p\u00e5 riksniv\u00e5 men ocks\u00e5 p\u00e5 lokalniv\u00e5. H\u00e4r hemma i Lax\u00e5 b\u00f6rjar valr\u00f6relsen f\u00f6r Kristdemokraterna och Ett b\u00e4ttre Lax\u00e5 genom att&#8230;. a) p\u00e5 torsdag\u00a014 augusti s\u00e4tts den, f\u00f6r Ett b\u00e4ttre Lax\u00e5, gemensamma valstugan upp. Vi b\u00f6rjar redan p\u00e5 morgonen f\u00f6r att flytta den fr\u00e5n\u00a0kommunf\u00f6rr\u00e5det och vi inviger den kl. 15:00 &#8211; \u00a0v\u00e4lkommen Read More\" \/>\n<meta property=\"og:url\" content=\"https:\/\/wp.kristdemokraterna.se\/laxa\/nu-borjar-valrorelsen\/\" \/>\n<meta property=\"og:site_name\" content=\"Lax\u00e5\" \/>\n<meta property=\"article:published_time\" content=\"2014-08-04T13:07:37+00:00\" \/>\n<meta property=\"article:modified_time\" content=\"2014-08-08T16:03:49+00:00\" \/>\n<meta name=\"author\" content=\"laxa\" \/>\n<meta name=\"twitter:card\" content=\"summary_large_image\" \/>\n<meta name=\"twitter:label1\" content=\"Skriven av\" \/>\n\t<meta name=\"twitter:data1\" content=\"laxa\" \/>\n\t<meta name=\"twitter:label2\" content=\"Ber\u00e4knad l\u00e4stid\" \/>\n\t<meta name=\"twitter:data2\" content=\"1 minut\" \/>\n<script type=\"application\/ld+json\" class=\"yoast-schema-graph\">{\"@context\":\"https:\\\/\\\/schema.org\",\"@graph\":[{\"@type\":\"Article\",\"@id\":\"https:\\\/\\\/wp.kristdemokraterna.se\\\/laxa\\\/nu-borjar-valrorelsen\\\/#article\",\"isPartOf\":{\"@id\":\"https:\\\/\\\/wp.kristdemokraterna.se\\\/laxa\\\/nu-borjar-valrorelsen\\\/\"},\"author\":{\"name\":\"laxa\",\"@id\":\"https:\\\/\\\/wp.kristdemokraterna.se\\\/laxa\\\/#\\\/schema\\\/person\\\/ccd2833372da9964aef749215a09cf35\"},\"headline\":\"Nu b\u00f6rjar valr\u00f6relsen\",\"datePublished\":\"2014-08-04T13:07:37+00:00\",\"dateModified\":\"2014-08-08T16:03:49+00:00\",\"mainEntityOfPage\":{\"@id\":\"https:\\\/\\\/wp.kristdemokraterna.se\\\/laxa\\\/nu-borjar-valrorelsen\\\/\"},\"wordCount\":219,\"inLanguage\":\"sv-SE\"},{\"@type\":\"WebPage\",\"@id\":\"https:\\\/\\\/wp.kristdemokraterna.se\\\/laxa\\\/nu-borjar-valrorelsen\\\/\",\"url\":\"https:\\\/\\\/wp.kristdemokraterna.se\\\/laxa\\\/nu-borjar-valrorelsen\\\/\",\"name\":\"Nu b\u00f6rjar valr\u00f6relsen - Lax\u00e5\",\"isPartOf\":{\"@id\":\"https:\\\/\\\/wp.kristdemokraterna.se\\\/laxa\\\/#website\"},\"datePublished\":\"2014-08-04T13:07:37+00:00\",\"dateModified\":\"2014-08-08T16:03:49+00:00\",\"author\":{\"@id\":\"https:\\\/\\\/wp.kristdemokraterna.se\\\/laxa\\\/#\\\/schema\\\/person\\\/ccd2833372da9964aef749215a09cf35\"},\"breadcrumb\":{\"@id\":\"https:\\\/\\\/wp.kristdemokraterna.se\\\/laxa\\\/nu-borjar-valrorelsen\\\/#breadcrumb\"},\"inLanguage\":\"sv-SE\",\"potentialAction\":[{\"@type\":\"ReadAction\",\"target\":[\"https:\\\/\\\/wp.kristdemokraterna.se\\\/laxa\\\/nu-borjar-valrorelsen\\\/\"]}]},{\"@type\":\"BreadcrumbList\",\"@id\":\"https:\\\/\\\/wp.kristdemokraterna.se\\\/laxa\\\/nu-borjar-valrorelsen\\\/#breadcrumb\",\"itemListElement\":[{\"@type\":\"ListItem\",\"position\":1,\"name\":\"Hem\",\"item\":\"https:\\\/\\\/wp.kristdemokraterna.se\\\/laxa\\\/\"},{\"@type\":\"ListItem\",\"position\":2,\"name\":\"Nu b\u00f6rjar valr\u00f6relsen\"}]},{\"@type\":\"WebSite\",\"@id\":\"https:\\\/\\\/wp.kristdemokraterna.se\\\/laxa\\\/#website\",\"url\":\"https:\\\/\\\/wp.kristdemokraterna.se\\\/laxa\\\/\",\"name\":\"Lax\u00e5\",\"description\":\"En till Kristdemokraterna webbplats\",\"inLanguage\":\"sv-SE\"},{\"@type\":\"Person\",\"@id\":\"https:\\\/\\\/wp.kristdemokraterna.se\\\/laxa\\\/#\\\/schema\\\/person\\\/ccd2833372da9964aef749215a09cf35\",\"name\":\"laxa\",\"image\":{\"@type\":\"ImageObject\",\"inLanguage\":\"sv-SE\",\"@id\":\"https:\\\/\\\/secure.gravatar.com\\\/avatar\\\/8a8559c11839c3dd88243c3d984130c4a571386054cd359391be892596e017f4?s=96&r=g\",\"url\":\"https:\\\/\\\/secure.gravatar.com\\\/avatar\\\/8a8559c11839c3dd88243c3d984130c4a571386054cd359391be892596e017f4?s=96&r=g\",\"contentUrl\":\"https:\\\/\\\/secure.gravatar.com\\\/avatar\\\/8a8559c11839c3dd88243c3d984130c4a571386054cd359391be892596e017f4?s=96&r=g\",\"caption\":\"laxa\"},\"url\":\"https:\\\/\\\/wp.kristdemokraterna.se\\\/laxa\\\/author\\\/laxa\\\/\"}]}<\/script>\n<!-- \/ Yoast SEO plugin. -->","yoast_head_json":{"title":"Nu b\u00f6rjar valr\u00f6relsen - Lax\u00e5","robots":{"index":"index","follow":"follow","max-snippet":"max-snippet:-1","max-image-preview":"max-image-preview:large","max-video-preview":"max-video-preview:-1"},"canonical":"https:\/\/wp.kristdemokraterna.se\/laxa\/nu-borjar-valrorelsen\/","og_locale":"sv_SE","og_type":"article","og_title":"Nu b\u00f6rjar valr\u00f6relsen - Lax\u00e5","og_description":"Nu b\u00f6rjar valr\u00f6relsen b\u00e5de p\u00e5 riksniv\u00e5 men ocks\u00e5 p\u00e5 lokalniv\u00e5. H\u00e4r hemma i Lax\u00e5 b\u00f6rjar valr\u00f6relsen f\u00f6r Kristdemokraterna och Ett b\u00e4ttre Lax\u00e5 genom att&#8230;. a) p\u00e5 torsdag\u00a014 augusti s\u00e4tts den, f\u00f6r Ett b\u00e4ttre Lax\u00e5, gemensamma valstugan upp. Vi b\u00f6rjar redan p\u00e5 morgonen f\u00f6r att flytta den fr\u00e5n\u00a0kommunf\u00f6rr\u00e5det och vi inviger den kl. 15:00 &#8211; \u00a0v\u00e4lkommen Read More","og_url":"https:\/\/wp.kristdemokraterna.se\/laxa\/nu-borjar-valrorelsen\/","og_site_name":"Lax\u00e5","article_published_time":"2014-08-04T13:07:37+00:00","article_modified_time":"2014-08-08T16:03:49+00:00","author":"laxa","twitter_card":"summary_large_image","twitter_misc":{"Skriven av":"laxa","Ber\u00e4knad l\u00e4stid":"1 minut"},"schema":{"@context":"https:\/\/schema.org","@graph":[{"@type":"Article","@id":"https:\/\/wp.kristdemokraterna.se\/laxa\/nu-borjar-valrorelsen\/#article","isPartOf":{"@id":"https:\/\/wp.kristdemokraterna.se\/laxa\/nu-borjar-valrorelsen\/"},"author":{"name":"laxa","@id":"https:\/\/wp.kristdemokraterna.se\/laxa\/#\/schema\/person\/ccd2833372da9964aef749215a09cf35"},"headline":"Nu b\u00f6rjar valr\u00f6relsen","datePublished":"2014-08-04T13:07:37+00:00","dateModified":"2014-08-08T16:03:49+00:00","mainEntityOfPage":{"@id":"https:\/\/wp.kristdemokraterna.se\/laxa\/nu-borjar-valrorelsen\/"},"wordCount":219,"inLanguage":"sv-SE"},{"@type":"WebPage","@id":"https:\/\/wp.kristdemokraterna.se\/laxa\/nu-borjar-valrorelsen\/","url":"https:\/\/wp.kristdemokraterna.se\/laxa\/nu-borjar-valrorelsen\/","name":"Nu b\u00f6rjar valr\u00f6relsen - Lax\u00e5","isPartOf":{"@id":"https:\/\/wp.kristdemokraterna.se\/laxa\/#website"},"datePublished":"2014-08-04T13:07:37+00:00","dateModified":"2014-08-08T16:03:49+00:00","author":{"@id":"https:\/\/wp.kristdemokraterna.se\/laxa\/#\/schema\/person\/ccd2833372da9964aef749215a09cf35"},"breadcrumb":{"@id":"https:\/\/wp.kristdemokraterna.se\/laxa\/nu-borjar-valrorelsen\/#breadcrumb"},"inLanguage":"sv-SE","potentialAction":[{"@type":"ReadAction","target":["https:\/\/wp.kristdemokraterna.se\/laxa\/nu-borjar-valrorelsen\/"]}]},{"@type":"BreadcrumbList","@id":"https:\/\/wp.kristdemokraterna.se\/laxa\/nu-borjar-valrorelsen\/#breadcrumb","itemListElement":[{"@type":"ListItem","position":1,"name":"Hem","item":"https:\/\/wp.kristdemokraterna.se\/laxa\/"},{"@type":"ListItem","position":2,"name":"Nu b\u00f6rjar valr\u00f6relsen"}]},{"@type":"WebSite","@id":"https:\/\/wp.kristdemokraterna.se\/laxa\/#website","url":"https:\/\/wp.kristdemokraterna.se\/laxa\/","name":"Lax\u00e5","description":"En till Kristdemokraterna webbplats","inLanguage":"sv-SE"},{"@type":"Person","@id":"https:\/\/wp.kristdemokraterna.se\/laxa\/#\/schema\/person\/ccd2833372da9964aef749215a09cf35","name":"laxa","image":{"@type":"ImageObject","inLanguage":"sv-SE","@id":"https:\/\/secure.gravatar.com\/avatar\/8a8559c11839c3dd88243c3d984130c4a571386054cd359391be892596e017f4?s=96&r=g","url":"https:\/\/secure.gravatar.com\/avatar\/8a8559c11839c3dd88243c3d984130c4a571386054cd359391be892596e017f4?s=96&r=g","contentUrl":"https:\/\/secure.gravatar.com\/avatar\/8a8559c11839c3dd88243c3d984130c4a571386054cd359391be892596e017f4?s=96&r=g","caption":"laxa"},"url":"https:\/\/wp.kristdemokraterna.se\/laxa\/author\/laxa\/"}]}},"_links":{"self":[{"href":"https:\/\/wp.kristdemokraterna.se\/laxa\/wp-json\/wp\/v2\/posts\/487","targetHints":{"allow":["GET"]}}],"collection":[{"href":"https:\/\/wp.kristdemokraterna.se\/laxa\/wp-json\/wp\/v2\/posts"}],"about":[{"href":"https:\/\/wp.kristdemokraterna.se\/laxa\/wp-json\/wp\/v2\/types\/post"}],"author":[{"embeddable":true,"href":"https:\/\/wp.kristdemokraterna.se\/laxa\/wp-json\/wp\/v2\/users\/428"}],"replies":[{"embeddable":true,"href":"https:\/\/wp.kristdemokraterna.se\/laxa\/wp-json\/wp\/v2\/comments?post=487"}],"version-history":[{"count":3,"href":"https:\/\/wp.kristdemokraterna.se\/laxa\/wp-json\/wp\/v2\/posts\/487\/revisions"}],"predecessor-version":[{"id":501,"href":"https:\/\/wp.kristdemokraterna.se\/laxa\/wp-json\/wp\/v2\/posts\/487\/revisions\/501"}],"wp:attachment":[{"href":"https:\/\/wp.kristdemokraterna.se\/laxa\/wp-json\/wp\/v2\/media?parent=487"}],"wp:term":[{"taxonomy":"category","embeddable":true,"href":"https:\/\/wp.kristdemokraterna.se\/laxa\/wp-json\/wp\/v2\/categories?post=487"},{"taxonomy":"post_tag","embeddable":true,"href":"https:\/\/wp.kristdemokraterna.se\/laxa\/wp-json\/wp\/v2\/tags?post=487"}],"curies":[{"name":"wp","href":"https:\/\/api.w.org\/{rel}","templated":true}]}}