{"id":933,"date":"2016-01-20T22:45:40","date_gmt":"2016-01-20T21:45:40","guid":{"rendered":"http:\/\/wp.kristdemokraterna.se\/laxa\/?p=933"},"modified":"2016-01-21T13:07:16","modified_gmt":"2016-01-21T12:07:16","slug":"933-2","status":"publish","type":"post","link":"https:\/\/wp.kristdemokraterna.se\/laxa\/933-2\/","title":{"rendered":"Satsningar p\u00e5 \u00e4ldreomsorgen"},"content":{"rendered":"<p><a href=\"http:\/\/wp.kristdemokraterna.se\/laxa\/files\/2016\/01\/sabo1.jpg\" rel=\"attachment wp-att-934\"><img loading=\"lazy\" decoding=\"async\" class=\"alignleft size-full wp-image-934\" src=\"http:\/\/wp.kristdemokraterna.se\/laxa\/files\/2016\/01\/sabo1.jpg\" alt=\"S\u00c4BO1\" width=\"540\" height=\"616\" srcset=\"https:\/\/wp.kristdemokraterna.se\/laxa\/files\/2016\/01\/sabo1.jpg 540w, https:\/\/wp.kristdemokraterna.se\/laxa\/files\/2016\/01\/sabo1-263x300.jpg 263w, https:\/\/wp.kristdemokraterna.se\/laxa\/files\/2016\/01\/sabo1-473x540.jpg 473w, https:\/\/wp.kristdemokraterna.se\/laxa\/files\/2016\/01\/sabo1-303x346.jpg 303w, https:\/\/wp.kristdemokraterna.se\/laxa\/files\/2016\/01\/sabo1-98x112.jpg 98w\" sizes=\"auto, (max-width: 540px) 100vw, 540px\" \/><\/a><\/p>\n<p>&nbsp;<\/p>\n<p>&nbsp;<\/p>\n<p>&nbsp;<\/p>\n<p>&nbsp;<\/p>\n<p>&nbsp;<\/p>\n<p>&nbsp;<\/p>\n<p><a href=\"http:\/\/wp.kristdemokraterna.se\/laxa\/files\/2016\/01\/sabo2.jpg\" rel=\"attachment wp-att-935\"><img loading=\"lazy\" decoding=\"async\" class=\"alignleft size-large wp-image-935\" src=\"http:\/\/wp.kristdemokraterna.se\/laxa\/files\/2016\/01\/sabo2-540x131.jpg\" alt=\"S\u00c4BO2\" width=\"540\" height=\"131\" srcset=\"https:\/\/wp.kristdemokraterna.se\/laxa\/files\/2016\/01\/sabo2.jpg 540w, https:\/\/wp.kristdemokraterna.se\/laxa\/files\/2016\/01\/sabo2-300x73.jpg 300w, https:\/\/wp.kristdemokraterna.se\/laxa\/files\/2016\/01\/sabo2-186x45.jpg 186w\" sizes=\"auto, (max-width: 540px) 100vw, 540px\" \/><\/a><\/p>\n<p>&nbsp;<\/p>\n<p>&nbsp;<\/p>\n<p>&nbsp;<\/p>\n<p>&nbsp;<\/p>\n<p>&nbsp;<\/p>\n<p>&nbsp;<\/p>\n<p>&nbsp;<\/p>\n<p>&nbsp;<\/p>\n<p>&nbsp;<\/p>\n<p>&nbsp;<\/p>\n<p>&nbsp;<\/p>\n<p>&nbsp;<\/p>\n<p>Under de senaste dagarna har media, bl.a. Aktuellt tagit upp kommuner och dess satsningar p\u00e5 \u00e4ldreomsorgen &#8211; speciellt hur stor m\u00f6jlighet det \u00e4r f\u00f6r \u00e4ldre \u00f6ver 80 \u00e5r att f\u00e5 plats p\u00e5 ett &#8221;s\u00e4rskilt boende&#8221; som det heter.<\/p>\n<p>Denna siffra varierar fr\u00e5n Ljusnarsberg med 26,3 % av alla \u00e4ldre \u00f6ver 80 \u00e5r som bor i s\u00e4rskilt boende ned till Bjurholm kommun d\u00e4r bara 1,6 % av de \u00e4ldre \u00f6ver 80 \u00e5r bor p\u00e5 s\u00e4rskilt boende.<\/p>\n<p>Lax\u00e5 kommun hamnar ungef\u00e4r i mitten med 11,6 % av de \u00e4ldre \u00f6ver 80 \u00e5r.<\/p>\n<p>Detta \u00e4r en \u00f6gonblicksbild hur det ser, sedan satsar ju ocks\u00e5 kommunen p\u00e5 hemhj\u00e4lp f\u00f6r de \u00e4ldre som inte vill bo p\u00e5 s\u00e4rskilt boende eller som \u00e4nnu inte f\u00e5tt plats. Lax\u00e5 kommun har en &#8221;v\u00e4ntelista&#8221; p\u00e5 7-10 personer som f\u00e5tt beviljat boende och ytterligare<br \/>\n5-7 personer som ska bist\u00e5ndsbed\u00f6mas inom kort.<\/p>\n<p>P\u00e5 \u00a0gamla sjukhemmet vid V\u00e5rdcentralen (Gl\u00e4ntan och Solh\u00f6jden) \u00a0finns det ocks\u00e5 ca 10 personer, \u00a0som nu finns p\u00e5 dessa korttidsplatser, som beh\u00f6ver s\u00e4rskilt boende mer l\u00e5ngsiktigt.<\/p>\n","protected":false},"excerpt":{"rendered":"<p>&nbsp; &nbsp; &nbsp; &nbsp; &nbsp; &nbsp; &nbsp; &nbsp; &nbsp; &nbsp; &nbsp; &nbsp; &nbsp; &nbsp; &nbsp; &nbsp; &nbsp; &nbsp; Under de senaste dagarna har media, bl.a. Aktuellt tagit upp kommuner och dess satsningar p\u00e5 \u00e4ldreomsorgen &#8211; speciellt hur stor m\u00f6jlighet det \u00e4r f\u00f6r \u00e4ldre \u00f6ver 80 \u00e5r att f\u00e5 plats p\u00e5 ett &#8221;s\u00e4rskilt boende&#8221; som det <a class=\"read-more-link\" href=\"https:\/\/wp.kristdemokraterna.se\/laxa\/933-2\/\">Read More<\/a><\/p>\n","protected":false},"author":428,"featured_media":0,"comment_status":"closed","ping_status":"closed","sticky":false,"template":"","format":"standard","meta":{"_acf_changed":false,"footnotes":""},"categories":[1],"tags":[],"class_list":["post-933","post","type-post","status-publish","format-standard","hentry","category-okategoriserade"],"acf":[],"yoast_head":"<!-- This site is optimized with the Yoast SEO plugin v27.4 - https:\/\/yoast.com\/product\/yoast-seo-wordpress\/ -->\n<title>Satsningar p\u00e5 \u00e4ldreomsorgen - Lax\u00e5<\/title>\n<meta name=\"robots\" content=\"index, follow, max-snippet:-1, max-image-preview:large, max-video-preview:-1\" \/>\n<link rel=\"canonical\" href=\"https:\/\/wp.kristdemokraterna.se\/laxa\/933-2\/\" \/>\n<meta property=\"og:locale\" content=\"sv_SE\" \/>\n<meta property=\"og:type\" content=\"article\" \/>\n<meta property=\"og:title\" content=\"Satsningar p\u00e5 \u00e4ldreomsorgen - Lax\u00e5\" \/>\n<meta property=\"og:description\" content=\"&nbsp; &nbsp; &nbsp; &nbsp; &nbsp; &nbsp; &nbsp; &nbsp; &nbsp; &nbsp; &nbsp; &nbsp; &nbsp; &nbsp; &nbsp; &nbsp; &nbsp; &nbsp; Under de senaste dagarna har media, bl.a. Aktuellt tagit upp kommuner och dess satsningar p\u00e5 \u00e4ldreomsorgen &#8211; speciellt hur stor m\u00f6jlighet det \u00e4r f\u00f6r \u00e4ldre \u00f6ver 80 \u00e5r att f\u00e5 plats p\u00e5 ett &#8221;s\u00e4rskilt boende&#8221; som det Read More\" \/>\n<meta property=\"og:url\" content=\"https:\/\/wp.kristdemokraterna.se\/laxa\/933-2\/\" \/>\n<meta property=\"og:site_name\" content=\"Lax\u00e5\" \/>\n<meta property=\"article:published_time\" content=\"2016-01-20T21:45:40+00:00\" \/>\n<meta property=\"article:modified_time\" content=\"2016-01-21T12:07:16+00:00\" \/>\n<meta property=\"og:image\" content=\"http:\/\/wp.kristdemokraterna.se\/laxa\/files\/2016\/01\/sabo1.jpg\" \/>\n<meta name=\"author\" content=\"laxa\" \/>\n<meta name=\"twitter:card\" content=\"summary_large_image\" \/>\n<meta name=\"twitter:label1\" content=\"Skriven av\" \/>\n\t<meta name=\"twitter:data1\" content=\"laxa\" \/>\n\t<meta name=\"twitter:label2\" content=\"Ber\u00e4knad l\u00e4stid\" \/>\n\t<meta name=\"twitter:data2\" content=\"1 minut\" \/>\n<script type=\"application\/ld+json\" class=\"yoast-schema-graph\">{\"@context\":\"https:\\\/\\\/schema.org\",\"@graph\":[{\"@type\":\"Article\",\"@id\":\"https:\\\/\\\/wp.kristdemokraterna.se\\\/laxa\\\/933-2\\\/#article\",\"isPartOf\":{\"@id\":\"https:\\\/\\\/wp.kristdemokraterna.se\\\/laxa\\\/933-2\\\/\"},\"author\":{\"name\":\"laxa\",\"@id\":\"https:\\\/\\\/wp.kristdemokraterna.se\\\/laxa\\\/#\\\/schema\\\/person\\\/ccd2833372da9964aef749215a09cf35\"},\"headline\":\"Satsningar p\u00e5 \u00e4ldreomsorgen\",\"datePublished\":\"2016-01-20T21:45:40+00:00\",\"dateModified\":\"2016-01-21T12:07:16+00:00\",\"mainEntityOfPage\":{\"@id\":\"https:\\\/\\\/wp.kristdemokraterna.se\\\/laxa\\\/933-2\\\/\"},\"wordCount\":200,\"image\":{\"@id\":\"https:\\\/\\\/wp.kristdemokraterna.se\\\/laxa\\\/933-2\\\/#primaryimage\"},\"thumbnailUrl\":\"http:\\\/\\\/wp.kristdemokraterna.se\\\/laxa\\\/files\\\/2016\\\/01\\\/sabo1.jpg\",\"inLanguage\":\"sv-SE\"},{\"@type\":\"WebPage\",\"@id\":\"https:\\\/\\\/wp.kristdemokraterna.se\\\/laxa\\\/933-2\\\/\",\"url\":\"https:\\\/\\\/wp.kristdemokraterna.se\\\/laxa\\\/933-2\\\/\",\"name\":\"Satsningar p\u00e5 \u00e4ldreomsorgen - Lax\u00e5\",\"isPartOf\":{\"@id\":\"https:\\\/\\\/wp.kristdemokraterna.se\\\/laxa\\\/#website\"},\"primaryImageOfPage\":{\"@id\":\"https:\\\/\\\/wp.kristdemokraterna.se\\\/laxa\\\/933-2\\\/#primaryimage\"},\"image\":{\"@id\":\"https:\\\/\\\/wp.kristdemokraterna.se\\\/laxa\\\/933-2\\\/#primaryimage\"},\"thumbnailUrl\":\"http:\\\/\\\/wp.kristdemokraterna.se\\\/laxa\\\/files\\\/2016\\\/01\\\/sabo1.jpg\",\"datePublished\":\"2016-01-20T21:45:40+00:00\",\"dateModified\":\"2016-01-21T12:07:16+00:00\",\"author\":{\"@id\":\"https:\\\/\\\/wp.kristdemokraterna.se\\\/laxa\\\/#\\\/schema\\\/person\\\/ccd2833372da9964aef749215a09cf35\"},\"breadcrumb\":{\"@id\":\"https:\\\/\\\/wp.kristdemokraterna.se\\\/laxa\\\/933-2\\\/#breadcrumb\"},\"inLanguage\":\"sv-SE\",\"potentialAction\":[{\"@type\":\"ReadAction\",\"target\":[\"https:\\\/\\\/wp.kristdemokraterna.se\\\/laxa\\\/933-2\\\/\"]}]},{\"@type\":\"ImageObject\",\"inLanguage\":\"sv-SE\",\"@id\":\"https:\\\/\\\/wp.kristdemokraterna.se\\\/laxa\\\/933-2\\\/#primaryimage\",\"url\":\"https:\\\/\\\/wp.kristdemokraterna.se\\\/laxa\\\/files\\\/2016\\\/01\\\/sabo1.jpg\",\"contentUrl\":\"https:\\\/\\\/wp.kristdemokraterna.se\\\/laxa\\\/files\\\/2016\\\/01\\\/sabo1.jpg\",\"width\":540,\"height\":616},{\"@type\":\"BreadcrumbList\",\"@id\":\"https:\\\/\\\/wp.kristdemokraterna.se\\\/laxa\\\/933-2\\\/#breadcrumb\",\"itemListElement\":[{\"@type\":\"ListItem\",\"position\":1,\"name\":\"Hem\",\"item\":\"https:\\\/\\\/wp.kristdemokraterna.se\\\/laxa\\\/\"},{\"@type\":\"ListItem\",\"position\":2,\"name\":\"Satsningar p\u00e5 \u00e4ldreomsorgen\"}]},{\"@type\":\"WebSite\",\"@id\":\"https:\\\/\\\/wp.kristdemokraterna.se\\\/laxa\\\/#website\",\"url\":\"https:\\\/\\\/wp.kristdemokraterna.se\\\/laxa\\\/\",\"name\":\"Lax\u00e5\",\"description\":\"En till Kristdemokraterna webbplats\",\"inLanguage\":\"sv-SE\"},{\"@type\":\"Person\",\"@id\":\"https:\\\/\\\/wp.kristdemokraterna.se\\\/laxa\\\/#\\\/schema\\\/person\\\/ccd2833372da9964aef749215a09cf35\",\"name\":\"laxa\",\"image\":{\"@type\":\"ImageObject\",\"inLanguage\":\"sv-SE\",\"@id\":\"https:\\\/\\\/secure.gravatar.com\\\/avatar\\\/8a8559c11839c3dd88243c3d984130c4a571386054cd359391be892596e017f4?s=96&r=g\",\"url\":\"https:\\\/\\\/secure.gravatar.com\\\/avatar\\\/8a8559c11839c3dd88243c3d984130c4a571386054cd359391be892596e017f4?s=96&r=g\",\"contentUrl\":\"https:\\\/\\\/secure.gravatar.com\\\/avatar\\\/8a8559c11839c3dd88243c3d984130c4a571386054cd359391be892596e017f4?s=96&r=g\",\"caption\":\"laxa\"},\"url\":\"https:\\\/\\\/wp.kristdemokraterna.se\\\/laxa\\\/author\\\/laxa\\\/\"}]}<\/script>\n<!-- \/ Yoast SEO plugin. -->","yoast_head_json":{"title":"Satsningar p\u00e5 \u00e4ldreomsorgen - Lax\u00e5","robots":{"index":"index","follow":"follow","max-snippet":"max-snippet:-1","max-image-preview":"max-image-preview:large","max-video-preview":"max-video-preview:-1"},"canonical":"https:\/\/wp.kristdemokraterna.se\/laxa\/933-2\/","og_locale":"sv_SE","og_type":"article","og_title":"Satsningar p\u00e5 \u00e4ldreomsorgen - Lax\u00e5","og_description":"&nbsp; &nbsp; &nbsp; &nbsp; &nbsp; &nbsp; &nbsp; &nbsp; &nbsp; &nbsp; &nbsp; &nbsp; &nbsp; &nbsp; &nbsp; &nbsp; &nbsp; &nbsp; Under de senaste dagarna har media, bl.a. Aktuellt tagit upp kommuner och dess satsningar p\u00e5 \u00e4ldreomsorgen &#8211; speciellt hur stor m\u00f6jlighet det \u00e4r f\u00f6r \u00e4ldre \u00f6ver 80 \u00e5r att f\u00e5 plats p\u00e5 ett &#8221;s\u00e4rskilt boende&#8221; som det Read More","og_url":"https:\/\/wp.kristdemokraterna.se\/laxa\/933-2\/","og_site_name":"Lax\u00e5","article_published_time":"2016-01-20T21:45:40+00:00","article_modified_time":"2016-01-21T12:07:16+00:00","og_image":[{"url":"http:\/\/wp.kristdemokraterna.se\/laxa\/files\/2016\/01\/sabo1.jpg","type":"","width":"","height":""}],"author":"laxa","twitter_card":"summary_large_image","twitter_misc":{"Skriven av":"laxa","Ber\u00e4knad l\u00e4stid":"1 minut"},"schema":{"@context":"https:\/\/schema.org","@graph":[{"@type":"Article","@id":"https:\/\/wp.kristdemokraterna.se\/laxa\/933-2\/#article","isPartOf":{"@id":"https:\/\/wp.kristdemokraterna.se\/laxa\/933-2\/"},"author":{"name":"laxa","@id":"https:\/\/wp.kristdemokraterna.se\/laxa\/#\/schema\/person\/ccd2833372da9964aef749215a09cf35"},"headline":"Satsningar p\u00e5 \u00e4ldreomsorgen","datePublished":"2016-01-20T21:45:40+00:00","dateModified":"2016-01-21T12:07:16+00:00","mainEntityOfPage":{"@id":"https:\/\/wp.kristdemokraterna.se\/laxa\/933-2\/"},"wordCount":200,"image":{"@id":"https:\/\/wp.kristdemokraterna.se\/laxa\/933-2\/#primaryimage"},"thumbnailUrl":"http:\/\/wp.kristdemokraterna.se\/laxa\/files\/2016\/01\/sabo1.jpg","inLanguage":"sv-SE"},{"@type":"WebPage","@id":"https:\/\/wp.kristdemokraterna.se\/laxa\/933-2\/","url":"https:\/\/wp.kristdemokraterna.se\/laxa\/933-2\/","name":"Satsningar p\u00e5 \u00e4ldreomsorgen - Lax\u00e5","isPartOf":{"@id":"https:\/\/wp.kristdemokraterna.se\/laxa\/#website"},"primaryImageOfPage":{"@id":"https:\/\/wp.kristdemokraterna.se\/laxa\/933-2\/#primaryimage"},"image":{"@id":"https:\/\/wp.kristdemokraterna.se\/laxa\/933-2\/#primaryimage"},"thumbnailUrl":"http:\/\/wp.kristdemokraterna.se\/laxa\/files\/2016\/01\/sabo1.jpg","datePublished":"2016-01-20T21:45:40+00:00","dateModified":"2016-01-21T12:07:16+00:00","author":{"@id":"https:\/\/wp.kristdemokraterna.se\/laxa\/#\/schema\/person\/ccd2833372da9964aef749215a09cf35"},"breadcrumb":{"@id":"https:\/\/wp.kristdemokraterna.se\/laxa\/933-2\/#breadcrumb"},"inLanguage":"sv-SE","potentialAction":[{"@type":"ReadAction","target":["https:\/\/wp.kristdemokraterna.se\/laxa\/933-2\/"]}]},{"@type":"ImageObject","inLanguage":"sv-SE","@id":"https:\/\/wp.kristdemokraterna.se\/laxa\/933-2\/#primaryimage","url":"https:\/\/wp.kristdemokraterna.se\/laxa\/files\/2016\/01\/sabo1.jpg","contentUrl":"https:\/\/wp.kristdemokraterna.se\/laxa\/files\/2016\/01\/sabo1.jpg","width":540,"height":616},{"@type":"BreadcrumbList","@id":"https:\/\/wp.kristdemokraterna.se\/laxa\/933-2\/#breadcrumb","itemListElement":[{"@type":"ListItem","position":1,"name":"Hem","item":"https:\/\/wp.kristdemokraterna.se\/laxa\/"},{"@type":"ListItem","position":2,"name":"Satsningar p\u00e5 \u00e4ldreomsorgen"}]},{"@type":"WebSite","@id":"https:\/\/wp.kristdemokraterna.se\/laxa\/#website","url":"https:\/\/wp.kristdemokraterna.se\/laxa\/","name":"Lax\u00e5","description":"En till Kristdemokraterna webbplats","inLanguage":"sv-SE"},{"@type":"Person","@id":"https:\/\/wp.kristdemokraterna.se\/laxa\/#\/schema\/person\/ccd2833372da9964aef749215a09cf35","name":"laxa","image":{"@type":"ImageObject","inLanguage":"sv-SE","@id":"https:\/\/secure.gravatar.com\/avatar\/8a8559c11839c3dd88243c3d984130c4a571386054cd359391be892596e017f4?s=96&r=g","url":"https:\/\/secure.gravatar.com\/avatar\/8a8559c11839c3dd88243c3d984130c4a571386054cd359391be892596e017f4?s=96&r=g","contentUrl":"https:\/\/secure.gravatar.com\/avatar\/8a8559c11839c3dd88243c3d984130c4a571386054cd359391be892596e017f4?s=96&r=g","caption":"laxa"},"url":"https:\/\/wp.kristdemokraterna.se\/laxa\/author\/laxa\/"}]}},"_links":{"self":[{"href":"https:\/\/wp.kristdemokraterna.se\/laxa\/wp-json\/wp\/v2\/posts\/933","targetHints":{"allow":["GET"]}}],"collection":[{"href":"https:\/\/wp.kristdemokraterna.se\/laxa\/wp-json\/wp\/v2\/posts"}],"about":[{"href":"https:\/\/wp.kristdemokraterna.se\/laxa\/wp-json\/wp\/v2\/types\/post"}],"author":[{"embeddable":true,"href":"https:\/\/wp.kristdemokraterna.se\/laxa\/wp-json\/wp\/v2\/users\/428"}],"replies":[{"embeddable":true,"href":"https:\/\/wp.kristdemokraterna.se\/laxa\/wp-json\/wp\/v2\/comments?post=933"}],"version-history":[{"count":6,"href":"https:\/\/wp.kristdemokraterna.se\/laxa\/wp-json\/wp\/v2\/posts\/933\/revisions"}],"predecessor-version":[{"id":941,"href":"https:\/\/wp.kristdemokraterna.se\/laxa\/wp-json\/wp\/v2\/posts\/933\/revisions\/941"}],"wp:attachment":[{"href":"https:\/\/wp.kristdemokraterna.se\/laxa\/wp-json\/wp\/v2\/media?parent=933"}],"wp:term":[{"taxonomy":"category","embeddable":true,"href":"https:\/\/wp.kristdemokraterna.se\/laxa\/wp-json\/wp\/v2\/categories?post=933"},{"taxonomy":"post_tag","embeddable":true,"href":"https:\/\/wp.kristdemokraterna.se\/laxa\/wp-json\/wp\/v2\/tags?post=933"}],"curies":[{"name":"wp","href":"https:\/\/api.w.org\/{rel}","templated":true}]}}