{"id":967,"date":"2016-02-12T08:51:32","date_gmt":"2016-02-12T07:51:32","guid":{"rendered":"http:\/\/wp.kristdemokraterna.se\/laxa\/?p=967"},"modified":"2016-02-12T08:51:32","modified_gmt":"2016-02-12T07:51:32","slug":"arsmote-for-kd-laxa","status":"publish","type":"post","link":"https:\/\/wp.kristdemokraterna.se\/laxa\/arsmote-for-kd-laxa\/","title":{"rendered":"\u00c5rsm\u00f6te f\u00f6r KD Lax\u00e5"},"content":{"rendered":"<div align=\"left\"><b>P\u00e5 tisdagskv\u00e4llen 9 februari genomf\u00f6rde Kristdemokraterna Lax\u00e5 sitt \u00e5rsm\u00f6te p\u00e5 Rastpunkt restaurang utifr\u00e5n temat \u201d1-\u00e5r-vid -makten\u201d och allt det positiva som h\u00e4nt i Lax\u00e5 under 2015<\/b><\/div>\n<div align=\"left\">\n<div align=\"left\">\n<p>&#8211; Kristdemokraterna i Lax\u00e5 har vuxit och f\u00e5tt fler r\u00f6ster under de senaste fyra kommunvalen och nu efter att kristdemokraterna tillsammans med de \u00f6vriga partierna i Ett b\u00e4ttre Lax\u00e5 styrt kommunen under hela 2015 \u00e4r det positivt att kunna l\u00e4gga ytterligare ett \u00e5r till handlingarna. De f\u00f6r\u00e4ndringar som skett under 2015 \u2013 <a href=\"http:\/\/wp.kristdemokraterna.se\/laxa\/files\/2014\/09\/bo_rudolfsson_540x298.jpg\" rel=\"attachment wp-att-665\"><img loading=\"lazy\" decoding=\"async\" class=\"alignleft size-medium wp-image-665\" src=\"http:\/\/wp.kristdemokraterna.se\/laxa\/files\/2014\/09\/bo_rudolfsson_540x298-300x165.jpg\" alt=\"Bo_Rudolfsson_540x298\" width=\"300\" height=\"165\" srcset=\"https:\/\/wp.kristdemokraterna.se\/laxa\/files\/2014\/09\/bo_rudolfsson_540x298-300x165.jpg 300w, https:\/\/wp.kristdemokraterna.se\/laxa\/files\/2014\/09\/bo_rudolfsson_540x298-186x102.jpg 186w, https:\/\/wp.kristdemokraterna.se\/laxa\/files\/2014\/09\/bo_rudolfsson_540x298.jpg 540w\" sizes=\"auto, (max-width: 300px) 100vw, 300px\" \/><\/a>f\u00f6retagsetableringar, nyinflyttning, b\u00e4ttre ekonomi f\u00f6r kommunen, b\u00e4ttre f\u00f6retagsklimat och k\u00e4nslan av att det g\u00e5r fram\u00e5t visar att kommunen \u00e4r p\u00e5 r\u00e4tt v\u00e4g, s\u00e4ger Bo Rudolfsson, kommunstyrelsens ordf\u00f6rande.<\/p>\n<p>&nbsp;<\/p>\n<p>&#8211; V\u00e5rt \u00e5rsm\u00f6te med alla medlemmar visar att vi kristdemokrater vill forts\u00e4tta att skapa en positiv f\u00f6r\u00e4ndring i kommunen utifr\u00e5n tre ledord \u2013 kvalitet, trivsel och trygghet \u2013 vilket ska komma alla inv\u00e5nare till del, s\u00e4ger Arild Wanche, ordf\u00f6rande f\u00f6r kristdemokraterna och kommunfullm\u00e4ktiges ordf\u00f6rande.<\/p>\n<div align=\"left\">Under \u00e5rsm\u00f6tet kunde kristdemokraterna i Lax\u00e5 \u00e4ven omv\u00e4lja Arild Wanche, KF ordf\u00f6rande, som ordf\u00f6rande f\u00f6r partiavdelningen med Bo Rudolfsson som v. ordf\u00f6rande.<\/div>\n<div align=\"left\">\u00d6vriga ledam\u00f6ter i partiavdelningens styrelse blev Anette Sch\u00f6n, Birgitta Pettersson (kass\u00f6r), Nea Mustonen och Mats H\u00e5rd.<\/div>\n<div align=\"left\"><\/div>\n<div align=\"left\">Som g\u00e4st och talare vid \u00e5rsm\u00f6tet kom Lennart Bondeson, kommunalr\u00e5d i \u00d6rebro kommun med ansvar f\u00f6r n\u00e4ringsliv och tillv\u00e4xt och talade om \u00d6rebro kommuns styrning och tillv\u00e4xt med omkring 2 000 nya inv\u00e5nare varje \u00e5r.<\/div>\n<\/div>\n<p>&nbsp;<\/p>\n<\/div>\n","protected":false},"excerpt":{"rendered":"<p>P\u00e5 tisdagskv\u00e4llen 9 februari genomf\u00f6rde Kristdemokraterna Lax\u00e5 sitt \u00e5rsm\u00f6te p\u00e5 Rastpunkt restaurang utifr\u00e5n temat \u201d1-\u00e5r-vid -makten\u201d och allt det positiva som h\u00e4nt i Lax\u00e5 under 2015 &#8211; Kristdemokraterna i Lax\u00e5 har vuxit och f\u00e5tt fler r\u00f6ster under de senaste fyra kommunvalen och nu efter att kristdemokraterna tillsammans med de \u00f6vriga partierna i Ett b\u00e4ttre Lax\u00e5 <a class=\"read-more-link\" href=\"https:\/\/wp.kristdemokraterna.se\/laxa\/arsmote-for-kd-laxa\/\">Read More<\/a><\/p>\n","protected":false},"author":428,"featured_media":0,"comment_status":"closed","ping_status":"closed","sticky":false,"template":"","format":"standard","meta":{"_acf_changed":false,"footnotes":""},"categories":[1],"tags":[],"class_list":["post-967","post","type-post","status-publish","format-standard","hentry","category-okategoriserade"],"acf":[],"yoast_head":"<!-- This site is optimized with the Yoast SEO plugin v27.4 - https:\/\/yoast.com\/product\/yoast-seo-wordpress\/ -->\n<title>\u00c5rsm\u00f6te f\u00f6r KD Lax\u00e5 - Lax\u00e5<\/title>\n<meta name=\"robots\" content=\"index, follow, max-snippet:-1, max-image-preview:large, max-video-preview:-1\" \/>\n<link rel=\"canonical\" href=\"https:\/\/wp.kristdemokraterna.se\/laxa\/arsmote-for-kd-laxa\/\" \/>\n<meta property=\"og:locale\" content=\"sv_SE\" \/>\n<meta property=\"og:type\" content=\"article\" \/>\n<meta property=\"og:title\" content=\"\u00c5rsm\u00f6te f\u00f6r KD Lax\u00e5 - Lax\u00e5\" \/>\n<meta property=\"og:description\" content=\"P\u00e5 tisdagskv\u00e4llen 9 februari genomf\u00f6rde Kristdemokraterna Lax\u00e5 sitt \u00e5rsm\u00f6te p\u00e5 Rastpunkt restaurang utifr\u00e5n temat \u201d1-\u00e5r-vid -makten\u201d och allt det positiva som h\u00e4nt i Lax\u00e5 under 2015 &#8211; Kristdemokraterna i Lax\u00e5 har vuxit och f\u00e5tt fler r\u00f6ster under de senaste fyra kommunvalen och nu efter att kristdemokraterna tillsammans med de \u00f6vriga partierna i Ett b\u00e4ttre Lax\u00e5 Read More\" \/>\n<meta property=\"og:url\" content=\"https:\/\/wp.kristdemokraterna.se\/laxa\/arsmote-for-kd-laxa\/\" \/>\n<meta property=\"og:site_name\" content=\"Lax\u00e5\" \/>\n<meta property=\"article:published_time\" content=\"2016-02-12T07:51:32+00:00\" \/>\n<meta property=\"og:image\" content=\"http:\/\/wp.kristdemokraterna.se\/laxa\/files\/2014\/09\/bo_rudolfsson_540x298-300x165.jpg\" \/>\n<meta name=\"author\" content=\"laxa\" \/>\n<meta name=\"twitter:card\" content=\"summary_large_image\" \/>\n<meta name=\"twitter:label1\" content=\"Skriven av\" \/>\n\t<meta name=\"twitter:data1\" content=\"laxa\" \/>\n\t<meta name=\"twitter:label2\" content=\"Ber\u00e4knad l\u00e4stid\" \/>\n\t<meta name=\"twitter:data2\" content=\"1 minut\" \/>\n<script type=\"application\/ld+json\" class=\"yoast-schema-graph\">{\"@context\":\"https:\\\/\\\/schema.org\",\"@graph\":[{\"@type\":\"Article\",\"@id\":\"https:\\\/\\\/wp.kristdemokraterna.se\\\/laxa\\\/arsmote-for-kd-laxa\\\/#article\",\"isPartOf\":{\"@id\":\"https:\\\/\\\/wp.kristdemokraterna.se\\\/laxa\\\/arsmote-for-kd-laxa\\\/\"},\"author\":{\"name\":\"laxa\",\"@id\":\"https:\\\/\\\/wp.kristdemokraterna.se\\\/laxa\\\/#\\\/schema\\\/person\\\/ccd2833372da9964aef749215a09cf35\"},\"headline\":\"\u00c5rsm\u00f6te f\u00f6r KD Lax\u00e5\",\"datePublished\":\"2016-02-12T07:51:32+00:00\",\"mainEntityOfPage\":{\"@id\":\"https:\\\/\\\/wp.kristdemokraterna.se\\\/laxa\\\/arsmote-for-kd-laxa\\\/\"},\"wordCount\":275,\"image\":{\"@id\":\"https:\\\/\\\/wp.kristdemokraterna.se\\\/laxa\\\/arsmote-for-kd-laxa\\\/#primaryimage\"},\"thumbnailUrl\":\"http:\\\/\\\/wp.kristdemokraterna.se\\\/laxa\\\/files\\\/2014\\\/09\\\/bo_rudolfsson_540x298-300x165.jpg\",\"inLanguage\":\"sv-SE\"},{\"@type\":\"WebPage\",\"@id\":\"https:\\\/\\\/wp.kristdemokraterna.se\\\/laxa\\\/arsmote-for-kd-laxa\\\/\",\"url\":\"https:\\\/\\\/wp.kristdemokraterna.se\\\/laxa\\\/arsmote-for-kd-laxa\\\/\",\"name\":\"\u00c5rsm\u00f6te f\u00f6r KD Lax\u00e5 - Lax\u00e5\",\"isPartOf\":{\"@id\":\"https:\\\/\\\/wp.kristdemokraterna.se\\\/laxa\\\/#website\"},\"primaryImageOfPage\":{\"@id\":\"https:\\\/\\\/wp.kristdemokraterna.se\\\/laxa\\\/arsmote-for-kd-laxa\\\/#primaryimage\"},\"image\":{\"@id\":\"https:\\\/\\\/wp.kristdemokraterna.se\\\/laxa\\\/arsmote-for-kd-laxa\\\/#primaryimage\"},\"thumbnailUrl\":\"http:\\\/\\\/wp.kristdemokraterna.se\\\/laxa\\\/files\\\/2014\\\/09\\\/bo_rudolfsson_540x298-300x165.jpg\",\"datePublished\":\"2016-02-12T07:51:32+00:00\",\"author\":{\"@id\":\"https:\\\/\\\/wp.kristdemokraterna.se\\\/laxa\\\/#\\\/schema\\\/person\\\/ccd2833372da9964aef749215a09cf35\"},\"breadcrumb\":{\"@id\":\"https:\\\/\\\/wp.kristdemokraterna.se\\\/laxa\\\/arsmote-for-kd-laxa\\\/#breadcrumb\"},\"inLanguage\":\"sv-SE\",\"potentialAction\":[{\"@type\":\"ReadAction\",\"target\":[\"https:\\\/\\\/wp.kristdemokraterna.se\\\/laxa\\\/arsmote-for-kd-laxa\\\/\"]}]},{\"@type\":\"ImageObject\",\"inLanguage\":\"sv-SE\",\"@id\":\"https:\\\/\\\/wp.kristdemokraterna.se\\\/laxa\\\/arsmote-for-kd-laxa\\\/#primaryimage\",\"url\":\"http:\\\/\\\/wp.kristdemokraterna.se\\\/laxa\\\/files\\\/2014\\\/09\\\/bo_rudolfsson_540x298-300x165.jpg\",\"contentUrl\":\"http:\\\/\\\/wp.kristdemokraterna.se\\\/laxa\\\/files\\\/2014\\\/09\\\/bo_rudolfsson_540x298-300x165.jpg\"},{\"@type\":\"BreadcrumbList\",\"@id\":\"https:\\\/\\\/wp.kristdemokraterna.se\\\/laxa\\\/arsmote-for-kd-laxa\\\/#breadcrumb\",\"itemListElement\":[{\"@type\":\"ListItem\",\"position\":1,\"name\":\"Hem\",\"item\":\"https:\\\/\\\/wp.kristdemokraterna.se\\\/laxa\\\/\"},{\"@type\":\"ListItem\",\"position\":2,\"name\":\"\u00c5rsm\u00f6te f\u00f6r KD Lax\u00e5\"}]},{\"@type\":\"WebSite\",\"@id\":\"https:\\\/\\\/wp.kristdemokraterna.se\\\/laxa\\\/#website\",\"url\":\"https:\\\/\\\/wp.kristdemokraterna.se\\\/laxa\\\/\",\"name\":\"Lax\u00e5\",\"description\":\"En till Kristdemokraterna webbplats\",\"inLanguage\":\"sv-SE\"},{\"@type\":\"Person\",\"@id\":\"https:\\\/\\\/wp.kristdemokraterna.se\\\/laxa\\\/#\\\/schema\\\/person\\\/ccd2833372da9964aef749215a09cf35\",\"name\":\"laxa\",\"image\":{\"@type\":\"ImageObject\",\"inLanguage\":\"sv-SE\",\"@id\":\"https:\\\/\\\/secure.gravatar.com\\\/avatar\\\/8a8559c11839c3dd88243c3d984130c4a571386054cd359391be892596e017f4?s=96&r=g\",\"url\":\"https:\\\/\\\/secure.gravatar.com\\\/avatar\\\/8a8559c11839c3dd88243c3d984130c4a571386054cd359391be892596e017f4?s=96&r=g\",\"contentUrl\":\"https:\\\/\\\/secure.gravatar.com\\\/avatar\\\/8a8559c11839c3dd88243c3d984130c4a571386054cd359391be892596e017f4?s=96&r=g\",\"caption\":\"laxa\"},\"url\":\"https:\\\/\\\/wp.kristdemokraterna.se\\\/laxa\\\/author\\\/laxa\\\/\"}]}<\/script>\n<!-- \/ Yoast SEO plugin. -->","yoast_head_json":{"title":"\u00c5rsm\u00f6te f\u00f6r KD Lax\u00e5 - Lax\u00e5","robots":{"index":"index","follow":"follow","max-snippet":"max-snippet:-1","max-image-preview":"max-image-preview:large","max-video-preview":"max-video-preview:-1"},"canonical":"https:\/\/wp.kristdemokraterna.se\/laxa\/arsmote-for-kd-laxa\/","og_locale":"sv_SE","og_type":"article","og_title":"\u00c5rsm\u00f6te f\u00f6r KD Lax\u00e5 - Lax\u00e5","og_description":"P\u00e5 tisdagskv\u00e4llen 9 februari genomf\u00f6rde Kristdemokraterna Lax\u00e5 sitt \u00e5rsm\u00f6te p\u00e5 Rastpunkt restaurang utifr\u00e5n temat \u201d1-\u00e5r-vid -makten\u201d och allt det positiva som h\u00e4nt i Lax\u00e5 under 2015 &#8211; Kristdemokraterna i Lax\u00e5 har vuxit och f\u00e5tt fler r\u00f6ster under de senaste fyra kommunvalen och nu efter att kristdemokraterna tillsammans med de \u00f6vriga partierna i Ett b\u00e4ttre Lax\u00e5 Read More","og_url":"https:\/\/wp.kristdemokraterna.se\/laxa\/arsmote-for-kd-laxa\/","og_site_name":"Lax\u00e5","article_published_time":"2016-02-12T07:51:32+00:00","og_image":[{"url":"http:\/\/wp.kristdemokraterna.se\/laxa\/files\/2014\/09\/bo_rudolfsson_540x298-300x165.jpg","type":"","width":"","height":""}],"author":"laxa","twitter_card":"summary_large_image","twitter_misc":{"Skriven av":"laxa","Ber\u00e4knad l\u00e4stid":"1 minut"},"schema":{"@context":"https:\/\/schema.org","@graph":[{"@type":"Article","@id":"https:\/\/wp.kristdemokraterna.se\/laxa\/arsmote-for-kd-laxa\/#article","isPartOf":{"@id":"https:\/\/wp.kristdemokraterna.se\/laxa\/arsmote-for-kd-laxa\/"},"author":{"name":"laxa","@id":"https:\/\/wp.kristdemokraterna.se\/laxa\/#\/schema\/person\/ccd2833372da9964aef749215a09cf35"},"headline":"\u00c5rsm\u00f6te f\u00f6r KD Lax\u00e5","datePublished":"2016-02-12T07:51:32+00:00","mainEntityOfPage":{"@id":"https:\/\/wp.kristdemokraterna.se\/laxa\/arsmote-for-kd-laxa\/"},"wordCount":275,"image":{"@id":"https:\/\/wp.kristdemokraterna.se\/laxa\/arsmote-for-kd-laxa\/#primaryimage"},"thumbnailUrl":"http:\/\/wp.kristdemokraterna.se\/laxa\/files\/2014\/09\/bo_rudolfsson_540x298-300x165.jpg","inLanguage":"sv-SE"},{"@type":"WebPage","@id":"https:\/\/wp.kristdemokraterna.se\/laxa\/arsmote-for-kd-laxa\/","url":"https:\/\/wp.kristdemokraterna.se\/laxa\/arsmote-for-kd-laxa\/","name":"\u00c5rsm\u00f6te f\u00f6r KD Lax\u00e5 - Lax\u00e5","isPartOf":{"@id":"https:\/\/wp.kristdemokraterna.se\/laxa\/#website"},"primaryImageOfPage":{"@id":"https:\/\/wp.kristdemokraterna.se\/laxa\/arsmote-for-kd-laxa\/#primaryimage"},"image":{"@id":"https:\/\/wp.kristdemokraterna.se\/laxa\/arsmote-for-kd-laxa\/#primaryimage"},"thumbnailUrl":"http:\/\/wp.kristdemokraterna.se\/laxa\/files\/2014\/09\/bo_rudolfsson_540x298-300x165.jpg","datePublished":"2016-02-12T07:51:32+00:00","author":{"@id":"https:\/\/wp.kristdemokraterna.se\/laxa\/#\/schema\/person\/ccd2833372da9964aef749215a09cf35"},"breadcrumb":{"@id":"https:\/\/wp.kristdemokraterna.se\/laxa\/arsmote-for-kd-laxa\/#breadcrumb"},"inLanguage":"sv-SE","potentialAction":[{"@type":"ReadAction","target":["https:\/\/wp.kristdemokraterna.se\/laxa\/arsmote-for-kd-laxa\/"]}]},{"@type":"ImageObject","inLanguage":"sv-SE","@id":"https:\/\/wp.kristdemokraterna.se\/laxa\/arsmote-for-kd-laxa\/#primaryimage","url":"http:\/\/wp.kristdemokraterna.se\/laxa\/files\/2014\/09\/bo_rudolfsson_540x298-300x165.jpg","contentUrl":"http:\/\/wp.kristdemokraterna.se\/laxa\/files\/2014\/09\/bo_rudolfsson_540x298-300x165.jpg"},{"@type":"BreadcrumbList","@id":"https:\/\/wp.kristdemokraterna.se\/laxa\/arsmote-for-kd-laxa\/#breadcrumb","itemListElement":[{"@type":"ListItem","position":1,"name":"Hem","item":"https:\/\/wp.kristdemokraterna.se\/laxa\/"},{"@type":"ListItem","position":2,"name":"\u00c5rsm\u00f6te f\u00f6r KD Lax\u00e5"}]},{"@type":"WebSite","@id":"https:\/\/wp.kristdemokraterna.se\/laxa\/#website","url":"https:\/\/wp.kristdemokraterna.se\/laxa\/","name":"Lax\u00e5","description":"En till Kristdemokraterna webbplats","inLanguage":"sv-SE"},{"@type":"Person","@id":"https:\/\/wp.kristdemokraterna.se\/laxa\/#\/schema\/person\/ccd2833372da9964aef749215a09cf35","name":"laxa","image":{"@type":"ImageObject","inLanguage":"sv-SE","@id":"https:\/\/secure.gravatar.com\/avatar\/8a8559c11839c3dd88243c3d984130c4a571386054cd359391be892596e017f4?s=96&r=g","url":"https:\/\/secure.gravatar.com\/avatar\/8a8559c11839c3dd88243c3d984130c4a571386054cd359391be892596e017f4?s=96&r=g","contentUrl":"https:\/\/secure.gravatar.com\/avatar\/8a8559c11839c3dd88243c3d984130c4a571386054cd359391be892596e017f4?s=96&r=g","caption":"laxa"},"url":"https:\/\/wp.kristdemokraterna.se\/laxa\/author\/laxa\/"}]}},"_links":{"self":[{"href":"https:\/\/wp.kristdemokraterna.se\/laxa\/wp-json\/wp\/v2\/posts\/967","targetHints":{"allow":["GET"]}}],"collection":[{"href":"https:\/\/wp.kristdemokraterna.se\/laxa\/wp-json\/wp\/v2\/posts"}],"about":[{"href":"https:\/\/wp.kristdemokraterna.se\/laxa\/wp-json\/wp\/v2\/types\/post"}],"author":[{"embeddable":true,"href":"https:\/\/wp.kristdemokraterna.se\/laxa\/wp-json\/wp\/v2\/users\/428"}],"replies":[{"embeddable":true,"href":"https:\/\/wp.kristdemokraterna.se\/laxa\/wp-json\/wp\/v2\/comments?post=967"}],"version-history":[{"count":2,"href":"https:\/\/wp.kristdemokraterna.se\/laxa\/wp-json\/wp\/v2\/posts\/967\/revisions"}],"predecessor-version":[{"id":969,"href":"https:\/\/wp.kristdemokraterna.se\/laxa\/wp-json\/wp\/v2\/posts\/967\/revisions\/969"}],"wp:attachment":[{"href":"https:\/\/wp.kristdemokraterna.se\/laxa\/wp-json\/wp\/v2\/media?parent=967"}],"wp:term":[{"taxonomy":"category","embeddable":true,"href":"https:\/\/wp.kristdemokraterna.se\/laxa\/wp-json\/wp\/v2\/categories?post=967"},{"taxonomy":"post_tag","embeddable":true,"href":"https:\/\/wp.kristdemokraterna.se\/laxa\/wp-json\/wp\/v2\/tags?post=967"}],"curies":[{"name":"wp","href":"https:\/\/api.w.org\/{rel}","templated":true}]}}