{"id":972,"date":"2016-02-19T08:57:32","date_gmt":"2016-02-19T07:57:32","guid":{"rendered":"http:\/\/wp.kristdemokraterna.se\/laxa\/?p=972"},"modified":"2016-02-19T08:57:32","modified_gmt":"2016-02-19T07:57:32","slug":"utveckling-vid-centrumtorget-i-laxa","status":"publish","type":"post","link":"https:\/\/wp.kristdemokraterna.se\/laxa\/utveckling-vid-centrumtorget-i-laxa\/","title":{"rendered":"Utveckling vid Centrumtorget i Lax\u00e5"},"content":{"rendered":"<h1>Pressmeddelande 160219<strong><\/p>\n<p>Trio k\u00f6per Matxtra-fastigheten vid Lax\u00e5 centrumtorg<\/strong><\/h1>\n<p><strong>Nu \u00e4r det klart att Mattias Bruus, Greger Wintercorn och Tomas Jansson f\u00f6rv\u00e4rvar fastigheten med ca 2300 kvm lokaler.<\/strong><\/p>\n<p><strong>\u00a0<\/strong>Idag driver Greger och Tomas f\u00f6retaget WOJAB AB och de \u00e4ger \u00e4ven en fastighet p\u00e5 J\u00e4rnv\u00e4gsgatan i Lax\u00e5. Mattias driver Infront Gym och \u00e4ger en fastighet vid Lax\u00e5 centrumtorg. Nu g\u00e5r de samman i ett gemensamt bolag f\u00f6r att f\u00f6rvandla den tomma Matxtra-fastigheten och f\u00e5 den levande igen.<\/p>\n<p>\u2013 Vi v\u00e5gar g\u00f6ra detta eftersom Lax\u00e5 \u00e4r p\u00e5 uppg\u00e5ng! Politikerna har antagit ett visionsdokument f\u00f6r att f\u00e5 centrala Lax\u00e5 att blomstra igen det f\u00f6rsta steget att bygga om infarten till centrum \u00e4r genomf\u00f6rd, s\u00e4ger Mattias Bruus.<!--more--><\/p>\n<p>Just nu st\u00e5r en stor del av lokalerna i fastigheten tomma och har gjort det sedan Matxtra gick i konkurs f\u00f6r flera \u00e5r sedan.<\/p>\n<p>\u2013 Tanken \u00e4r att vi ska f\u00e5 in olika verksamheter i lokalerna och att det ska bli en typ av galleria, s\u00e4ger Greger Wintercorn.<\/p>\n<p>De kan inte lova n\u00e4r det kan vara verklighet, men h\u00e5ller alla d\u00f6rrar \u00f6ppna f\u00f6r att m\u00e5nga akt\u00f6rer ska kunna finnas med. Diskussioner p\u00e5g\u00e5r med olika intressenter, och n\u00e5gra \u00e4r redan klara. Den 1:a mars \u00f6ppnar en matbutik med orientalisk inriktning, och under v\u00e5ren kommer fler hyresg\u00e4ster att flytta in.<\/p>\n<p>\u2013 Vi hoppas och tror att detta kan bli ett lyft f\u00f6r hela torget, s\u00e4ger Tomas Jansson.<\/p>\n","protected":false},"excerpt":{"rendered":"<p>Pressmeddelande 160219 Trio k\u00f6per Matxtra-fastigheten vid Lax\u00e5 centrumtorg Nu \u00e4r det klart att Mattias Bruus, Greger Wintercorn och Tomas Jansson f\u00f6rv\u00e4rvar fastigheten med ca 2300 kvm lokaler. \u00a0Idag driver Greger och Tomas f\u00f6retaget WOJAB AB och de \u00e4ger \u00e4ven en fastighet p\u00e5 J\u00e4rnv\u00e4gsgatan i Lax\u00e5. Mattias driver Infront Gym och \u00e4ger en fastighet vid Lax\u00e5 <a class=\"read-more-link\" href=\"https:\/\/wp.kristdemokraterna.se\/laxa\/utveckling-vid-centrumtorget-i-laxa\/\">Read More<\/a><\/p>\n","protected":false},"author":428,"featured_media":0,"comment_status":"closed","ping_status":"closed","sticky":false,"template":"","format":"standard","meta":{"_acf_changed":false,"footnotes":""},"categories":[1],"tags":[],"class_list":["post-972","post","type-post","status-publish","format-standard","hentry","category-okategoriserade"],"acf":[],"yoast_head":"<!-- This site is optimized with the Yoast SEO plugin v27.4 - https:\/\/yoast.com\/product\/yoast-seo-wordpress\/ -->\n<title>Utveckling vid Centrumtorget i Lax\u00e5 - Lax\u00e5<\/title>\n<meta name=\"robots\" content=\"index, follow, max-snippet:-1, max-image-preview:large, max-video-preview:-1\" \/>\n<link rel=\"canonical\" href=\"https:\/\/wp.kristdemokraterna.se\/laxa\/utveckling-vid-centrumtorget-i-laxa\/\" \/>\n<meta property=\"og:locale\" content=\"sv_SE\" \/>\n<meta property=\"og:type\" content=\"article\" \/>\n<meta property=\"og:title\" content=\"Utveckling vid Centrumtorget i Lax\u00e5 - Lax\u00e5\" \/>\n<meta property=\"og:description\" content=\"Pressmeddelande 160219 Trio k\u00f6per Matxtra-fastigheten vid Lax\u00e5 centrumtorg Nu \u00e4r det klart att Mattias Bruus, Greger Wintercorn och Tomas Jansson f\u00f6rv\u00e4rvar fastigheten med ca 2300 kvm lokaler. \u00a0Idag driver Greger och Tomas f\u00f6retaget WOJAB AB och de \u00e4ger \u00e4ven en fastighet p\u00e5 J\u00e4rnv\u00e4gsgatan i Lax\u00e5. Mattias driver Infront Gym och \u00e4ger en fastighet vid Lax\u00e5 Read More\" \/>\n<meta property=\"og:url\" content=\"https:\/\/wp.kristdemokraterna.se\/laxa\/utveckling-vid-centrumtorget-i-laxa\/\" \/>\n<meta property=\"og:site_name\" content=\"Lax\u00e5\" \/>\n<meta property=\"article:published_time\" content=\"2016-02-19T07:57:32+00:00\" \/>\n<meta name=\"author\" content=\"laxa\" \/>\n<meta name=\"twitter:card\" content=\"summary_large_image\" \/>\n<meta name=\"twitter:label1\" content=\"Skriven av\" \/>\n\t<meta name=\"twitter:data1\" content=\"laxa\" \/>\n\t<meta name=\"twitter:label2\" content=\"Ber\u00e4knad l\u00e4stid\" \/>\n\t<meta name=\"twitter:data2\" content=\"1 minut\" \/>\n<script type=\"application\/ld+json\" class=\"yoast-schema-graph\">{\"@context\":\"https:\\\/\\\/schema.org\",\"@graph\":[{\"@type\":\"Article\",\"@id\":\"https:\\\/\\\/wp.kristdemokraterna.se\\\/laxa\\\/utveckling-vid-centrumtorget-i-laxa\\\/#article\",\"isPartOf\":{\"@id\":\"https:\\\/\\\/wp.kristdemokraterna.se\\\/laxa\\\/utveckling-vid-centrumtorget-i-laxa\\\/\"},\"author\":{\"name\":\"laxa\",\"@id\":\"https:\\\/\\\/wp.kristdemokraterna.se\\\/laxa\\\/#\\\/schema\\\/person\\\/ccd2833372da9964aef749215a09cf35\"},\"headline\":\"Utveckling vid Centrumtorget i Lax\u00e5\",\"datePublished\":\"2016-02-19T07:57:32+00:00\",\"mainEntityOfPage\":{\"@id\":\"https:\\\/\\\/wp.kristdemokraterna.se\\\/laxa\\\/utveckling-vid-centrumtorget-i-laxa\\\/\"},\"wordCount\":259,\"inLanguage\":\"sv-SE\"},{\"@type\":\"WebPage\",\"@id\":\"https:\\\/\\\/wp.kristdemokraterna.se\\\/laxa\\\/utveckling-vid-centrumtorget-i-laxa\\\/\",\"url\":\"https:\\\/\\\/wp.kristdemokraterna.se\\\/laxa\\\/utveckling-vid-centrumtorget-i-laxa\\\/\",\"name\":\"Utveckling vid Centrumtorget i Lax\u00e5 - Lax\u00e5\",\"isPartOf\":{\"@id\":\"https:\\\/\\\/wp.kristdemokraterna.se\\\/laxa\\\/#website\"},\"datePublished\":\"2016-02-19T07:57:32+00:00\",\"author\":{\"@id\":\"https:\\\/\\\/wp.kristdemokraterna.se\\\/laxa\\\/#\\\/schema\\\/person\\\/ccd2833372da9964aef749215a09cf35\"},\"breadcrumb\":{\"@id\":\"https:\\\/\\\/wp.kristdemokraterna.se\\\/laxa\\\/utveckling-vid-centrumtorget-i-laxa\\\/#breadcrumb\"},\"inLanguage\":\"sv-SE\",\"potentialAction\":[{\"@type\":\"ReadAction\",\"target\":[\"https:\\\/\\\/wp.kristdemokraterna.se\\\/laxa\\\/utveckling-vid-centrumtorget-i-laxa\\\/\"]}]},{\"@type\":\"BreadcrumbList\",\"@id\":\"https:\\\/\\\/wp.kristdemokraterna.se\\\/laxa\\\/utveckling-vid-centrumtorget-i-laxa\\\/#breadcrumb\",\"itemListElement\":[{\"@type\":\"ListItem\",\"position\":1,\"name\":\"Hem\",\"item\":\"https:\\\/\\\/wp.kristdemokraterna.se\\\/laxa\\\/\"},{\"@type\":\"ListItem\",\"position\":2,\"name\":\"Utveckling vid Centrumtorget i Lax\u00e5\"}]},{\"@type\":\"WebSite\",\"@id\":\"https:\\\/\\\/wp.kristdemokraterna.se\\\/laxa\\\/#website\",\"url\":\"https:\\\/\\\/wp.kristdemokraterna.se\\\/laxa\\\/\",\"name\":\"Lax\u00e5\",\"description\":\"En till Kristdemokraterna webbplats\",\"inLanguage\":\"sv-SE\"},{\"@type\":\"Person\",\"@id\":\"https:\\\/\\\/wp.kristdemokraterna.se\\\/laxa\\\/#\\\/schema\\\/person\\\/ccd2833372da9964aef749215a09cf35\",\"name\":\"laxa\",\"image\":{\"@type\":\"ImageObject\",\"inLanguage\":\"sv-SE\",\"@id\":\"https:\\\/\\\/secure.gravatar.com\\\/avatar\\\/8a8559c11839c3dd88243c3d984130c4a571386054cd359391be892596e017f4?s=96&r=g\",\"url\":\"https:\\\/\\\/secure.gravatar.com\\\/avatar\\\/8a8559c11839c3dd88243c3d984130c4a571386054cd359391be892596e017f4?s=96&r=g\",\"contentUrl\":\"https:\\\/\\\/secure.gravatar.com\\\/avatar\\\/8a8559c11839c3dd88243c3d984130c4a571386054cd359391be892596e017f4?s=96&r=g\",\"caption\":\"laxa\"},\"url\":\"https:\\\/\\\/wp.kristdemokraterna.se\\\/laxa\\\/author\\\/laxa\\\/\"}]}<\/script>\n<!-- \/ Yoast SEO plugin. -->","yoast_head_json":{"title":"Utveckling vid Centrumtorget i Lax\u00e5 - Lax\u00e5","robots":{"index":"index","follow":"follow","max-snippet":"max-snippet:-1","max-image-preview":"max-image-preview:large","max-video-preview":"max-video-preview:-1"},"canonical":"https:\/\/wp.kristdemokraterna.se\/laxa\/utveckling-vid-centrumtorget-i-laxa\/","og_locale":"sv_SE","og_type":"article","og_title":"Utveckling vid Centrumtorget i Lax\u00e5 - Lax\u00e5","og_description":"Pressmeddelande 160219 Trio k\u00f6per Matxtra-fastigheten vid Lax\u00e5 centrumtorg Nu \u00e4r det klart att Mattias Bruus, Greger Wintercorn och Tomas Jansson f\u00f6rv\u00e4rvar fastigheten med ca 2300 kvm lokaler. \u00a0Idag driver Greger och Tomas f\u00f6retaget WOJAB AB och de \u00e4ger \u00e4ven en fastighet p\u00e5 J\u00e4rnv\u00e4gsgatan i Lax\u00e5. Mattias driver Infront Gym och \u00e4ger en fastighet vid Lax\u00e5 Read More","og_url":"https:\/\/wp.kristdemokraterna.se\/laxa\/utveckling-vid-centrumtorget-i-laxa\/","og_site_name":"Lax\u00e5","article_published_time":"2016-02-19T07:57:32+00:00","author":"laxa","twitter_card":"summary_large_image","twitter_misc":{"Skriven av":"laxa","Ber\u00e4knad l\u00e4stid":"1 minut"},"schema":{"@context":"https:\/\/schema.org","@graph":[{"@type":"Article","@id":"https:\/\/wp.kristdemokraterna.se\/laxa\/utveckling-vid-centrumtorget-i-laxa\/#article","isPartOf":{"@id":"https:\/\/wp.kristdemokraterna.se\/laxa\/utveckling-vid-centrumtorget-i-laxa\/"},"author":{"name":"laxa","@id":"https:\/\/wp.kristdemokraterna.se\/laxa\/#\/schema\/person\/ccd2833372da9964aef749215a09cf35"},"headline":"Utveckling vid Centrumtorget i Lax\u00e5","datePublished":"2016-02-19T07:57:32+00:00","mainEntityOfPage":{"@id":"https:\/\/wp.kristdemokraterna.se\/laxa\/utveckling-vid-centrumtorget-i-laxa\/"},"wordCount":259,"inLanguage":"sv-SE"},{"@type":"WebPage","@id":"https:\/\/wp.kristdemokraterna.se\/laxa\/utveckling-vid-centrumtorget-i-laxa\/","url":"https:\/\/wp.kristdemokraterna.se\/laxa\/utveckling-vid-centrumtorget-i-laxa\/","name":"Utveckling vid Centrumtorget i Lax\u00e5 - Lax\u00e5","isPartOf":{"@id":"https:\/\/wp.kristdemokraterna.se\/laxa\/#website"},"datePublished":"2016-02-19T07:57:32+00:00","author":{"@id":"https:\/\/wp.kristdemokraterna.se\/laxa\/#\/schema\/person\/ccd2833372da9964aef749215a09cf35"},"breadcrumb":{"@id":"https:\/\/wp.kristdemokraterna.se\/laxa\/utveckling-vid-centrumtorget-i-laxa\/#breadcrumb"},"inLanguage":"sv-SE","potentialAction":[{"@type":"ReadAction","target":["https:\/\/wp.kristdemokraterna.se\/laxa\/utveckling-vid-centrumtorget-i-laxa\/"]}]},{"@type":"BreadcrumbList","@id":"https:\/\/wp.kristdemokraterna.se\/laxa\/utveckling-vid-centrumtorget-i-laxa\/#breadcrumb","itemListElement":[{"@type":"ListItem","position":1,"name":"Hem","item":"https:\/\/wp.kristdemokraterna.se\/laxa\/"},{"@type":"ListItem","position":2,"name":"Utveckling vid Centrumtorget i Lax\u00e5"}]},{"@type":"WebSite","@id":"https:\/\/wp.kristdemokraterna.se\/laxa\/#website","url":"https:\/\/wp.kristdemokraterna.se\/laxa\/","name":"Lax\u00e5","description":"En till Kristdemokraterna webbplats","inLanguage":"sv-SE"},{"@type":"Person","@id":"https:\/\/wp.kristdemokraterna.se\/laxa\/#\/schema\/person\/ccd2833372da9964aef749215a09cf35","name":"laxa","image":{"@type":"ImageObject","inLanguage":"sv-SE","@id":"https:\/\/secure.gravatar.com\/avatar\/8a8559c11839c3dd88243c3d984130c4a571386054cd359391be892596e017f4?s=96&r=g","url":"https:\/\/secure.gravatar.com\/avatar\/8a8559c11839c3dd88243c3d984130c4a571386054cd359391be892596e017f4?s=96&r=g","contentUrl":"https:\/\/secure.gravatar.com\/avatar\/8a8559c11839c3dd88243c3d984130c4a571386054cd359391be892596e017f4?s=96&r=g","caption":"laxa"},"url":"https:\/\/wp.kristdemokraterna.se\/laxa\/author\/laxa\/"}]}},"_links":{"self":[{"href":"https:\/\/wp.kristdemokraterna.se\/laxa\/wp-json\/wp\/v2\/posts\/972","targetHints":{"allow":["GET"]}}],"collection":[{"href":"https:\/\/wp.kristdemokraterna.se\/laxa\/wp-json\/wp\/v2\/posts"}],"about":[{"href":"https:\/\/wp.kristdemokraterna.se\/laxa\/wp-json\/wp\/v2\/types\/post"}],"author":[{"embeddable":true,"href":"https:\/\/wp.kristdemokraterna.se\/laxa\/wp-json\/wp\/v2\/users\/428"}],"replies":[{"embeddable":true,"href":"https:\/\/wp.kristdemokraterna.se\/laxa\/wp-json\/wp\/v2\/comments?post=972"}],"version-history":[{"count":1,"href":"https:\/\/wp.kristdemokraterna.se\/laxa\/wp-json\/wp\/v2\/posts\/972\/revisions"}],"predecessor-version":[{"id":973,"href":"https:\/\/wp.kristdemokraterna.se\/laxa\/wp-json\/wp\/v2\/posts\/972\/revisions\/973"}],"wp:attachment":[{"href":"https:\/\/wp.kristdemokraterna.se\/laxa\/wp-json\/wp\/v2\/media?parent=972"}],"wp:term":[{"taxonomy":"category","embeddable":true,"href":"https:\/\/wp.kristdemokraterna.se\/laxa\/wp-json\/wp\/v2\/categories?post=972"},{"taxonomy":"post_tag","embeddable":true,"href":"https:\/\/wp.kristdemokraterna.se\/laxa\/wp-json\/wp\/v2\/tags?post=972"}],"curies":[{"name":"wp","href":"https:\/\/api.w.org\/{rel}","templated":true}]}}