{"id":1240,"date":"2023-11-20T18:42:13","date_gmt":"2023-11-20T17:42:13","guid":{"rendered":"https:\/\/wp.kristdemokraterna.se\/leksand\/?p=1240"},"modified":"2024-03-03T18:43:35","modified_gmt":"2024-03-03T17:43:35","slug":"kd-vill-infora-en-barnchecklista-i-leksand-for-barnets-rattigheter","status":"publish","type":"post","link":"https:\/\/wp.kristdemokraterna.se\/leksand\/2023\/11\/20\/kd-vill-infora-en-barnchecklista-i-leksand-for-barnets-rattigheter\/","title":{"rendered":"KD vill inf\u00f6ra en barnchecklista i Leksand \u2013 f\u00f6r barnets r\u00e4ttigheter"},"content":{"rendered":"<p><span style=\"font-weight: 400\">I m\u00e5ndags, den 20 november, var det Barnkonventionens dag. Trots att det nu g\u00e5tt drygt tre \u00e5r sedan FN:s konvention om barns r\u00e4ttigheter blev lag i Sverige, saknar m\u00e5nga kommuner ett strukturerat s\u00e4tt att arbeta med barnens r\u00e4ttigheter och g\u00f6ra dem delaktiga. Detta g\u00e4ller \u00e4ven Leksands kommun, varf\u00f6r vi kristdemokrater vill inf\u00f6ra en barnchecklista.<\/span><\/p>\n<p><span style=\"font-weight: 400\">Barnkonventionen \u00e4r tydlig med att varje barn har r\u00e4tt att vara delaktiga i beslut som r\u00f6r dem. Det g\u00e4ller b\u00e5de beslut som r\u00f6r det enskilda barnet och barn som grupp och som samh\u00e4llsmedborgare. Detta f\u00f6ruts\u00e4tter att barn ges information och att barn f\u00e5r komma till tals och bli lyssnade p\u00e5 utifr\u00e5n \u00e5lder och mognad.<\/span><\/p>\n<p><span style=\"font-weight: 400\">En kartl\u00e4ggning som barnr\u00e4ttsorganisationen BRIS gjorde h\u00f6sten 2022 visar att de flesta av Dalarnas kommuner saknar ett strukturerat s\u00e4tt att g\u00f6ra barnen delaktiga. P\u00e5 fr\u00e5gan om barnkonsekvensanalys har gjorts inf\u00f6r budgetbeslut svarar 90% av Dalarnas kommuner nej, och 10% av kommunerna svarar att de inte vet.\u00a0<\/span><\/p>\n<p><span style=\"font-weight: 400\">Kristdemokraterna l\u00e4gger nu en motion till kommunfullm\u00e4ktige om att Leksands kommun ska inf\u00f6ra en barnchecklista f\u00f6r att garantera barns r\u00e4ttigheter enligt barnkonventionen. <\/span><span style=\"font-weight: 400\">Id\u00e9n med barnchecklistan \u00e4r att p\u00e5 ett enkelt s\u00e4tt tydligg\u00f6ra att alla beslut ska konsekvensbeskrivas utifr\u00e5n hur de p\u00e5verkar barnen direkt och indirekt. Syftet \u00e4r att barn- och ungdomsperspektivet ska uppm\u00e4rksammas mer p\u00e5 alla plan.<\/span><\/p>\n<p><span style=\"font-weight: 400\">En checklista inneh\u00e5ller ett antal fr\u00e5gor som ska besvaras inf\u00f6r varje beslut som tas. Exempel p\u00e5 fr\u00e5gor \u00e4r om beslutet inneb\u00e4r att barns och ungdomars b\u00e4sta s\u00e4tts i fr\u00e4msta rummet, om barn och ungdomar f\u00e5tt m\u00f6jlighet att uttrycka sin mening, och om s\u00e4rskild h\u00e4nsyn tagits till behov hos barn och ungdomar med funktionsneds\u00e4ttning.<\/span><\/p>\n<p><span style=\"font-weight: 400\">Leksands kommun beh\u00f6ver strukturer f\u00f6r att garantera barnets r\u00e4ttigheter. D\u00e4rf\u00f6r b\u00f6r en barnchecklista inf\u00f6ras och anv\u00e4ndas som underlag i beslut som r\u00f6r barn. Det \u00e4r dags att vi p\u00e5 riktigt h\u00f6rsammar Barnkonventionen och i allt ser till barnen och ungdomarna \u2013 v\u00e5r gemensamma framtid.<\/span><\/p>\n<p><b>Carin Malm (KD), gruppledare och fullm\u00e4ktigeledamot<\/b><\/p>\n","protected":false},"excerpt":{"rendered":"<p>I m\u00e5ndags, den 20 november, var det Barnkonventionens dag. Trots att det nu g\u00e5tt drygt tre \u00e5r sedan FN:s konvention om barns r\u00e4ttigheter blev lag i Sverige, saknar m\u00e5nga kommuner ett strukturerat s\u00e4tt att arbeta med barnens r\u00e4ttigheter och g\u00f6ra dem delaktiga. Detta g\u00e4ller \u00e4ven Leksands kommun, varf\u00f6r vi kristdemokrater vill inf\u00f6ra en barnchecklista. Barnkonventionen <a class=\"read-more-link\" href=\"https:\/\/wp.kristdemokraterna.se\/leksand\/2023\/11\/20\/kd-vill-infora-en-barnchecklista-i-leksand-for-barnets-rattigheter\/\">Read More<\/a><\/p>\n","protected":false},"author":958,"featured_media":0,"comment_status":"closed","ping_status":"closed","sticky":false,"template":"","format":"standard","meta":{"_acf_changed":false,"footnotes":""},"categories":[25],"tags":[],"class_list":["post-1240","post","type-post","status-publish","format-standard","hentry","category-nyheter"],"acf":[],"yoast_head":"<!-- This site is optimized with the Yoast SEO plugin v27.4 - https:\/\/yoast.com\/product\/yoast-seo-wordpress\/ -->\n<title>KD vill inf\u00f6ra en barnchecklista i Leksand \u2013 f\u00f6r barnets r\u00e4ttigheter - Kristdemokraterna Leksand<\/title>\n<meta name=\"robots\" content=\"index, follow, max-snippet:-1, max-image-preview:large, max-video-preview:-1\" \/>\n<link rel=\"canonical\" href=\"https:\/\/wp.kristdemokraterna.se\/leksand\/2023\/11\/20\/kd-vill-infora-en-barnchecklista-i-leksand-for-barnets-rattigheter\/\" \/>\n<meta property=\"og:locale\" content=\"sv_SE\" \/>\n<meta property=\"og:type\" content=\"article\" \/>\n<meta property=\"og:title\" content=\"KD vill inf\u00f6ra en barnchecklista i Leksand \u2013 f\u00f6r barnets r\u00e4ttigheter - Kristdemokraterna Leksand\" \/>\n<meta property=\"og:description\" content=\"I m\u00e5ndags, den 20 november, var det Barnkonventionens dag. Trots att det nu g\u00e5tt drygt tre \u00e5r sedan FN:s konvention om barns r\u00e4ttigheter blev lag i Sverige, saknar m\u00e5nga kommuner ett strukturerat s\u00e4tt att arbeta med barnens r\u00e4ttigheter och g\u00f6ra dem delaktiga. Detta g\u00e4ller \u00e4ven Leksands kommun, varf\u00f6r vi kristdemokrater vill inf\u00f6ra en barnchecklista. Barnkonventionen Read More\" \/>\n<meta property=\"og:url\" content=\"https:\/\/wp.kristdemokraterna.se\/leksand\/2023\/11\/20\/kd-vill-infora-en-barnchecklista-i-leksand-for-barnets-rattigheter\/\" \/>\n<meta property=\"og:site_name\" content=\"Kristdemokraterna Leksand\" \/>\n<meta property=\"article:published_time\" content=\"2023-11-20T17:42:13+00:00\" \/>\n<meta property=\"article:modified_time\" content=\"2024-03-03T17:43:35+00:00\" \/>\n<meta name=\"author\" content=\"oliver\" \/>\n<meta name=\"twitter:card\" content=\"summary_large_image\" \/>\n<meta name=\"twitter:label1\" content=\"Skriven av\" \/>\n\t<meta name=\"twitter:data1\" content=\"oliver\" \/>\n\t<meta name=\"twitter:label2\" content=\"Ber\u00e4knad l\u00e4stid\" \/>\n\t<meta name=\"twitter:data2\" content=\"2 minuter\" \/>\n<script type=\"application\/ld+json\" class=\"yoast-schema-graph\">{\"@context\":\"https:\\\/\\\/schema.org\",\"@graph\":[{\"@type\":\"Article\",\"@id\":\"https:\\\/\\\/wp.kristdemokraterna.se\\\/leksand\\\/2023\\\/11\\\/20\\\/kd-vill-infora-en-barnchecklista-i-leksand-for-barnets-rattigheter\\\/#article\",\"isPartOf\":{\"@id\":\"https:\\\/\\\/wp.kristdemokraterna.se\\\/leksand\\\/2023\\\/11\\\/20\\\/kd-vill-infora-en-barnchecklista-i-leksand-for-barnets-rattigheter\\\/\"},\"author\":{\"name\":\"oliver\",\"@id\":\"https:\\\/\\\/wp.kristdemokraterna.se\\\/leksand\\\/#\\\/schema\\\/person\\\/7611175eb955130b2fc127e0992fdffc\"},\"headline\":\"KD vill inf\u00f6ra en barnchecklista i Leksand \u2013 f\u00f6r barnets r\u00e4ttigheter\",\"datePublished\":\"2023-11-20T17:42:13+00:00\",\"dateModified\":\"2024-03-03T17:43:35+00:00\",\"mainEntityOfPage\":{\"@id\":\"https:\\\/\\\/wp.kristdemokraterna.se\\\/leksand\\\/2023\\\/11\\\/20\\\/kd-vill-infora-en-barnchecklista-i-leksand-for-barnets-rattigheter\\\/\"},\"wordCount\":386,\"articleSection\":[\"Nyheter\"],\"inLanguage\":\"sv-SE\"},{\"@type\":\"WebPage\",\"@id\":\"https:\\\/\\\/wp.kristdemokraterna.se\\\/leksand\\\/2023\\\/11\\\/20\\\/kd-vill-infora-en-barnchecklista-i-leksand-for-barnets-rattigheter\\\/\",\"url\":\"https:\\\/\\\/wp.kristdemokraterna.se\\\/leksand\\\/2023\\\/11\\\/20\\\/kd-vill-infora-en-barnchecklista-i-leksand-for-barnets-rattigheter\\\/\",\"name\":\"KD vill inf\u00f6ra en barnchecklista i Leksand \u2013 f\u00f6r barnets r\u00e4ttigheter - Kristdemokraterna Leksand\",\"isPartOf\":{\"@id\":\"https:\\\/\\\/wp.kristdemokraterna.se\\\/leksand\\\/#website\"},\"datePublished\":\"2023-11-20T17:42:13+00:00\",\"dateModified\":\"2024-03-03T17:43:35+00:00\",\"author\":{\"@id\":\"https:\\\/\\\/wp.kristdemokraterna.se\\\/leksand\\\/#\\\/schema\\\/person\\\/7611175eb955130b2fc127e0992fdffc\"},\"breadcrumb\":{\"@id\":\"https:\\\/\\\/wp.kristdemokraterna.se\\\/leksand\\\/2023\\\/11\\\/20\\\/kd-vill-infora-en-barnchecklista-i-leksand-for-barnets-rattigheter\\\/#breadcrumb\"},\"inLanguage\":\"sv-SE\",\"potentialAction\":[{\"@type\":\"ReadAction\",\"target\":[\"https:\\\/\\\/wp.kristdemokraterna.se\\\/leksand\\\/2023\\\/11\\\/20\\\/kd-vill-infora-en-barnchecklista-i-leksand-for-barnets-rattigheter\\\/\"]}]},{\"@type\":\"BreadcrumbList\",\"@id\":\"https:\\\/\\\/wp.kristdemokraterna.se\\\/leksand\\\/2023\\\/11\\\/20\\\/kd-vill-infora-en-barnchecklista-i-leksand-for-barnets-rattigheter\\\/#breadcrumb\",\"itemListElement\":[{\"@type\":\"ListItem\",\"position\":1,\"name\":\"Hem\",\"item\":\"https:\\\/\\\/wp.kristdemokraterna.se\\\/leksand\\\/\"},{\"@type\":\"ListItem\",\"position\":2,\"name\":\"KD vill inf\u00f6ra en barnchecklista i Leksand \u2013 f\u00f6r barnets r\u00e4ttigheter\"}]},{\"@type\":\"WebSite\",\"@id\":\"https:\\\/\\\/wp.kristdemokraterna.se\\\/leksand\\\/#website\",\"url\":\"https:\\\/\\\/wp.kristdemokraterna.se\\\/leksand\\\/\",\"name\":\"Kristdemokraterna Leksand\",\"description\":\"Kristdemokratiska lokalavdelningen i Leksand\",\"inLanguage\":\"sv-SE\"},{\"@type\":\"Person\",\"@id\":\"https:\\\/\\\/wp.kristdemokraterna.se\\\/leksand\\\/#\\\/schema\\\/person\\\/7611175eb955130b2fc127e0992fdffc\",\"name\":\"oliver\",\"image\":{\"@type\":\"ImageObject\",\"inLanguage\":\"sv-SE\",\"@id\":\"https:\\\/\\\/secure.gravatar.com\\\/avatar\\\/bf91bfa2870e8b9c37378dca6b35b68f39af1750e31e39ac91e8ffb52bcdde21?s=96&d=mm&r=g\",\"url\":\"https:\\\/\\\/secure.gravatar.com\\\/avatar\\\/bf91bfa2870e8b9c37378dca6b35b68f39af1750e31e39ac91e8ffb52bcdde21?s=96&d=mm&r=g\",\"contentUrl\":\"https:\\\/\\\/secure.gravatar.com\\\/avatar\\\/bf91bfa2870e8b9c37378dca6b35b68f39af1750e31e39ac91e8ffb52bcdde21?s=96&d=mm&r=g\",\"caption\":\"oliver\"},\"url\":\"https:\\\/\\\/wp.kristdemokraterna.se\\\/leksand\\\/author\\\/oliver\\\/\"}]}<\/script>\n<!-- \/ Yoast SEO plugin. -->","yoast_head_json":{"title":"KD vill inf\u00f6ra en barnchecklista i Leksand \u2013 f\u00f6r barnets r\u00e4ttigheter - Kristdemokraterna Leksand","robots":{"index":"index","follow":"follow","max-snippet":"max-snippet:-1","max-image-preview":"max-image-preview:large","max-video-preview":"max-video-preview:-1"},"canonical":"https:\/\/wp.kristdemokraterna.se\/leksand\/2023\/11\/20\/kd-vill-infora-en-barnchecklista-i-leksand-for-barnets-rattigheter\/","og_locale":"sv_SE","og_type":"article","og_title":"KD vill inf\u00f6ra en barnchecklista i Leksand \u2013 f\u00f6r barnets r\u00e4ttigheter - Kristdemokraterna Leksand","og_description":"I m\u00e5ndags, den 20 november, var det Barnkonventionens dag. Trots att det nu g\u00e5tt drygt tre \u00e5r sedan FN:s konvention om barns r\u00e4ttigheter blev lag i Sverige, saknar m\u00e5nga kommuner ett strukturerat s\u00e4tt att arbeta med barnens r\u00e4ttigheter och g\u00f6ra dem delaktiga. Detta g\u00e4ller \u00e4ven Leksands kommun, varf\u00f6r vi kristdemokrater vill inf\u00f6ra en barnchecklista. Barnkonventionen Read More","og_url":"https:\/\/wp.kristdemokraterna.se\/leksand\/2023\/11\/20\/kd-vill-infora-en-barnchecklista-i-leksand-for-barnets-rattigheter\/","og_site_name":"Kristdemokraterna Leksand","article_published_time":"2023-11-20T17:42:13+00:00","article_modified_time":"2024-03-03T17:43:35+00:00","author":"oliver","twitter_card":"summary_large_image","twitter_misc":{"Skriven av":"oliver","Ber\u00e4knad l\u00e4stid":"2 minuter"},"schema":{"@context":"https:\/\/schema.org","@graph":[{"@type":"Article","@id":"https:\/\/wp.kristdemokraterna.se\/leksand\/2023\/11\/20\/kd-vill-infora-en-barnchecklista-i-leksand-for-barnets-rattigheter\/#article","isPartOf":{"@id":"https:\/\/wp.kristdemokraterna.se\/leksand\/2023\/11\/20\/kd-vill-infora-en-barnchecklista-i-leksand-for-barnets-rattigheter\/"},"author":{"name":"oliver","@id":"https:\/\/wp.kristdemokraterna.se\/leksand\/#\/schema\/person\/7611175eb955130b2fc127e0992fdffc"},"headline":"KD vill inf\u00f6ra en barnchecklista i Leksand \u2013 f\u00f6r barnets r\u00e4ttigheter","datePublished":"2023-11-20T17:42:13+00:00","dateModified":"2024-03-03T17:43:35+00:00","mainEntityOfPage":{"@id":"https:\/\/wp.kristdemokraterna.se\/leksand\/2023\/11\/20\/kd-vill-infora-en-barnchecklista-i-leksand-for-barnets-rattigheter\/"},"wordCount":386,"articleSection":["Nyheter"],"inLanguage":"sv-SE"},{"@type":"WebPage","@id":"https:\/\/wp.kristdemokraterna.se\/leksand\/2023\/11\/20\/kd-vill-infora-en-barnchecklista-i-leksand-for-barnets-rattigheter\/","url":"https:\/\/wp.kristdemokraterna.se\/leksand\/2023\/11\/20\/kd-vill-infora-en-barnchecklista-i-leksand-for-barnets-rattigheter\/","name":"KD vill inf\u00f6ra en barnchecklista i Leksand \u2013 f\u00f6r barnets r\u00e4ttigheter - Kristdemokraterna Leksand","isPartOf":{"@id":"https:\/\/wp.kristdemokraterna.se\/leksand\/#website"},"datePublished":"2023-11-20T17:42:13+00:00","dateModified":"2024-03-03T17:43:35+00:00","author":{"@id":"https:\/\/wp.kristdemokraterna.se\/leksand\/#\/schema\/person\/7611175eb955130b2fc127e0992fdffc"},"breadcrumb":{"@id":"https:\/\/wp.kristdemokraterna.se\/leksand\/2023\/11\/20\/kd-vill-infora-en-barnchecklista-i-leksand-for-barnets-rattigheter\/#breadcrumb"},"inLanguage":"sv-SE","potentialAction":[{"@type":"ReadAction","target":["https:\/\/wp.kristdemokraterna.se\/leksand\/2023\/11\/20\/kd-vill-infora-en-barnchecklista-i-leksand-for-barnets-rattigheter\/"]}]},{"@type":"BreadcrumbList","@id":"https:\/\/wp.kristdemokraterna.se\/leksand\/2023\/11\/20\/kd-vill-infora-en-barnchecklista-i-leksand-for-barnets-rattigheter\/#breadcrumb","itemListElement":[{"@type":"ListItem","position":1,"name":"Hem","item":"https:\/\/wp.kristdemokraterna.se\/leksand\/"},{"@type":"ListItem","position":2,"name":"KD vill inf\u00f6ra en barnchecklista i Leksand \u2013 f\u00f6r barnets r\u00e4ttigheter"}]},{"@type":"WebSite","@id":"https:\/\/wp.kristdemokraterna.se\/leksand\/#website","url":"https:\/\/wp.kristdemokraterna.se\/leksand\/","name":"Kristdemokraterna Leksand","description":"Kristdemokratiska lokalavdelningen i Leksand","inLanguage":"sv-SE"},{"@type":"Person","@id":"https:\/\/wp.kristdemokraterna.se\/leksand\/#\/schema\/person\/7611175eb955130b2fc127e0992fdffc","name":"oliver","image":{"@type":"ImageObject","inLanguage":"sv-SE","@id":"https:\/\/secure.gravatar.com\/avatar\/bf91bfa2870e8b9c37378dca6b35b68f39af1750e31e39ac91e8ffb52bcdde21?s=96&d=mm&r=g","url":"https:\/\/secure.gravatar.com\/avatar\/bf91bfa2870e8b9c37378dca6b35b68f39af1750e31e39ac91e8ffb52bcdde21?s=96&d=mm&r=g","contentUrl":"https:\/\/secure.gravatar.com\/avatar\/bf91bfa2870e8b9c37378dca6b35b68f39af1750e31e39ac91e8ffb52bcdde21?s=96&d=mm&r=g","caption":"oliver"},"url":"https:\/\/wp.kristdemokraterna.se\/leksand\/author\/oliver\/"}]}},"_links":{"self":[{"href":"https:\/\/wp.kristdemokraterna.se\/leksand\/wp-json\/wp\/v2\/posts\/1240","targetHints":{"allow":["GET"]}}],"collection":[{"href":"https:\/\/wp.kristdemokraterna.se\/leksand\/wp-json\/wp\/v2\/posts"}],"about":[{"href":"https:\/\/wp.kristdemokraterna.se\/leksand\/wp-json\/wp\/v2\/types\/post"}],"author":[{"embeddable":true,"href":"https:\/\/wp.kristdemokraterna.se\/leksand\/wp-json\/wp\/v2\/users\/958"}],"replies":[{"embeddable":true,"href":"https:\/\/wp.kristdemokraterna.se\/leksand\/wp-json\/wp\/v2\/comments?post=1240"}],"version-history":[{"count":2,"href":"https:\/\/wp.kristdemokraterna.se\/leksand\/wp-json\/wp\/v2\/posts\/1240\/revisions"}],"predecessor-version":[{"id":1242,"href":"https:\/\/wp.kristdemokraterna.se\/leksand\/wp-json\/wp\/v2\/posts\/1240\/revisions\/1242"}],"wp:attachment":[{"href":"https:\/\/wp.kristdemokraterna.se\/leksand\/wp-json\/wp\/v2\/media?parent=1240"}],"wp:term":[{"taxonomy":"category","embeddable":true,"href":"https:\/\/wp.kristdemokraterna.se\/leksand\/wp-json\/wp\/v2\/categories?post=1240"},{"taxonomy":"post_tag","embeddable":true,"href":"https:\/\/wp.kristdemokraterna.se\/leksand\/wp-json\/wp\/v2\/tags?post=1240"}],"curies":[{"name":"wp","href":"https:\/\/api.w.org\/{rel}","templated":true}]}}