{"id":1334,"date":"2025-01-21T11:39:19","date_gmt":"2025-01-21T10:39:19","guid":{"rendered":"https:\/\/wp.kristdemokraterna.se\/leksand\/?p=1334"},"modified":"2025-02-07T11:39:37","modified_gmt":"2025-02-07T10:39:37","slug":"kd-godtar-inte-detaljplanen-for-containerterminalen-bad-och-batplatsen-forsummas-aterigen","status":"publish","type":"post","link":"https:\/\/wp.kristdemokraterna.se\/leksand\/2025\/01\/21\/kd-godtar-inte-detaljplanen-for-containerterminalen-bad-och-batplatsen-forsummas-aterigen\/","title":{"rendered":"KD godtar inte detaljplanen f\u00f6r containerterminalen: \u201cBad- och b\u00e5tplatsen f\u00f6rsummas \u00e5terigen\u201d"},"content":{"rendered":"<div>P\u00e5 m\u00e5ndag beslutar kommunstyrelsen om en ny detaljplan f\u00f6r containerterminalen i Insj\u00f6n. Den intilliggande bad- och b\u00e5tplatsen i \u00c5hlbyn, oumb\u00e4rlig f\u00f6r insj\u00f6borna, f\u00f6rsummas dock \u00e5terigen av kommunen och det politiska styret (M, S, C och L).<\/div>\n<div><\/div>\n<div>\u00c5hlbyn \u00e4r insj\u00f6bornas enda v\u00e4g till sj\u00f6n. N\u00e5gra alternativ finns inte, vilket kommunen har erk\u00e4nt. Trots detta har problemen orsakade av containerterminalen f\u00e5tt p\u00e5g\u00e5 i decennier. Godst\u00e5g kan blockera j\u00e4rnv\u00e4gs\u00f6verg\u00e5ngen till platsen i timmar varje dag, och milj\u00f6n p\u00e5verkas f\u00f6rst\u00e5s ocks\u00e5 negativt av industrin.<\/div>\n<div><\/div>\n<div>L\u00f6sningar har varit p\u00e5 tal i m\u00e5nga \u00e5r. Redan 2007 f\u00f6reslogs en ny v\u00e4g till bad- och b\u00e5tplatsen samt en skyddsvall mot industrin. 2015 utlovade kommunalr\u00e5det Ulrika Liljeberg (C) en ny v\u00e4g till 2016. Ist\u00e4llet fick f\u00f6rvaltningen i uppdrag att ta fram en l\u00f6sning till 2018. \u00c5ren gick utan resultat, och 2019 beslutades att avveckla \u00c5hlbybadet som kommunal badplats.<\/div>\n<div><\/div>\n<div>H\u00f6sten 2023 fr\u00e5gade vi kommunalr\u00e5det Sebastian Larsson (M) varf\u00f6r en l\u00f6sning \u00e4nnu inte var p\u00e5 plats. Svaret blev att fr\u00e5gan var \u201cn\u00e4ra sammankopplad med Bergkvist Siljans tillv\u00e4xtplaner\u201d. Att fr\u00e5gan skulle l\u00f6sas i samband med en ny detaljplan f\u00f6r industriomr\u00e5det \u00e4r ocks\u00e5 n\u00e5got som Liljeberg (C) tidigare utf\u00e4ste.<\/div>\n<div><\/div>\n<div>I den nya detaljplanen finns dock ingen ny v\u00e4g. Parkerings- och v\u00e4ndplatsen vid j\u00e4rnv\u00e4gs\u00f6verg\u00e5ngen tas bort. Bullret och annan milj\u00f6p\u00e5verkan f\u00f6rv\u00e4ntas \u00f6ka, men n\u00e5got skydd s\u00e4tts inte upp. Man skriver till och med f\u00f6ljande: \u201cOmr\u00e5det kring \u00c5hlbyn bed\u00f6ms inte vara ett friluftsomr\u00e5de\u201d. Det \u00e4r s\u00e5 att man baxnar.<\/div>\n<div><\/div>\n<div>Hur l\u00e4nge ska insj\u00f6borna beh\u00f6va v\u00e4nta? Har Centerpartiets tidigare l\u00f6ften inget v\u00e4rde? Var \u00e4r Socialdemokraternas sociala engagemang f\u00f6r Insj\u00f6n? Och vad \u00e4r egentligen framtiden f\u00f6r det oers\u00e4ttliga \u00c5hlbybadet?<\/div>\n<div><\/div>\n<div>Vi kristdemokrater har drivit fr\u00e5gan om \u00c5hlbyn under l\u00e5ng tid \u2013 och vi ger oss inte. Vi godtar inte den nya detaljplanen utan f\u00f6resl\u00e5r att \u00e4rendet \u00e5terremitteras, bland annat f\u00f6r att kompletteras med bullerskydd och en v\u00e4ndplats innan j\u00e4rnv\u00e4gs\u00f6verg\u00e5ngen. En plan f\u00f6r en ny v\u00e4g m\u00e5ste ocks\u00e5 presenteras.<\/div>\n<div><\/div>\n<div>Insj\u00f6n f\u00f6rtj\u00e4nar b\u00e4ttre. Sj\u00e4lvklart \u00e4r \u00c5hlbyn ett friluftsomr\u00e5de som ocks\u00e5 m\u00e5ste behandlas som ett s\u00e5dant i kommunens planer. Industrins behov ska tillgodoses, men inte till vilket pris som helst \u2013 insj\u00f6borna har r\u00e4tt till sin egen sj\u00f6.<\/div>\n<div><\/div>\n<div><b>Carin Malm (KD)<\/b>, gruppledare och ledamot i kommunstyrelsen<\/div>\n<div><b>Oliver Rolands (KD)<\/b>, vice gruppledare och ers\u00e4ttare i kommunstyrelsen<\/div>\n","protected":false},"excerpt":{"rendered":"<p>P\u00e5 m\u00e5ndag beslutar kommunstyrelsen om en ny detaljplan f\u00f6r containerterminalen i Insj\u00f6n. Den intilliggande bad- och b\u00e5tplatsen i \u00c5hlbyn, oumb\u00e4rlig f\u00f6r insj\u00f6borna, f\u00f6rsummas dock \u00e5terigen av kommunen och det politiska styret (M, S, C och L). \u00c5hlbyn \u00e4r insj\u00f6bornas enda v\u00e4g till sj\u00f6n. N\u00e5gra alternativ finns inte, vilket kommunen har erk\u00e4nt. Trots detta har problemen <a class=\"read-more-link\" href=\"https:\/\/wp.kristdemokraterna.se\/leksand\/2025\/01\/21\/kd-godtar-inte-detaljplanen-for-containerterminalen-bad-och-batplatsen-forsummas-aterigen\/\">Read More<\/a><\/p>\n","protected":false},"author":958,"featured_media":0,"comment_status":"closed","ping_status":"closed","sticky":false,"template":"","format":"standard","meta":{"_acf_changed":false,"footnotes":""},"categories":[25],"tags":[],"class_list":["post-1334","post","type-post","status-publish","format-standard","hentry","category-nyheter"],"acf":[],"yoast_head":"<!-- This site is optimized with the Yoast SEO plugin v27.4 - https:\/\/yoast.com\/product\/yoast-seo-wordpress\/ -->\n<title>KD godtar inte detaljplanen f\u00f6r containerterminalen: \u201cBad- och b\u00e5tplatsen f\u00f6rsummas \u00e5terigen\u201d - Kristdemokraterna Leksand<\/title>\n<meta name=\"robots\" content=\"index, follow, max-snippet:-1, max-image-preview:large, max-video-preview:-1\" \/>\n<link rel=\"canonical\" href=\"https:\/\/wp.kristdemokraterna.se\/leksand\/2025\/01\/21\/kd-godtar-inte-detaljplanen-for-containerterminalen-bad-och-batplatsen-forsummas-aterigen\/\" \/>\n<meta property=\"og:locale\" content=\"sv_SE\" \/>\n<meta property=\"og:type\" content=\"article\" \/>\n<meta property=\"og:title\" content=\"KD godtar inte detaljplanen f\u00f6r containerterminalen: \u201cBad- och b\u00e5tplatsen f\u00f6rsummas \u00e5terigen\u201d - Kristdemokraterna Leksand\" \/>\n<meta property=\"og:description\" content=\"P\u00e5 m\u00e5ndag beslutar kommunstyrelsen om en ny detaljplan f\u00f6r containerterminalen i Insj\u00f6n. Den intilliggande bad- och b\u00e5tplatsen i \u00c5hlbyn, oumb\u00e4rlig f\u00f6r insj\u00f6borna, f\u00f6rsummas dock \u00e5terigen av kommunen och det politiska styret (M, S, C och L). \u00c5hlbyn \u00e4r insj\u00f6bornas enda v\u00e4g till sj\u00f6n. N\u00e5gra alternativ finns inte, vilket kommunen har erk\u00e4nt. Trots detta har problemen Read More\" \/>\n<meta property=\"og:url\" content=\"https:\/\/wp.kristdemokraterna.se\/leksand\/2025\/01\/21\/kd-godtar-inte-detaljplanen-for-containerterminalen-bad-och-batplatsen-forsummas-aterigen\/\" \/>\n<meta property=\"og:site_name\" content=\"Kristdemokraterna Leksand\" \/>\n<meta property=\"article:published_time\" content=\"2025-01-21T10:39:19+00:00\" \/>\n<meta property=\"article:modified_time\" content=\"2025-02-07T10:39:37+00:00\" \/>\n<meta name=\"author\" content=\"oliver\" \/>\n<meta name=\"twitter:card\" content=\"summary_large_image\" \/>\n<meta name=\"twitter:label1\" content=\"Skriven av\" \/>\n\t<meta name=\"twitter:data1\" content=\"oliver\" \/>\n\t<meta name=\"twitter:label2\" content=\"Ber\u00e4knad l\u00e4stid\" \/>\n\t<meta name=\"twitter:data2\" content=\"2 minuter\" \/>\n<script type=\"application\/ld+json\" class=\"yoast-schema-graph\">{\"@context\":\"https:\\\/\\\/schema.org\",\"@graph\":[{\"@type\":\"Article\",\"@id\":\"https:\\\/\\\/wp.kristdemokraterna.se\\\/leksand\\\/2025\\\/01\\\/21\\\/kd-godtar-inte-detaljplanen-for-containerterminalen-bad-och-batplatsen-forsummas-aterigen\\\/#article\",\"isPartOf\":{\"@id\":\"https:\\\/\\\/wp.kristdemokraterna.se\\\/leksand\\\/2025\\\/01\\\/21\\\/kd-godtar-inte-detaljplanen-for-containerterminalen-bad-och-batplatsen-forsummas-aterigen\\\/\"},\"author\":{\"name\":\"oliver\",\"@id\":\"https:\\\/\\\/wp.kristdemokraterna.se\\\/leksand\\\/#\\\/schema\\\/person\\\/7611175eb955130b2fc127e0992fdffc\"},\"headline\":\"KD godtar inte detaljplanen f\u00f6r containerterminalen: \u201cBad- och b\u00e5tplatsen f\u00f6rsummas \u00e5terigen\u201d\",\"datePublished\":\"2025-01-21T10:39:19+00:00\",\"dateModified\":\"2025-02-07T10:39:37+00:00\",\"mainEntityOfPage\":{\"@id\":\"https:\\\/\\\/wp.kristdemokraterna.se\\\/leksand\\\/2025\\\/01\\\/21\\\/kd-godtar-inte-detaljplanen-for-containerterminalen-bad-och-batplatsen-forsummas-aterigen\\\/\"},\"wordCount\":468,\"articleSection\":[\"Nyheter\"],\"inLanguage\":\"sv-SE\"},{\"@type\":\"WebPage\",\"@id\":\"https:\\\/\\\/wp.kristdemokraterna.se\\\/leksand\\\/2025\\\/01\\\/21\\\/kd-godtar-inte-detaljplanen-for-containerterminalen-bad-och-batplatsen-forsummas-aterigen\\\/\",\"url\":\"https:\\\/\\\/wp.kristdemokraterna.se\\\/leksand\\\/2025\\\/01\\\/21\\\/kd-godtar-inte-detaljplanen-for-containerterminalen-bad-och-batplatsen-forsummas-aterigen\\\/\",\"name\":\"KD godtar inte detaljplanen f\u00f6r containerterminalen: \u201cBad- och b\u00e5tplatsen f\u00f6rsummas \u00e5terigen\u201d - Kristdemokraterna Leksand\",\"isPartOf\":{\"@id\":\"https:\\\/\\\/wp.kristdemokraterna.se\\\/leksand\\\/#website\"},\"datePublished\":\"2025-01-21T10:39:19+00:00\",\"dateModified\":\"2025-02-07T10:39:37+00:00\",\"author\":{\"@id\":\"https:\\\/\\\/wp.kristdemokraterna.se\\\/leksand\\\/#\\\/schema\\\/person\\\/7611175eb955130b2fc127e0992fdffc\"},\"breadcrumb\":{\"@id\":\"https:\\\/\\\/wp.kristdemokraterna.se\\\/leksand\\\/2025\\\/01\\\/21\\\/kd-godtar-inte-detaljplanen-for-containerterminalen-bad-och-batplatsen-forsummas-aterigen\\\/#breadcrumb\"},\"inLanguage\":\"sv-SE\",\"potentialAction\":[{\"@type\":\"ReadAction\",\"target\":[\"https:\\\/\\\/wp.kristdemokraterna.se\\\/leksand\\\/2025\\\/01\\\/21\\\/kd-godtar-inte-detaljplanen-for-containerterminalen-bad-och-batplatsen-forsummas-aterigen\\\/\"]}]},{\"@type\":\"BreadcrumbList\",\"@id\":\"https:\\\/\\\/wp.kristdemokraterna.se\\\/leksand\\\/2025\\\/01\\\/21\\\/kd-godtar-inte-detaljplanen-for-containerterminalen-bad-och-batplatsen-forsummas-aterigen\\\/#breadcrumb\",\"itemListElement\":[{\"@type\":\"ListItem\",\"position\":1,\"name\":\"Hem\",\"item\":\"https:\\\/\\\/wp.kristdemokraterna.se\\\/leksand\\\/\"},{\"@type\":\"ListItem\",\"position\":2,\"name\":\"KD godtar inte detaljplanen f\u00f6r containerterminalen: \u201cBad- och b\u00e5tplatsen f\u00f6rsummas \u00e5terigen\u201d\"}]},{\"@type\":\"WebSite\",\"@id\":\"https:\\\/\\\/wp.kristdemokraterna.se\\\/leksand\\\/#website\",\"url\":\"https:\\\/\\\/wp.kristdemokraterna.se\\\/leksand\\\/\",\"name\":\"Kristdemokraterna Leksand\",\"description\":\"Kristdemokratiska lokalavdelningen i Leksand\",\"inLanguage\":\"sv-SE\"},{\"@type\":\"Person\",\"@id\":\"https:\\\/\\\/wp.kristdemokraterna.se\\\/leksand\\\/#\\\/schema\\\/person\\\/7611175eb955130b2fc127e0992fdffc\",\"name\":\"oliver\",\"image\":{\"@type\":\"ImageObject\",\"inLanguage\":\"sv-SE\",\"@id\":\"https:\\\/\\\/secure.gravatar.com\\\/avatar\\\/bf91bfa2870e8b9c37378dca6b35b68f39af1750e31e39ac91e8ffb52bcdde21?s=96&d=mm&r=g\",\"url\":\"https:\\\/\\\/secure.gravatar.com\\\/avatar\\\/bf91bfa2870e8b9c37378dca6b35b68f39af1750e31e39ac91e8ffb52bcdde21?s=96&d=mm&r=g\",\"contentUrl\":\"https:\\\/\\\/secure.gravatar.com\\\/avatar\\\/bf91bfa2870e8b9c37378dca6b35b68f39af1750e31e39ac91e8ffb52bcdde21?s=96&d=mm&r=g\",\"caption\":\"oliver\"},\"url\":\"https:\\\/\\\/wp.kristdemokraterna.se\\\/leksand\\\/author\\\/oliver\\\/\"}]}<\/script>\n<!-- \/ Yoast SEO plugin. -->","yoast_head_json":{"title":"KD godtar inte detaljplanen f\u00f6r containerterminalen: \u201cBad- och b\u00e5tplatsen f\u00f6rsummas \u00e5terigen\u201d - Kristdemokraterna Leksand","robots":{"index":"index","follow":"follow","max-snippet":"max-snippet:-1","max-image-preview":"max-image-preview:large","max-video-preview":"max-video-preview:-1"},"canonical":"https:\/\/wp.kristdemokraterna.se\/leksand\/2025\/01\/21\/kd-godtar-inte-detaljplanen-for-containerterminalen-bad-och-batplatsen-forsummas-aterigen\/","og_locale":"sv_SE","og_type":"article","og_title":"KD godtar inte detaljplanen f\u00f6r containerterminalen: \u201cBad- och b\u00e5tplatsen f\u00f6rsummas \u00e5terigen\u201d - Kristdemokraterna Leksand","og_description":"P\u00e5 m\u00e5ndag beslutar kommunstyrelsen om en ny detaljplan f\u00f6r containerterminalen i Insj\u00f6n. Den intilliggande bad- och b\u00e5tplatsen i \u00c5hlbyn, oumb\u00e4rlig f\u00f6r insj\u00f6borna, f\u00f6rsummas dock \u00e5terigen av kommunen och det politiska styret (M, S, C och L). \u00c5hlbyn \u00e4r insj\u00f6bornas enda v\u00e4g till sj\u00f6n. N\u00e5gra alternativ finns inte, vilket kommunen har erk\u00e4nt. Trots detta har problemen Read More","og_url":"https:\/\/wp.kristdemokraterna.se\/leksand\/2025\/01\/21\/kd-godtar-inte-detaljplanen-for-containerterminalen-bad-och-batplatsen-forsummas-aterigen\/","og_site_name":"Kristdemokraterna Leksand","article_published_time":"2025-01-21T10:39:19+00:00","article_modified_time":"2025-02-07T10:39:37+00:00","author":"oliver","twitter_card":"summary_large_image","twitter_misc":{"Skriven av":"oliver","Ber\u00e4knad l\u00e4stid":"2 minuter"},"schema":{"@context":"https:\/\/schema.org","@graph":[{"@type":"Article","@id":"https:\/\/wp.kristdemokraterna.se\/leksand\/2025\/01\/21\/kd-godtar-inte-detaljplanen-for-containerterminalen-bad-och-batplatsen-forsummas-aterigen\/#article","isPartOf":{"@id":"https:\/\/wp.kristdemokraterna.se\/leksand\/2025\/01\/21\/kd-godtar-inte-detaljplanen-for-containerterminalen-bad-och-batplatsen-forsummas-aterigen\/"},"author":{"name":"oliver","@id":"https:\/\/wp.kristdemokraterna.se\/leksand\/#\/schema\/person\/7611175eb955130b2fc127e0992fdffc"},"headline":"KD godtar inte detaljplanen f\u00f6r containerterminalen: \u201cBad- och b\u00e5tplatsen f\u00f6rsummas \u00e5terigen\u201d","datePublished":"2025-01-21T10:39:19+00:00","dateModified":"2025-02-07T10:39:37+00:00","mainEntityOfPage":{"@id":"https:\/\/wp.kristdemokraterna.se\/leksand\/2025\/01\/21\/kd-godtar-inte-detaljplanen-for-containerterminalen-bad-och-batplatsen-forsummas-aterigen\/"},"wordCount":468,"articleSection":["Nyheter"],"inLanguage":"sv-SE"},{"@type":"WebPage","@id":"https:\/\/wp.kristdemokraterna.se\/leksand\/2025\/01\/21\/kd-godtar-inte-detaljplanen-for-containerterminalen-bad-och-batplatsen-forsummas-aterigen\/","url":"https:\/\/wp.kristdemokraterna.se\/leksand\/2025\/01\/21\/kd-godtar-inte-detaljplanen-for-containerterminalen-bad-och-batplatsen-forsummas-aterigen\/","name":"KD godtar inte detaljplanen f\u00f6r containerterminalen: \u201cBad- och b\u00e5tplatsen f\u00f6rsummas \u00e5terigen\u201d - Kristdemokraterna Leksand","isPartOf":{"@id":"https:\/\/wp.kristdemokraterna.se\/leksand\/#website"},"datePublished":"2025-01-21T10:39:19+00:00","dateModified":"2025-02-07T10:39:37+00:00","author":{"@id":"https:\/\/wp.kristdemokraterna.se\/leksand\/#\/schema\/person\/7611175eb955130b2fc127e0992fdffc"},"breadcrumb":{"@id":"https:\/\/wp.kristdemokraterna.se\/leksand\/2025\/01\/21\/kd-godtar-inte-detaljplanen-for-containerterminalen-bad-och-batplatsen-forsummas-aterigen\/#breadcrumb"},"inLanguage":"sv-SE","potentialAction":[{"@type":"ReadAction","target":["https:\/\/wp.kristdemokraterna.se\/leksand\/2025\/01\/21\/kd-godtar-inte-detaljplanen-for-containerterminalen-bad-och-batplatsen-forsummas-aterigen\/"]}]},{"@type":"BreadcrumbList","@id":"https:\/\/wp.kristdemokraterna.se\/leksand\/2025\/01\/21\/kd-godtar-inte-detaljplanen-for-containerterminalen-bad-och-batplatsen-forsummas-aterigen\/#breadcrumb","itemListElement":[{"@type":"ListItem","position":1,"name":"Hem","item":"https:\/\/wp.kristdemokraterna.se\/leksand\/"},{"@type":"ListItem","position":2,"name":"KD godtar inte detaljplanen f\u00f6r containerterminalen: \u201cBad- och b\u00e5tplatsen f\u00f6rsummas \u00e5terigen\u201d"}]},{"@type":"WebSite","@id":"https:\/\/wp.kristdemokraterna.se\/leksand\/#website","url":"https:\/\/wp.kristdemokraterna.se\/leksand\/","name":"Kristdemokraterna Leksand","description":"Kristdemokratiska lokalavdelningen i Leksand","inLanguage":"sv-SE"},{"@type":"Person","@id":"https:\/\/wp.kristdemokraterna.se\/leksand\/#\/schema\/person\/7611175eb955130b2fc127e0992fdffc","name":"oliver","image":{"@type":"ImageObject","inLanguage":"sv-SE","@id":"https:\/\/secure.gravatar.com\/avatar\/bf91bfa2870e8b9c37378dca6b35b68f39af1750e31e39ac91e8ffb52bcdde21?s=96&d=mm&r=g","url":"https:\/\/secure.gravatar.com\/avatar\/bf91bfa2870e8b9c37378dca6b35b68f39af1750e31e39ac91e8ffb52bcdde21?s=96&d=mm&r=g","contentUrl":"https:\/\/secure.gravatar.com\/avatar\/bf91bfa2870e8b9c37378dca6b35b68f39af1750e31e39ac91e8ffb52bcdde21?s=96&d=mm&r=g","caption":"oliver"},"url":"https:\/\/wp.kristdemokraterna.se\/leksand\/author\/oliver\/"}]}},"_links":{"self":[{"href":"https:\/\/wp.kristdemokraterna.se\/leksand\/wp-json\/wp\/v2\/posts\/1334","targetHints":{"allow":["GET"]}}],"collection":[{"href":"https:\/\/wp.kristdemokraterna.se\/leksand\/wp-json\/wp\/v2\/posts"}],"about":[{"href":"https:\/\/wp.kristdemokraterna.se\/leksand\/wp-json\/wp\/v2\/types\/post"}],"author":[{"embeddable":true,"href":"https:\/\/wp.kristdemokraterna.se\/leksand\/wp-json\/wp\/v2\/users\/958"}],"replies":[{"embeddable":true,"href":"https:\/\/wp.kristdemokraterna.se\/leksand\/wp-json\/wp\/v2\/comments?post=1334"}],"version-history":[{"count":1,"href":"https:\/\/wp.kristdemokraterna.se\/leksand\/wp-json\/wp\/v2\/posts\/1334\/revisions"}],"predecessor-version":[{"id":1335,"href":"https:\/\/wp.kristdemokraterna.se\/leksand\/wp-json\/wp\/v2\/posts\/1334\/revisions\/1335"}],"wp:attachment":[{"href":"https:\/\/wp.kristdemokraterna.se\/leksand\/wp-json\/wp\/v2\/media?parent=1334"}],"wp:term":[{"taxonomy":"category","embeddable":true,"href":"https:\/\/wp.kristdemokraterna.se\/leksand\/wp-json\/wp\/v2\/categories?post=1334"},{"taxonomy":"post_tag","embeddable":true,"href":"https:\/\/wp.kristdemokraterna.se\/leksand\/wp-json\/wp\/v2\/tags?post=1334"}],"curies":[{"name":"wp","href":"https:\/\/api.w.org\/{rel}","templated":true}]}}