{"id":666,"date":"2019-10-14T16:36:41","date_gmt":"2019-10-14T14:36:41","guid":{"rendered":"https:\/\/wp.kristdemokraterna.se\/leksand\/?p=666"},"modified":"2021-04-21T16:37:50","modified_gmt":"2021-04-21T14:37:50","slug":"satsning-pa-ahlbyn","status":"publish","type":"post","link":"https:\/\/wp.kristdemokraterna.se\/leksand\/2019\/10\/14\/satsning-pa-ahlbyn\/","title":{"rendered":"Satsning p\u00e5 \u00c5hlbyn i investeringsbudget"},"content":{"rendered":"<div class=\"kvgmc6g5 cxmmr5t8 oygrvhab hcukyx3x c1et5uql ii04i59q\">\n<p dir=\"auto\">Nu kan Kristdemokraterna Leksand gl\u00e4dja sig \u00e5t att kommunfullm\u00e4ktige st\u00e4llt sig bakom en av partiets valfr\u00e5gor \u2013 bygget av en s\u00e4ker trafikl\u00f6sning till \u00c5hlbyn i Insj\u00f6n.<\/p>\n<p dir=\"auto\">I den budget som r\u00f6stats igenom satsar Alliansen 3,5 miljoner kronor p\u00e5 trafikl\u00f6sningen under \u00e5ren 2020-2021. Det g\u00f6r att vi p\u00e5 allvar kan b\u00f6rja prata om att Insj\u00f6borna efter 15 \u00e5rs v\u00e4ntan \u00e4ntligen ska f\u00e5 en ny, s\u00e4ker v\u00e4g till det popul\u00e4ra bad- och friluftsomr\u00e5det. I b\u00e4sta fall st\u00e5r v\u00e4gen klar redan till sommaren 2021.<\/p>\n<p dir=\"auto\">Satsningen p\u00e5 \u00c5hlbyn \u00e4r en av drygt 50 investeringar som kommer att genomf\u00f6ras under perioden 2020-2023. Exempel p\u00e5 andra satsningar \u00e4r bygget av en ny sporthall, bygget av infrastruktur inom det nya bostadsomr\u00e5det i norra K\u00e4ringberget och Moskogsl\u00e4nken. Trots ett tufft ekonomiskt l\u00e4ge \u00e4r vi \u00f6vertygade om att investeringarna \u00e4r n\u00f6dv\u00e4ndiga f\u00f6r att kunna forts\u00e4tta den positiva utvecklingen i Leksands kommun.<\/p>\n<\/div>\n","protected":false},"excerpt":{"rendered":"<p>Nu kan Kristdemokraterna Leksand gl\u00e4dja sig \u00e5t att kommunfullm\u00e4ktige st\u00e4llt sig bakom en av partiets valfr\u00e5gor \u2013 bygget av en s\u00e4ker trafikl\u00f6sning till \u00c5hlbyn i Insj\u00f6n. I den budget som r\u00f6stats igenom satsar Alliansen 3,5 miljoner kronor p\u00e5 trafikl\u00f6sningen under \u00e5ren 2020-2021. Det g\u00f6r att vi p\u00e5 allvar kan b\u00f6rja prata om att Insj\u00f6borna efter <a class=\"read-more-link\" href=\"https:\/\/wp.kristdemokraterna.se\/leksand\/2019\/10\/14\/satsning-pa-ahlbyn\/\">Read More<\/a><\/p>\n","protected":false},"author":958,"featured_media":0,"comment_status":"closed","ping_status":"closed","sticky":false,"template":"","format":"standard","meta":{"_acf_changed":false,"footnotes":""},"categories":[25],"tags":[],"class_list":["post-666","post","type-post","status-publish","format-standard","hentry","category-nyheter"],"acf":[],"yoast_head":"<!-- This site is optimized with the Yoast SEO plugin v27.4 - https:\/\/yoast.com\/product\/yoast-seo-wordpress\/ -->\n<title>Satsning p\u00e5 \u00c5hlbyn i investeringsbudget - Kristdemokraterna Leksand<\/title>\n<meta name=\"robots\" content=\"index, follow, max-snippet:-1, max-image-preview:large, max-video-preview:-1\" \/>\n<link rel=\"canonical\" href=\"https:\/\/wp.kristdemokraterna.se\/leksand\/2019\/10\/14\/satsning-pa-ahlbyn\/\" \/>\n<meta property=\"og:locale\" content=\"sv_SE\" \/>\n<meta property=\"og:type\" content=\"article\" \/>\n<meta property=\"og:title\" content=\"Satsning p\u00e5 \u00c5hlbyn i investeringsbudget - Kristdemokraterna Leksand\" \/>\n<meta property=\"og:description\" content=\"Nu kan Kristdemokraterna Leksand gl\u00e4dja sig \u00e5t att kommunfullm\u00e4ktige st\u00e4llt sig bakom en av partiets valfr\u00e5gor \u2013 bygget av en s\u00e4ker trafikl\u00f6sning till \u00c5hlbyn i Insj\u00f6n. I den budget som r\u00f6stats igenom satsar Alliansen 3,5 miljoner kronor p\u00e5 trafikl\u00f6sningen under \u00e5ren 2020-2021. Det g\u00f6r att vi p\u00e5 allvar kan b\u00f6rja prata om att Insj\u00f6borna efter Read More\" \/>\n<meta property=\"og:url\" content=\"https:\/\/wp.kristdemokraterna.se\/leksand\/2019\/10\/14\/satsning-pa-ahlbyn\/\" \/>\n<meta property=\"og:site_name\" content=\"Kristdemokraterna Leksand\" \/>\n<meta property=\"article:published_time\" content=\"2019-10-14T14:36:41+00:00\" \/>\n<meta property=\"article:modified_time\" content=\"2021-04-21T14:37:50+00:00\" \/>\n<meta name=\"author\" content=\"oliver\" \/>\n<meta name=\"twitter:card\" content=\"summary_large_image\" \/>\n<meta name=\"twitter:label1\" content=\"Skriven av\" \/>\n\t<meta name=\"twitter:data1\" content=\"oliver\" \/>\n\t<meta name=\"twitter:label2\" content=\"Ber\u00e4knad l\u00e4stid\" \/>\n\t<meta name=\"twitter:data2\" content=\"1 minut\" \/>\n<script type=\"application\/ld+json\" class=\"yoast-schema-graph\">{\"@context\":\"https:\\\/\\\/schema.org\",\"@graph\":[{\"@type\":\"Article\",\"@id\":\"https:\\\/\\\/wp.kristdemokraterna.se\\\/leksand\\\/2019\\\/10\\\/14\\\/satsning-pa-ahlbyn\\\/#article\",\"isPartOf\":{\"@id\":\"https:\\\/\\\/wp.kristdemokraterna.se\\\/leksand\\\/2019\\\/10\\\/14\\\/satsning-pa-ahlbyn\\\/\"},\"author\":{\"name\":\"oliver\",\"@id\":\"https:\\\/\\\/wp.kristdemokraterna.se\\\/leksand\\\/#\\\/schema\\\/person\\\/7611175eb955130b2fc127e0992fdffc\"},\"headline\":\"Satsning p\u00e5 \u00c5hlbyn i investeringsbudget\",\"datePublished\":\"2019-10-14T14:36:41+00:00\",\"dateModified\":\"2021-04-21T14:37:50+00:00\",\"mainEntityOfPage\":{\"@id\":\"https:\\\/\\\/wp.kristdemokraterna.se\\\/leksand\\\/2019\\\/10\\\/14\\\/satsning-pa-ahlbyn\\\/\"},\"wordCount\":171,\"articleSection\":[\"Nyheter\"],\"inLanguage\":\"sv-SE\"},{\"@type\":\"WebPage\",\"@id\":\"https:\\\/\\\/wp.kristdemokraterna.se\\\/leksand\\\/2019\\\/10\\\/14\\\/satsning-pa-ahlbyn\\\/\",\"url\":\"https:\\\/\\\/wp.kristdemokraterna.se\\\/leksand\\\/2019\\\/10\\\/14\\\/satsning-pa-ahlbyn\\\/\",\"name\":\"Satsning p\u00e5 \u00c5hlbyn i investeringsbudget - Kristdemokraterna Leksand\",\"isPartOf\":{\"@id\":\"https:\\\/\\\/wp.kristdemokraterna.se\\\/leksand\\\/#website\"},\"datePublished\":\"2019-10-14T14:36:41+00:00\",\"dateModified\":\"2021-04-21T14:37:50+00:00\",\"author\":{\"@id\":\"https:\\\/\\\/wp.kristdemokraterna.se\\\/leksand\\\/#\\\/schema\\\/person\\\/7611175eb955130b2fc127e0992fdffc\"},\"breadcrumb\":{\"@id\":\"https:\\\/\\\/wp.kristdemokraterna.se\\\/leksand\\\/2019\\\/10\\\/14\\\/satsning-pa-ahlbyn\\\/#breadcrumb\"},\"inLanguage\":\"sv-SE\",\"potentialAction\":[{\"@type\":\"ReadAction\",\"target\":[\"https:\\\/\\\/wp.kristdemokraterna.se\\\/leksand\\\/2019\\\/10\\\/14\\\/satsning-pa-ahlbyn\\\/\"]}]},{\"@type\":\"BreadcrumbList\",\"@id\":\"https:\\\/\\\/wp.kristdemokraterna.se\\\/leksand\\\/2019\\\/10\\\/14\\\/satsning-pa-ahlbyn\\\/#breadcrumb\",\"itemListElement\":[{\"@type\":\"ListItem\",\"position\":1,\"name\":\"Hem\",\"item\":\"https:\\\/\\\/wp.kristdemokraterna.se\\\/leksand\\\/\"},{\"@type\":\"ListItem\",\"position\":2,\"name\":\"Satsning p\u00e5 \u00c5hlbyn i investeringsbudget\"}]},{\"@type\":\"WebSite\",\"@id\":\"https:\\\/\\\/wp.kristdemokraterna.se\\\/leksand\\\/#website\",\"url\":\"https:\\\/\\\/wp.kristdemokraterna.se\\\/leksand\\\/\",\"name\":\"Kristdemokraterna Leksand\",\"description\":\"Kristdemokratiska lokalavdelningen i Leksand\",\"inLanguage\":\"sv-SE\"},{\"@type\":\"Person\",\"@id\":\"https:\\\/\\\/wp.kristdemokraterna.se\\\/leksand\\\/#\\\/schema\\\/person\\\/7611175eb955130b2fc127e0992fdffc\",\"name\":\"oliver\",\"image\":{\"@type\":\"ImageObject\",\"inLanguage\":\"sv-SE\",\"@id\":\"https:\\\/\\\/secure.gravatar.com\\\/avatar\\\/bf91bfa2870e8b9c37378dca6b35b68f39af1750e31e39ac91e8ffb52bcdde21?s=96&d=mm&r=g\",\"url\":\"https:\\\/\\\/secure.gravatar.com\\\/avatar\\\/bf91bfa2870e8b9c37378dca6b35b68f39af1750e31e39ac91e8ffb52bcdde21?s=96&d=mm&r=g\",\"contentUrl\":\"https:\\\/\\\/secure.gravatar.com\\\/avatar\\\/bf91bfa2870e8b9c37378dca6b35b68f39af1750e31e39ac91e8ffb52bcdde21?s=96&d=mm&r=g\",\"caption\":\"oliver\"},\"url\":\"https:\\\/\\\/wp.kristdemokraterna.se\\\/leksand\\\/author\\\/oliver\\\/\"}]}<\/script>\n<!-- \/ Yoast SEO plugin. -->","yoast_head_json":{"title":"Satsning p\u00e5 \u00c5hlbyn i investeringsbudget - Kristdemokraterna Leksand","robots":{"index":"index","follow":"follow","max-snippet":"max-snippet:-1","max-image-preview":"max-image-preview:large","max-video-preview":"max-video-preview:-1"},"canonical":"https:\/\/wp.kristdemokraterna.se\/leksand\/2019\/10\/14\/satsning-pa-ahlbyn\/","og_locale":"sv_SE","og_type":"article","og_title":"Satsning p\u00e5 \u00c5hlbyn i investeringsbudget - Kristdemokraterna Leksand","og_description":"Nu kan Kristdemokraterna Leksand gl\u00e4dja sig \u00e5t att kommunfullm\u00e4ktige st\u00e4llt sig bakom en av partiets valfr\u00e5gor \u2013 bygget av en s\u00e4ker trafikl\u00f6sning till \u00c5hlbyn i Insj\u00f6n. I den budget som r\u00f6stats igenom satsar Alliansen 3,5 miljoner kronor p\u00e5 trafikl\u00f6sningen under \u00e5ren 2020-2021. Det g\u00f6r att vi p\u00e5 allvar kan b\u00f6rja prata om att Insj\u00f6borna efter Read More","og_url":"https:\/\/wp.kristdemokraterna.se\/leksand\/2019\/10\/14\/satsning-pa-ahlbyn\/","og_site_name":"Kristdemokraterna Leksand","article_published_time":"2019-10-14T14:36:41+00:00","article_modified_time":"2021-04-21T14:37:50+00:00","author":"oliver","twitter_card":"summary_large_image","twitter_misc":{"Skriven av":"oliver","Ber\u00e4knad l\u00e4stid":"1 minut"},"schema":{"@context":"https:\/\/schema.org","@graph":[{"@type":"Article","@id":"https:\/\/wp.kristdemokraterna.se\/leksand\/2019\/10\/14\/satsning-pa-ahlbyn\/#article","isPartOf":{"@id":"https:\/\/wp.kristdemokraterna.se\/leksand\/2019\/10\/14\/satsning-pa-ahlbyn\/"},"author":{"name":"oliver","@id":"https:\/\/wp.kristdemokraterna.se\/leksand\/#\/schema\/person\/7611175eb955130b2fc127e0992fdffc"},"headline":"Satsning p\u00e5 \u00c5hlbyn i investeringsbudget","datePublished":"2019-10-14T14:36:41+00:00","dateModified":"2021-04-21T14:37:50+00:00","mainEntityOfPage":{"@id":"https:\/\/wp.kristdemokraterna.se\/leksand\/2019\/10\/14\/satsning-pa-ahlbyn\/"},"wordCount":171,"articleSection":["Nyheter"],"inLanguage":"sv-SE"},{"@type":"WebPage","@id":"https:\/\/wp.kristdemokraterna.se\/leksand\/2019\/10\/14\/satsning-pa-ahlbyn\/","url":"https:\/\/wp.kristdemokraterna.se\/leksand\/2019\/10\/14\/satsning-pa-ahlbyn\/","name":"Satsning p\u00e5 \u00c5hlbyn i investeringsbudget - Kristdemokraterna Leksand","isPartOf":{"@id":"https:\/\/wp.kristdemokraterna.se\/leksand\/#website"},"datePublished":"2019-10-14T14:36:41+00:00","dateModified":"2021-04-21T14:37:50+00:00","author":{"@id":"https:\/\/wp.kristdemokraterna.se\/leksand\/#\/schema\/person\/7611175eb955130b2fc127e0992fdffc"},"breadcrumb":{"@id":"https:\/\/wp.kristdemokraterna.se\/leksand\/2019\/10\/14\/satsning-pa-ahlbyn\/#breadcrumb"},"inLanguage":"sv-SE","potentialAction":[{"@type":"ReadAction","target":["https:\/\/wp.kristdemokraterna.se\/leksand\/2019\/10\/14\/satsning-pa-ahlbyn\/"]}]},{"@type":"BreadcrumbList","@id":"https:\/\/wp.kristdemokraterna.se\/leksand\/2019\/10\/14\/satsning-pa-ahlbyn\/#breadcrumb","itemListElement":[{"@type":"ListItem","position":1,"name":"Hem","item":"https:\/\/wp.kristdemokraterna.se\/leksand\/"},{"@type":"ListItem","position":2,"name":"Satsning p\u00e5 \u00c5hlbyn i investeringsbudget"}]},{"@type":"WebSite","@id":"https:\/\/wp.kristdemokraterna.se\/leksand\/#website","url":"https:\/\/wp.kristdemokraterna.se\/leksand\/","name":"Kristdemokraterna Leksand","description":"Kristdemokratiska lokalavdelningen i Leksand","inLanguage":"sv-SE"},{"@type":"Person","@id":"https:\/\/wp.kristdemokraterna.se\/leksand\/#\/schema\/person\/7611175eb955130b2fc127e0992fdffc","name":"oliver","image":{"@type":"ImageObject","inLanguage":"sv-SE","@id":"https:\/\/secure.gravatar.com\/avatar\/bf91bfa2870e8b9c37378dca6b35b68f39af1750e31e39ac91e8ffb52bcdde21?s=96&d=mm&r=g","url":"https:\/\/secure.gravatar.com\/avatar\/bf91bfa2870e8b9c37378dca6b35b68f39af1750e31e39ac91e8ffb52bcdde21?s=96&d=mm&r=g","contentUrl":"https:\/\/secure.gravatar.com\/avatar\/bf91bfa2870e8b9c37378dca6b35b68f39af1750e31e39ac91e8ffb52bcdde21?s=96&d=mm&r=g","caption":"oliver"},"url":"https:\/\/wp.kristdemokraterna.se\/leksand\/author\/oliver\/"}]}},"_links":{"self":[{"href":"https:\/\/wp.kristdemokraterna.se\/leksand\/wp-json\/wp\/v2\/posts\/666","targetHints":{"allow":["GET"]}}],"collection":[{"href":"https:\/\/wp.kristdemokraterna.se\/leksand\/wp-json\/wp\/v2\/posts"}],"about":[{"href":"https:\/\/wp.kristdemokraterna.se\/leksand\/wp-json\/wp\/v2\/types\/post"}],"author":[{"embeddable":true,"href":"https:\/\/wp.kristdemokraterna.se\/leksand\/wp-json\/wp\/v2\/users\/958"}],"replies":[{"embeddable":true,"href":"https:\/\/wp.kristdemokraterna.se\/leksand\/wp-json\/wp\/v2\/comments?post=666"}],"version-history":[{"count":3,"href":"https:\/\/wp.kristdemokraterna.se\/leksand\/wp-json\/wp\/v2\/posts\/666\/revisions"}],"predecessor-version":[{"id":670,"href":"https:\/\/wp.kristdemokraterna.se\/leksand\/wp-json\/wp\/v2\/posts\/666\/revisions\/670"}],"wp:attachment":[{"href":"https:\/\/wp.kristdemokraterna.se\/leksand\/wp-json\/wp\/v2\/media?parent=666"}],"wp:term":[{"taxonomy":"category","embeddable":true,"href":"https:\/\/wp.kristdemokraterna.se\/leksand\/wp-json\/wp\/v2\/categories?post=666"},{"taxonomy":"post_tag","embeddable":true,"href":"https:\/\/wp.kristdemokraterna.se\/leksand\/wp-json\/wp\/v2\/tags?post=666"}],"curies":[{"name":"wp","href":"https:\/\/api.w.org\/{rel}","templated":true}]}}