{"id":646,"date":"2022-05-19T21:42:32","date_gmt":"2022-05-19T19:42:32","guid":{"rendered":"https:\/\/wp.kristdemokraterna.se\/lidingo\/?p=646"},"modified":"2022-05-19T21:42:32","modified_gmt":"2022-05-19T19:42:32","slug":"intervju-carl-johan-schiller","status":"publish","type":"post","link":"https:\/\/wp.kristdemokraterna.se\/lidingo\/intervju-carl-johan-schiller\/","title":{"rendered":"Intervju | Carl-Johan Schiller"},"content":{"rendered":"<div class=\"\" dir=\"auto\">\n<div id=\"jsc_c_34c\" class=\"ecm0bbzt hv4rvrfc ihqw7lf3 dati1w0a\" data-ad-comet-preview=\"message\" data-ad-preview=\"message\">\n<div class=\"j83agx80 cbu4d94t ew0dbk1b irj2b8pg\">\n<div class=\"qzhwtbm6 knvmm38d\">\n<div class=\"kvgmc6g5 cxmmr5t8 oygrvhab hcukyx3x c1et5uql ii04i59q\">\n<h3>Varje onsdag fram\u00f6ver kommer vi presentera v\u00e5ra kandidater till kommunfullm\u00e4ktige. F\u00f6rst ut \u00e4r v\u00e5rt kommunalr\u00e5d Carl-Johan Schiller <span class=\"pq6dq46d tbxw36s4 knj5qynh kvgmc6g5 ditlmg2l oygrvhab nvdbi5me sf5mxxl7 gl3lb2sf hhz5lgdu\"><img loading=\"lazy\" decoding=\"async\" src=\"https:\/\/static.xx.fbcdn.net\/images\/emoji.php\/v9\/t6c\/1\/16\/1f499.png\" alt=\"\ud83d\udc99\" width=\"16\" height=\"16\" \/><\/span><\/h3>\n<\/div>\n<div class=\"cxmmr5t8 oygrvhab hcukyx3x c1et5uql o9v6fnle ii04i59q\">\n<div dir=\"auto\"><\/div>\n<div dir=\"auto\"><em><strong>Vem \u00e4r du?<\/strong><\/em><\/div>\n<div dir=\"auto\"><\/div>\n<div dir=\"auto\">Mitt namn \u00e4r Carl-Johan Schiller, 32 \u00e5r gammal och Liding\u00f6bo sedan f\u00f6dseln. Jag bor med min fru och v\u00e5ra barn p\u00e5 Bo g\u00e4rde och har haft den stora f\u00f6rm\u00e5nen att vara KD:s kommunalr\u00e5d i snart \u00e5tta \u00e5r. Innan dess pluggade jag p\u00e5 F\u00f6rsvarsh\u00f6gskolan.<\/div>\n<div dir=\"auto\"><\/div>\n<\/div>\n<div class=\"cxmmr5t8 oygrvhab hcukyx3x c1et5uql o9v6fnle ii04i59q\">\n<div dir=\"auto\"><em><strong>Varf\u00f6r b\u00f6rjade du engagera dig politiskt?<\/strong><\/em><\/div>\n<div dir=\"auto\"><\/div>\n<div dir=\"auto\">Liding\u00f6 \u00e4r en fantastisk plats att bo p\u00e5 men det finns mycket som kan bli \u00e4nnu b\u00e4ttre. Bland annat borde Liding\u00f6s \u00e4ldreomsorg vara b\u00e4ttre rustad n\u00e4r pandemin kom, v\u00e5r milj\u00f6 beh\u00f6ver v\u00e5rdas b\u00e4ttre och barngrupperna i f\u00f6rskolan beh\u00f6ver bli mindre. Dessutom saknas det fortfarande hallar f\u00f6r f\u00f6reningslivet. Det \u00e4r n\u00e5gra av sk\u00e4len som f\u00e5r mig att vilja \u00e4gna mig \u00e5t kommunpolitik!<\/div>\n<\/div>\n<div class=\"cxmmr5t8 oygrvhab hcukyx3x c1et5uql o9v6fnle ii04i59q\">\n<div dir=\"auto\"><\/div>\n<div dir=\"auto\"><em><strong>Vem \u00e4r din politiska f\u00f6rebild?<\/strong><\/em><\/div>\n<div dir=\"auto\"><\/div>\n<div dir=\"auto\">I dessa oroliga tider beh\u00f6vs ledare som st\u00e5r fast vid sina v\u00e4rderingar och som v\u00e5gar ta strid f\u00f6r r\u00e4tt och fel. En s\u00e5dan person var Margareth Thatcher. Hon var dessutom en av de f\u00f6rsta etablerade politikerna som lyfte klimatfr\u00e5gan p\u00e5 den internationella arenan Vilket var oerh\u00f6rt viktigt.<\/div>\n<div dir=\"auto\"><\/div>\n<\/div>\n<div class=\"cxmmr5t8 oygrvhab hcukyx3x c1et5uql o9v6fnle ii04i59q\">\n<div dir=\"auto\"><em><strong>Vad g\u00f6r du helst p\u00e5 fritiden?<\/strong><\/em><\/div>\n<div dir=\"auto\"><\/div>\n<div dir=\"auto\">P\u00e5 fritiden tycker jag om att vara ute i naturen. Till exempel s\u00e5 paddlar jag med min kajak i Kyrkviken eller grillar korv med familjen i Gr\u00f6nstaskogen.<\/div>\n<\/div>\n<div class=\"cxmmr5t8 oygrvhab hcukyx3x c1et5uql o9v6fnle ii04i59q\">\n<div dir=\"auto\"><\/div>\n<div dir=\"auto\"><em><strong>Varf\u00f6r ska man r\u00f6sta p\u00e5 dig\/KD?<\/strong><\/em><\/div>\n<div dir=\"auto\"><\/div>\n<div dir=\"auto\">Vill man r\u00f6sta p\u00e5 ett parti som vill utveckla Liding\u00f6 f\u00f6rsiktigt, satsa p\u00e5 \u00e4ldreomsorgen och sjukv\u00e5rden och som har ett v\u00e4l sammansvetsat team utan konflikter, d\u00e5 \u00e4r KD det b\u00e4sta alternativet!<\/div>\n<div dir=\"auto\"><a href=\"http:\/\/wp.kristdemokraterna.se\/lidingo\/files\/2022\/05\/carl-johan-press-scaled.jpg\"><img loading=\"lazy\" decoding=\"async\" class=\"alignnone size-full wp-image-614\" src=\"http:\/\/wp.kristdemokraterna.se\/lidingo\/files\/2022\/05\/carl-johan-press-scaled.jpg\" alt=\"\" width=\"2560\" height=\"1707\" \/><\/a><\/div>\n<\/div>\n<\/div>\n<\/div>\n<\/div>\n<\/div>\n","protected":false},"excerpt":{"rendered":"<p>Varje onsdag fram\u00f6ver kommer vi presentera v\u00e5ra kandidater till kommunfullm\u00e4ktige. F\u00f6rst ut \u00e4r v\u00e5rt kommunalr\u00e5d Carl-Johan Schiller Vem \u00e4r du? Mitt namn \u00e4r Carl-Johan Schiller, 32 \u00e5r gammal och Liding\u00f6bo sedan f\u00f6dseln. Jag bor med min fru och v\u00e5ra barn p\u00e5 Bo g\u00e4rde och har haft den stora f\u00f6rm\u00e5nen att vara KD:s kommunalr\u00e5d i snart <a class=\"read-more-link\" href=\"https:\/\/wp.kristdemokraterna.se\/lidingo\/intervju-carl-johan-schiller\/\">Read More<\/a><\/p>\n","protected":false},"author":421,"featured_media":0,"comment_status":"closed","ping_status":"closed","sticky":false,"template":"","format":"standard","meta":{"_acf_changed":false,"footnotes":""},"categories":[4,5],"tags":[],"class_list":["post-646","post","type-post","status-publish","format-standard","hentry","category-intervjuer","category-vara-kandidater"],"acf":[],"yoast_head":"<!-- This site is optimized with the Yoast SEO plugin v27.4 - https:\/\/yoast.com\/product\/yoast-seo-wordpress\/ -->\n<title>Intervju | Carl-Johan Schiller - Liding\u00f6<\/title>\n<meta name=\"description\" content=\"Varf\u00f6r b\u00f6rjade du engagera dig politiskt?Liding\u00f6 \u00e4r en fantastisk plats att bo p\u00e5 men det finns mycket som kan bli \u00e4nnu b\u00e4ttre.\" \/>\n<meta name=\"robots\" content=\"index, follow, max-snippet:-1, max-image-preview:large, max-video-preview:-1\" \/>\n<link rel=\"canonical\" href=\"https:\/\/wp.kristdemokraterna.se\/lidingo\/intervju-carl-johan-schiller\/\" \/>\n<meta property=\"og:locale\" content=\"sv_SE\" \/>\n<meta property=\"og:type\" content=\"article\" \/>\n<meta property=\"og:title\" content=\"Intervju | Carl-Johan Schiller - Liding\u00f6\" \/>\n<meta property=\"og:description\" content=\"Varf\u00f6r b\u00f6rjade du engagera dig politiskt?Liding\u00f6 \u00e4r en fantastisk plats att bo p\u00e5 men det finns mycket som kan bli \u00e4nnu b\u00e4ttre.\" \/>\n<meta property=\"og:url\" content=\"https:\/\/wp.kristdemokraterna.se\/lidingo\/intervju-carl-johan-schiller\/\" \/>\n<meta property=\"og:site_name\" content=\"Liding\u00f6\" \/>\n<meta property=\"article:published_time\" content=\"2022-05-19T19:42:32+00:00\" \/>\n<meta property=\"og:image\" content=\"https:\/\/static.xx.fbcdn.net\/images\/emoji.php\/v9\/t6c\/1\/16\/1f499.png\" \/>\n<meta name=\"author\" content=\"lidingo\" \/>\n<meta name=\"twitter:card\" content=\"summary_large_image\" \/>\n<meta name=\"twitter:label1\" content=\"Skriven av\" \/>\n\t<meta name=\"twitter:data1\" content=\"lidingo\" \/>\n\t<meta name=\"twitter:label2\" content=\"Ber\u00e4knad l\u00e4stid\" \/>\n\t<meta name=\"twitter:data2\" content=\"2 minuter\" \/>\n<script type=\"application\/ld+json\" class=\"yoast-schema-graph\">{\"@context\":\"https:\\\/\\\/schema.org\",\"@graph\":[{\"@type\":\"Article\",\"@id\":\"https:\\\/\\\/wp.kristdemokraterna.se\\\/lidingo\\\/intervju-carl-johan-schiller\\\/#article\",\"isPartOf\":{\"@id\":\"https:\\\/\\\/wp.kristdemokraterna.se\\\/lidingo\\\/intervju-carl-johan-schiller\\\/\"},\"author\":{\"name\":\"lidingo\",\"@id\":\"https:\\\/\\\/wp.kristdemokraterna.se\\\/lidingo\\\/#\\\/schema\\\/person\\\/f4a0dbae02e641c05d9a2b99b3f4a1f9\"},\"headline\":\"Intervju | Carl-Johan Schiller\",\"datePublished\":\"2022-05-19T19:42:32+00:00\",\"mainEntityOfPage\":{\"@id\":\"https:\\\/\\\/wp.kristdemokraterna.se\\\/lidingo\\\/intervju-carl-johan-schiller\\\/\"},\"wordCount\":308,\"image\":{\"@id\":\"https:\\\/\\\/wp.kristdemokraterna.se\\\/lidingo\\\/intervju-carl-johan-schiller\\\/#primaryimage\"},\"thumbnailUrl\":\"https:\\\/\\\/static.xx.fbcdn.net\\\/images\\\/emoji.php\\\/v9\\\/t6c\\\/1\\\/16\\\/1f499.png\",\"articleSection\":[\"Intervjuer\",\"V\u00e5ra kandidater\"],\"inLanguage\":\"sv-SE\"},{\"@type\":\"WebPage\",\"@id\":\"https:\\\/\\\/wp.kristdemokraterna.se\\\/lidingo\\\/intervju-carl-johan-schiller\\\/\",\"url\":\"https:\\\/\\\/wp.kristdemokraterna.se\\\/lidingo\\\/intervju-carl-johan-schiller\\\/\",\"name\":\"Intervju | Carl-Johan Schiller - Liding\u00f6\",\"isPartOf\":{\"@id\":\"https:\\\/\\\/wp.kristdemokraterna.se\\\/lidingo\\\/#website\"},\"primaryImageOfPage\":{\"@id\":\"https:\\\/\\\/wp.kristdemokraterna.se\\\/lidingo\\\/intervju-carl-johan-schiller\\\/#primaryimage\"},\"image\":{\"@id\":\"https:\\\/\\\/wp.kristdemokraterna.se\\\/lidingo\\\/intervju-carl-johan-schiller\\\/#primaryimage\"},\"thumbnailUrl\":\"https:\\\/\\\/static.xx.fbcdn.net\\\/images\\\/emoji.php\\\/v9\\\/t6c\\\/1\\\/16\\\/1f499.png\",\"datePublished\":\"2022-05-19T19:42:32+00:00\",\"author\":{\"@id\":\"https:\\\/\\\/wp.kristdemokraterna.se\\\/lidingo\\\/#\\\/schema\\\/person\\\/f4a0dbae02e641c05d9a2b99b3f4a1f9\"},\"description\":\"Varf\u00f6r b\u00f6rjade du engagera dig politiskt?Liding\u00f6 \u00e4r en fantastisk plats att bo p\u00e5 men det finns mycket som kan bli \u00e4nnu b\u00e4ttre.\",\"breadcrumb\":{\"@id\":\"https:\\\/\\\/wp.kristdemokraterna.se\\\/lidingo\\\/intervju-carl-johan-schiller\\\/#breadcrumb\"},\"inLanguage\":\"sv-SE\",\"potentialAction\":[{\"@type\":\"ReadAction\",\"target\":[\"https:\\\/\\\/wp.kristdemokraterna.se\\\/lidingo\\\/intervju-carl-johan-schiller\\\/\"]}]},{\"@type\":\"ImageObject\",\"inLanguage\":\"sv-SE\",\"@id\":\"https:\\\/\\\/wp.kristdemokraterna.se\\\/lidingo\\\/intervju-carl-johan-schiller\\\/#primaryimage\",\"url\":\"https:\\\/\\\/static.xx.fbcdn.net\\\/images\\\/emoji.php\\\/v9\\\/t6c\\\/1\\\/16\\\/1f499.png\",\"contentUrl\":\"https:\\\/\\\/static.xx.fbcdn.net\\\/images\\\/emoji.php\\\/v9\\\/t6c\\\/1\\\/16\\\/1f499.png\"},{\"@type\":\"BreadcrumbList\",\"@id\":\"https:\\\/\\\/wp.kristdemokraterna.se\\\/lidingo\\\/intervju-carl-johan-schiller\\\/#breadcrumb\",\"itemListElement\":[{\"@type\":\"ListItem\",\"position\":1,\"name\":\"Hem\",\"item\":\"https:\\\/\\\/wp.kristdemokraterna.se\\\/lidingo\\\/\"},{\"@type\":\"ListItem\",\"position\":2,\"name\":\"Intervju | Carl-Johan Schiller\"}]},{\"@type\":\"WebSite\",\"@id\":\"https:\\\/\\\/wp.kristdemokraterna.se\\\/lidingo\\\/#website\",\"url\":\"https:\\\/\\\/wp.kristdemokraterna.se\\\/lidingo\\\/\",\"name\":\"Liding\u00f6\",\"description\":\"\",\"inLanguage\":\"sv-SE\"},{\"@type\":\"Person\",\"@id\":\"https:\\\/\\\/wp.kristdemokraterna.se\\\/lidingo\\\/#\\\/schema\\\/person\\\/f4a0dbae02e641c05d9a2b99b3f4a1f9\",\"name\":\"lidingo\",\"image\":{\"@type\":\"ImageObject\",\"inLanguage\":\"sv-SE\",\"@id\":\"https:\\\/\\\/secure.gravatar.com\\\/avatar\\\/875f6d118da1e26dfdae28db83d4e1ca847bd64f5bc1253da624ea5b8661e749?s=96&d=mm&r=g\",\"url\":\"https:\\\/\\\/secure.gravatar.com\\\/avatar\\\/875f6d118da1e26dfdae28db83d4e1ca847bd64f5bc1253da624ea5b8661e749?s=96&d=mm&r=g\",\"contentUrl\":\"https:\\\/\\\/secure.gravatar.com\\\/avatar\\\/875f6d118da1e26dfdae28db83d4e1ca847bd64f5bc1253da624ea5b8661e749?s=96&d=mm&r=g\",\"caption\":\"lidingo\"},\"url\":\"https:\\\/\\\/wp.kristdemokraterna.se\\\/lidingo\\\/author\\\/lidingo\\\/\"}]}<\/script>\n<!-- \/ Yoast SEO plugin. -->","yoast_head_json":{"title":"Intervju | Carl-Johan Schiller - Liding\u00f6","description":"Varf\u00f6r b\u00f6rjade du engagera dig politiskt?Liding\u00f6 \u00e4r en fantastisk plats att bo p\u00e5 men det finns mycket som kan bli \u00e4nnu b\u00e4ttre.","robots":{"index":"index","follow":"follow","max-snippet":"max-snippet:-1","max-image-preview":"max-image-preview:large","max-video-preview":"max-video-preview:-1"},"canonical":"https:\/\/wp.kristdemokraterna.se\/lidingo\/intervju-carl-johan-schiller\/","og_locale":"sv_SE","og_type":"article","og_title":"Intervju | Carl-Johan Schiller - Liding\u00f6","og_description":"Varf\u00f6r b\u00f6rjade du engagera dig politiskt?Liding\u00f6 \u00e4r en fantastisk plats att bo p\u00e5 men det finns mycket som kan bli \u00e4nnu b\u00e4ttre.","og_url":"https:\/\/wp.kristdemokraterna.se\/lidingo\/intervju-carl-johan-schiller\/","og_site_name":"Liding\u00f6","article_published_time":"2022-05-19T19:42:32+00:00","og_image":[{"url":"https:\/\/static.xx.fbcdn.net\/images\/emoji.php\/v9\/t6c\/1\/16\/1f499.png","type":"","width":"","height":""}],"author":"lidingo","twitter_card":"summary_large_image","twitter_misc":{"Skriven av":"lidingo","Ber\u00e4knad l\u00e4stid":"2 minuter"},"schema":{"@context":"https:\/\/schema.org","@graph":[{"@type":"Article","@id":"https:\/\/wp.kristdemokraterna.se\/lidingo\/intervju-carl-johan-schiller\/#article","isPartOf":{"@id":"https:\/\/wp.kristdemokraterna.se\/lidingo\/intervju-carl-johan-schiller\/"},"author":{"name":"lidingo","@id":"https:\/\/wp.kristdemokraterna.se\/lidingo\/#\/schema\/person\/f4a0dbae02e641c05d9a2b99b3f4a1f9"},"headline":"Intervju | Carl-Johan Schiller","datePublished":"2022-05-19T19:42:32+00:00","mainEntityOfPage":{"@id":"https:\/\/wp.kristdemokraterna.se\/lidingo\/intervju-carl-johan-schiller\/"},"wordCount":308,"image":{"@id":"https:\/\/wp.kristdemokraterna.se\/lidingo\/intervju-carl-johan-schiller\/#primaryimage"},"thumbnailUrl":"https:\/\/static.xx.fbcdn.net\/images\/emoji.php\/v9\/t6c\/1\/16\/1f499.png","articleSection":["Intervjuer","V\u00e5ra kandidater"],"inLanguage":"sv-SE"},{"@type":"WebPage","@id":"https:\/\/wp.kristdemokraterna.se\/lidingo\/intervju-carl-johan-schiller\/","url":"https:\/\/wp.kristdemokraterna.se\/lidingo\/intervju-carl-johan-schiller\/","name":"Intervju | Carl-Johan Schiller - Liding\u00f6","isPartOf":{"@id":"https:\/\/wp.kristdemokraterna.se\/lidingo\/#website"},"primaryImageOfPage":{"@id":"https:\/\/wp.kristdemokraterna.se\/lidingo\/intervju-carl-johan-schiller\/#primaryimage"},"image":{"@id":"https:\/\/wp.kristdemokraterna.se\/lidingo\/intervju-carl-johan-schiller\/#primaryimage"},"thumbnailUrl":"https:\/\/static.xx.fbcdn.net\/images\/emoji.php\/v9\/t6c\/1\/16\/1f499.png","datePublished":"2022-05-19T19:42:32+00:00","author":{"@id":"https:\/\/wp.kristdemokraterna.se\/lidingo\/#\/schema\/person\/f4a0dbae02e641c05d9a2b99b3f4a1f9"},"description":"Varf\u00f6r b\u00f6rjade du engagera dig politiskt?Liding\u00f6 \u00e4r en fantastisk plats att bo p\u00e5 men det finns mycket som kan bli \u00e4nnu b\u00e4ttre.","breadcrumb":{"@id":"https:\/\/wp.kristdemokraterna.se\/lidingo\/intervju-carl-johan-schiller\/#breadcrumb"},"inLanguage":"sv-SE","potentialAction":[{"@type":"ReadAction","target":["https:\/\/wp.kristdemokraterna.se\/lidingo\/intervju-carl-johan-schiller\/"]}]},{"@type":"ImageObject","inLanguage":"sv-SE","@id":"https:\/\/wp.kristdemokraterna.se\/lidingo\/intervju-carl-johan-schiller\/#primaryimage","url":"https:\/\/static.xx.fbcdn.net\/images\/emoji.php\/v9\/t6c\/1\/16\/1f499.png","contentUrl":"https:\/\/static.xx.fbcdn.net\/images\/emoji.php\/v9\/t6c\/1\/16\/1f499.png"},{"@type":"BreadcrumbList","@id":"https:\/\/wp.kristdemokraterna.se\/lidingo\/intervju-carl-johan-schiller\/#breadcrumb","itemListElement":[{"@type":"ListItem","position":1,"name":"Hem","item":"https:\/\/wp.kristdemokraterna.se\/lidingo\/"},{"@type":"ListItem","position":2,"name":"Intervju | Carl-Johan Schiller"}]},{"@type":"WebSite","@id":"https:\/\/wp.kristdemokraterna.se\/lidingo\/#website","url":"https:\/\/wp.kristdemokraterna.se\/lidingo\/","name":"Liding\u00f6","description":"","inLanguage":"sv-SE"},{"@type":"Person","@id":"https:\/\/wp.kristdemokraterna.se\/lidingo\/#\/schema\/person\/f4a0dbae02e641c05d9a2b99b3f4a1f9","name":"lidingo","image":{"@type":"ImageObject","inLanguage":"sv-SE","@id":"https:\/\/secure.gravatar.com\/avatar\/875f6d118da1e26dfdae28db83d4e1ca847bd64f5bc1253da624ea5b8661e749?s=96&d=mm&r=g","url":"https:\/\/secure.gravatar.com\/avatar\/875f6d118da1e26dfdae28db83d4e1ca847bd64f5bc1253da624ea5b8661e749?s=96&d=mm&r=g","contentUrl":"https:\/\/secure.gravatar.com\/avatar\/875f6d118da1e26dfdae28db83d4e1ca847bd64f5bc1253da624ea5b8661e749?s=96&d=mm&r=g","caption":"lidingo"},"url":"https:\/\/wp.kristdemokraterna.se\/lidingo\/author\/lidingo\/"}]}},"_links":{"self":[{"href":"https:\/\/wp.kristdemokraterna.se\/lidingo\/wp-json\/wp\/v2\/posts\/646","targetHints":{"allow":["GET"]}}],"collection":[{"href":"https:\/\/wp.kristdemokraterna.se\/lidingo\/wp-json\/wp\/v2\/posts"}],"about":[{"href":"https:\/\/wp.kristdemokraterna.se\/lidingo\/wp-json\/wp\/v2\/types\/post"}],"author":[{"embeddable":true,"href":"https:\/\/wp.kristdemokraterna.se\/lidingo\/wp-json\/wp\/v2\/users\/421"}],"replies":[{"embeddable":true,"href":"https:\/\/wp.kristdemokraterna.se\/lidingo\/wp-json\/wp\/v2\/comments?post=646"}],"version-history":[{"count":1,"href":"https:\/\/wp.kristdemokraterna.se\/lidingo\/wp-json\/wp\/v2\/posts\/646\/revisions"}],"predecessor-version":[{"id":647,"href":"https:\/\/wp.kristdemokraterna.se\/lidingo\/wp-json\/wp\/v2\/posts\/646\/revisions\/647"}],"wp:attachment":[{"href":"https:\/\/wp.kristdemokraterna.se\/lidingo\/wp-json\/wp\/v2\/media?parent=646"}],"wp:term":[{"taxonomy":"category","embeddable":true,"href":"https:\/\/wp.kristdemokraterna.se\/lidingo\/wp-json\/wp\/v2\/categories?post=646"},{"taxonomy":"post_tag","embeddable":true,"href":"https:\/\/wp.kristdemokraterna.se\/lidingo\/wp-json\/wp\/v2\/tags?post=646"}],"curies":[{"name":"wp","href":"https:\/\/api.w.org\/{rel}","templated":true}]}}