{"id":744,"date":"2022-07-08T13:46:39","date_gmt":"2022-07-08T11:46:39","guid":{"rendered":"https:\/\/wp.kristdemokraterna.se\/lidingo\/?p=744"},"modified":"2022-07-08T13:46:56","modified_gmt":"2022-07-08T11:46:56","slug":"christina-rosenquist","status":"publish","type":"post","link":"https:\/\/wp.kristdemokraterna.se\/lidingo\/christina-rosenquist\/","title":{"rendered":"Christina Rosenquist"},"content":{"rendered":"<div class=\"kvgmc6g5 cxmmr5t8 oygrvhab hcukyx3x c1et5uql ii04i59q\">\n<div dir=\"auto\"><a href=\"http:\/\/wp.kristdemokraterna.se\/lidingo\/files\/2022\/07\/christina-rosen.jpg\"><img loading=\"lazy\" decoding=\"async\" class=\"alignnone size-full wp-image-745\" src=\"http:\/\/wp.kristdemokraterna.se\/lidingo\/files\/2022\/07\/christina-rosen.jpg\" alt=\"\" width=\"843\" height=\"843\" srcset=\"https:\/\/wp.kristdemokraterna.se\/lidingo\/files\/2022\/07\/christina-rosen.jpg 843w, https:\/\/wp.kristdemokraterna.se\/lidingo\/files\/2022\/07\/christina-rosen-300x300.jpg 300w, https:\/\/wp.kristdemokraterna.se\/lidingo\/files\/2022\/07\/christina-rosen-150x150.jpg 150w, https:\/\/wp.kristdemokraterna.se\/lidingo\/files\/2022\/07\/christina-rosen-768x768.jpg 768w, https:\/\/wp.kristdemokraterna.se\/lidingo\/files\/2022\/07\/christina-rosen-200x200.jpg 200w, https:\/\/wp.kristdemokraterna.se\/lidingo\/files\/2022\/07\/christina-rosen-370x370.jpg 370w, https:\/\/wp.kristdemokraterna.se\/lidingo\/files\/2022\/07\/christina-rosen-90x90.jpg 90w, https:\/\/wp.kristdemokraterna.se\/lidingo\/files\/2022\/07\/christina-rosen-770x770.jpg 770w, https:\/\/wp.kristdemokraterna.se\/lidingo\/files\/2022\/07\/christina-rosen-450x450.jpg 450w, https:\/\/wp.kristdemokraterna.se\/lidingo\/files\/2022\/07\/christina-rosen-280x280.jpg 280w, https:\/\/wp.kristdemokraterna.se\/lidingo\/files\/2022\/07\/christina-rosen-340x340.jpg 340w, https:\/\/wp.kristdemokraterna.se\/lidingo\/files\/2022\/07\/christina-rosen-56x56.jpg 56w\" sizes=\"auto, (max-width: 843px) 100vw, 843px\" \/><\/a><\/div>\n<div dir=\"auto\"><\/div>\n<div dir=\"auto\">H\u00e4r kommer presentation av n\u00e4sta kandidat! <span class=\"pq6dq46d tbxw36s4 knj5qynh kvgmc6g5 ditlmg2l oygrvhab nvdbi5me sf5mxxl7 gl3lb2sf hhz5lgdu\"><img loading=\"lazy\" decoding=\"async\" src=\"https:\/\/static.xx.fbcdn.net\/images\/emoji.php\/v9\/tc5\/1.5\/16\/1f499.png\" alt=\"\ud83d\udc99\" width=\"16\" height=\"16\" \/><\/span><\/div>\n<\/div>\n<div class=\"cxmmr5t8 oygrvhab hcukyx3x c1et5uql o9v6fnle ii04i59q\">\n<div dir=\"auto\"><\/div>\n<div dir=\"auto\"><strong>Vem \u00e4r du?<\/strong><\/div>\n<div dir=\"auto\">Christina Rosenquist, 77 \u00e5r, sedan drygt 12 \u00e5r bosatt p\u00e5 N\u00e4set tillsammans med sambo och hund. Flyttade hit fr\u00e5n Stockholms innerstad och har inte \u00e5ngrat det en dag. Nu pension\u00e4r men har arbetat p\u00e5 advokatbyr\u00e5 i n\u00e4stan hela mitt yrkesliv. De sista \u00e5ren som \u00f6vers\u00e4ttare av juridiska dokument, till och fr\u00e5n engelska.<\/div>\n<\/div>\n<div class=\"cxmmr5t8 oygrvhab hcukyx3x c1et5uql o9v6fnle ii04i59q\">\n<div dir=\"auto\"><\/div>\n<div dir=\"auto\"><strong>Varf\u00f6r b\u00f6rjade du engagera dig politiskt?<\/strong><\/div>\n<div dir=\"auto\">Jag b\u00f6rjade engagera mig politiskt f\u00f6rst p\u00e5 \u00e4ldre dar, fr\u00e4mst p\u00e5 grund av stort samh\u00e4llsintresse och \u00e4ven f\u00f6r att jag ville ha en inblick i hur den politiska v\u00e4rlden fungerar. Efter fyra \u00e5r som fritidspolitiker p\u00e5 Liding\u00f6 kan jag s\u00e4ga att h\u00e4r hos oss fungerar den alldeles utm\u00e4rkt. Samarbetet inom majoriteten fungerar mycket bra vilket \u00e4r nog s\u00e5 viktigt.<\/div>\n<\/div>\n<div class=\"cxmmr5t8 oygrvhab hcukyx3x c1et5uql o9v6fnle ii04i59q\">\n<div dir=\"auto\"><\/div>\n<div dir=\"auto\"><strong>Vem \u00e4r din politiska f\u00f6rebild?<\/strong><\/div>\n<div dir=\"auto\">Min politiska f\u00f6rebild \u00e4r utan tvekan Ebba Busch. Henne har jag f\u00f6ljt sedan hon var kommunalpolitiker i Uppsala och alltid beundrat hennes raka stil. Hon \u00e4r en skicklig och slagf\u00e4rdig debatt\u00f6r, n\u00e5got som verkligen imponerar p\u00e5 mig. Hon har \u00e4ven en pragmatisk syn p\u00e5 politiken och v\u00e5gar sticka ut hakan.<\/div>\n<\/div>\n<div class=\"cxmmr5t8 oygrvhab hcukyx3x c1et5uql o9v6fnle ii04i59q\">\n<div dir=\"auto\"><\/div>\n<div dir=\"auto\"><strong>Vad g\u00f6r du helst p\u00e5 fritiden?<\/strong><\/div>\n<div dir=\"auto\">Fritiden \u00e4gnar jag till stor del \u00e5t promenader med hunden i Liding\u00f6s vackra natur. Naturen betyder oerh\u00f6rt mycket f\u00f6r mig och vi kan vara stolta \u00f6ver de rekreationsm\u00f6jligheter som erbjuds h\u00e4r. Barn och barnbarn tar ocks\u00e5 en del av min tid, k\u00e4nns som k\u00e4rt besv\u00e4r. Sedan har jag ju mitt st\u00f6rsta intresse, l\u00e4sning. Jag l\u00e4ser i princip allt, har alltid gjort, och kommer alltid att g\u00f6ra s\u00e5 l\u00e4nge synen fungerar.<\/div>\n<\/div>\n<div class=\"cxmmr5t8 oygrvhab hcukyx3x c1et5uql o9v6fnle ii04i59q\">\n<div dir=\"auto\"><\/div>\n<div dir=\"auto\"><strong>Varf\u00f6r ska man r\u00f6sta p\u00e5 dig\/KD?<\/strong><\/div>\n<div dir=\"auto\">Mitt politiska fokus \u00e4r ordning och reda, vare sig det g\u00e4ller skola, sjuk- eller \u00e4ldrev\u00e5rd. Vi som bor p\u00e5 Liding\u00f6 ska k\u00e4nna oss trygga i v\u00e5r vardag s\u00e5 en kvarterspolis st\u00e5r p\u00e5 \u00f6nskelistan. Vi kristdemokrater v\u00e4rnar ju de mjuka v\u00e4rdena vilket inte hindrar att jag ocks\u00e5 v\u00e4rdes\u00e4tter ordning och reda \u00e4ven vad g\u00e4ller v\u00e5ra skattepengar. Det g\u00e4ller att t\u00e4nka sig f\u00f6r. I \u00f6vrigt s\u00e5 vill jag och \u00f6vriga i majoriteten att Liding\u00f6 beh\u00e5ller sm\u00e5skaligheten, tryggheten och den fantastiska naturen f\u00f6r l\u00e5ng tid fram\u00e5t.<\/div>\n<\/div>\n","protected":false},"excerpt":{"rendered":"<p>H\u00e4r kommer presentation av n\u00e4sta kandidat! Vem \u00e4r du? Christina Rosenquist, 77 \u00e5r, sedan drygt 12 \u00e5r bosatt p\u00e5 N\u00e4set tillsammans med sambo och hund. Flyttade hit fr\u00e5n Stockholms innerstad och har inte \u00e5ngrat det en dag. Nu pension\u00e4r men har arbetat p\u00e5 advokatbyr\u00e5 i n\u00e4stan hela mitt yrkesliv. De sista \u00e5ren som \u00f6vers\u00e4ttare av <a class=\"read-more-link\" href=\"https:\/\/wp.kristdemokraterna.se\/lidingo\/christina-rosenquist\/\">Read More<\/a><\/p>\n","protected":false},"author":421,"featured_media":0,"comment_status":"closed","ping_status":"closed","sticky":false,"template":"","format":"standard","meta":{"_acf_changed":false,"footnotes":""},"categories":[4,1,5],"tags":[],"class_list":["post-744","post","type-post","status-publish","format-standard","hentry","category-intervjuer","category-okategoriserade","category-vara-kandidater"],"acf":[],"yoast_head":"<!-- This site is optimized with the Yoast SEO plugin v27.4 - https:\/\/yoast.com\/product\/yoast-seo-wordpress\/ -->\n<title>Christina Rosenquist - Liding\u00f6<\/title>\n<meta name=\"robots\" content=\"index, follow, max-snippet:-1, max-image-preview:large, max-video-preview:-1\" \/>\n<link rel=\"canonical\" href=\"https:\/\/wp.kristdemokraterna.se\/lidingo\/christina-rosenquist\/\" \/>\n<meta property=\"og:locale\" content=\"sv_SE\" \/>\n<meta property=\"og:type\" content=\"article\" \/>\n<meta property=\"og:title\" content=\"Christina Rosenquist - Liding\u00f6\" \/>\n<meta property=\"og:description\" content=\"H\u00e4r kommer presentation av n\u00e4sta kandidat! Vem \u00e4r du? Christina Rosenquist, 77 \u00e5r, sedan drygt 12 \u00e5r bosatt p\u00e5 N\u00e4set tillsammans med sambo och hund. Flyttade hit fr\u00e5n Stockholms innerstad och har inte \u00e5ngrat det en dag. Nu pension\u00e4r men har arbetat p\u00e5 advokatbyr\u00e5 i n\u00e4stan hela mitt yrkesliv. De sista \u00e5ren som \u00f6vers\u00e4ttare av Read More\" \/>\n<meta property=\"og:url\" content=\"https:\/\/wp.kristdemokraterna.se\/lidingo\/christina-rosenquist\/\" \/>\n<meta property=\"og:site_name\" content=\"Liding\u00f6\" \/>\n<meta property=\"article:published_time\" content=\"2022-07-08T11:46:39+00:00\" \/>\n<meta property=\"article:modified_time\" content=\"2022-07-08T11:46:56+00:00\" \/>\n<meta property=\"og:image\" content=\"http:\/\/wp.kristdemokraterna.se\/lidingo\/files\/2022\/07\/christina-rosen.jpg\" \/>\n<meta name=\"author\" content=\"lidingo\" \/>\n<meta name=\"twitter:card\" content=\"summary_large_image\" \/>\n<meta name=\"twitter:label1\" content=\"Skriven av\" \/>\n\t<meta name=\"twitter:data1\" content=\"lidingo\" \/>\n\t<meta name=\"twitter:label2\" content=\"Ber\u00e4knad l\u00e4stid\" \/>\n\t<meta name=\"twitter:data2\" content=\"3 minuter\" \/>\n<script type=\"application\/ld+json\" class=\"yoast-schema-graph\">{\"@context\":\"https:\\\/\\\/schema.org\",\"@graph\":[{\"@type\":\"Article\",\"@id\":\"https:\\\/\\\/wp.kristdemokraterna.se\\\/lidingo\\\/christina-rosenquist\\\/#article\",\"isPartOf\":{\"@id\":\"https:\\\/\\\/wp.kristdemokraterna.se\\\/lidingo\\\/christina-rosenquist\\\/\"},\"author\":{\"name\":\"lidingo\",\"@id\":\"https:\\\/\\\/wp.kristdemokraterna.se\\\/lidingo\\\/#\\\/schema\\\/person\\\/f4a0dbae02e641c05d9a2b99b3f4a1f9\"},\"headline\":\"Christina Rosenquist\",\"datePublished\":\"2022-07-08T11:46:39+00:00\",\"dateModified\":\"2022-07-08T11:46:56+00:00\",\"mainEntityOfPage\":{\"@id\":\"https:\\\/\\\/wp.kristdemokraterna.se\\\/lidingo\\\/christina-rosenquist\\\/\"},\"wordCount\":408,\"image\":{\"@id\":\"https:\\\/\\\/wp.kristdemokraterna.se\\\/lidingo\\\/christina-rosenquist\\\/#primaryimage\"},\"thumbnailUrl\":\"http:\\\/\\\/wp.kristdemokraterna.se\\\/lidingo\\\/files\\\/2022\\\/07\\\/christina-rosen.jpg\",\"articleSection\":{\"0\":\"Intervjuer\",\"2\":\"V\u00e5ra kandidater\"},\"inLanguage\":\"sv-SE\"},{\"@type\":\"WebPage\",\"@id\":\"https:\\\/\\\/wp.kristdemokraterna.se\\\/lidingo\\\/christina-rosenquist\\\/\",\"url\":\"https:\\\/\\\/wp.kristdemokraterna.se\\\/lidingo\\\/christina-rosenquist\\\/\",\"name\":\"Christina Rosenquist - Liding\u00f6\",\"isPartOf\":{\"@id\":\"https:\\\/\\\/wp.kristdemokraterna.se\\\/lidingo\\\/#website\"},\"primaryImageOfPage\":{\"@id\":\"https:\\\/\\\/wp.kristdemokraterna.se\\\/lidingo\\\/christina-rosenquist\\\/#primaryimage\"},\"image\":{\"@id\":\"https:\\\/\\\/wp.kristdemokraterna.se\\\/lidingo\\\/christina-rosenquist\\\/#primaryimage\"},\"thumbnailUrl\":\"http:\\\/\\\/wp.kristdemokraterna.se\\\/lidingo\\\/files\\\/2022\\\/07\\\/christina-rosen.jpg\",\"datePublished\":\"2022-07-08T11:46:39+00:00\",\"dateModified\":\"2022-07-08T11:46:56+00:00\",\"author\":{\"@id\":\"https:\\\/\\\/wp.kristdemokraterna.se\\\/lidingo\\\/#\\\/schema\\\/person\\\/f4a0dbae02e641c05d9a2b99b3f4a1f9\"},\"breadcrumb\":{\"@id\":\"https:\\\/\\\/wp.kristdemokraterna.se\\\/lidingo\\\/christina-rosenquist\\\/#breadcrumb\"},\"inLanguage\":\"sv-SE\",\"potentialAction\":[{\"@type\":\"ReadAction\",\"target\":[\"https:\\\/\\\/wp.kristdemokraterna.se\\\/lidingo\\\/christina-rosenquist\\\/\"]}]},{\"@type\":\"ImageObject\",\"inLanguage\":\"sv-SE\",\"@id\":\"https:\\\/\\\/wp.kristdemokraterna.se\\\/lidingo\\\/christina-rosenquist\\\/#primaryimage\",\"url\":\"http:\\\/\\\/wp.kristdemokraterna.se\\\/lidingo\\\/files\\\/2022\\\/07\\\/christina-rosen.jpg\",\"contentUrl\":\"http:\\\/\\\/wp.kristdemokraterna.se\\\/lidingo\\\/files\\\/2022\\\/07\\\/christina-rosen.jpg\"},{\"@type\":\"BreadcrumbList\",\"@id\":\"https:\\\/\\\/wp.kristdemokraterna.se\\\/lidingo\\\/christina-rosenquist\\\/#breadcrumb\",\"itemListElement\":[{\"@type\":\"ListItem\",\"position\":1,\"name\":\"Hem\",\"item\":\"https:\\\/\\\/wp.kristdemokraterna.se\\\/lidingo\\\/\"},{\"@type\":\"ListItem\",\"position\":2,\"name\":\"Christina Rosenquist\"}]},{\"@type\":\"WebSite\",\"@id\":\"https:\\\/\\\/wp.kristdemokraterna.se\\\/lidingo\\\/#website\",\"url\":\"https:\\\/\\\/wp.kristdemokraterna.se\\\/lidingo\\\/\",\"name\":\"Liding\u00f6\",\"description\":\"\",\"inLanguage\":\"sv-SE\"},{\"@type\":\"Person\",\"@id\":\"https:\\\/\\\/wp.kristdemokraterna.se\\\/lidingo\\\/#\\\/schema\\\/person\\\/f4a0dbae02e641c05d9a2b99b3f4a1f9\",\"name\":\"lidingo\",\"image\":{\"@type\":\"ImageObject\",\"inLanguage\":\"sv-SE\",\"@id\":\"https:\\\/\\\/secure.gravatar.com\\\/avatar\\\/875f6d118da1e26dfdae28db83d4e1ca847bd64f5bc1253da624ea5b8661e749?s=96&d=mm&r=g\",\"url\":\"https:\\\/\\\/secure.gravatar.com\\\/avatar\\\/875f6d118da1e26dfdae28db83d4e1ca847bd64f5bc1253da624ea5b8661e749?s=96&d=mm&r=g\",\"contentUrl\":\"https:\\\/\\\/secure.gravatar.com\\\/avatar\\\/875f6d118da1e26dfdae28db83d4e1ca847bd64f5bc1253da624ea5b8661e749?s=96&d=mm&r=g\",\"caption\":\"lidingo\"},\"url\":\"https:\\\/\\\/wp.kristdemokraterna.se\\\/lidingo\\\/author\\\/lidingo\\\/\"}]}<\/script>\n<!-- \/ Yoast SEO plugin. -->","yoast_head_json":{"title":"Christina Rosenquist - Liding\u00f6","robots":{"index":"index","follow":"follow","max-snippet":"max-snippet:-1","max-image-preview":"max-image-preview:large","max-video-preview":"max-video-preview:-1"},"canonical":"https:\/\/wp.kristdemokraterna.se\/lidingo\/christina-rosenquist\/","og_locale":"sv_SE","og_type":"article","og_title":"Christina Rosenquist - Liding\u00f6","og_description":"H\u00e4r kommer presentation av n\u00e4sta kandidat! Vem \u00e4r du? Christina Rosenquist, 77 \u00e5r, sedan drygt 12 \u00e5r bosatt p\u00e5 N\u00e4set tillsammans med sambo och hund. Flyttade hit fr\u00e5n Stockholms innerstad och har inte \u00e5ngrat det en dag. Nu pension\u00e4r men har arbetat p\u00e5 advokatbyr\u00e5 i n\u00e4stan hela mitt yrkesliv. De sista \u00e5ren som \u00f6vers\u00e4ttare av Read More","og_url":"https:\/\/wp.kristdemokraterna.se\/lidingo\/christina-rosenquist\/","og_site_name":"Liding\u00f6","article_published_time":"2022-07-08T11:46:39+00:00","article_modified_time":"2022-07-08T11:46:56+00:00","og_image":[{"url":"http:\/\/wp.kristdemokraterna.se\/lidingo\/files\/2022\/07\/christina-rosen.jpg","type":"","width":"","height":""}],"author":"lidingo","twitter_card":"summary_large_image","twitter_misc":{"Skriven av":"lidingo","Ber\u00e4knad l\u00e4stid":"3 minuter"},"schema":{"@context":"https:\/\/schema.org","@graph":[{"@type":"Article","@id":"https:\/\/wp.kristdemokraterna.se\/lidingo\/christina-rosenquist\/#article","isPartOf":{"@id":"https:\/\/wp.kristdemokraterna.se\/lidingo\/christina-rosenquist\/"},"author":{"name":"lidingo","@id":"https:\/\/wp.kristdemokraterna.se\/lidingo\/#\/schema\/person\/f4a0dbae02e641c05d9a2b99b3f4a1f9"},"headline":"Christina Rosenquist","datePublished":"2022-07-08T11:46:39+00:00","dateModified":"2022-07-08T11:46:56+00:00","mainEntityOfPage":{"@id":"https:\/\/wp.kristdemokraterna.se\/lidingo\/christina-rosenquist\/"},"wordCount":408,"image":{"@id":"https:\/\/wp.kristdemokraterna.se\/lidingo\/christina-rosenquist\/#primaryimage"},"thumbnailUrl":"http:\/\/wp.kristdemokraterna.se\/lidingo\/files\/2022\/07\/christina-rosen.jpg","articleSection":{"0":"Intervjuer","2":"V\u00e5ra kandidater"},"inLanguage":"sv-SE"},{"@type":"WebPage","@id":"https:\/\/wp.kristdemokraterna.se\/lidingo\/christina-rosenquist\/","url":"https:\/\/wp.kristdemokraterna.se\/lidingo\/christina-rosenquist\/","name":"Christina Rosenquist - Liding\u00f6","isPartOf":{"@id":"https:\/\/wp.kristdemokraterna.se\/lidingo\/#website"},"primaryImageOfPage":{"@id":"https:\/\/wp.kristdemokraterna.se\/lidingo\/christina-rosenquist\/#primaryimage"},"image":{"@id":"https:\/\/wp.kristdemokraterna.se\/lidingo\/christina-rosenquist\/#primaryimage"},"thumbnailUrl":"http:\/\/wp.kristdemokraterna.se\/lidingo\/files\/2022\/07\/christina-rosen.jpg","datePublished":"2022-07-08T11:46:39+00:00","dateModified":"2022-07-08T11:46:56+00:00","author":{"@id":"https:\/\/wp.kristdemokraterna.se\/lidingo\/#\/schema\/person\/f4a0dbae02e641c05d9a2b99b3f4a1f9"},"breadcrumb":{"@id":"https:\/\/wp.kristdemokraterna.se\/lidingo\/christina-rosenquist\/#breadcrumb"},"inLanguage":"sv-SE","potentialAction":[{"@type":"ReadAction","target":["https:\/\/wp.kristdemokraterna.se\/lidingo\/christina-rosenquist\/"]}]},{"@type":"ImageObject","inLanguage":"sv-SE","@id":"https:\/\/wp.kristdemokraterna.se\/lidingo\/christina-rosenquist\/#primaryimage","url":"http:\/\/wp.kristdemokraterna.se\/lidingo\/files\/2022\/07\/christina-rosen.jpg","contentUrl":"http:\/\/wp.kristdemokraterna.se\/lidingo\/files\/2022\/07\/christina-rosen.jpg"},{"@type":"BreadcrumbList","@id":"https:\/\/wp.kristdemokraterna.se\/lidingo\/christina-rosenquist\/#breadcrumb","itemListElement":[{"@type":"ListItem","position":1,"name":"Hem","item":"https:\/\/wp.kristdemokraterna.se\/lidingo\/"},{"@type":"ListItem","position":2,"name":"Christina Rosenquist"}]},{"@type":"WebSite","@id":"https:\/\/wp.kristdemokraterna.se\/lidingo\/#website","url":"https:\/\/wp.kristdemokraterna.se\/lidingo\/","name":"Liding\u00f6","description":"","inLanguage":"sv-SE"},{"@type":"Person","@id":"https:\/\/wp.kristdemokraterna.se\/lidingo\/#\/schema\/person\/f4a0dbae02e641c05d9a2b99b3f4a1f9","name":"lidingo","image":{"@type":"ImageObject","inLanguage":"sv-SE","@id":"https:\/\/secure.gravatar.com\/avatar\/875f6d118da1e26dfdae28db83d4e1ca847bd64f5bc1253da624ea5b8661e749?s=96&d=mm&r=g","url":"https:\/\/secure.gravatar.com\/avatar\/875f6d118da1e26dfdae28db83d4e1ca847bd64f5bc1253da624ea5b8661e749?s=96&d=mm&r=g","contentUrl":"https:\/\/secure.gravatar.com\/avatar\/875f6d118da1e26dfdae28db83d4e1ca847bd64f5bc1253da624ea5b8661e749?s=96&d=mm&r=g","caption":"lidingo"},"url":"https:\/\/wp.kristdemokraterna.se\/lidingo\/author\/lidingo\/"}]}},"_links":{"self":[{"href":"https:\/\/wp.kristdemokraterna.se\/lidingo\/wp-json\/wp\/v2\/posts\/744","targetHints":{"allow":["GET"]}}],"collection":[{"href":"https:\/\/wp.kristdemokraterna.se\/lidingo\/wp-json\/wp\/v2\/posts"}],"about":[{"href":"https:\/\/wp.kristdemokraterna.se\/lidingo\/wp-json\/wp\/v2\/types\/post"}],"author":[{"embeddable":true,"href":"https:\/\/wp.kristdemokraterna.se\/lidingo\/wp-json\/wp\/v2\/users\/421"}],"replies":[{"embeddable":true,"href":"https:\/\/wp.kristdemokraterna.se\/lidingo\/wp-json\/wp\/v2\/comments?post=744"}],"version-history":[{"count":1,"href":"https:\/\/wp.kristdemokraterna.se\/lidingo\/wp-json\/wp\/v2\/posts\/744\/revisions"}],"predecessor-version":[{"id":746,"href":"https:\/\/wp.kristdemokraterna.se\/lidingo\/wp-json\/wp\/v2\/posts\/744\/revisions\/746"}],"wp:attachment":[{"href":"https:\/\/wp.kristdemokraterna.se\/lidingo\/wp-json\/wp\/v2\/media?parent=744"}],"wp:term":[{"taxonomy":"category","embeddable":true,"href":"https:\/\/wp.kristdemokraterna.se\/lidingo\/wp-json\/wp\/v2\/categories?post=744"},{"taxonomy":"post_tag","embeddable":true,"href":"https:\/\/wp.kristdemokraterna.se\/lidingo\/wp-json\/wp\/v2\/tags?post=744"}],"curies":[{"name":"wp","href":"https:\/\/api.w.org\/{rel}","templated":true}]}}