{"id":114,"date":"2009-03-21T16:17:22","date_gmt":"2009-03-21T15:17:22","guid":{"rendered":"http:\/\/wp.kristdemokraterna.se\/lidkoping\/?p=114"},"modified":"2018-03-01T14:16:51","modified_gmt":"2018-03-01T13:16:51","slug":"motion-2009-03-bra-boende-for-aldre","status":"publish","type":"post","link":"https:\/\/wp.kristdemokraterna.se\/lidkoping\/motion-2009-03-bra-boende-for-aldre\/","title":{"rendered":"Motion 2009-03 Bra boende f\u00f6r \u00e4ldre"},"content":{"rendered":"<p>Boende f\u00f6r \u00e4ldre:<br \/>\nMotion till Lidk\u00f6pings Kommunfullm\u00e4ktige<br \/>\nMaj Ader, Carina Karlsson, Tommy Larsson<\/p>\n<p>Kommunen b\u00f6r inom ramen f\u00f6r sin bostadsf\u00f6rs\u00f6rjningsplanering snarast unders\u00f6ka och i vilken utstr\u00e4ckning kommuninnev\u00e5narna i vissa \u00e5ldersgrupper funderar \u00f6ver och eller planerar f\u00f6r att f\u00f6r\u00e4ndra sitt boende n\u00e4r de \u00e5ldras och vilka \u00f6nskem\u00e5l och f\u00f6rv\u00e4ntningar de har p\u00e5 ett nytt boende.<\/p>\n<p>Ha en genomt\u00e4nkt strategi f\u00f6r hur f\u00f6ruts\u00e4ttningarna f\u00f6r hur boendet i olika delar av kommunen ska utvecklas och f\u00f6rb\u00e4ttras f\u00f6r \u00e4ldre<\/p>\n<p>Utforma en strategi d\u00e4r kommunens samh\u00e4llsbyggnadsn\u00e4mnd och v\u00e5rd och omsorgsn\u00e4mnd samverkar med ocks\u00e5 d\u00e4r andra akt\u00f6rer involveras i detta arbete fr\u00e4mst fastighets\u00e4gare, byggherrar, arkitekter och representanter fr\u00e5n medborgaren.<\/p>\n<p>Denna motion antog enh\u00e4lligt av samtliga partier i kommunfullm\u00e4ktige i mars 2009.<\/p>\n","protected":false},"excerpt":{"rendered":"<p>Boende f\u00f6r \u00e4ldre: Motion till Lidk\u00f6pings Kommunfullm\u00e4ktige Maj Ader, Carina Karlsson, Tommy Larsson Kommunen b\u00f6r inom ramen f\u00f6r sin bostadsf\u00f6rs\u00f6rjningsplanering snarast unders\u00f6ka och i vilken utstr\u00e4ckning kommuninnev\u00e5narna i vissa \u00e5ldersgrupper funderar \u00f6ver och eller planerar f\u00f6r att f\u00f6r\u00e4ndra sitt boende n\u00e4r de \u00e5ldras och vilka \u00f6nskem\u00e5l och f\u00f6rv\u00e4ntningar de har p\u00e5 ett nytt boende. Ha <a class=\"read-more-link\" href=\"https:\/\/wp.kristdemokraterna.se\/lidkoping\/motion-2009-03-bra-boende-for-aldre\/\">Read More<\/a><\/p>\n","protected":false},"author":490,"featured_media":0,"comment_status":"closed","ping_status":"closed","sticky":false,"template":"","format":"standard","meta":{"_acf_changed":false,"footnotes":""},"categories":[6,10],"tags":[8],"class_list":["post-114","post","type-post","status-publish","format-standard","hentry","category-motioner","category-motioner-2009","tag-motion"],"acf":[],"yoast_head":"<!-- This site is optimized with the Yoast SEO plugin v27.4 - https:\/\/yoast.com\/product\/yoast-seo-wordpress\/ -->\n<title>Motion 2009-03 Bra boende f\u00f6r \u00e4ldre - KRISTDEMOKRATERNA I LIDK\u00d6PING<\/title>\n<meta name=\"robots\" content=\"index, follow, max-snippet:-1, max-image-preview:large, max-video-preview:-1\" \/>\n<link rel=\"canonical\" href=\"https:\/\/wp.kristdemokraterna.se\/lidkoping\/motion-2009-03-bra-boende-for-aldre\/\" \/>\n<meta property=\"og:locale\" content=\"sv_SE\" \/>\n<meta property=\"og:type\" content=\"article\" \/>\n<meta property=\"og:title\" content=\"Motion 2009-03 Bra boende f\u00f6r \u00e4ldre - KRISTDEMOKRATERNA I LIDK\u00d6PING\" \/>\n<meta property=\"og:description\" content=\"Boende f\u00f6r \u00e4ldre: Motion till Lidk\u00f6pings Kommunfullm\u00e4ktige Maj Ader, Carina Karlsson, Tommy Larsson Kommunen b\u00f6r inom ramen f\u00f6r sin bostadsf\u00f6rs\u00f6rjningsplanering snarast unders\u00f6ka och i vilken utstr\u00e4ckning kommuninnev\u00e5narna i vissa \u00e5ldersgrupper funderar \u00f6ver och eller planerar f\u00f6r att f\u00f6r\u00e4ndra sitt boende n\u00e4r de \u00e5ldras och vilka \u00f6nskem\u00e5l och f\u00f6rv\u00e4ntningar de har p\u00e5 ett nytt boende. Ha Read More\" \/>\n<meta property=\"og:url\" content=\"https:\/\/wp.kristdemokraterna.se\/lidkoping\/motion-2009-03-bra-boende-for-aldre\/\" \/>\n<meta property=\"og:site_name\" content=\"KRISTDEMOKRATERNA I LIDK\u00d6PING\" \/>\n<meta property=\"article:published_time\" content=\"2009-03-21T15:17:22+00:00\" \/>\n<meta property=\"article:modified_time\" content=\"2018-03-01T13:16:51+00:00\" \/>\n<meta name=\"author\" content=\"lidkoping\" \/>\n<meta name=\"twitter:card\" content=\"summary_large_image\" \/>\n<meta name=\"twitter:label1\" content=\"Skriven av\" \/>\n\t<meta name=\"twitter:data1\" content=\"lidkoping\" \/>\n\t<meta name=\"twitter:label2\" content=\"Ber\u00e4knad l\u00e4stid\" \/>\n\t<meta name=\"twitter:data2\" content=\"1 minut\" \/>\n<script type=\"application\/ld+json\" class=\"yoast-schema-graph\">{\"@context\":\"https:\\\/\\\/schema.org\",\"@graph\":[{\"@type\":\"Article\",\"@id\":\"https:\\\/\\\/wp.kristdemokraterna.se\\\/lidkoping\\\/motion-2009-03-bra-boende-for-aldre\\\/#article\",\"isPartOf\":{\"@id\":\"https:\\\/\\\/wp.kristdemokraterna.se\\\/lidkoping\\\/motion-2009-03-bra-boende-for-aldre\\\/\"},\"author\":{\"name\":\"lidkoping\",\"@id\":\"https:\\\/\\\/wp.kristdemokraterna.se\\\/lidkoping\\\/#\\\/schema\\\/person\\\/7f8ba7ff0c74105a76f47d4b6bf40509\"},\"headline\":\"Motion 2009-03 Bra boende f\u00f6r \u00e4ldre\",\"datePublished\":\"2009-03-21T15:17:22+00:00\",\"dateModified\":\"2018-03-01T13:16:51+00:00\",\"mainEntityOfPage\":{\"@id\":\"https:\\\/\\\/wp.kristdemokraterna.se\\\/lidkoping\\\/motion-2009-03-bra-boende-for-aldre\\\/\"},\"wordCount\":158,\"keywords\":[\"motion\"],\"articleSection\":[\"Motioner\",\"Motioner 2009\"],\"inLanguage\":\"sv-SE\"},{\"@type\":\"WebPage\",\"@id\":\"https:\\\/\\\/wp.kristdemokraterna.se\\\/lidkoping\\\/motion-2009-03-bra-boende-for-aldre\\\/\",\"url\":\"https:\\\/\\\/wp.kristdemokraterna.se\\\/lidkoping\\\/motion-2009-03-bra-boende-for-aldre\\\/\",\"name\":\"Motion 2009-03 Bra boende f\u00f6r \u00e4ldre - KRISTDEMOKRATERNA I LIDK\u00d6PING\",\"isPartOf\":{\"@id\":\"https:\\\/\\\/wp.kristdemokraterna.se\\\/lidkoping\\\/#website\"},\"datePublished\":\"2009-03-21T15:17:22+00:00\",\"dateModified\":\"2018-03-01T13:16:51+00:00\",\"author\":{\"@id\":\"https:\\\/\\\/wp.kristdemokraterna.se\\\/lidkoping\\\/#\\\/schema\\\/person\\\/7f8ba7ff0c74105a76f47d4b6bf40509\"},\"breadcrumb\":{\"@id\":\"https:\\\/\\\/wp.kristdemokraterna.se\\\/lidkoping\\\/motion-2009-03-bra-boende-for-aldre\\\/#breadcrumb\"},\"inLanguage\":\"sv-SE\",\"potentialAction\":[{\"@type\":\"ReadAction\",\"target\":[\"https:\\\/\\\/wp.kristdemokraterna.se\\\/lidkoping\\\/motion-2009-03-bra-boende-for-aldre\\\/\"]}]},{\"@type\":\"BreadcrumbList\",\"@id\":\"https:\\\/\\\/wp.kristdemokraterna.se\\\/lidkoping\\\/motion-2009-03-bra-boende-for-aldre\\\/#breadcrumb\",\"itemListElement\":[{\"@type\":\"ListItem\",\"position\":1,\"name\":\"Hem\",\"item\":\"https:\\\/\\\/wp.kristdemokraterna.se\\\/lidkoping\\\/\"},{\"@type\":\"ListItem\",\"position\":2,\"name\":\"Motion 2009-03 Bra boende f\u00f6r \u00e4ldre\"}]},{\"@type\":\"WebSite\",\"@id\":\"https:\\\/\\\/wp.kristdemokraterna.se\\\/lidkoping\\\/#website\",\"url\":\"https:\\\/\\\/wp.kristdemokraterna.se\\\/lidkoping\\\/\",\"name\":\"KRISTDEMOKRATERNA I LIDK\u00d6PING\",\"description\":\"Kristdemokraterna Lidk\u00f6pings webbplats\",\"inLanguage\":\"sv-SE\"},{\"@type\":\"Person\",\"@id\":\"https:\\\/\\\/wp.kristdemokraterna.se\\\/lidkoping\\\/#\\\/schema\\\/person\\\/7f8ba7ff0c74105a76f47d4b6bf40509\",\"name\":\"lidkoping\",\"image\":{\"@type\":\"ImageObject\",\"inLanguage\":\"sv-SE\",\"@id\":\"https:\\\/\\\/secure.gravatar.com\\\/avatar\\\/c90f0ca6aeafe3a4ffc1ccdce0069e4815200dcb7eb6da103c5a1dc3d63fd538?s=96&r=g\",\"url\":\"https:\\\/\\\/secure.gravatar.com\\\/avatar\\\/c90f0ca6aeafe3a4ffc1ccdce0069e4815200dcb7eb6da103c5a1dc3d63fd538?s=96&r=g\",\"contentUrl\":\"https:\\\/\\\/secure.gravatar.com\\\/avatar\\\/c90f0ca6aeafe3a4ffc1ccdce0069e4815200dcb7eb6da103c5a1dc3d63fd538?s=96&r=g\",\"caption\":\"lidkoping\"},\"url\":\"https:\\\/\\\/wp.kristdemokraterna.se\\\/lidkoping\\\/author\\\/lidkoping\\\/\"}]}<\/script>\n<!-- \/ Yoast SEO plugin. -->","yoast_head_json":{"title":"Motion 2009-03 Bra boende f\u00f6r \u00e4ldre - KRISTDEMOKRATERNA I LIDK\u00d6PING","robots":{"index":"index","follow":"follow","max-snippet":"max-snippet:-1","max-image-preview":"max-image-preview:large","max-video-preview":"max-video-preview:-1"},"canonical":"https:\/\/wp.kristdemokraterna.se\/lidkoping\/motion-2009-03-bra-boende-for-aldre\/","og_locale":"sv_SE","og_type":"article","og_title":"Motion 2009-03 Bra boende f\u00f6r \u00e4ldre - KRISTDEMOKRATERNA I LIDK\u00d6PING","og_description":"Boende f\u00f6r \u00e4ldre: Motion till Lidk\u00f6pings Kommunfullm\u00e4ktige Maj Ader, Carina Karlsson, Tommy Larsson Kommunen b\u00f6r inom ramen f\u00f6r sin bostadsf\u00f6rs\u00f6rjningsplanering snarast unders\u00f6ka och i vilken utstr\u00e4ckning kommuninnev\u00e5narna i vissa \u00e5ldersgrupper funderar \u00f6ver och eller planerar f\u00f6r att f\u00f6r\u00e4ndra sitt boende n\u00e4r de \u00e5ldras och vilka \u00f6nskem\u00e5l och f\u00f6rv\u00e4ntningar de har p\u00e5 ett nytt boende. Ha Read More","og_url":"https:\/\/wp.kristdemokraterna.se\/lidkoping\/motion-2009-03-bra-boende-for-aldre\/","og_site_name":"KRISTDEMOKRATERNA I LIDK\u00d6PING","article_published_time":"2009-03-21T15:17:22+00:00","article_modified_time":"2018-03-01T13:16:51+00:00","author":"lidkoping","twitter_card":"summary_large_image","twitter_misc":{"Skriven av":"lidkoping","Ber\u00e4knad l\u00e4stid":"1 minut"},"schema":{"@context":"https:\/\/schema.org","@graph":[{"@type":"Article","@id":"https:\/\/wp.kristdemokraterna.se\/lidkoping\/motion-2009-03-bra-boende-for-aldre\/#article","isPartOf":{"@id":"https:\/\/wp.kristdemokraterna.se\/lidkoping\/motion-2009-03-bra-boende-for-aldre\/"},"author":{"name":"lidkoping","@id":"https:\/\/wp.kristdemokraterna.se\/lidkoping\/#\/schema\/person\/7f8ba7ff0c74105a76f47d4b6bf40509"},"headline":"Motion 2009-03 Bra boende f\u00f6r \u00e4ldre","datePublished":"2009-03-21T15:17:22+00:00","dateModified":"2018-03-01T13:16:51+00:00","mainEntityOfPage":{"@id":"https:\/\/wp.kristdemokraterna.se\/lidkoping\/motion-2009-03-bra-boende-for-aldre\/"},"wordCount":158,"keywords":["motion"],"articleSection":["Motioner","Motioner 2009"],"inLanguage":"sv-SE"},{"@type":"WebPage","@id":"https:\/\/wp.kristdemokraterna.se\/lidkoping\/motion-2009-03-bra-boende-for-aldre\/","url":"https:\/\/wp.kristdemokraterna.se\/lidkoping\/motion-2009-03-bra-boende-for-aldre\/","name":"Motion 2009-03 Bra boende f\u00f6r \u00e4ldre - KRISTDEMOKRATERNA I LIDK\u00d6PING","isPartOf":{"@id":"https:\/\/wp.kristdemokraterna.se\/lidkoping\/#website"},"datePublished":"2009-03-21T15:17:22+00:00","dateModified":"2018-03-01T13:16:51+00:00","author":{"@id":"https:\/\/wp.kristdemokraterna.se\/lidkoping\/#\/schema\/person\/7f8ba7ff0c74105a76f47d4b6bf40509"},"breadcrumb":{"@id":"https:\/\/wp.kristdemokraterna.se\/lidkoping\/motion-2009-03-bra-boende-for-aldre\/#breadcrumb"},"inLanguage":"sv-SE","potentialAction":[{"@type":"ReadAction","target":["https:\/\/wp.kristdemokraterna.se\/lidkoping\/motion-2009-03-bra-boende-for-aldre\/"]}]},{"@type":"BreadcrumbList","@id":"https:\/\/wp.kristdemokraterna.se\/lidkoping\/motion-2009-03-bra-boende-for-aldre\/#breadcrumb","itemListElement":[{"@type":"ListItem","position":1,"name":"Hem","item":"https:\/\/wp.kristdemokraterna.se\/lidkoping\/"},{"@type":"ListItem","position":2,"name":"Motion 2009-03 Bra boende f\u00f6r \u00e4ldre"}]},{"@type":"WebSite","@id":"https:\/\/wp.kristdemokraterna.se\/lidkoping\/#website","url":"https:\/\/wp.kristdemokraterna.se\/lidkoping\/","name":"KRISTDEMOKRATERNA I LIDK\u00d6PING","description":"Kristdemokraterna Lidk\u00f6pings webbplats","inLanguage":"sv-SE"},{"@type":"Person","@id":"https:\/\/wp.kristdemokraterna.se\/lidkoping\/#\/schema\/person\/7f8ba7ff0c74105a76f47d4b6bf40509","name":"lidkoping","image":{"@type":"ImageObject","inLanguage":"sv-SE","@id":"https:\/\/secure.gravatar.com\/avatar\/c90f0ca6aeafe3a4ffc1ccdce0069e4815200dcb7eb6da103c5a1dc3d63fd538?s=96&r=g","url":"https:\/\/secure.gravatar.com\/avatar\/c90f0ca6aeafe3a4ffc1ccdce0069e4815200dcb7eb6da103c5a1dc3d63fd538?s=96&r=g","contentUrl":"https:\/\/secure.gravatar.com\/avatar\/c90f0ca6aeafe3a4ffc1ccdce0069e4815200dcb7eb6da103c5a1dc3d63fd538?s=96&r=g","caption":"lidkoping"},"url":"https:\/\/wp.kristdemokraterna.se\/lidkoping\/author\/lidkoping\/"}]}},"_links":{"self":[{"href":"https:\/\/wp.kristdemokraterna.se\/lidkoping\/wp-json\/wp\/v2\/posts\/114","targetHints":{"allow":["GET"]}}],"collection":[{"href":"https:\/\/wp.kristdemokraterna.se\/lidkoping\/wp-json\/wp\/v2\/posts"}],"about":[{"href":"https:\/\/wp.kristdemokraterna.se\/lidkoping\/wp-json\/wp\/v2\/types\/post"}],"author":[{"embeddable":true,"href":"https:\/\/wp.kristdemokraterna.se\/lidkoping\/wp-json\/wp\/v2\/users\/490"}],"replies":[{"embeddable":true,"href":"https:\/\/wp.kristdemokraterna.se\/lidkoping\/wp-json\/wp\/v2\/comments?post=114"}],"version-history":[{"count":3,"href":"https:\/\/wp.kristdemokraterna.se\/lidkoping\/wp-json\/wp\/v2\/posts\/114\/revisions"}],"predecessor-version":[{"id":351,"href":"https:\/\/wp.kristdemokraterna.se\/lidkoping\/wp-json\/wp\/v2\/posts\/114\/revisions\/351"}],"wp:attachment":[{"href":"https:\/\/wp.kristdemokraterna.se\/lidkoping\/wp-json\/wp\/v2\/media?parent=114"}],"wp:term":[{"taxonomy":"category","embeddable":true,"href":"https:\/\/wp.kristdemokraterna.se\/lidkoping\/wp-json\/wp\/v2\/categories?post=114"},{"taxonomy":"post_tag","embeddable":true,"href":"https:\/\/wp.kristdemokraterna.se\/lidkoping\/wp-json\/wp\/v2\/tags?post=114"}],"curies":[{"name":"wp","href":"https:\/\/api.w.org\/{rel}","templated":true}]}}