{"id":118,"date":"2009-11-30T16:16:39","date_gmt":"2009-11-30T15:16:39","guid":{"rendered":"http:\/\/wp.kristdemokraterna.se\/lidkoping\/?p=118"},"modified":"2018-03-01T14:17:29","modified_gmt":"2018-03-01T13:17:29","slug":"motion-2009-11-30-barnrattsombud","status":"publish","type":"post","link":"https:\/\/wp.kristdemokraterna.se\/lidkoping\/motion-2009-11-30-barnrattsombud\/","title":{"rendered":"Motion 2009-11-30 Barnr\u00e4ttsombud"},"content":{"rendered":"<p>Barnr\u00e4ttsombud:<br \/>\nMotion till Lidk\u00f6pings Kommunfullm\u00e4ktige<br \/>\nAnders Ader\/Kd Gun-Britt Holgersson\/Kd<\/p>\n<p>Om barn skall vara delaktiga i samh\u00e4llslivet och komma till tals i alla fr\u00e5gor som r\u00f6r dem m\u00e5ste vi fr\u00e5ga oss hur vi skall g\u00f6ra f\u00f6r att f\u00f6rst\u00e5 deras perspektiv. Barn \u00e4r ju helt beroende av att vi vuxna kan g\u00f6ra oss till tolkar f\u00f6r dem.<br \/>\nOm barns behov l\u00e5g till grund f\u00f6r samh\u00e4llsplaneringen skulle v\u00e5r yttre milj\u00f6 se annorlunda ut. Fr\u00e5gan \u00e4r om vi vuxna kan eller vill anta ett barnperspektiv?<br \/>\nOm vi vuxna antar denna utmaning kommer vi att f\u00e5 l\u00e4mna m\u00e5nga invanda f\u00f6rest\u00e4llningar och tankem\u00f6nster.<\/p>\n<p>FN:s Barnkonvention skall enligt beslut i Lidk\u00f6pings kommunfullm\u00e4ktige genomsyra arbetet i alla kommunala verksamheter.<\/p>\n<p>Arbetet med barnkonventionen och dess anda i v\u00e5ra beslutande organ i Lidk\u00f6ping kan utvecklas och f\u00f6rb\u00e4ttras om barnperspektivet blir en naturlig del n\u00e4r kommunen planerar och beslutar i olika fr\u00e5gor.<br \/>\nF\u00f6r att driva p\u00e5 detta arbete vill vi att ett barnr\u00e4ttsombud inr\u00e4ttas med ansvar f\u00f6r barnr\u00e4ttsfr\u00e5gor. Barnr\u00e4ttsombudet skulle kunna vara den funktion som initialt ser till att barnperspektivet f\u00e5r sin r\u00e4ttm\u00e4tiga plats i kommunal planering och i kommunala beslut.<\/p>\n<p>Vi f\u00f6resl\u00e5r f\u00f6ljande:<br \/>\nAtt ett barnr\u00e4ttsombud inr\u00e4ttas genom att en ansvarig person, frist\u00e5ende i f\u00f6rh\u00e5llande till f\u00f6rvaltningar och verksamheter i \u00f6vrigt.<\/p>\n<p>Arbetet kan omfatta bl.a. f\u00f6ljande arbetsuppgifter:<\/p>\n<ul>\n<li>Svara f\u00f6r att samordna och driva p\u00e5 arbetet med att f\u00f6rverkliga barnkonventionens intentioner inom kommunens verksamheter.<\/li>\n<li>Ta fram ett policydokument som tydligt beskriver de m\u00e5l f\u00f6r barn och ungdom som kommunen satt upp, hur m\u00e5len konkret skall uppfyllas och hur arbetet med detta skall utv\u00e4rderas.<\/li>\n<li>\u00d6vervaka att alla kommunens verksamheter g\u00f6r barnkonventionsanalyser inf\u00f6r beslut som r\u00f6r barn\/ungdomar.<\/li>\n<li>Bevaka och f\u00f6ljer upp beslut som fattats enligt ovan.<\/li>\n<li>Bevaka barns och ungdomars behov, intressen och r\u00e4ttigheter genom att granska kommunala planer och program.<\/li>\n<li>Informera och utbilda politiker, tj\u00e4nstem\u00e4n och \u00f6vriga om barnkonventionen.<\/li>\n<li>F\u00f6ra barns och ungdomars talan i fr\u00e5gor om f\u00f6r\u00e4ndringar i verksamheter och i fr\u00e5gor som ber\u00f6r barnens arbetsmilj\u00f6.<\/li>\n<\/ul>\n<p>Finansiering av Barnr\u00e4ttsombudet sker genom samverkan mellan de n\u00e4mnder\/f\u00f6rvaltningar som arbetar och beslutar i fr\u00e5gor som ber\u00f6r barn och ungdomar.<br \/>\nDetta kan ske inom befintlig ram.<\/p>\n<p>Kristdemokraterna i Lidk\u00f6ping 2009-11-30<br \/>\nAnders Ader, Gun-Britt Holgersson,Tommy Larsson<\/p>\n","protected":false},"excerpt":{"rendered":"<p>Barnr\u00e4ttsombud: Motion till Lidk\u00f6pings Kommunfullm\u00e4ktige Anders Ader\/Kd Gun-Britt Holgersson\/Kd Om barn skall vara delaktiga i samh\u00e4llslivet och komma till tals i alla fr\u00e5gor som r\u00f6r dem m\u00e5ste vi fr\u00e5ga oss hur vi skall g\u00f6ra f\u00f6r att f\u00f6rst\u00e5 deras perspektiv. Barn \u00e4r ju helt beroende av att vi vuxna kan g\u00f6ra oss till tolkar f\u00f6r dem. <a class=\"read-more-link\" href=\"https:\/\/wp.kristdemokraterna.se\/lidkoping\/motion-2009-11-30-barnrattsombud\/\">Read More<\/a><\/p>\n","protected":false},"author":490,"featured_media":0,"comment_status":"closed","ping_status":"closed","sticky":false,"template":"","format":"standard","meta":{"_acf_changed":false,"footnotes":""},"categories":[6,10],"tags":[8],"class_list":["post-118","post","type-post","status-publish","format-standard","hentry","category-motioner","category-motioner-2009","tag-motion"],"acf":[],"yoast_head":"<!-- This site is optimized with the Yoast SEO plugin v27.4 - https:\/\/yoast.com\/product\/yoast-seo-wordpress\/ -->\n<title>Motion 2009-11-30 Barnr\u00e4ttsombud - KRISTDEMOKRATERNA I LIDK\u00d6PING<\/title>\n<meta name=\"robots\" content=\"index, follow, max-snippet:-1, max-image-preview:large, max-video-preview:-1\" \/>\n<link rel=\"canonical\" href=\"https:\/\/wp.kristdemokraterna.se\/lidkoping\/motion-2009-11-30-barnrattsombud\/\" \/>\n<meta property=\"og:locale\" content=\"sv_SE\" \/>\n<meta property=\"og:type\" content=\"article\" \/>\n<meta property=\"og:title\" content=\"Motion 2009-11-30 Barnr\u00e4ttsombud - KRISTDEMOKRATERNA I LIDK\u00d6PING\" \/>\n<meta property=\"og:description\" content=\"Barnr\u00e4ttsombud: Motion till Lidk\u00f6pings Kommunfullm\u00e4ktige Anders Ader\/Kd Gun-Britt Holgersson\/Kd Om barn skall vara delaktiga i samh\u00e4llslivet och komma till tals i alla fr\u00e5gor som r\u00f6r dem m\u00e5ste vi fr\u00e5ga oss hur vi skall g\u00f6ra f\u00f6r att f\u00f6rst\u00e5 deras perspektiv. Barn \u00e4r ju helt beroende av att vi vuxna kan g\u00f6ra oss till tolkar f\u00f6r dem. Read More\" \/>\n<meta property=\"og:url\" content=\"https:\/\/wp.kristdemokraterna.se\/lidkoping\/motion-2009-11-30-barnrattsombud\/\" \/>\n<meta property=\"og:site_name\" content=\"KRISTDEMOKRATERNA I LIDK\u00d6PING\" \/>\n<meta property=\"article:published_time\" content=\"2009-11-30T15:16:39+00:00\" \/>\n<meta property=\"article:modified_time\" content=\"2018-03-01T13:17:29+00:00\" \/>\n<meta name=\"author\" content=\"lidkoping\" \/>\n<meta name=\"twitter:card\" content=\"summary_large_image\" \/>\n<meta name=\"twitter:label1\" content=\"Skriven av\" \/>\n\t<meta name=\"twitter:data1\" content=\"lidkoping\" \/>\n\t<meta name=\"twitter:label2\" content=\"Ber\u00e4knad l\u00e4stid\" \/>\n\t<meta name=\"twitter:data2\" content=\"2 minuter\" \/>\n<script type=\"application\/ld+json\" class=\"yoast-schema-graph\">{\"@context\":\"https:\\\/\\\/schema.org\",\"@graph\":[{\"@type\":\"Article\",\"@id\":\"https:\\\/\\\/wp.kristdemokraterna.se\\\/lidkoping\\\/motion-2009-11-30-barnrattsombud\\\/#article\",\"isPartOf\":{\"@id\":\"https:\\\/\\\/wp.kristdemokraterna.se\\\/lidkoping\\\/motion-2009-11-30-barnrattsombud\\\/\"},\"author\":{\"name\":\"lidkoping\",\"@id\":\"https:\\\/\\\/wp.kristdemokraterna.se\\\/lidkoping\\\/#\\\/schema\\\/person\\\/7f8ba7ff0c74105a76f47d4b6bf40509\"},\"headline\":\"Motion 2009-11-30 Barnr\u00e4ttsombud\",\"datePublished\":\"2009-11-30T15:16:39+00:00\",\"dateModified\":\"2018-03-01T13:17:29+00:00\",\"mainEntityOfPage\":{\"@id\":\"https:\\\/\\\/wp.kristdemokraterna.se\\\/lidkoping\\\/motion-2009-11-30-barnrattsombud\\\/\"},\"wordCount\":439,\"keywords\":[\"motion\"],\"articleSection\":[\"Motioner\",\"Motioner 2009\"],\"inLanguage\":\"sv-SE\"},{\"@type\":\"WebPage\",\"@id\":\"https:\\\/\\\/wp.kristdemokraterna.se\\\/lidkoping\\\/motion-2009-11-30-barnrattsombud\\\/\",\"url\":\"https:\\\/\\\/wp.kristdemokraterna.se\\\/lidkoping\\\/motion-2009-11-30-barnrattsombud\\\/\",\"name\":\"Motion 2009-11-30 Barnr\u00e4ttsombud - KRISTDEMOKRATERNA I LIDK\u00d6PING\",\"isPartOf\":{\"@id\":\"https:\\\/\\\/wp.kristdemokraterna.se\\\/lidkoping\\\/#website\"},\"datePublished\":\"2009-11-30T15:16:39+00:00\",\"dateModified\":\"2018-03-01T13:17:29+00:00\",\"author\":{\"@id\":\"https:\\\/\\\/wp.kristdemokraterna.se\\\/lidkoping\\\/#\\\/schema\\\/person\\\/7f8ba7ff0c74105a76f47d4b6bf40509\"},\"breadcrumb\":{\"@id\":\"https:\\\/\\\/wp.kristdemokraterna.se\\\/lidkoping\\\/motion-2009-11-30-barnrattsombud\\\/#breadcrumb\"},\"inLanguage\":\"sv-SE\",\"potentialAction\":[{\"@type\":\"ReadAction\",\"target\":[\"https:\\\/\\\/wp.kristdemokraterna.se\\\/lidkoping\\\/motion-2009-11-30-barnrattsombud\\\/\"]}]},{\"@type\":\"BreadcrumbList\",\"@id\":\"https:\\\/\\\/wp.kristdemokraterna.se\\\/lidkoping\\\/motion-2009-11-30-barnrattsombud\\\/#breadcrumb\",\"itemListElement\":[{\"@type\":\"ListItem\",\"position\":1,\"name\":\"Hem\",\"item\":\"https:\\\/\\\/wp.kristdemokraterna.se\\\/lidkoping\\\/\"},{\"@type\":\"ListItem\",\"position\":2,\"name\":\"Motion 2009-11-30 Barnr\u00e4ttsombud\"}]},{\"@type\":\"WebSite\",\"@id\":\"https:\\\/\\\/wp.kristdemokraterna.se\\\/lidkoping\\\/#website\",\"url\":\"https:\\\/\\\/wp.kristdemokraterna.se\\\/lidkoping\\\/\",\"name\":\"KRISTDEMOKRATERNA I LIDK\u00d6PING\",\"description\":\"Kristdemokraterna Lidk\u00f6pings webbplats\",\"inLanguage\":\"sv-SE\"},{\"@type\":\"Person\",\"@id\":\"https:\\\/\\\/wp.kristdemokraterna.se\\\/lidkoping\\\/#\\\/schema\\\/person\\\/7f8ba7ff0c74105a76f47d4b6bf40509\",\"name\":\"lidkoping\",\"image\":{\"@type\":\"ImageObject\",\"inLanguage\":\"sv-SE\",\"@id\":\"https:\\\/\\\/secure.gravatar.com\\\/avatar\\\/c90f0ca6aeafe3a4ffc1ccdce0069e4815200dcb7eb6da103c5a1dc3d63fd538?s=96&r=g\",\"url\":\"https:\\\/\\\/secure.gravatar.com\\\/avatar\\\/c90f0ca6aeafe3a4ffc1ccdce0069e4815200dcb7eb6da103c5a1dc3d63fd538?s=96&r=g\",\"contentUrl\":\"https:\\\/\\\/secure.gravatar.com\\\/avatar\\\/c90f0ca6aeafe3a4ffc1ccdce0069e4815200dcb7eb6da103c5a1dc3d63fd538?s=96&r=g\",\"caption\":\"lidkoping\"},\"url\":\"https:\\\/\\\/wp.kristdemokraterna.se\\\/lidkoping\\\/author\\\/lidkoping\\\/\"}]}<\/script>\n<!-- \/ Yoast SEO plugin. -->","yoast_head_json":{"title":"Motion 2009-11-30 Barnr\u00e4ttsombud - KRISTDEMOKRATERNA I LIDK\u00d6PING","robots":{"index":"index","follow":"follow","max-snippet":"max-snippet:-1","max-image-preview":"max-image-preview:large","max-video-preview":"max-video-preview:-1"},"canonical":"https:\/\/wp.kristdemokraterna.se\/lidkoping\/motion-2009-11-30-barnrattsombud\/","og_locale":"sv_SE","og_type":"article","og_title":"Motion 2009-11-30 Barnr\u00e4ttsombud - KRISTDEMOKRATERNA I LIDK\u00d6PING","og_description":"Barnr\u00e4ttsombud: Motion till Lidk\u00f6pings Kommunfullm\u00e4ktige Anders Ader\/Kd Gun-Britt Holgersson\/Kd Om barn skall vara delaktiga i samh\u00e4llslivet och komma till tals i alla fr\u00e5gor som r\u00f6r dem m\u00e5ste vi fr\u00e5ga oss hur vi skall g\u00f6ra f\u00f6r att f\u00f6rst\u00e5 deras perspektiv. Barn \u00e4r ju helt beroende av att vi vuxna kan g\u00f6ra oss till tolkar f\u00f6r dem. Read More","og_url":"https:\/\/wp.kristdemokraterna.se\/lidkoping\/motion-2009-11-30-barnrattsombud\/","og_site_name":"KRISTDEMOKRATERNA I LIDK\u00d6PING","article_published_time":"2009-11-30T15:16:39+00:00","article_modified_time":"2018-03-01T13:17:29+00:00","author":"lidkoping","twitter_card":"summary_large_image","twitter_misc":{"Skriven av":"lidkoping","Ber\u00e4knad l\u00e4stid":"2 minuter"},"schema":{"@context":"https:\/\/schema.org","@graph":[{"@type":"Article","@id":"https:\/\/wp.kristdemokraterna.se\/lidkoping\/motion-2009-11-30-barnrattsombud\/#article","isPartOf":{"@id":"https:\/\/wp.kristdemokraterna.se\/lidkoping\/motion-2009-11-30-barnrattsombud\/"},"author":{"name":"lidkoping","@id":"https:\/\/wp.kristdemokraterna.se\/lidkoping\/#\/schema\/person\/7f8ba7ff0c74105a76f47d4b6bf40509"},"headline":"Motion 2009-11-30 Barnr\u00e4ttsombud","datePublished":"2009-11-30T15:16:39+00:00","dateModified":"2018-03-01T13:17:29+00:00","mainEntityOfPage":{"@id":"https:\/\/wp.kristdemokraterna.se\/lidkoping\/motion-2009-11-30-barnrattsombud\/"},"wordCount":439,"keywords":["motion"],"articleSection":["Motioner","Motioner 2009"],"inLanguage":"sv-SE"},{"@type":"WebPage","@id":"https:\/\/wp.kristdemokraterna.se\/lidkoping\/motion-2009-11-30-barnrattsombud\/","url":"https:\/\/wp.kristdemokraterna.se\/lidkoping\/motion-2009-11-30-barnrattsombud\/","name":"Motion 2009-11-30 Barnr\u00e4ttsombud - KRISTDEMOKRATERNA I LIDK\u00d6PING","isPartOf":{"@id":"https:\/\/wp.kristdemokraterna.se\/lidkoping\/#website"},"datePublished":"2009-11-30T15:16:39+00:00","dateModified":"2018-03-01T13:17:29+00:00","author":{"@id":"https:\/\/wp.kristdemokraterna.se\/lidkoping\/#\/schema\/person\/7f8ba7ff0c74105a76f47d4b6bf40509"},"breadcrumb":{"@id":"https:\/\/wp.kristdemokraterna.se\/lidkoping\/motion-2009-11-30-barnrattsombud\/#breadcrumb"},"inLanguage":"sv-SE","potentialAction":[{"@type":"ReadAction","target":["https:\/\/wp.kristdemokraterna.se\/lidkoping\/motion-2009-11-30-barnrattsombud\/"]}]},{"@type":"BreadcrumbList","@id":"https:\/\/wp.kristdemokraterna.se\/lidkoping\/motion-2009-11-30-barnrattsombud\/#breadcrumb","itemListElement":[{"@type":"ListItem","position":1,"name":"Hem","item":"https:\/\/wp.kristdemokraterna.se\/lidkoping\/"},{"@type":"ListItem","position":2,"name":"Motion 2009-11-30 Barnr\u00e4ttsombud"}]},{"@type":"WebSite","@id":"https:\/\/wp.kristdemokraterna.se\/lidkoping\/#website","url":"https:\/\/wp.kristdemokraterna.se\/lidkoping\/","name":"KRISTDEMOKRATERNA I LIDK\u00d6PING","description":"Kristdemokraterna Lidk\u00f6pings webbplats","inLanguage":"sv-SE"},{"@type":"Person","@id":"https:\/\/wp.kristdemokraterna.se\/lidkoping\/#\/schema\/person\/7f8ba7ff0c74105a76f47d4b6bf40509","name":"lidkoping","image":{"@type":"ImageObject","inLanguage":"sv-SE","@id":"https:\/\/secure.gravatar.com\/avatar\/c90f0ca6aeafe3a4ffc1ccdce0069e4815200dcb7eb6da103c5a1dc3d63fd538?s=96&r=g","url":"https:\/\/secure.gravatar.com\/avatar\/c90f0ca6aeafe3a4ffc1ccdce0069e4815200dcb7eb6da103c5a1dc3d63fd538?s=96&r=g","contentUrl":"https:\/\/secure.gravatar.com\/avatar\/c90f0ca6aeafe3a4ffc1ccdce0069e4815200dcb7eb6da103c5a1dc3d63fd538?s=96&r=g","caption":"lidkoping"},"url":"https:\/\/wp.kristdemokraterna.se\/lidkoping\/author\/lidkoping\/"}]}},"_links":{"self":[{"href":"https:\/\/wp.kristdemokraterna.se\/lidkoping\/wp-json\/wp\/v2\/posts\/118","targetHints":{"allow":["GET"]}}],"collection":[{"href":"https:\/\/wp.kristdemokraterna.se\/lidkoping\/wp-json\/wp\/v2\/posts"}],"about":[{"href":"https:\/\/wp.kristdemokraterna.se\/lidkoping\/wp-json\/wp\/v2\/types\/post"}],"author":[{"embeddable":true,"href":"https:\/\/wp.kristdemokraterna.se\/lidkoping\/wp-json\/wp\/v2\/users\/490"}],"replies":[{"embeddable":true,"href":"https:\/\/wp.kristdemokraterna.se\/lidkoping\/wp-json\/wp\/v2\/comments?post=118"}],"version-history":[{"count":2,"href":"https:\/\/wp.kristdemokraterna.se\/lidkoping\/wp-json\/wp\/v2\/posts\/118\/revisions"}],"predecessor-version":[{"id":352,"href":"https:\/\/wp.kristdemokraterna.se\/lidkoping\/wp-json\/wp\/v2\/posts\/118\/revisions\/352"}],"wp:attachment":[{"href":"https:\/\/wp.kristdemokraterna.se\/lidkoping\/wp-json\/wp\/v2\/media?parent=118"}],"wp:term":[{"taxonomy":"category","embeddable":true,"href":"https:\/\/wp.kristdemokraterna.se\/lidkoping\/wp-json\/wp\/v2\/categories?post=118"},{"taxonomy":"post_tag","embeddable":true,"href":"https:\/\/wp.kristdemokraterna.se\/lidkoping\/wp-json\/wp\/v2\/tags?post=118"}],"curies":[{"name":"wp","href":"https:\/\/api.w.org\/{rel}","templated":true}]}}