{"id":122,"date":"2010-03-22T16:18:23","date_gmt":"2010-03-22T15:18:23","guid":{"rendered":"http:\/\/wp.kristdemokraterna.se\/lidkoping\/?p=122"},"modified":"2014-05-12T10:25:44","modified_gmt":"2014-05-12T08:25:44","slug":"motion-2010-03-22-kommunal-tjanstegaranti","status":"publish","type":"post","link":"https:\/\/wp.kristdemokraterna.se\/lidkoping\/motion-2010-03-22-kommunal-tjanstegaranti\/","title":{"rendered":"Motion 2010-03-22 Kommunal tj\u00e4nstegaranti"},"content":{"rendered":"<p>Motion till Lidk\u00f6pings Kommunfullm\u00e4ktige<\/p>\n<p>Inf\u00f6rande av en Kommunal tj\u00e4nstegaranti.<\/p>\n<p>Kommunfullm\u00e4ktige beslutade den 18\/1 2010 om en servicedeklaration som tar upp Bem\u00f6tande och Tillg\u00e4nglighet. I beslutsunderlaget st\u00e5r det att \u201dalla anst\u00e4llda och f\u00f6rtroendevalda i Lidk\u00f6pings kommun ska ha en gemensam v\u00e4rdegrund vad g\u00e4llande bem\u00f6tande\u201d.<br \/>\nI underlaget till beslutet st\u00e5r det ocks\u00e5 \u201dDels handlar det ocks\u00e5 om att ber\u00e4tta vad kommuninv\u00e5narna har r\u00e4tt att f\u00f6rv\u00e4nta sig av tj\u00e4nster som kommunen levererar\u201d.<br \/>\nTyv\u00e4rr s\u00e5 finns detta inte alls upptaget i den beslutade servicedeklarationen.<\/p>\n<p>Tydliga, enkla och klara besked upplevs mycket positivt av alla s\u00e5v\u00e4l f\u00f6retag som enskilda. D\u00e4rf\u00f6r finns all anledning f\u00f6r kommunen att komplettera Servicedeklarationen med en tj\u00e4nstegaranti. Genom en tj\u00e4nstegaranti f\u00f6rtydligas vad kommuninv\u00e5narna kan f\u00f6rv\u00e4nta sig fr\u00e5n kommunen avseende t.ex. handl\u00e4ggningstider men \u00e4ven vilka krav som st\u00e4lls f\u00f6r en snabb handl\u00e4ggning skall kunna genomf\u00f6ras. Uppfylls inte det som utlovas av kommunen skall en kompensation kunna utg\u00e5.<\/p>\n<p>I exempelvis Markaryd, har man inf\u00f6rt en tj\u00e4nstegaranti f\u00f6r olika kommunala verksamheter. Kommunens olika f\u00f6rvaltningar s\u00e4tter upp riktlinjer f\u00f6r vilken service man kan erbjuda kommuninv\u00e5narna och inom vilken tid man kan f\u00f6rv\u00e4nta sig denna service. Det kan g\u00e4lla s\u00e5 vitt skilda omr\u00e5den som att \u00e4ldre i s\u00e4rskilt boende ska ha m\u00f6jlighet att komma ut i friska luften ett visst antal g\u00e5nger om \u00e5ret till ett f\u00f6rhandsbesked om hur m\u00e5nga dagar det tar att f\u00e5 ett bygglov.<\/p>\n<p>En tj\u00e4nstegaranti stimulerar de kommunala f\u00f6rvaltningarna till ett kvalitetst\u00e4nkande, d\u00e4r man s\u00e4tter kunden, dvs kommuninv\u00e5naren , i centrum. Man f\u00e5r ocks\u00e5 anledning att genomlysa sina verksamheter och arbeta bort flaskhalsar och bromsklossar.<\/p>\n<p>Vi anser att en tj\u00e4nstegaranti f\u00f6r de olika kommunala sektorerna skulle vara positivt f\u00f6r alla inv\u00e5narna och f\u00f6retag som redan bor\/verkar i Lidk\u00f6ping men \u00e4ven de som har planer p\u00e5 att flytta eller etablera sig i kommunen. En kommunal tj\u00e4nstegaranti \u00e4r till gagn f\u00f6r alla.<\/p>\n<p>Kristdemokraterna yrkar d\u00e4rf\u00f6r att kommunfullm\u00e4ktige beslutar<\/p>\n<p>Att inf\u00f6ra tj\u00e4nstegarantier inom kommunala f\u00f6rvaltningar och bolag i Lidk\u00f6pings kommun.<\/p>\n<p>Lidk\u00f6ping 2010-03-22<\/p>\n<p>Kristdemokraterna i Lidk\u00f6ping<br \/>\nTommy Larsson Sten-Eric Lager<\/p>\n","protected":false},"excerpt":{"rendered":"<p>Motion till Lidk\u00f6pings Kommunfullm\u00e4ktige Inf\u00f6rande av en Kommunal tj\u00e4nstegaranti. Kommunfullm\u00e4ktige beslutade den 18\/1 2010 om en servicedeklaration som tar upp Bem\u00f6tande och Tillg\u00e4nglighet. I beslutsunderlaget st\u00e5r det att \u201dalla anst\u00e4llda och f\u00f6rtroendevalda i Lidk\u00f6pings kommun ska ha en gemensam v\u00e4rdegrund vad g\u00e4llande bem\u00f6tande\u201d. I underlaget till beslutet st\u00e5r det ocks\u00e5 \u201dDels handlar det ocks\u00e5 om <a class=\"read-more-link\" href=\"https:\/\/wp.kristdemokraterna.se\/lidkoping\/motion-2010-03-22-kommunal-tjanstegaranti\/\">Read More<\/a><\/p>\n","protected":false},"author":490,"featured_media":0,"comment_status":"closed","ping_status":"closed","sticky":false,"template":"","format":"standard","meta":{"_acf_changed":false,"footnotes":""},"categories":[6,11],"tags":[8],"class_list":["post-122","post","type-post","status-publish","format-standard","hentry","category-motioner","category-motioner-2010","tag-motion"],"acf":[],"yoast_head":"<!-- This site is optimized with the Yoast SEO plugin v27.4 - https:\/\/yoast.com\/product\/yoast-seo-wordpress\/ -->\n<title>Motion 2010-03-22 Kommunal tj\u00e4nstegaranti - KRISTDEMOKRATERNA I LIDK\u00d6PING<\/title>\n<meta name=\"robots\" content=\"index, follow, max-snippet:-1, max-image-preview:large, max-video-preview:-1\" \/>\n<link rel=\"canonical\" href=\"https:\/\/wp.kristdemokraterna.se\/lidkoping\/motion-2010-03-22-kommunal-tjanstegaranti\/\" \/>\n<meta property=\"og:locale\" content=\"sv_SE\" \/>\n<meta property=\"og:type\" content=\"article\" \/>\n<meta property=\"og:title\" content=\"Motion 2010-03-22 Kommunal tj\u00e4nstegaranti - KRISTDEMOKRATERNA I LIDK\u00d6PING\" \/>\n<meta property=\"og:description\" content=\"Motion till Lidk\u00f6pings Kommunfullm\u00e4ktige Inf\u00f6rande av en Kommunal tj\u00e4nstegaranti. Kommunfullm\u00e4ktige beslutade den 18\/1 2010 om en servicedeklaration som tar upp Bem\u00f6tande och Tillg\u00e4nglighet. I beslutsunderlaget st\u00e5r det att \u201dalla anst\u00e4llda och f\u00f6rtroendevalda i Lidk\u00f6pings kommun ska ha en gemensam v\u00e4rdegrund vad g\u00e4llande bem\u00f6tande\u201d. I underlaget till beslutet st\u00e5r det ocks\u00e5 \u201dDels handlar det ocks\u00e5 om Read More\" \/>\n<meta property=\"og:url\" content=\"https:\/\/wp.kristdemokraterna.se\/lidkoping\/motion-2010-03-22-kommunal-tjanstegaranti\/\" \/>\n<meta property=\"og:site_name\" content=\"KRISTDEMOKRATERNA I LIDK\u00d6PING\" \/>\n<meta property=\"article:published_time\" content=\"2010-03-22T15:18:23+00:00\" \/>\n<meta property=\"article:modified_time\" content=\"2014-05-12T08:25:44+00:00\" \/>\n<meta name=\"author\" content=\"lidkoping\" \/>\n<meta name=\"twitter:card\" content=\"summary_large_image\" \/>\n<meta name=\"twitter:label1\" content=\"Skriven av\" \/>\n\t<meta name=\"twitter:data1\" content=\"lidkoping\" \/>\n\t<meta name=\"twitter:label2\" content=\"Ber\u00e4knad l\u00e4stid\" \/>\n\t<meta name=\"twitter:data2\" content=\"2 minuter\" \/>\n<script type=\"application\/ld+json\" class=\"yoast-schema-graph\">{\"@context\":\"https:\\\/\\\/schema.org\",\"@graph\":[{\"@type\":\"Article\",\"@id\":\"https:\\\/\\\/wp.kristdemokraterna.se\\\/lidkoping\\\/motion-2010-03-22-kommunal-tjanstegaranti\\\/#article\",\"isPartOf\":{\"@id\":\"https:\\\/\\\/wp.kristdemokraterna.se\\\/lidkoping\\\/motion-2010-03-22-kommunal-tjanstegaranti\\\/\"},\"author\":{\"name\":\"lidkoping\",\"@id\":\"https:\\\/\\\/wp.kristdemokraterna.se\\\/lidkoping\\\/#\\\/schema\\\/person\\\/7f8ba7ff0c74105a76f47d4b6bf40509\"},\"headline\":\"Motion 2010-03-22 Kommunal tj\u00e4nstegaranti\",\"datePublished\":\"2010-03-22T15:18:23+00:00\",\"dateModified\":\"2014-05-12T08:25:44+00:00\",\"mainEntityOfPage\":{\"@id\":\"https:\\\/\\\/wp.kristdemokraterna.se\\\/lidkoping\\\/motion-2010-03-22-kommunal-tjanstegaranti\\\/\"},\"wordCount\":410,\"keywords\":[\"motion\"],\"articleSection\":[\"Motioner\",\"Motioner 2010\"],\"inLanguage\":\"sv-SE\"},{\"@type\":\"WebPage\",\"@id\":\"https:\\\/\\\/wp.kristdemokraterna.se\\\/lidkoping\\\/motion-2010-03-22-kommunal-tjanstegaranti\\\/\",\"url\":\"https:\\\/\\\/wp.kristdemokraterna.se\\\/lidkoping\\\/motion-2010-03-22-kommunal-tjanstegaranti\\\/\",\"name\":\"Motion 2010-03-22 Kommunal tj\u00e4nstegaranti - KRISTDEMOKRATERNA I LIDK\u00d6PING\",\"isPartOf\":{\"@id\":\"https:\\\/\\\/wp.kristdemokraterna.se\\\/lidkoping\\\/#website\"},\"datePublished\":\"2010-03-22T15:18:23+00:00\",\"dateModified\":\"2014-05-12T08:25:44+00:00\",\"author\":{\"@id\":\"https:\\\/\\\/wp.kristdemokraterna.se\\\/lidkoping\\\/#\\\/schema\\\/person\\\/7f8ba7ff0c74105a76f47d4b6bf40509\"},\"breadcrumb\":{\"@id\":\"https:\\\/\\\/wp.kristdemokraterna.se\\\/lidkoping\\\/motion-2010-03-22-kommunal-tjanstegaranti\\\/#breadcrumb\"},\"inLanguage\":\"sv-SE\",\"potentialAction\":[{\"@type\":\"ReadAction\",\"target\":[\"https:\\\/\\\/wp.kristdemokraterna.se\\\/lidkoping\\\/motion-2010-03-22-kommunal-tjanstegaranti\\\/\"]}]},{\"@type\":\"BreadcrumbList\",\"@id\":\"https:\\\/\\\/wp.kristdemokraterna.se\\\/lidkoping\\\/motion-2010-03-22-kommunal-tjanstegaranti\\\/#breadcrumb\",\"itemListElement\":[{\"@type\":\"ListItem\",\"position\":1,\"name\":\"Hem\",\"item\":\"https:\\\/\\\/wp.kristdemokraterna.se\\\/lidkoping\\\/\"},{\"@type\":\"ListItem\",\"position\":2,\"name\":\"Motion 2010-03-22 Kommunal tj\u00e4nstegaranti\"}]},{\"@type\":\"WebSite\",\"@id\":\"https:\\\/\\\/wp.kristdemokraterna.se\\\/lidkoping\\\/#website\",\"url\":\"https:\\\/\\\/wp.kristdemokraterna.se\\\/lidkoping\\\/\",\"name\":\"KRISTDEMOKRATERNA I LIDK\u00d6PING\",\"description\":\"Kristdemokraterna Lidk\u00f6pings webbplats\",\"inLanguage\":\"sv-SE\"},{\"@type\":\"Person\",\"@id\":\"https:\\\/\\\/wp.kristdemokraterna.se\\\/lidkoping\\\/#\\\/schema\\\/person\\\/7f8ba7ff0c74105a76f47d4b6bf40509\",\"name\":\"lidkoping\",\"image\":{\"@type\":\"ImageObject\",\"inLanguage\":\"sv-SE\",\"@id\":\"https:\\\/\\\/secure.gravatar.com\\\/avatar\\\/c90f0ca6aeafe3a4ffc1ccdce0069e4815200dcb7eb6da103c5a1dc3d63fd538?s=96&r=g\",\"url\":\"https:\\\/\\\/secure.gravatar.com\\\/avatar\\\/c90f0ca6aeafe3a4ffc1ccdce0069e4815200dcb7eb6da103c5a1dc3d63fd538?s=96&r=g\",\"contentUrl\":\"https:\\\/\\\/secure.gravatar.com\\\/avatar\\\/c90f0ca6aeafe3a4ffc1ccdce0069e4815200dcb7eb6da103c5a1dc3d63fd538?s=96&r=g\",\"caption\":\"lidkoping\"},\"url\":\"https:\\\/\\\/wp.kristdemokraterna.se\\\/lidkoping\\\/author\\\/lidkoping\\\/\"}]}<\/script>\n<!-- \/ Yoast SEO plugin. -->","yoast_head_json":{"title":"Motion 2010-03-22 Kommunal tj\u00e4nstegaranti - KRISTDEMOKRATERNA I LIDK\u00d6PING","robots":{"index":"index","follow":"follow","max-snippet":"max-snippet:-1","max-image-preview":"max-image-preview:large","max-video-preview":"max-video-preview:-1"},"canonical":"https:\/\/wp.kristdemokraterna.se\/lidkoping\/motion-2010-03-22-kommunal-tjanstegaranti\/","og_locale":"sv_SE","og_type":"article","og_title":"Motion 2010-03-22 Kommunal tj\u00e4nstegaranti - KRISTDEMOKRATERNA I LIDK\u00d6PING","og_description":"Motion till Lidk\u00f6pings Kommunfullm\u00e4ktige Inf\u00f6rande av en Kommunal tj\u00e4nstegaranti. Kommunfullm\u00e4ktige beslutade den 18\/1 2010 om en servicedeklaration som tar upp Bem\u00f6tande och Tillg\u00e4nglighet. I beslutsunderlaget st\u00e5r det att \u201dalla anst\u00e4llda och f\u00f6rtroendevalda i Lidk\u00f6pings kommun ska ha en gemensam v\u00e4rdegrund vad g\u00e4llande bem\u00f6tande\u201d. I underlaget till beslutet st\u00e5r det ocks\u00e5 \u201dDels handlar det ocks\u00e5 om Read More","og_url":"https:\/\/wp.kristdemokraterna.se\/lidkoping\/motion-2010-03-22-kommunal-tjanstegaranti\/","og_site_name":"KRISTDEMOKRATERNA I LIDK\u00d6PING","article_published_time":"2010-03-22T15:18:23+00:00","article_modified_time":"2014-05-12T08:25:44+00:00","author":"lidkoping","twitter_card":"summary_large_image","twitter_misc":{"Skriven av":"lidkoping","Ber\u00e4knad l\u00e4stid":"2 minuter"},"schema":{"@context":"https:\/\/schema.org","@graph":[{"@type":"Article","@id":"https:\/\/wp.kristdemokraterna.se\/lidkoping\/motion-2010-03-22-kommunal-tjanstegaranti\/#article","isPartOf":{"@id":"https:\/\/wp.kristdemokraterna.se\/lidkoping\/motion-2010-03-22-kommunal-tjanstegaranti\/"},"author":{"name":"lidkoping","@id":"https:\/\/wp.kristdemokraterna.se\/lidkoping\/#\/schema\/person\/7f8ba7ff0c74105a76f47d4b6bf40509"},"headline":"Motion 2010-03-22 Kommunal tj\u00e4nstegaranti","datePublished":"2010-03-22T15:18:23+00:00","dateModified":"2014-05-12T08:25:44+00:00","mainEntityOfPage":{"@id":"https:\/\/wp.kristdemokraterna.se\/lidkoping\/motion-2010-03-22-kommunal-tjanstegaranti\/"},"wordCount":410,"keywords":["motion"],"articleSection":["Motioner","Motioner 2010"],"inLanguage":"sv-SE"},{"@type":"WebPage","@id":"https:\/\/wp.kristdemokraterna.se\/lidkoping\/motion-2010-03-22-kommunal-tjanstegaranti\/","url":"https:\/\/wp.kristdemokraterna.se\/lidkoping\/motion-2010-03-22-kommunal-tjanstegaranti\/","name":"Motion 2010-03-22 Kommunal tj\u00e4nstegaranti - KRISTDEMOKRATERNA I LIDK\u00d6PING","isPartOf":{"@id":"https:\/\/wp.kristdemokraterna.se\/lidkoping\/#website"},"datePublished":"2010-03-22T15:18:23+00:00","dateModified":"2014-05-12T08:25:44+00:00","author":{"@id":"https:\/\/wp.kristdemokraterna.se\/lidkoping\/#\/schema\/person\/7f8ba7ff0c74105a76f47d4b6bf40509"},"breadcrumb":{"@id":"https:\/\/wp.kristdemokraterna.se\/lidkoping\/motion-2010-03-22-kommunal-tjanstegaranti\/#breadcrumb"},"inLanguage":"sv-SE","potentialAction":[{"@type":"ReadAction","target":["https:\/\/wp.kristdemokraterna.se\/lidkoping\/motion-2010-03-22-kommunal-tjanstegaranti\/"]}]},{"@type":"BreadcrumbList","@id":"https:\/\/wp.kristdemokraterna.se\/lidkoping\/motion-2010-03-22-kommunal-tjanstegaranti\/#breadcrumb","itemListElement":[{"@type":"ListItem","position":1,"name":"Hem","item":"https:\/\/wp.kristdemokraterna.se\/lidkoping\/"},{"@type":"ListItem","position":2,"name":"Motion 2010-03-22 Kommunal tj\u00e4nstegaranti"}]},{"@type":"WebSite","@id":"https:\/\/wp.kristdemokraterna.se\/lidkoping\/#website","url":"https:\/\/wp.kristdemokraterna.se\/lidkoping\/","name":"KRISTDEMOKRATERNA I LIDK\u00d6PING","description":"Kristdemokraterna Lidk\u00f6pings webbplats","inLanguage":"sv-SE"},{"@type":"Person","@id":"https:\/\/wp.kristdemokraterna.se\/lidkoping\/#\/schema\/person\/7f8ba7ff0c74105a76f47d4b6bf40509","name":"lidkoping","image":{"@type":"ImageObject","inLanguage":"sv-SE","@id":"https:\/\/secure.gravatar.com\/avatar\/c90f0ca6aeafe3a4ffc1ccdce0069e4815200dcb7eb6da103c5a1dc3d63fd538?s=96&r=g","url":"https:\/\/secure.gravatar.com\/avatar\/c90f0ca6aeafe3a4ffc1ccdce0069e4815200dcb7eb6da103c5a1dc3d63fd538?s=96&r=g","contentUrl":"https:\/\/secure.gravatar.com\/avatar\/c90f0ca6aeafe3a4ffc1ccdce0069e4815200dcb7eb6da103c5a1dc3d63fd538?s=96&r=g","caption":"lidkoping"},"url":"https:\/\/wp.kristdemokraterna.se\/lidkoping\/author\/lidkoping\/"}]}},"_links":{"self":[{"href":"https:\/\/wp.kristdemokraterna.se\/lidkoping\/wp-json\/wp\/v2\/posts\/122","targetHints":{"allow":["GET"]}}],"collection":[{"href":"https:\/\/wp.kristdemokraterna.se\/lidkoping\/wp-json\/wp\/v2\/posts"}],"about":[{"href":"https:\/\/wp.kristdemokraterna.se\/lidkoping\/wp-json\/wp\/v2\/types\/post"}],"author":[{"embeddable":true,"href":"https:\/\/wp.kristdemokraterna.se\/lidkoping\/wp-json\/wp\/v2\/users\/490"}],"replies":[{"embeddable":true,"href":"https:\/\/wp.kristdemokraterna.se\/lidkoping\/wp-json\/wp\/v2\/comments?post=122"}],"version-history":[{"count":1,"href":"https:\/\/wp.kristdemokraterna.se\/lidkoping\/wp-json\/wp\/v2\/posts\/122\/revisions"}],"predecessor-version":[{"id":123,"href":"https:\/\/wp.kristdemokraterna.se\/lidkoping\/wp-json\/wp\/v2\/posts\/122\/revisions\/123"}],"wp:attachment":[{"href":"https:\/\/wp.kristdemokraterna.se\/lidkoping\/wp-json\/wp\/v2\/media?parent=122"}],"wp:term":[{"taxonomy":"category","embeddable":true,"href":"https:\/\/wp.kristdemokraterna.se\/lidkoping\/wp-json\/wp\/v2\/categories?post=122"},{"taxonomy":"post_tag","embeddable":true,"href":"https:\/\/wp.kristdemokraterna.se\/lidkoping\/wp-json\/wp\/v2\/tags?post=122"}],"curies":[{"name":"wp","href":"https:\/\/api.w.org\/{rel}","templated":true}]}}