{"id":124,"date":"2010-03-28T16:19:47","date_gmt":"2010-03-28T14:19:47","guid":{"rendered":"http:\/\/wp.kristdemokraterna.se\/lidkoping\/?p=124"},"modified":"2014-05-12T10:25:38","modified_gmt":"2014-05-12T08:25:38","slug":"motion-2010-03-28-stod-till-foraldrar-med-barn-med-neuropsykologisk-funktionsnedsattning","status":"publish","type":"post","link":"https:\/\/wp.kristdemokraterna.se\/lidkoping\/motion-2010-03-28-stod-till-foraldrar-med-barn-med-neuropsykologisk-funktionsnedsattning\/","title":{"rendered":"Motion 2010-03-28 St\u00f6d till f\u00f6r\u00e4ldrar med barn med neuropsykologisk funktionsneds\u00e4ttning"},"content":{"rendered":"<p>Motion till Lidk\u00f6pings Kommunfullm\u00e4ktige<\/p>\n<p>St\u00f6d till f\u00f6r\u00e4ldrar med barn med neuropsykologisk funktionsneds\u00e4ttning.<\/p>\n<p>F\u00f6r\u00e4ldrar till barn med neuropsykologisk funktionsneds\u00e4ttning som exempel ADHD, har stort behov av en samordnare i Lidk\u00f6pings kommun, som st\u00f6d f\u00f6r familjen n\u00e4r det g\u00e4ller kontakter med olika myndigheter. Det g\u00e4ller kontakter med exempelvis prim\u00e4rv\u00e5rd, neuropsykiatri och habilitering.<br \/>\nF\u00f6reningen Compassen anordnade en paneldebatt med politiker i Lidk\u00f6ping den 2 mars 2010. Vid m\u00f6tet framf\u00f6rdes av f\u00f6r\u00e4ldrarna till dessa barn att det \u00e4r oerh\u00f6rt sv\u00e5rt att veta vilken hj\u00e4lp man som f\u00f6r\u00e4lder har r\u00e4tt till. Det kan bli otroligt m\u00e5nga m\u00e4nniskor involverade i ett enda barn. Eftersom det inte finns n\u00e5gon samordnare p\u00e5 Lidk\u00f6pings kommun, s\u00e5 \u00e4r det upp till f\u00f6r\u00e4ldrarna att p\u00e5 egen hand f\u00f6rs\u00f6ka hitta r\u00e4tt personer.<br \/>\nArbetsb\u00f6rdan och belastningen f\u00f6r f\u00f6r\u00e4ldrarna kan bli s\u00e5 stor att de inte orka med utan m\u00e5ste sjukskriva sig l\u00e5nga perioder. 2003 gjorde Compassen en unders\u00f6kning bland sina medlemmar. Det visade sig d\u00e5 att ett 70-tal av 90 tillfr\u00e5gade f\u00f6r\u00e4ldrar hade varit sjukskrivna under perioder d\u00e5 det varit oh\u00e5llbart att f\u00e5 situationen att fungera optimalt.<\/p>\n<p>Med anledning av ovanst\u00e5ende f\u00f6resl\u00e5r vi<\/p>\n<p>&#8211; att kommunen ser \u00f6ver nuvarande insatser till familjer med barn med neuropsykologisk funktionsneds\u00e4ttning,<\/p>\n<p>&#8211; att samordningen mellan kommunens f\u00f6rvaltningar f\u00f6rb\u00e4ttras,<\/p>\n<p>&#8211; att samverkan och samordning mellan kommunen, h\u00e4lso- och sjukv\u00e5rden och \u00f6vriga myndigheter utvecklas f\u00f6r att underl\u00e4tta f\u00f6r denna grupp av funktionshindrade och deras familjer.<\/p>\n<p>Kristdemokraterna i Lidk\u00f6ping 2010-03-28<br \/>\nCarina Karlsson, Maj Ader<\/p>\n<p>Upptagen som gruppmotion<\/p>\n<p>Tommy Larsson, gruppledare f\u00f6r Kristdemokraterna i fullm\u00e4ktige<\/p>\n","protected":false},"excerpt":{"rendered":"<p>Motion till Lidk\u00f6pings Kommunfullm\u00e4ktige St\u00f6d till f\u00f6r\u00e4ldrar med barn med neuropsykologisk funktionsneds\u00e4ttning. F\u00f6r\u00e4ldrar till barn med neuropsykologisk funktionsneds\u00e4ttning som exempel ADHD, har stort behov av en samordnare i Lidk\u00f6pings kommun, som st\u00f6d f\u00f6r familjen n\u00e4r det g\u00e4ller kontakter med olika myndigheter. Det g\u00e4ller kontakter med exempelvis prim\u00e4rv\u00e5rd, neuropsykiatri och habilitering. F\u00f6reningen Compassen anordnade en paneldebatt <a class=\"read-more-link\" href=\"https:\/\/wp.kristdemokraterna.se\/lidkoping\/motion-2010-03-28-stod-till-foraldrar-med-barn-med-neuropsykologisk-funktionsnedsattning\/\">Read More<\/a><\/p>\n","protected":false},"author":490,"featured_media":0,"comment_status":"closed","ping_status":"closed","sticky":false,"template":"","format":"standard","meta":{"_acf_changed":false,"footnotes":""},"categories":[6,11],"tags":[8],"class_list":["post-124","post","type-post","status-publish","format-standard","hentry","category-motioner","category-motioner-2010","tag-motion"],"acf":[],"yoast_head":"<!-- This site is optimized with the Yoast SEO plugin v27.4 - https:\/\/yoast.com\/product\/yoast-seo-wordpress\/ -->\n<title>Motion 2010-03-28 St\u00f6d till f\u00f6r\u00e4ldrar med barn med neuropsykologisk funktionsneds\u00e4ttning - KRISTDEMOKRATERNA I LIDK\u00d6PING<\/title>\n<meta name=\"robots\" content=\"index, follow, max-snippet:-1, max-image-preview:large, max-video-preview:-1\" \/>\n<link rel=\"canonical\" href=\"https:\/\/wp.kristdemokraterna.se\/lidkoping\/motion-2010-03-28-stod-till-foraldrar-med-barn-med-neuropsykologisk-funktionsnedsattning\/\" \/>\n<meta property=\"og:locale\" content=\"sv_SE\" \/>\n<meta property=\"og:type\" content=\"article\" \/>\n<meta property=\"og:title\" content=\"Motion 2010-03-28 St\u00f6d till f\u00f6r\u00e4ldrar med barn med neuropsykologisk funktionsneds\u00e4ttning - KRISTDEMOKRATERNA I LIDK\u00d6PING\" \/>\n<meta property=\"og:description\" content=\"Motion till Lidk\u00f6pings Kommunfullm\u00e4ktige St\u00f6d till f\u00f6r\u00e4ldrar med barn med neuropsykologisk funktionsneds\u00e4ttning. F\u00f6r\u00e4ldrar till barn med neuropsykologisk funktionsneds\u00e4ttning som exempel ADHD, har stort behov av en samordnare i Lidk\u00f6pings kommun, som st\u00f6d f\u00f6r familjen n\u00e4r det g\u00e4ller kontakter med olika myndigheter. Det g\u00e4ller kontakter med exempelvis prim\u00e4rv\u00e5rd, neuropsykiatri och habilitering. F\u00f6reningen Compassen anordnade en paneldebatt Read More\" \/>\n<meta property=\"og:url\" content=\"https:\/\/wp.kristdemokraterna.se\/lidkoping\/motion-2010-03-28-stod-till-foraldrar-med-barn-med-neuropsykologisk-funktionsnedsattning\/\" \/>\n<meta property=\"og:site_name\" content=\"KRISTDEMOKRATERNA I LIDK\u00d6PING\" \/>\n<meta property=\"article:published_time\" content=\"2010-03-28T14:19:47+00:00\" \/>\n<meta property=\"article:modified_time\" content=\"2014-05-12T08:25:38+00:00\" \/>\n<meta name=\"author\" content=\"lidkoping\" \/>\n<meta name=\"twitter:card\" content=\"summary_large_image\" \/>\n<meta name=\"twitter:label1\" content=\"Skriven av\" \/>\n\t<meta name=\"twitter:data1\" content=\"lidkoping\" \/>\n\t<meta name=\"twitter:label2\" content=\"Ber\u00e4knad l\u00e4stid\" \/>\n\t<meta name=\"twitter:data2\" content=\"2 minuter\" \/>\n<script type=\"application\/ld+json\" class=\"yoast-schema-graph\">{\"@context\":\"https:\\\/\\\/schema.org\",\"@graph\":[{\"@type\":\"Article\",\"@id\":\"https:\\\/\\\/wp.kristdemokraterna.se\\\/lidkoping\\\/motion-2010-03-28-stod-till-foraldrar-med-barn-med-neuropsykologisk-funktionsnedsattning\\\/#article\",\"isPartOf\":{\"@id\":\"https:\\\/\\\/wp.kristdemokraterna.se\\\/lidkoping\\\/motion-2010-03-28-stod-till-foraldrar-med-barn-med-neuropsykologisk-funktionsnedsattning\\\/\"},\"author\":{\"name\":\"lidkoping\",\"@id\":\"https:\\\/\\\/wp.kristdemokraterna.se\\\/lidkoping\\\/#\\\/schema\\\/person\\\/7f8ba7ff0c74105a76f47d4b6bf40509\"},\"headline\":\"Motion 2010-03-28 St\u00f6d till f\u00f6r\u00e4ldrar med barn med neuropsykologisk funktionsneds\u00e4ttning\",\"datePublished\":\"2010-03-28T14:19:47+00:00\",\"dateModified\":\"2014-05-12T08:25:38+00:00\",\"mainEntityOfPage\":{\"@id\":\"https:\\\/\\\/wp.kristdemokraterna.se\\\/lidkoping\\\/motion-2010-03-28-stod-till-foraldrar-med-barn-med-neuropsykologisk-funktionsnedsattning\\\/\"},\"wordCount\":320,\"keywords\":[\"motion\"],\"articleSection\":[\"Motioner\",\"Motioner 2010\"],\"inLanguage\":\"sv-SE\"},{\"@type\":\"WebPage\",\"@id\":\"https:\\\/\\\/wp.kristdemokraterna.se\\\/lidkoping\\\/motion-2010-03-28-stod-till-foraldrar-med-barn-med-neuropsykologisk-funktionsnedsattning\\\/\",\"url\":\"https:\\\/\\\/wp.kristdemokraterna.se\\\/lidkoping\\\/motion-2010-03-28-stod-till-foraldrar-med-barn-med-neuropsykologisk-funktionsnedsattning\\\/\",\"name\":\"Motion 2010-03-28 St\u00f6d till f\u00f6r\u00e4ldrar med barn med neuropsykologisk funktionsneds\u00e4ttning - KRISTDEMOKRATERNA I LIDK\u00d6PING\",\"isPartOf\":{\"@id\":\"https:\\\/\\\/wp.kristdemokraterna.se\\\/lidkoping\\\/#website\"},\"datePublished\":\"2010-03-28T14:19:47+00:00\",\"dateModified\":\"2014-05-12T08:25:38+00:00\",\"author\":{\"@id\":\"https:\\\/\\\/wp.kristdemokraterna.se\\\/lidkoping\\\/#\\\/schema\\\/person\\\/7f8ba7ff0c74105a76f47d4b6bf40509\"},\"breadcrumb\":{\"@id\":\"https:\\\/\\\/wp.kristdemokraterna.se\\\/lidkoping\\\/motion-2010-03-28-stod-till-foraldrar-med-barn-med-neuropsykologisk-funktionsnedsattning\\\/#breadcrumb\"},\"inLanguage\":\"sv-SE\",\"potentialAction\":[{\"@type\":\"ReadAction\",\"target\":[\"https:\\\/\\\/wp.kristdemokraterna.se\\\/lidkoping\\\/motion-2010-03-28-stod-till-foraldrar-med-barn-med-neuropsykologisk-funktionsnedsattning\\\/\"]}]},{\"@type\":\"BreadcrumbList\",\"@id\":\"https:\\\/\\\/wp.kristdemokraterna.se\\\/lidkoping\\\/motion-2010-03-28-stod-till-foraldrar-med-barn-med-neuropsykologisk-funktionsnedsattning\\\/#breadcrumb\",\"itemListElement\":[{\"@type\":\"ListItem\",\"position\":1,\"name\":\"Hem\",\"item\":\"https:\\\/\\\/wp.kristdemokraterna.se\\\/lidkoping\\\/\"},{\"@type\":\"ListItem\",\"position\":2,\"name\":\"Motion 2010-03-28 St\u00f6d till f\u00f6r\u00e4ldrar med barn med neuropsykologisk funktionsneds\u00e4ttning\"}]},{\"@type\":\"WebSite\",\"@id\":\"https:\\\/\\\/wp.kristdemokraterna.se\\\/lidkoping\\\/#website\",\"url\":\"https:\\\/\\\/wp.kristdemokraterna.se\\\/lidkoping\\\/\",\"name\":\"KRISTDEMOKRATERNA I LIDK\u00d6PING\",\"description\":\"Kristdemokraterna Lidk\u00f6pings webbplats\",\"inLanguage\":\"sv-SE\"},{\"@type\":\"Person\",\"@id\":\"https:\\\/\\\/wp.kristdemokraterna.se\\\/lidkoping\\\/#\\\/schema\\\/person\\\/7f8ba7ff0c74105a76f47d4b6bf40509\",\"name\":\"lidkoping\",\"image\":{\"@type\":\"ImageObject\",\"inLanguage\":\"sv-SE\",\"@id\":\"https:\\\/\\\/secure.gravatar.com\\\/avatar\\\/c90f0ca6aeafe3a4ffc1ccdce0069e4815200dcb7eb6da103c5a1dc3d63fd538?s=96&r=g\",\"url\":\"https:\\\/\\\/secure.gravatar.com\\\/avatar\\\/c90f0ca6aeafe3a4ffc1ccdce0069e4815200dcb7eb6da103c5a1dc3d63fd538?s=96&r=g\",\"contentUrl\":\"https:\\\/\\\/secure.gravatar.com\\\/avatar\\\/c90f0ca6aeafe3a4ffc1ccdce0069e4815200dcb7eb6da103c5a1dc3d63fd538?s=96&r=g\",\"caption\":\"lidkoping\"},\"url\":\"https:\\\/\\\/wp.kristdemokraterna.se\\\/lidkoping\\\/author\\\/lidkoping\\\/\"}]}<\/script>\n<!-- \/ Yoast SEO plugin. -->","yoast_head_json":{"title":"Motion 2010-03-28 St\u00f6d till f\u00f6r\u00e4ldrar med barn med neuropsykologisk funktionsneds\u00e4ttning - KRISTDEMOKRATERNA I LIDK\u00d6PING","robots":{"index":"index","follow":"follow","max-snippet":"max-snippet:-1","max-image-preview":"max-image-preview:large","max-video-preview":"max-video-preview:-1"},"canonical":"https:\/\/wp.kristdemokraterna.se\/lidkoping\/motion-2010-03-28-stod-till-foraldrar-med-barn-med-neuropsykologisk-funktionsnedsattning\/","og_locale":"sv_SE","og_type":"article","og_title":"Motion 2010-03-28 St\u00f6d till f\u00f6r\u00e4ldrar med barn med neuropsykologisk funktionsneds\u00e4ttning - KRISTDEMOKRATERNA I LIDK\u00d6PING","og_description":"Motion till Lidk\u00f6pings Kommunfullm\u00e4ktige St\u00f6d till f\u00f6r\u00e4ldrar med barn med neuropsykologisk funktionsneds\u00e4ttning. F\u00f6r\u00e4ldrar till barn med neuropsykologisk funktionsneds\u00e4ttning som exempel ADHD, har stort behov av en samordnare i Lidk\u00f6pings kommun, som st\u00f6d f\u00f6r familjen n\u00e4r det g\u00e4ller kontakter med olika myndigheter. Det g\u00e4ller kontakter med exempelvis prim\u00e4rv\u00e5rd, neuropsykiatri och habilitering. F\u00f6reningen Compassen anordnade en paneldebatt Read More","og_url":"https:\/\/wp.kristdemokraterna.se\/lidkoping\/motion-2010-03-28-stod-till-foraldrar-med-barn-med-neuropsykologisk-funktionsnedsattning\/","og_site_name":"KRISTDEMOKRATERNA I LIDK\u00d6PING","article_published_time":"2010-03-28T14:19:47+00:00","article_modified_time":"2014-05-12T08:25:38+00:00","author":"lidkoping","twitter_card":"summary_large_image","twitter_misc":{"Skriven av":"lidkoping","Ber\u00e4knad l\u00e4stid":"2 minuter"},"schema":{"@context":"https:\/\/schema.org","@graph":[{"@type":"Article","@id":"https:\/\/wp.kristdemokraterna.se\/lidkoping\/motion-2010-03-28-stod-till-foraldrar-med-barn-med-neuropsykologisk-funktionsnedsattning\/#article","isPartOf":{"@id":"https:\/\/wp.kristdemokraterna.se\/lidkoping\/motion-2010-03-28-stod-till-foraldrar-med-barn-med-neuropsykologisk-funktionsnedsattning\/"},"author":{"name":"lidkoping","@id":"https:\/\/wp.kristdemokraterna.se\/lidkoping\/#\/schema\/person\/7f8ba7ff0c74105a76f47d4b6bf40509"},"headline":"Motion 2010-03-28 St\u00f6d till f\u00f6r\u00e4ldrar med barn med neuropsykologisk funktionsneds\u00e4ttning","datePublished":"2010-03-28T14:19:47+00:00","dateModified":"2014-05-12T08:25:38+00:00","mainEntityOfPage":{"@id":"https:\/\/wp.kristdemokraterna.se\/lidkoping\/motion-2010-03-28-stod-till-foraldrar-med-barn-med-neuropsykologisk-funktionsnedsattning\/"},"wordCount":320,"keywords":["motion"],"articleSection":["Motioner","Motioner 2010"],"inLanguage":"sv-SE"},{"@type":"WebPage","@id":"https:\/\/wp.kristdemokraterna.se\/lidkoping\/motion-2010-03-28-stod-till-foraldrar-med-barn-med-neuropsykologisk-funktionsnedsattning\/","url":"https:\/\/wp.kristdemokraterna.se\/lidkoping\/motion-2010-03-28-stod-till-foraldrar-med-barn-med-neuropsykologisk-funktionsnedsattning\/","name":"Motion 2010-03-28 St\u00f6d till f\u00f6r\u00e4ldrar med barn med neuropsykologisk funktionsneds\u00e4ttning - KRISTDEMOKRATERNA I LIDK\u00d6PING","isPartOf":{"@id":"https:\/\/wp.kristdemokraterna.se\/lidkoping\/#website"},"datePublished":"2010-03-28T14:19:47+00:00","dateModified":"2014-05-12T08:25:38+00:00","author":{"@id":"https:\/\/wp.kristdemokraterna.se\/lidkoping\/#\/schema\/person\/7f8ba7ff0c74105a76f47d4b6bf40509"},"breadcrumb":{"@id":"https:\/\/wp.kristdemokraterna.se\/lidkoping\/motion-2010-03-28-stod-till-foraldrar-med-barn-med-neuropsykologisk-funktionsnedsattning\/#breadcrumb"},"inLanguage":"sv-SE","potentialAction":[{"@type":"ReadAction","target":["https:\/\/wp.kristdemokraterna.se\/lidkoping\/motion-2010-03-28-stod-till-foraldrar-med-barn-med-neuropsykologisk-funktionsnedsattning\/"]}]},{"@type":"BreadcrumbList","@id":"https:\/\/wp.kristdemokraterna.se\/lidkoping\/motion-2010-03-28-stod-till-foraldrar-med-barn-med-neuropsykologisk-funktionsnedsattning\/#breadcrumb","itemListElement":[{"@type":"ListItem","position":1,"name":"Hem","item":"https:\/\/wp.kristdemokraterna.se\/lidkoping\/"},{"@type":"ListItem","position":2,"name":"Motion 2010-03-28 St\u00f6d till f\u00f6r\u00e4ldrar med barn med neuropsykologisk funktionsneds\u00e4ttning"}]},{"@type":"WebSite","@id":"https:\/\/wp.kristdemokraterna.se\/lidkoping\/#website","url":"https:\/\/wp.kristdemokraterna.se\/lidkoping\/","name":"KRISTDEMOKRATERNA I LIDK\u00d6PING","description":"Kristdemokraterna Lidk\u00f6pings webbplats","inLanguage":"sv-SE"},{"@type":"Person","@id":"https:\/\/wp.kristdemokraterna.se\/lidkoping\/#\/schema\/person\/7f8ba7ff0c74105a76f47d4b6bf40509","name":"lidkoping","image":{"@type":"ImageObject","inLanguage":"sv-SE","@id":"https:\/\/secure.gravatar.com\/avatar\/c90f0ca6aeafe3a4ffc1ccdce0069e4815200dcb7eb6da103c5a1dc3d63fd538?s=96&r=g","url":"https:\/\/secure.gravatar.com\/avatar\/c90f0ca6aeafe3a4ffc1ccdce0069e4815200dcb7eb6da103c5a1dc3d63fd538?s=96&r=g","contentUrl":"https:\/\/secure.gravatar.com\/avatar\/c90f0ca6aeafe3a4ffc1ccdce0069e4815200dcb7eb6da103c5a1dc3d63fd538?s=96&r=g","caption":"lidkoping"},"url":"https:\/\/wp.kristdemokraterna.se\/lidkoping\/author\/lidkoping\/"}]}},"_links":{"self":[{"href":"https:\/\/wp.kristdemokraterna.se\/lidkoping\/wp-json\/wp\/v2\/posts\/124","targetHints":{"allow":["GET"]}}],"collection":[{"href":"https:\/\/wp.kristdemokraterna.se\/lidkoping\/wp-json\/wp\/v2\/posts"}],"about":[{"href":"https:\/\/wp.kristdemokraterna.se\/lidkoping\/wp-json\/wp\/v2\/types\/post"}],"author":[{"embeddable":true,"href":"https:\/\/wp.kristdemokraterna.se\/lidkoping\/wp-json\/wp\/v2\/users\/490"}],"replies":[{"embeddable":true,"href":"https:\/\/wp.kristdemokraterna.se\/lidkoping\/wp-json\/wp\/v2\/comments?post=124"}],"version-history":[{"count":1,"href":"https:\/\/wp.kristdemokraterna.se\/lidkoping\/wp-json\/wp\/v2\/posts\/124\/revisions"}],"predecessor-version":[{"id":125,"href":"https:\/\/wp.kristdemokraterna.se\/lidkoping\/wp-json\/wp\/v2\/posts\/124\/revisions\/125"}],"wp:attachment":[{"href":"https:\/\/wp.kristdemokraterna.se\/lidkoping\/wp-json\/wp\/v2\/media?parent=124"}],"wp:term":[{"taxonomy":"category","embeddable":true,"href":"https:\/\/wp.kristdemokraterna.se\/lidkoping\/wp-json\/wp\/v2\/categories?post=124"},{"taxonomy":"post_tag","embeddable":true,"href":"https:\/\/wp.kristdemokraterna.se\/lidkoping\/wp-json\/wp\/v2\/tags?post=124"}],"curies":[{"name":"wp","href":"https:\/\/api.w.org\/{rel}","templated":true}]}}