{"id":146,"date":"2010-04-26T09:52:55","date_gmt":"2010-04-26T07:52:55","guid":{"rendered":"http:\/\/wp.kristdemokraterna.se\/lidkoping\/?p=146"},"modified":"2014-05-12T10:31:48","modified_gmt":"2014-05-12T08:31:48","slug":"2010-04-26-familjecentral","status":"publish","type":"post","link":"https:\/\/wp.kristdemokraterna.se\/lidkoping\/2010-04-26-familjecentral\/","title":{"rendered":"2010-04-26 Familjecentral"},"content":{"rendered":"<p>Kristdemokraterna i Lidk\u00f6ping och Milj\u00f6partiet i Lidk\u00f6ping<\/p>\n<p>Motion till Lidk\u00f6pings kommunalfullm\u00e4ktige<\/p>\n<p>Inf\u00f6rande av Familjecentral i Lidk\u00f6pings kommun<\/p>\n<p>Lidk\u00f6ping hade f\u00f6r ett antal \u00e5r sedan en familjecentral som ans\u00e5gs som ett f\u00f6red\u00f6me s\u00e5v\u00e4l nationellt som internationellt, men tyv\u00e4rr tvingades den att l\u00e4ggas ner av skilda sk\u00e4l.<br \/>\nVi vill nu att den \u00e5terskapas i kommunen.<\/p>\n<p>Familjecentralen i samarbete mellan kommunen och regionen skapar f\u00f6ruts\u00e4ttningar f\u00f6r tryggare f\u00f6r\u00e4ldrar och friskare barn. H\u00e4r kan samlad kompetens kring barns oh\u00e4lsa och behov tas tillvara samtidigt som man \u00f6kar f\u00f6r\u00e4ldrarnas betydelse.<br \/>\nFamiljecentraler handlar inte om att \u00f6ka kostnaderna f\u00f6r samh\u00e4llet.<\/p>\n<p>Det handlar om samarbete mellan \u00f6ppna f\u00f6rskolan, m\u00f6dra- och barnh\u00e4lsov\u00e5rd och socialtj\u00e4nst. Det handlar om att ge familjerna det st\u00f6d de beh\u00f6ver f\u00f6r att orka och kunna vara bra f\u00f6r\u00e4ldrar och det handlar om att hitta de barn och f\u00f6r\u00e4ldrar som beh\u00f6ver ett s\u00e4rskilt st\u00f6d, inte minst v\u00e5ra ton\u00e5rs- f\u00f6r\u00e4ldrar, nya svenskar samt ensamst\u00e5ende.<\/p>\n<p>Prelimin\u00e4ra slutsatser fr\u00e5n en utv\u00e4rdering av familjecentraler i V\u00e4stra G\u00f6taland visar p\u00e5 positiva effekter f\u00f6r f\u00f6r\u00e4ldrar av f\u00f6r\u00e4ldrast\u00f6d p\u00e5 familjecentraler upp till tio \u00e5r efter bes\u00f6ken p\u00e5 familjecentralen.<\/p>\n<p>Vi vill med v\u00e5r motion att v\u00e5ra familjer i Lidk\u00f6pings kommun ska f\u00e5 samma m\u00f6jligheter till h\u00e4lsofr\u00e4mjande verksamhet som Mariestad, Tidaholm, Vara, Essunga, G\u00f6tene osv.<\/p>\n<p>Kristdemokraterna och Milj\u00f6partiet yrkar<\/p>\n<p>att kommunfullm\u00e4ktige ger i uppdrag<br \/>\natt ta upp fr\u00e5gan om att i samverkan med prim\u00e4rv\u00e5rden i V\u00e4stra G\u00f6talandsregionen \u00e5terinf\u00f6ra minst en Familjecentral i Lidk\u00f6pings kommun.<\/p>\n<p>Lidk\u00f6ping 2010-04- 26<br \/>\nMotionen l\u00e4ggs som en gruppmotion<\/p>\n","protected":false},"excerpt":{"rendered":"<p>Kristdemokraterna i Lidk\u00f6ping och Milj\u00f6partiet i Lidk\u00f6ping Motion till Lidk\u00f6pings kommunalfullm\u00e4ktige Inf\u00f6rande av Familjecentral i Lidk\u00f6pings kommun Lidk\u00f6ping hade f\u00f6r ett antal \u00e5r sedan en familjecentral som ans\u00e5gs som ett f\u00f6red\u00f6me s\u00e5v\u00e4l nationellt som internationellt, men tyv\u00e4rr tvingades den att l\u00e4ggas ner av skilda sk\u00e4l. Vi vill nu att den \u00e5terskapas i kommunen. Familjecentralen i <a class=\"read-more-link\" href=\"https:\/\/wp.kristdemokraterna.se\/lidkoping\/2010-04-26-familjecentral\/\">Read More<\/a><\/p>\n","protected":false},"author":490,"featured_media":0,"comment_status":"closed","ping_status":"closed","sticky":false,"template":"","format":"standard","meta":{"_acf_changed":false,"footnotes":""},"categories":[6,11],"tags":[8],"class_list":["post-146","post","type-post","status-publish","format-standard","hentry","category-motioner","category-motioner-2010","tag-motion"],"acf":[],"yoast_head":"<!-- This site is optimized with the Yoast SEO plugin v27.4 - https:\/\/yoast.com\/product\/yoast-seo-wordpress\/ -->\n<title>2010-04-26 Familjecentral - KRISTDEMOKRATERNA I LIDK\u00d6PING<\/title>\n<meta name=\"robots\" content=\"index, follow, max-snippet:-1, max-image-preview:large, max-video-preview:-1\" \/>\n<link rel=\"canonical\" href=\"https:\/\/wp.kristdemokraterna.se\/lidkoping\/2010-04-26-familjecentral\/\" \/>\n<meta property=\"og:locale\" content=\"sv_SE\" \/>\n<meta property=\"og:type\" content=\"article\" \/>\n<meta property=\"og:title\" content=\"2010-04-26 Familjecentral - KRISTDEMOKRATERNA I LIDK\u00d6PING\" \/>\n<meta property=\"og:description\" content=\"Kristdemokraterna i Lidk\u00f6ping och Milj\u00f6partiet i Lidk\u00f6ping Motion till Lidk\u00f6pings kommunalfullm\u00e4ktige Inf\u00f6rande av Familjecentral i Lidk\u00f6pings kommun Lidk\u00f6ping hade f\u00f6r ett antal \u00e5r sedan en familjecentral som ans\u00e5gs som ett f\u00f6red\u00f6me s\u00e5v\u00e4l nationellt som internationellt, men tyv\u00e4rr tvingades den att l\u00e4ggas ner av skilda sk\u00e4l. Vi vill nu att den \u00e5terskapas i kommunen. Familjecentralen i Read More\" \/>\n<meta property=\"og:url\" content=\"https:\/\/wp.kristdemokraterna.se\/lidkoping\/2010-04-26-familjecentral\/\" \/>\n<meta property=\"og:site_name\" content=\"KRISTDEMOKRATERNA I LIDK\u00d6PING\" \/>\n<meta property=\"article:published_time\" content=\"2010-04-26T07:52:55+00:00\" \/>\n<meta property=\"article:modified_time\" content=\"2014-05-12T08:31:48+00:00\" \/>\n<meta name=\"author\" content=\"lidkoping\" \/>\n<meta name=\"twitter:card\" content=\"summary_large_image\" \/>\n<meta name=\"twitter:label1\" content=\"Skriven av\" \/>\n\t<meta name=\"twitter:data1\" content=\"lidkoping\" \/>\n\t<meta name=\"twitter:label2\" content=\"Ber\u00e4knad l\u00e4stid\" \/>\n\t<meta name=\"twitter:data2\" content=\"2 minuter\" \/>\n<script type=\"application\/ld+json\" class=\"yoast-schema-graph\">{\"@context\":\"https:\\\/\\\/schema.org\",\"@graph\":[{\"@type\":\"Article\",\"@id\":\"https:\\\/\\\/wp.kristdemokraterna.se\\\/lidkoping\\\/2010-04-26-familjecentral\\\/#article\",\"isPartOf\":{\"@id\":\"https:\\\/\\\/wp.kristdemokraterna.se\\\/lidkoping\\\/2010-04-26-familjecentral\\\/\"},\"author\":{\"name\":\"lidkoping\",\"@id\":\"https:\\\/\\\/wp.kristdemokraterna.se\\\/lidkoping\\\/#\\\/schema\\\/person\\\/7f8ba7ff0c74105a76f47d4b6bf40509\"},\"headline\":\"2010-04-26 Familjecentral\",\"datePublished\":\"2010-04-26T07:52:55+00:00\",\"dateModified\":\"2014-05-12T08:31:48+00:00\",\"mainEntityOfPage\":{\"@id\":\"https:\\\/\\\/wp.kristdemokraterna.se\\\/lidkoping\\\/2010-04-26-familjecentral\\\/\"},\"wordCount\":319,\"keywords\":[\"motion\"],\"articleSection\":[\"Motioner\",\"Motioner 2010\"],\"inLanguage\":\"sv-SE\"},{\"@type\":\"WebPage\",\"@id\":\"https:\\\/\\\/wp.kristdemokraterna.se\\\/lidkoping\\\/2010-04-26-familjecentral\\\/\",\"url\":\"https:\\\/\\\/wp.kristdemokraterna.se\\\/lidkoping\\\/2010-04-26-familjecentral\\\/\",\"name\":\"2010-04-26 Familjecentral - KRISTDEMOKRATERNA I LIDK\u00d6PING\",\"isPartOf\":{\"@id\":\"https:\\\/\\\/wp.kristdemokraterna.se\\\/lidkoping\\\/#website\"},\"datePublished\":\"2010-04-26T07:52:55+00:00\",\"dateModified\":\"2014-05-12T08:31:48+00:00\",\"author\":{\"@id\":\"https:\\\/\\\/wp.kristdemokraterna.se\\\/lidkoping\\\/#\\\/schema\\\/person\\\/7f8ba7ff0c74105a76f47d4b6bf40509\"},\"breadcrumb\":{\"@id\":\"https:\\\/\\\/wp.kristdemokraterna.se\\\/lidkoping\\\/2010-04-26-familjecentral\\\/#breadcrumb\"},\"inLanguage\":\"sv-SE\",\"potentialAction\":[{\"@type\":\"ReadAction\",\"target\":[\"https:\\\/\\\/wp.kristdemokraterna.se\\\/lidkoping\\\/2010-04-26-familjecentral\\\/\"]}]},{\"@type\":\"BreadcrumbList\",\"@id\":\"https:\\\/\\\/wp.kristdemokraterna.se\\\/lidkoping\\\/2010-04-26-familjecentral\\\/#breadcrumb\",\"itemListElement\":[{\"@type\":\"ListItem\",\"position\":1,\"name\":\"Hem\",\"item\":\"https:\\\/\\\/wp.kristdemokraterna.se\\\/lidkoping\\\/\"},{\"@type\":\"ListItem\",\"position\":2,\"name\":\"2010-04-26 Familjecentral\"}]},{\"@type\":\"WebSite\",\"@id\":\"https:\\\/\\\/wp.kristdemokraterna.se\\\/lidkoping\\\/#website\",\"url\":\"https:\\\/\\\/wp.kristdemokraterna.se\\\/lidkoping\\\/\",\"name\":\"KRISTDEMOKRATERNA I LIDK\u00d6PING\",\"description\":\"Kristdemokraterna Lidk\u00f6pings webbplats\",\"inLanguage\":\"sv-SE\"},{\"@type\":\"Person\",\"@id\":\"https:\\\/\\\/wp.kristdemokraterna.se\\\/lidkoping\\\/#\\\/schema\\\/person\\\/7f8ba7ff0c74105a76f47d4b6bf40509\",\"name\":\"lidkoping\",\"image\":{\"@type\":\"ImageObject\",\"inLanguage\":\"sv-SE\",\"@id\":\"https:\\\/\\\/secure.gravatar.com\\\/avatar\\\/c90f0ca6aeafe3a4ffc1ccdce0069e4815200dcb7eb6da103c5a1dc3d63fd538?s=96&r=g\",\"url\":\"https:\\\/\\\/secure.gravatar.com\\\/avatar\\\/c90f0ca6aeafe3a4ffc1ccdce0069e4815200dcb7eb6da103c5a1dc3d63fd538?s=96&r=g\",\"contentUrl\":\"https:\\\/\\\/secure.gravatar.com\\\/avatar\\\/c90f0ca6aeafe3a4ffc1ccdce0069e4815200dcb7eb6da103c5a1dc3d63fd538?s=96&r=g\",\"caption\":\"lidkoping\"},\"url\":\"https:\\\/\\\/wp.kristdemokraterna.se\\\/lidkoping\\\/author\\\/lidkoping\\\/\"}]}<\/script>\n<!-- \/ Yoast SEO plugin. -->","yoast_head_json":{"title":"2010-04-26 Familjecentral - KRISTDEMOKRATERNA I LIDK\u00d6PING","robots":{"index":"index","follow":"follow","max-snippet":"max-snippet:-1","max-image-preview":"max-image-preview:large","max-video-preview":"max-video-preview:-1"},"canonical":"https:\/\/wp.kristdemokraterna.se\/lidkoping\/2010-04-26-familjecentral\/","og_locale":"sv_SE","og_type":"article","og_title":"2010-04-26 Familjecentral - KRISTDEMOKRATERNA I LIDK\u00d6PING","og_description":"Kristdemokraterna i Lidk\u00f6ping och Milj\u00f6partiet i Lidk\u00f6ping Motion till Lidk\u00f6pings kommunalfullm\u00e4ktige Inf\u00f6rande av Familjecentral i Lidk\u00f6pings kommun Lidk\u00f6ping hade f\u00f6r ett antal \u00e5r sedan en familjecentral som ans\u00e5gs som ett f\u00f6red\u00f6me s\u00e5v\u00e4l nationellt som internationellt, men tyv\u00e4rr tvingades den att l\u00e4ggas ner av skilda sk\u00e4l. Vi vill nu att den \u00e5terskapas i kommunen. Familjecentralen i Read More","og_url":"https:\/\/wp.kristdemokraterna.se\/lidkoping\/2010-04-26-familjecentral\/","og_site_name":"KRISTDEMOKRATERNA I LIDK\u00d6PING","article_published_time":"2010-04-26T07:52:55+00:00","article_modified_time":"2014-05-12T08:31:48+00:00","author":"lidkoping","twitter_card":"summary_large_image","twitter_misc":{"Skriven av":"lidkoping","Ber\u00e4knad l\u00e4stid":"2 minuter"},"schema":{"@context":"https:\/\/schema.org","@graph":[{"@type":"Article","@id":"https:\/\/wp.kristdemokraterna.se\/lidkoping\/2010-04-26-familjecentral\/#article","isPartOf":{"@id":"https:\/\/wp.kristdemokraterna.se\/lidkoping\/2010-04-26-familjecentral\/"},"author":{"name":"lidkoping","@id":"https:\/\/wp.kristdemokraterna.se\/lidkoping\/#\/schema\/person\/7f8ba7ff0c74105a76f47d4b6bf40509"},"headline":"2010-04-26 Familjecentral","datePublished":"2010-04-26T07:52:55+00:00","dateModified":"2014-05-12T08:31:48+00:00","mainEntityOfPage":{"@id":"https:\/\/wp.kristdemokraterna.se\/lidkoping\/2010-04-26-familjecentral\/"},"wordCount":319,"keywords":["motion"],"articleSection":["Motioner","Motioner 2010"],"inLanguage":"sv-SE"},{"@type":"WebPage","@id":"https:\/\/wp.kristdemokraterna.se\/lidkoping\/2010-04-26-familjecentral\/","url":"https:\/\/wp.kristdemokraterna.se\/lidkoping\/2010-04-26-familjecentral\/","name":"2010-04-26 Familjecentral - KRISTDEMOKRATERNA I LIDK\u00d6PING","isPartOf":{"@id":"https:\/\/wp.kristdemokraterna.se\/lidkoping\/#website"},"datePublished":"2010-04-26T07:52:55+00:00","dateModified":"2014-05-12T08:31:48+00:00","author":{"@id":"https:\/\/wp.kristdemokraterna.se\/lidkoping\/#\/schema\/person\/7f8ba7ff0c74105a76f47d4b6bf40509"},"breadcrumb":{"@id":"https:\/\/wp.kristdemokraterna.se\/lidkoping\/2010-04-26-familjecentral\/#breadcrumb"},"inLanguage":"sv-SE","potentialAction":[{"@type":"ReadAction","target":["https:\/\/wp.kristdemokraterna.se\/lidkoping\/2010-04-26-familjecentral\/"]}]},{"@type":"BreadcrumbList","@id":"https:\/\/wp.kristdemokraterna.se\/lidkoping\/2010-04-26-familjecentral\/#breadcrumb","itemListElement":[{"@type":"ListItem","position":1,"name":"Hem","item":"https:\/\/wp.kristdemokraterna.se\/lidkoping\/"},{"@type":"ListItem","position":2,"name":"2010-04-26 Familjecentral"}]},{"@type":"WebSite","@id":"https:\/\/wp.kristdemokraterna.se\/lidkoping\/#website","url":"https:\/\/wp.kristdemokraterna.se\/lidkoping\/","name":"KRISTDEMOKRATERNA I LIDK\u00d6PING","description":"Kristdemokraterna Lidk\u00f6pings webbplats","inLanguage":"sv-SE"},{"@type":"Person","@id":"https:\/\/wp.kristdemokraterna.se\/lidkoping\/#\/schema\/person\/7f8ba7ff0c74105a76f47d4b6bf40509","name":"lidkoping","image":{"@type":"ImageObject","inLanguage":"sv-SE","@id":"https:\/\/secure.gravatar.com\/avatar\/c90f0ca6aeafe3a4ffc1ccdce0069e4815200dcb7eb6da103c5a1dc3d63fd538?s=96&r=g","url":"https:\/\/secure.gravatar.com\/avatar\/c90f0ca6aeafe3a4ffc1ccdce0069e4815200dcb7eb6da103c5a1dc3d63fd538?s=96&r=g","contentUrl":"https:\/\/secure.gravatar.com\/avatar\/c90f0ca6aeafe3a4ffc1ccdce0069e4815200dcb7eb6da103c5a1dc3d63fd538?s=96&r=g","caption":"lidkoping"},"url":"https:\/\/wp.kristdemokraterna.se\/lidkoping\/author\/lidkoping\/"}]}},"_links":{"self":[{"href":"https:\/\/wp.kristdemokraterna.se\/lidkoping\/wp-json\/wp\/v2\/posts\/146","targetHints":{"allow":["GET"]}}],"collection":[{"href":"https:\/\/wp.kristdemokraterna.se\/lidkoping\/wp-json\/wp\/v2\/posts"}],"about":[{"href":"https:\/\/wp.kristdemokraterna.se\/lidkoping\/wp-json\/wp\/v2\/types\/post"}],"author":[{"embeddable":true,"href":"https:\/\/wp.kristdemokraterna.se\/lidkoping\/wp-json\/wp\/v2\/users\/490"}],"replies":[{"embeddable":true,"href":"https:\/\/wp.kristdemokraterna.se\/lidkoping\/wp-json\/wp\/v2\/comments?post=146"}],"version-history":[{"count":2,"href":"https:\/\/wp.kristdemokraterna.se\/lidkoping\/wp-json\/wp\/v2\/posts\/146\/revisions"}],"predecessor-version":[{"id":148,"href":"https:\/\/wp.kristdemokraterna.se\/lidkoping\/wp-json\/wp\/v2\/posts\/146\/revisions\/148"}],"wp:attachment":[{"href":"https:\/\/wp.kristdemokraterna.se\/lidkoping\/wp-json\/wp\/v2\/media?parent=146"}],"wp:term":[{"taxonomy":"category","embeddable":true,"href":"https:\/\/wp.kristdemokraterna.se\/lidkoping\/wp-json\/wp\/v2\/categories?post=146"},{"taxonomy":"post_tag","embeddable":true,"href":"https:\/\/wp.kristdemokraterna.se\/lidkoping\/wp-json\/wp\/v2\/tags?post=146"}],"curies":[{"name":"wp","href":"https:\/\/api.w.org\/{rel}","templated":true}]}}