{"id":149,"date":"2010-06-18T09:54:04","date_gmt":"2010-06-18T07:54:04","guid":{"rendered":"http:\/\/wp.kristdemokraterna.se\/lidkoping\/?p=149"},"modified":"2014-05-12T10:31:31","modified_gmt":"2014-05-12T08:31:31","slug":"2010-06-18-distriktsskoterska-for-lidkopingsborna-aven-pa-landet","status":"publish","type":"post","link":"https:\/\/wp.kristdemokraterna.se\/lidkoping\/2010-06-18-distriktsskoterska-for-lidkopingsborna-aven-pa-landet\/","title":{"rendered":"2010-06-18 Distriktssk\u00f6terska f\u00f6r Lidk\u00f6pingsborna \u00e4ven p\u00e5 landet"},"content":{"rendered":"<p>Motion till Lidk\u00f6pings Kommunfullm\u00e4ktige<\/p>\n<p>Distriktssk\u00f6terska f\u00f6r Lidk\u00f6pingsborna \u00e4ven p\u00e5 landet.<\/p>\n<p>F\u00f6r att f\u00f6rebygga oh\u00e4lsa och skapa trygghet kr\u00e4vs n\u00e4rhet och tillg\u00e4nglighet till prim\u00e4r h\u00e4lso- och sjukv\u00e5rd f\u00f6r de \u00e4ldre och \u00f6vriga som bor i t\u00e4torterna utanf\u00f6r Lidk\u00f6ping.<br \/>\nKommunen har ett ansvar i denna fr\u00e5ga genom att initiera och arbeta f\u00f6r att \u00e4ven lands- bygdens befolkning har f\u00f6ruts\u00e4ttningar att uppr\u00e4tth\u00e5lla en god h\u00e4lsa.<br \/>\nAnsvaret f\u00f6r \u00e4ldres h\u00e4lso- och sjukv\u00e5rd och sociala insatser vilar p\u00e5 flera akt\u00f6rer och huvudm\u00e4n. Detta \u00e4rende ing\u00e5r i den s.k. gr\u00e5a zonen och riskerar d\u00e4rmed att hamna mellan \u201dstolarna\u201d.<\/p>\n<p>Genom flera omorganisationer inom landstingets prim\u00e4rv\u00e5rd och kommunens \u00e4ldreomsorg under m\u00e5nga \u00e5r har Lidk\u00f6pingsborna p\u00e5 landsbygden f\u00e5tt en f\u00f6rs\u00e4mrad tillg\u00e4nglighet till sjukv\u00e5rdsinsatser p\u00e5 grund av att distriktssk\u00f6terskemottagningarna har st\u00e4ngs i t\u00e4torterna p\u00e5 landet bl. a. J\u00e4rp\u00e5s, Tun, Vinninga. De boende h\u00e4nvisas idag till v\u00e5rdcentralerna i Lidk\u00f6ping. Detta har speciellt drabbat de \u00e4ldre p\u00e5 landet som idag har betydlig f\u00f6rs\u00e4mrad service av \u201dN\u00e4rsjukv\u00e5rd\u201d och f\u00f6rebyggande insatser.<br \/>\nDistriktssk\u00f6terska f\u00f6r hemsjukv\u00e5rdens patienter finns idag i landsbyggdst\u00e4torterna men \u00e4r inte tillg\u00e4nglig f\u00f6r \u00f6vriga \u00e4ldre i dessa t\u00e4torter.<\/p>\n<p>Vi anser att de boende p\u00e5 landet ska ha samma m\u00f6jlighet att f\u00e5 hj\u00e4lp med mindre sjukv\u00e5rdsinsatser ex. blodtryckskontroller, s\u00e5roml\u00e4ggningar och \u00e4ven hembes\u00f6k som de innev\u00e5nare som bor i Lidk\u00f6pings t\u00e4tort.<\/p>\n<p>Med anledning av ovanst\u00e5ende f\u00f6resl\u00e5r vi<br \/>\n&#8211; att kommunen initierar ett aktivt samarbete med prim\u00e4rv\u00e5rden i Lidk\u00f6ping och ser \u00f6ver insatser f\u00f6r m\u00e4nniskor som bor p\u00e5 landet,<\/p>\n<p>&#8211; att samverkan och samordning mellan kommunens och h\u00e4lso- och sjukv\u00e5rd f\u00f6rst\u00e4rks f\u00f6r att underl\u00e4tta f\u00f6r speciellt \u00e4ldre att f\u00e5 service s\u00e5 n\u00e4ra som m\u00f6jligt,<\/p>\n<p>&#8211; att unders\u00f6ka m\u00f6jligheten att uppr\u00e4tta ett avtal mellan kommun och landsting f\u00f6r att samordna personalinsatser f\u00f6r enkla h\u00e4lso- och sjukv\u00e5rdinsatser f\u00f6r boende p\u00e5 landet.<\/p>\n<p>Kristdemokraterna i Lidk\u00f6ping den 2010-06-18<br \/>\nMaj Ader, Carina Karlsson<br \/>\nUpptagen som gruppmotion<\/p>\n<p>Tommy Larsson,<br \/>\nGruppledare f\u00f6r Kristdemokraterna i fullm\u00e4ktige.<\/p>\n","protected":false},"excerpt":{"rendered":"<p>Motion till Lidk\u00f6pings Kommunfullm\u00e4ktige Distriktssk\u00f6terska f\u00f6r Lidk\u00f6pingsborna \u00e4ven p\u00e5 landet. F\u00f6r att f\u00f6rebygga oh\u00e4lsa och skapa trygghet kr\u00e4vs n\u00e4rhet och tillg\u00e4nglighet till prim\u00e4r h\u00e4lso- och sjukv\u00e5rd f\u00f6r de \u00e4ldre och \u00f6vriga som bor i t\u00e4torterna utanf\u00f6r Lidk\u00f6ping. Kommunen har ett ansvar i denna fr\u00e5ga genom att initiera och arbeta f\u00f6r att \u00e4ven lands- bygdens befolkning <a class=\"read-more-link\" href=\"https:\/\/wp.kristdemokraterna.se\/lidkoping\/2010-06-18-distriktsskoterska-for-lidkopingsborna-aven-pa-landet\/\">Read More<\/a><\/p>\n","protected":false},"author":490,"featured_media":0,"comment_status":"closed","ping_status":"closed","sticky":false,"template":"","format":"standard","meta":{"_acf_changed":false,"footnotes":""},"categories":[6,11],"tags":[8],"class_list":["post-149","post","type-post","status-publish","format-standard","hentry","category-motioner","category-motioner-2010","tag-motion"],"acf":[],"yoast_head":"<!-- This site is optimized with the Yoast SEO plugin v27.4 - https:\/\/yoast.com\/product\/yoast-seo-wordpress\/ -->\n<title>2010-06-18 Distriktssk\u00f6terska f\u00f6r Lidk\u00f6pingsborna \u00e4ven p\u00e5 landet - KRISTDEMOKRATERNA I LIDK\u00d6PING<\/title>\n<meta name=\"robots\" content=\"index, follow, max-snippet:-1, max-image-preview:large, max-video-preview:-1\" \/>\n<link rel=\"canonical\" href=\"https:\/\/wp.kristdemokraterna.se\/lidkoping\/2010-06-18-distriktsskoterska-for-lidkopingsborna-aven-pa-landet\/\" \/>\n<meta property=\"og:locale\" content=\"sv_SE\" \/>\n<meta property=\"og:type\" content=\"article\" \/>\n<meta property=\"og:title\" content=\"2010-06-18 Distriktssk\u00f6terska f\u00f6r Lidk\u00f6pingsborna \u00e4ven p\u00e5 landet - KRISTDEMOKRATERNA I LIDK\u00d6PING\" \/>\n<meta property=\"og:description\" content=\"Motion till Lidk\u00f6pings Kommunfullm\u00e4ktige Distriktssk\u00f6terska f\u00f6r Lidk\u00f6pingsborna \u00e4ven p\u00e5 landet. F\u00f6r att f\u00f6rebygga oh\u00e4lsa och skapa trygghet kr\u00e4vs n\u00e4rhet och tillg\u00e4nglighet till prim\u00e4r h\u00e4lso- och sjukv\u00e5rd f\u00f6r de \u00e4ldre och \u00f6vriga som bor i t\u00e4torterna utanf\u00f6r Lidk\u00f6ping. Kommunen har ett ansvar i denna fr\u00e5ga genom att initiera och arbeta f\u00f6r att \u00e4ven lands- bygdens befolkning Read More\" \/>\n<meta property=\"og:url\" content=\"https:\/\/wp.kristdemokraterna.se\/lidkoping\/2010-06-18-distriktsskoterska-for-lidkopingsborna-aven-pa-landet\/\" \/>\n<meta property=\"og:site_name\" content=\"KRISTDEMOKRATERNA I LIDK\u00d6PING\" \/>\n<meta property=\"article:published_time\" content=\"2010-06-18T07:54:04+00:00\" \/>\n<meta property=\"article:modified_time\" content=\"2014-05-12T08:31:31+00:00\" \/>\n<meta name=\"author\" content=\"lidkoping\" \/>\n<meta name=\"twitter:card\" content=\"summary_large_image\" \/>\n<meta name=\"twitter:label1\" content=\"Skriven av\" \/>\n\t<meta name=\"twitter:data1\" content=\"lidkoping\" \/>\n\t<meta name=\"twitter:label2\" content=\"Ber\u00e4knad l\u00e4stid\" \/>\n\t<meta name=\"twitter:data2\" content=\"2 minuter\" \/>\n<script type=\"application\/ld+json\" class=\"yoast-schema-graph\">{\"@context\":\"https:\\\/\\\/schema.org\",\"@graph\":[{\"@type\":\"Article\",\"@id\":\"https:\\\/\\\/wp.kristdemokraterna.se\\\/lidkoping\\\/2010-06-18-distriktsskoterska-for-lidkopingsborna-aven-pa-landet\\\/#article\",\"isPartOf\":{\"@id\":\"https:\\\/\\\/wp.kristdemokraterna.se\\\/lidkoping\\\/2010-06-18-distriktsskoterska-for-lidkopingsborna-aven-pa-landet\\\/\"},\"author\":{\"name\":\"lidkoping\",\"@id\":\"https:\\\/\\\/wp.kristdemokraterna.se\\\/lidkoping\\\/#\\\/schema\\\/person\\\/7f8ba7ff0c74105a76f47d4b6bf40509\"},\"headline\":\"2010-06-18 Distriktssk\u00f6terska f\u00f6r Lidk\u00f6pingsborna \u00e4ven p\u00e5 landet\",\"datePublished\":\"2010-06-18T07:54:04+00:00\",\"dateModified\":\"2014-05-12T08:31:31+00:00\",\"mainEntityOfPage\":{\"@id\":\"https:\\\/\\\/wp.kristdemokraterna.se\\\/lidkoping\\\/2010-06-18-distriktsskoterska-for-lidkopingsborna-aven-pa-landet\\\/\"},\"wordCount\":414,\"keywords\":[\"motion\"],\"articleSection\":[\"Motioner\",\"Motioner 2010\"],\"inLanguage\":\"sv-SE\"},{\"@type\":\"WebPage\",\"@id\":\"https:\\\/\\\/wp.kristdemokraterna.se\\\/lidkoping\\\/2010-06-18-distriktsskoterska-for-lidkopingsborna-aven-pa-landet\\\/\",\"url\":\"https:\\\/\\\/wp.kristdemokraterna.se\\\/lidkoping\\\/2010-06-18-distriktsskoterska-for-lidkopingsborna-aven-pa-landet\\\/\",\"name\":\"2010-06-18 Distriktssk\u00f6terska f\u00f6r Lidk\u00f6pingsborna \u00e4ven p\u00e5 landet - KRISTDEMOKRATERNA I LIDK\u00d6PING\",\"isPartOf\":{\"@id\":\"https:\\\/\\\/wp.kristdemokraterna.se\\\/lidkoping\\\/#website\"},\"datePublished\":\"2010-06-18T07:54:04+00:00\",\"dateModified\":\"2014-05-12T08:31:31+00:00\",\"author\":{\"@id\":\"https:\\\/\\\/wp.kristdemokraterna.se\\\/lidkoping\\\/#\\\/schema\\\/person\\\/7f8ba7ff0c74105a76f47d4b6bf40509\"},\"breadcrumb\":{\"@id\":\"https:\\\/\\\/wp.kristdemokraterna.se\\\/lidkoping\\\/2010-06-18-distriktsskoterska-for-lidkopingsborna-aven-pa-landet\\\/#breadcrumb\"},\"inLanguage\":\"sv-SE\",\"potentialAction\":[{\"@type\":\"ReadAction\",\"target\":[\"https:\\\/\\\/wp.kristdemokraterna.se\\\/lidkoping\\\/2010-06-18-distriktsskoterska-for-lidkopingsborna-aven-pa-landet\\\/\"]}]},{\"@type\":\"BreadcrumbList\",\"@id\":\"https:\\\/\\\/wp.kristdemokraterna.se\\\/lidkoping\\\/2010-06-18-distriktsskoterska-for-lidkopingsborna-aven-pa-landet\\\/#breadcrumb\",\"itemListElement\":[{\"@type\":\"ListItem\",\"position\":1,\"name\":\"Hem\",\"item\":\"https:\\\/\\\/wp.kristdemokraterna.se\\\/lidkoping\\\/\"},{\"@type\":\"ListItem\",\"position\":2,\"name\":\"2010-06-18 Distriktssk\u00f6terska f\u00f6r Lidk\u00f6pingsborna \u00e4ven p\u00e5 landet\"}]},{\"@type\":\"WebSite\",\"@id\":\"https:\\\/\\\/wp.kristdemokraterna.se\\\/lidkoping\\\/#website\",\"url\":\"https:\\\/\\\/wp.kristdemokraterna.se\\\/lidkoping\\\/\",\"name\":\"KRISTDEMOKRATERNA I LIDK\u00d6PING\",\"description\":\"Kristdemokraterna Lidk\u00f6pings webbplats\",\"inLanguage\":\"sv-SE\"},{\"@type\":\"Person\",\"@id\":\"https:\\\/\\\/wp.kristdemokraterna.se\\\/lidkoping\\\/#\\\/schema\\\/person\\\/7f8ba7ff0c74105a76f47d4b6bf40509\",\"name\":\"lidkoping\",\"image\":{\"@type\":\"ImageObject\",\"inLanguage\":\"sv-SE\",\"@id\":\"https:\\\/\\\/secure.gravatar.com\\\/avatar\\\/c90f0ca6aeafe3a4ffc1ccdce0069e4815200dcb7eb6da103c5a1dc3d63fd538?s=96&r=g\",\"url\":\"https:\\\/\\\/secure.gravatar.com\\\/avatar\\\/c90f0ca6aeafe3a4ffc1ccdce0069e4815200dcb7eb6da103c5a1dc3d63fd538?s=96&r=g\",\"contentUrl\":\"https:\\\/\\\/secure.gravatar.com\\\/avatar\\\/c90f0ca6aeafe3a4ffc1ccdce0069e4815200dcb7eb6da103c5a1dc3d63fd538?s=96&r=g\",\"caption\":\"lidkoping\"},\"url\":\"https:\\\/\\\/wp.kristdemokraterna.se\\\/lidkoping\\\/author\\\/lidkoping\\\/\"}]}<\/script>\n<!-- \/ Yoast SEO plugin. -->","yoast_head_json":{"title":"2010-06-18 Distriktssk\u00f6terska f\u00f6r Lidk\u00f6pingsborna \u00e4ven p\u00e5 landet - KRISTDEMOKRATERNA I LIDK\u00d6PING","robots":{"index":"index","follow":"follow","max-snippet":"max-snippet:-1","max-image-preview":"max-image-preview:large","max-video-preview":"max-video-preview:-1"},"canonical":"https:\/\/wp.kristdemokraterna.se\/lidkoping\/2010-06-18-distriktsskoterska-for-lidkopingsborna-aven-pa-landet\/","og_locale":"sv_SE","og_type":"article","og_title":"2010-06-18 Distriktssk\u00f6terska f\u00f6r Lidk\u00f6pingsborna \u00e4ven p\u00e5 landet - KRISTDEMOKRATERNA I LIDK\u00d6PING","og_description":"Motion till Lidk\u00f6pings Kommunfullm\u00e4ktige Distriktssk\u00f6terska f\u00f6r Lidk\u00f6pingsborna \u00e4ven p\u00e5 landet. F\u00f6r att f\u00f6rebygga oh\u00e4lsa och skapa trygghet kr\u00e4vs n\u00e4rhet och tillg\u00e4nglighet till prim\u00e4r h\u00e4lso- och sjukv\u00e5rd f\u00f6r de \u00e4ldre och \u00f6vriga som bor i t\u00e4torterna utanf\u00f6r Lidk\u00f6ping. Kommunen har ett ansvar i denna fr\u00e5ga genom att initiera och arbeta f\u00f6r att \u00e4ven lands- bygdens befolkning Read More","og_url":"https:\/\/wp.kristdemokraterna.se\/lidkoping\/2010-06-18-distriktsskoterska-for-lidkopingsborna-aven-pa-landet\/","og_site_name":"KRISTDEMOKRATERNA I LIDK\u00d6PING","article_published_time":"2010-06-18T07:54:04+00:00","article_modified_time":"2014-05-12T08:31:31+00:00","author":"lidkoping","twitter_card":"summary_large_image","twitter_misc":{"Skriven av":"lidkoping","Ber\u00e4knad l\u00e4stid":"2 minuter"},"schema":{"@context":"https:\/\/schema.org","@graph":[{"@type":"Article","@id":"https:\/\/wp.kristdemokraterna.se\/lidkoping\/2010-06-18-distriktsskoterska-for-lidkopingsborna-aven-pa-landet\/#article","isPartOf":{"@id":"https:\/\/wp.kristdemokraterna.se\/lidkoping\/2010-06-18-distriktsskoterska-for-lidkopingsborna-aven-pa-landet\/"},"author":{"name":"lidkoping","@id":"https:\/\/wp.kristdemokraterna.se\/lidkoping\/#\/schema\/person\/7f8ba7ff0c74105a76f47d4b6bf40509"},"headline":"2010-06-18 Distriktssk\u00f6terska f\u00f6r Lidk\u00f6pingsborna \u00e4ven p\u00e5 landet","datePublished":"2010-06-18T07:54:04+00:00","dateModified":"2014-05-12T08:31:31+00:00","mainEntityOfPage":{"@id":"https:\/\/wp.kristdemokraterna.se\/lidkoping\/2010-06-18-distriktsskoterska-for-lidkopingsborna-aven-pa-landet\/"},"wordCount":414,"keywords":["motion"],"articleSection":["Motioner","Motioner 2010"],"inLanguage":"sv-SE"},{"@type":"WebPage","@id":"https:\/\/wp.kristdemokraterna.se\/lidkoping\/2010-06-18-distriktsskoterska-for-lidkopingsborna-aven-pa-landet\/","url":"https:\/\/wp.kristdemokraterna.se\/lidkoping\/2010-06-18-distriktsskoterska-for-lidkopingsborna-aven-pa-landet\/","name":"2010-06-18 Distriktssk\u00f6terska f\u00f6r Lidk\u00f6pingsborna \u00e4ven p\u00e5 landet - KRISTDEMOKRATERNA I LIDK\u00d6PING","isPartOf":{"@id":"https:\/\/wp.kristdemokraterna.se\/lidkoping\/#website"},"datePublished":"2010-06-18T07:54:04+00:00","dateModified":"2014-05-12T08:31:31+00:00","author":{"@id":"https:\/\/wp.kristdemokraterna.se\/lidkoping\/#\/schema\/person\/7f8ba7ff0c74105a76f47d4b6bf40509"},"breadcrumb":{"@id":"https:\/\/wp.kristdemokraterna.se\/lidkoping\/2010-06-18-distriktsskoterska-for-lidkopingsborna-aven-pa-landet\/#breadcrumb"},"inLanguage":"sv-SE","potentialAction":[{"@type":"ReadAction","target":["https:\/\/wp.kristdemokraterna.se\/lidkoping\/2010-06-18-distriktsskoterska-for-lidkopingsborna-aven-pa-landet\/"]}]},{"@type":"BreadcrumbList","@id":"https:\/\/wp.kristdemokraterna.se\/lidkoping\/2010-06-18-distriktsskoterska-for-lidkopingsborna-aven-pa-landet\/#breadcrumb","itemListElement":[{"@type":"ListItem","position":1,"name":"Hem","item":"https:\/\/wp.kristdemokraterna.se\/lidkoping\/"},{"@type":"ListItem","position":2,"name":"2010-06-18 Distriktssk\u00f6terska f\u00f6r Lidk\u00f6pingsborna \u00e4ven p\u00e5 landet"}]},{"@type":"WebSite","@id":"https:\/\/wp.kristdemokraterna.se\/lidkoping\/#website","url":"https:\/\/wp.kristdemokraterna.se\/lidkoping\/","name":"KRISTDEMOKRATERNA I LIDK\u00d6PING","description":"Kristdemokraterna Lidk\u00f6pings webbplats","inLanguage":"sv-SE"},{"@type":"Person","@id":"https:\/\/wp.kristdemokraterna.se\/lidkoping\/#\/schema\/person\/7f8ba7ff0c74105a76f47d4b6bf40509","name":"lidkoping","image":{"@type":"ImageObject","inLanguage":"sv-SE","@id":"https:\/\/secure.gravatar.com\/avatar\/c90f0ca6aeafe3a4ffc1ccdce0069e4815200dcb7eb6da103c5a1dc3d63fd538?s=96&r=g","url":"https:\/\/secure.gravatar.com\/avatar\/c90f0ca6aeafe3a4ffc1ccdce0069e4815200dcb7eb6da103c5a1dc3d63fd538?s=96&r=g","contentUrl":"https:\/\/secure.gravatar.com\/avatar\/c90f0ca6aeafe3a4ffc1ccdce0069e4815200dcb7eb6da103c5a1dc3d63fd538?s=96&r=g","caption":"lidkoping"},"url":"https:\/\/wp.kristdemokraterna.se\/lidkoping\/author\/lidkoping\/"}]}},"_links":{"self":[{"href":"https:\/\/wp.kristdemokraterna.se\/lidkoping\/wp-json\/wp\/v2\/posts\/149","targetHints":{"allow":["GET"]}}],"collection":[{"href":"https:\/\/wp.kristdemokraterna.se\/lidkoping\/wp-json\/wp\/v2\/posts"}],"about":[{"href":"https:\/\/wp.kristdemokraterna.se\/lidkoping\/wp-json\/wp\/v2\/types\/post"}],"author":[{"embeddable":true,"href":"https:\/\/wp.kristdemokraterna.se\/lidkoping\/wp-json\/wp\/v2\/users\/490"}],"replies":[{"embeddable":true,"href":"https:\/\/wp.kristdemokraterna.se\/lidkoping\/wp-json\/wp\/v2\/comments?post=149"}],"version-history":[{"count":1,"href":"https:\/\/wp.kristdemokraterna.se\/lidkoping\/wp-json\/wp\/v2\/posts\/149\/revisions"}],"predecessor-version":[{"id":150,"href":"https:\/\/wp.kristdemokraterna.se\/lidkoping\/wp-json\/wp\/v2\/posts\/149\/revisions\/150"}],"wp:attachment":[{"href":"https:\/\/wp.kristdemokraterna.se\/lidkoping\/wp-json\/wp\/v2\/media?parent=149"}],"wp:term":[{"taxonomy":"category","embeddable":true,"href":"https:\/\/wp.kristdemokraterna.se\/lidkoping\/wp-json\/wp\/v2\/categories?post=149"},{"taxonomy":"post_tag","embeddable":true,"href":"https:\/\/wp.kristdemokraterna.se\/lidkoping\/wp-json\/wp\/v2\/tags?post=149"}],"curies":[{"name":"wp","href":"https:\/\/api.w.org\/{rel}","templated":true}]}}