{"id":155,"date":"2011-10-25T10:12:10","date_gmt":"2011-10-25T08:12:10","guid":{"rendered":"http:\/\/wp.kristdemokraterna.se\/lidkoping\/?p=155"},"modified":"2014-05-12T10:30:39","modified_gmt":"2014-05-12T08:30:39","slug":"2011-10-25-kostpolitiskt-program-plan","status":"publish","type":"post","link":"https:\/\/wp.kristdemokraterna.se\/lidkoping\/2011-10-25-kostpolitiskt-program-plan\/","title":{"rendered":"2011-10-25 Kostpolitiskt program\/plan"},"content":{"rendered":"<p>Kristdemokraterna i Lidk\u00f6ping 25 okt 2011<\/p>\n<p>Motion till Lidk\u00f6pings Kommunfullm\u00e4ktige<\/p>\n<p>Kostpolitiskt program\/plan<\/p>\n<p>Maten \u00e4r ett av livets stora gl\u00e4dje\u00e4mnen. Den ska engagera alla sinnen och vara en h\u00f6jd-punkt p\u00e5 dagen v\u00e4rd att se fram emot. Mat inneb\u00e4r inte bara njutning utan ger oss ocks\u00e5 n\u00f6dv\u00e4ndig n\u00e4ring och energi. Maten och m\u00e5ltiden ska s\u00e5ledes skapa f\u00f6ruts\u00e4ttningar f\u00f6r att vi ska h\u00e5lla oss friska och kunna bibeh\u00e5lla en s\u00e5 god livskvalitet som m\u00f6jligt.<br \/>\nM\u00e5nga av v\u00e5r tids folkh\u00e4lsoproblem har samband med maten. Vad vi \u00e4ter, n\u00e4r vi \u00e4ter, var maten lagas och hur v\u00e5ra m\u00e5ltider ser ut p\u00e5verkar v\u00e5r h\u00e4lsa b\u00e5de idag och p\u00e5 l\u00e5ng sikt. F\u00f6r att fr\u00e4mja goda matvanor beh\u00f6vs en bred satsning p\u00e5 olika niv\u00e5er i Lidk\u00f6ping d\u00e4r olika akt\u00f6rer drar \u00e5t samma h\u00e5ll med en gemensam m\u00e5ls\u00e4ttning.<br \/>\nDen kostutredning som togs fram i Lidk\u00f6pings kommun utgick fr\u00e5n Centralk\u00f6kets renovering och \u00e4ndrade krav i livsmedelslagsstiftningen och inte kostens betydelse f\u00f6r en god h\u00e4lsa Nu kr\u00e4vs ett nytt politiskt underlag, ett kostpolitiskt program\/plan som beskriver hur vi vill skapa de b\u00e4sta f\u00f6ruts\u00e4ttningar f\u00f6r en god kosth\u00e5llning till v\u00e5ra barn, ungdomar och \u00e4ldre.<br \/>\nProgrammet skall omfatta f\u00f6rskola, skola, omsorg f\u00f6r \u00e4ldre och f\u00f6r funktionsnedsatta och ska ha en tydlig koppling till den av riksdagen antagna propositionen \u201dM\u00e5l f\u00f6r folkh\u00e4lsan\u201d som \u00e4r v\u00e4gledande f\u00f6r kom-munens folkh\u00e4lsoarbete. M\u00e5lomr\u00e5de nr 10 ber\u00f6r matvanor och livsmedel.<br \/>\nDet ska inneh\u00e5lla avsnitt om livsmedelshygien, upp-handling av ekologiska och n\u00e4rproducerade livsmedel samt hur transportstr\u00e4ckorna skall minskas.<br \/>\nProgrammet skall ocks\u00e5 ange hur \u00e5rliga kvalitetsgranskningar och brukarunders\u00f6kningar ska genomf\u00f6ras f\u00f6r kontinuerliga f\u00f6rb\u00e4ttringar av kvaliteten av maten.<\/p>\n<p>Vi f\u00f6rsl\u00e5r<br \/>\natt Lidk\u00f6pings kommun tar fram ett kostpolitiskt program\/plan som inneh\u00e5ller en tydlig vision och strategi, hur och var maten skall lagas till v\u00e5ra barn, ungdomar, \u00e4ldre och funktionsnedsatta,<br \/>\natt det kostpolitiska programmet\/plan tas fram i samverkan med ber\u00f6rda f\u00f6rvaltningar, Barn och skola, Utbildning, V\u00e5rd och omsorg och Teknisk service\/Samh\u00e4llsbyggnad.<\/p>\n<p>&nbsp;<\/p>\n<p>Kristdemokraterna i Lidk\u00f6pings kommun<\/p>\n<p>Maj Ader, Anders Ader<\/p>\n<p>Motionen upptas som en grupp motion<\/p>\n<p>Tommy Larsson, gruppledare<\/p>\n","protected":false},"excerpt":{"rendered":"<p>Kristdemokraterna i Lidk\u00f6ping 25 okt 2011 Motion till Lidk\u00f6pings Kommunfullm\u00e4ktige Kostpolitiskt program\/plan Maten \u00e4r ett av livets stora gl\u00e4dje\u00e4mnen. Den ska engagera alla sinnen och vara en h\u00f6jd-punkt p\u00e5 dagen v\u00e4rd att se fram emot. Mat inneb\u00e4r inte bara njutning utan ger oss ocks\u00e5 n\u00f6dv\u00e4ndig n\u00e4ring och energi. Maten och m\u00e5ltiden ska s\u00e5ledes skapa f\u00f6ruts\u00e4ttningar <a class=\"read-more-link\" href=\"https:\/\/wp.kristdemokraterna.se\/lidkoping\/2011-10-25-kostpolitiskt-program-plan\/\">Read More<\/a><\/p>\n","protected":false},"author":490,"featured_media":0,"comment_status":"closed","ping_status":"closed","sticky":false,"template":"","format":"standard","meta":{"_acf_changed":false,"footnotes":""},"categories":[6,12],"tags":[8],"class_list":["post-155","post","type-post","status-publish","format-standard","hentry","category-motioner","category-motioner-2011","tag-motion"],"acf":[],"yoast_head":"<!-- This site is optimized with the Yoast SEO plugin v27.4 - https:\/\/yoast.com\/product\/yoast-seo-wordpress\/ -->\n<title>2011-10-25 Kostpolitiskt program\/plan - KRISTDEMOKRATERNA I LIDK\u00d6PING<\/title>\n<meta name=\"robots\" content=\"index, follow, max-snippet:-1, max-image-preview:large, max-video-preview:-1\" \/>\n<link rel=\"canonical\" href=\"https:\/\/wp.kristdemokraterna.se\/lidkoping\/2011-10-25-kostpolitiskt-program-plan\/\" \/>\n<meta property=\"og:locale\" content=\"sv_SE\" \/>\n<meta property=\"og:type\" content=\"article\" \/>\n<meta property=\"og:title\" content=\"2011-10-25 Kostpolitiskt program\/plan - KRISTDEMOKRATERNA I LIDK\u00d6PING\" \/>\n<meta property=\"og:description\" content=\"Kristdemokraterna i Lidk\u00f6ping 25 okt 2011 Motion till Lidk\u00f6pings Kommunfullm\u00e4ktige Kostpolitiskt program\/plan Maten \u00e4r ett av livets stora gl\u00e4dje\u00e4mnen. Den ska engagera alla sinnen och vara en h\u00f6jd-punkt p\u00e5 dagen v\u00e4rd att se fram emot. Mat inneb\u00e4r inte bara njutning utan ger oss ocks\u00e5 n\u00f6dv\u00e4ndig n\u00e4ring och energi. Maten och m\u00e5ltiden ska s\u00e5ledes skapa f\u00f6ruts\u00e4ttningar Read More\" \/>\n<meta property=\"og:url\" content=\"https:\/\/wp.kristdemokraterna.se\/lidkoping\/2011-10-25-kostpolitiskt-program-plan\/\" \/>\n<meta property=\"og:site_name\" content=\"KRISTDEMOKRATERNA I LIDK\u00d6PING\" \/>\n<meta property=\"article:published_time\" content=\"2011-10-25T08:12:10+00:00\" \/>\n<meta property=\"article:modified_time\" content=\"2014-05-12T08:30:39+00:00\" \/>\n<meta name=\"author\" content=\"lidkoping\" \/>\n<meta name=\"twitter:card\" content=\"summary_large_image\" \/>\n<meta name=\"twitter:label1\" content=\"Skriven av\" \/>\n\t<meta name=\"twitter:data1\" content=\"lidkoping\" \/>\n\t<meta name=\"twitter:label2\" content=\"Ber\u00e4knad l\u00e4stid\" \/>\n\t<meta name=\"twitter:data2\" content=\"2 minuter\" \/>\n<script type=\"application\/ld+json\" class=\"yoast-schema-graph\">{\"@context\":\"https:\\\/\\\/schema.org\",\"@graph\":[{\"@type\":\"Article\",\"@id\":\"https:\\\/\\\/wp.kristdemokraterna.se\\\/lidkoping\\\/2011-10-25-kostpolitiskt-program-plan\\\/#article\",\"isPartOf\":{\"@id\":\"https:\\\/\\\/wp.kristdemokraterna.se\\\/lidkoping\\\/2011-10-25-kostpolitiskt-program-plan\\\/\"},\"author\":{\"name\":\"lidkoping\",\"@id\":\"https:\\\/\\\/wp.kristdemokraterna.se\\\/lidkoping\\\/#\\\/schema\\\/person\\\/7f8ba7ff0c74105a76f47d4b6bf40509\"},\"headline\":\"2011-10-25 Kostpolitiskt program\\\/plan\",\"datePublished\":\"2011-10-25T08:12:10+00:00\",\"dateModified\":\"2014-05-12T08:30:39+00:00\",\"mainEntityOfPage\":{\"@id\":\"https:\\\/\\\/wp.kristdemokraterna.se\\\/lidkoping\\\/2011-10-25-kostpolitiskt-program-plan\\\/\"},\"wordCount\":414,\"keywords\":[\"motion\"],\"articleSection\":[\"Motioner\",\"Motioner 2011\"],\"inLanguage\":\"sv-SE\"},{\"@type\":\"WebPage\",\"@id\":\"https:\\\/\\\/wp.kristdemokraterna.se\\\/lidkoping\\\/2011-10-25-kostpolitiskt-program-plan\\\/\",\"url\":\"https:\\\/\\\/wp.kristdemokraterna.se\\\/lidkoping\\\/2011-10-25-kostpolitiskt-program-plan\\\/\",\"name\":\"2011-10-25 Kostpolitiskt program\\\/plan - KRISTDEMOKRATERNA I LIDK\u00d6PING\",\"isPartOf\":{\"@id\":\"https:\\\/\\\/wp.kristdemokraterna.se\\\/lidkoping\\\/#website\"},\"datePublished\":\"2011-10-25T08:12:10+00:00\",\"dateModified\":\"2014-05-12T08:30:39+00:00\",\"author\":{\"@id\":\"https:\\\/\\\/wp.kristdemokraterna.se\\\/lidkoping\\\/#\\\/schema\\\/person\\\/7f8ba7ff0c74105a76f47d4b6bf40509\"},\"breadcrumb\":{\"@id\":\"https:\\\/\\\/wp.kristdemokraterna.se\\\/lidkoping\\\/2011-10-25-kostpolitiskt-program-plan\\\/#breadcrumb\"},\"inLanguage\":\"sv-SE\",\"potentialAction\":[{\"@type\":\"ReadAction\",\"target\":[\"https:\\\/\\\/wp.kristdemokraterna.se\\\/lidkoping\\\/2011-10-25-kostpolitiskt-program-plan\\\/\"]}]},{\"@type\":\"BreadcrumbList\",\"@id\":\"https:\\\/\\\/wp.kristdemokraterna.se\\\/lidkoping\\\/2011-10-25-kostpolitiskt-program-plan\\\/#breadcrumb\",\"itemListElement\":[{\"@type\":\"ListItem\",\"position\":1,\"name\":\"Hem\",\"item\":\"https:\\\/\\\/wp.kristdemokraterna.se\\\/lidkoping\\\/\"},{\"@type\":\"ListItem\",\"position\":2,\"name\":\"2011-10-25 Kostpolitiskt program\\\/plan\"}]},{\"@type\":\"WebSite\",\"@id\":\"https:\\\/\\\/wp.kristdemokraterna.se\\\/lidkoping\\\/#website\",\"url\":\"https:\\\/\\\/wp.kristdemokraterna.se\\\/lidkoping\\\/\",\"name\":\"KRISTDEMOKRATERNA I LIDK\u00d6PING\",\"description\":\"Kristdemokraterna Lidk\u00f6pings webbplats\",\"inLanguage\":\"sv-SE\"},{\"@type\":\"Person\",\"@id\":\"https:\\\/\\\/wp.kristdemokraterna.se\\\/lidkoping\\\/#\\\/schema\\\/person\\\/7f8ba7ff0c74105a76f47d4b6bf40509\",\"name\":\"lidkoping\",\"image\":{\"@type\":\"ImageObject\",\"inLanguage\":\"sv-SE\",\"@id\":\"https:\\\/\\\/secure.gravatar.com\\\/avatar\\\/c90f0ca6aeafe3a4ffc1ccdce0069e4815200dcb7eb6da103c5a1dc3d63fd538?s=96&r=g\",\"url\":\"https:\\\/\\\/secure.gravatar.com\\\/avatar\\\/c90f0ca6aeafe3a4ffc1ccdce0069e4815200dcb7eb6da103c5a1dc3d63fd538?s=96&r=g\",\"contentUrl\":\"https:\\\/\\\/secure.gravatar.com\\\/avatar\\\/c90f0ca6aeafe3a4ffc1ccdce0069e4815200dcb7eb6da103c5a1dc3d63fd538?s=96&r=g\",\"caption\":\"lidkoping\"},\"url\":\"https:\\\/\\\/wp.kristdemokraterna.se\\\/lidkoping\\\/author\\\/lidkoping\\\/\"}]}<\/script>\n<!-- \/ Yoast SEO plugin. -->","yoast_head_json":{"title":"2011-10-25 Kostpolitiskt program\/plan - KRISTDEMOKRATERNA I LIDK\u00d6PING","robots":{"index":"index","follow":"follow","max-snippet":"max-snippet:-1","max-image-preview":"max-image-preview:large","max-video-preview":"max-video-preview:-1"},"canonical":"https:\/\/wp.kristdemokraterna.se\/lidkoping\/2011-10-25-kostpolitiskt-program-plan\/","og_locale":"sv_SE","og_type":"article","og_title":"2011-10-25 Kostpolitiskt program\/plan - KRISTDEMOKRATERNA I LIDK\u00d6PING","og_description":"Kristdemokraterna i Lidk\u00f6ping 25 okt 2011 Motion till Lidk\u00f6pings Kommunfullm\u00e4ktige Kostpolitiskt program\/plan Maten \u00e4r ett av livets stora gl\u00e4dje\u00e4mnen. Den ska engagera alla sinnen och vara en h\u00f6jd-punkt p\u00e5 dagen v\u00e4rd att se fram emot. Mat inneb\u00e4r inte bara njutning utan ger oss ocks\u00e5 n\u00f6dv\u00e4ndig n\u00e4ring och energi. Maten och m\u00e5ltiden ska s\u00e5ledes skapa f\u00f6ruts\u00e4ttningar Read More","og_url":"https:\/\/wp.kristdemokraterna.se\/lidkoping\/2011-10-25-kostpolitiskt-program-plan\/","og_site_name":"KRISTDEMOKRATERNA I LIDK\u00d6PING","article_published_time":"2011-10-25T08:12:10+00:00","article_modified_time":"2014-05-12T08:30:39+00:00","author":"lidkoping","twitter_card":"summary_large_image","twitter_misc":{"Skriven av":"lidkoping","Ber\u00e4knad l\u00e4stid":"2 minuter"},"schema":{"@context":"https:\/\/schema.org","@graph":[{"@type":"Article","@id":"https:\/\/wp.kristdemokraterna.se\/lidkoping\/2011-10-25-kostpolitiskt-program-plan\/#article","isPartOf":{"@id":"https:\/\/wp.kristdemokraterna.se\/lidkoping\/2011-10-25-kostpolitiskt-program-plan\/"},"author":{"name":"lidkoping","@id":"https:\/\/wp.kristdemokraterna.se\/lidkoping\/#\/schema\/person\/7f8ba7ff0c74105a76f47d4b6bf40509"},"headline":"2011-10-25 Kostpolitiskt program\/plan","datePublished":"2011-10-25T08:12:10+00:00","dateModified":"2014-05-12T08:30:39+00:00","mainEntityOfPage":{"@id":"https:\/\/wp.kristdemokraterna.se\/lidkoping\/2011-10-25-kostpolitiskt-program-plan\/"},"wordCount":414,"keywords":["motion"],"articleSection":["Motioner","Motioner 2011"],"inLanguage":"sv-SE"},{"@type":"WebPage","@id":"https:\/\/wp.kristdemokraterna.se\/lidkoping\/2011-10-25-kostpolitiskt-program-plan\/","url":"https:\/\/wp.kristdemokraterna.se\/lidkoping\/2011-10-25-kostpolitiskt-program-plan\/","name":"2011-10-25 Kostpolitiskt program\/plan - KRISTDEMOKRATERNA I LIDK\u00d6PING","isPartOf":{"@id":"https:\/\/wp.kristdemokraterna.se\/lidkoping\/#website"},"datePublished":"2011-10-25T08:12:10+00:00","dateModified":"2014-05-12T08:30:39+00:00","author":{"@id":"https:\/\/wp.kristdemokraterna.se\/lidkoping\/#\/schema\/person\/7f8ba7ff0c74105a76f47d4b6bf40509"},"breadcrumb":{"@id":"https:\/\/wp.kristdemokraterna.se\/lidkoping\/2011-10-25-kostpolitiskt-program-plan\/#breadcrumb"},"inLanguage":"sv-SE","potentialAction":[{"@type":"ReadAction","target":["https:\/\/wp.kristdemokraterna.se\/lidkoping\/2011-10-25-kostpolitiskt-program-plan\/"]}]},{"@type":"BreadcrumbList","@id":"https:\/\/wp.kristdemokraterna.se\/lidkoping\/2011-10-25-kostpolitiskt-program-plan\/#breadcrumb","itemListElement":[{"@type":"ListItem","position":1,"name":"Hem","item":"https:\/\/wp.kristdemokraterna.se\/lidkoping\/"},{"@type":"ListItem","position":2,"name":"2011-10-25 Kostpolitiskt program\/plan"}]},{"@type":"WebSite","@id":"https:\/\/wp.kristdemokraterna.se\/lidkoping\/#website","url":"https:\/\/wp.kristdemokraterna.se\/lidkoping\/","name":"KRISTDEMOKRATERNA I LIDK\u00d6PING","description":"Kristdemokraterna Lidk\u00f6pings webbplats","inLanguage":"sv-SE"},{"@type":"Person","@id":"https:\/\/wp.kristdemokraterna.se\/lidkoping\/#\/schema\/person\/7f8ba7ff0c74105a76f47d4b6bf40509","name":"lidkoping","image":{"@type":"ImageObject","inLanguage":"sv-SE","@id":"https:\/\/secure.gravatar.com\/avatar\/c90f0ca6aeafe3a4ffc1ccdce0069e4815200dcb7eb6da103c5a1dc3d63fd538?s=96&r=g","url":"https:\/\/secure.gravatar.com\/avatar\/c90f0ca6aeafe3a4ffc1ccdce0069e4815200dcb7eb6da103c5a1dc3d63fd538?s=96&r=g","contentUrl":"https:\/\/secure.gravatar.com\/avatar\/c90f0ca6aeafe3a4ffc1ccdce0069e4815200dcb7eb6da103c5a1dc3d63fd538?s=96&r=g","caption":"lidkoping"},"url":"https:\/\/wp.kristdemokraterna.se\/lidkoping\/author\/lidkoping\/"}]}},"_links":{"self":[{"href":"https:\/\/wp.kristdemokraterna.se\/lidkoping\/wp-json\/wp\/v2\/posts\/155","targetHints":{"allow":["GET"]}}],"collection":[{"href":"https:\/\/wp.kristdemokraterna.se\/lidkoping\/wp-json\/wp\/v2\/posts"}],"about":[{"href":"https:\/\/wp.kristdemokraterna.se\/lidkoping\/wp-json\/wp\/v2\/types\/post"}],"author":[{"embeddable":true,"href":"https:\/\/wp.kristdemokraterna.se\/lidkoping\/wp-json\/wp\/v2\/users\/490"}],"replies":[{"embeddable":true,"href":"https:\/\/wp.kristdemokraterna.se\/lidkoping\/wp-json\/wp\/v2\/comments?post=155"}],"version-history":[{"count":1,"href":"https:\/\/wp.kristdemokraterna.se\/lidkoping\/wp-json\/wp\/v2\/posts\/155\/revisions"}],"predecessor-version":[{"id":156,"href":"https:\/\/wp.kristdemokraterna.se\/lidkoping\/wp-json\/wp\/v2\/posts\/155\/revisions\/156"}],"wp:attachment":[{"href":"https:\/\/wp.kristdemokraterna.se\/lidkoping\/wp-json\/wp\/v2\/media?parent=155"}],"wp:term":[{"taxonomy":"category","embeddable":true,"href":"https:\/\/wp.kristdemokraterna.se\/lidkoping\/wp-json\/wp\/v2\/categories?post=155"},{"taxonomy":"post_tag","embeddable":true,"href":"https:\/\/wp.kristdemokraterna.se\/lidkoping\/wp-json\/wp\/v2\/tags?post=155"}],"curies":[{"name":"wp","href":"https:\/\/api.w.org\/{rel}","templated":true}]}}