{"id":157,"date":"2011-10-28T10:14:01","date_gmt":"2011-10-28T08:14:01","guid":{"rendered":"http:\/\/wp.kristdemokraterna.se\/lidkoping\/?p=157"},"modified":"2014-05-12T10:30:21","modified_gmt":"2014-05-12T08:30:21","slug":"2011-10-28-en-tryggare-skola-forskolan-och-skolans-arbetsmiljo-kvalitetssakras-genom-certifiering","status":"publish","type":"post","link":"https:\/\/wp.kristdemokraterna.se\/lidkoping\/2011-10-28-en-tryggare-skola-forskolan-och-skolans-arbetsmiljo-kvalitetssakras-genom-certifiering\/","title":{"rendered":"2011-10-28 En tryggare skola &#8211; f\u00f6rskolan och skolans arbetsmilj\u00f6 kvalitetss\u00e4kras genom certifiering"},"content":{"rendered":"<p>Kristdemokraterna i Lidk\u00f6ping 28 okt 2011<\/p>\n<p>Motion till Lidk\u00f6pings Kommunfullm\u00e4ktige<\/p>\n<p>En tryggare skola &#8211; f\u00f6rskolan och skolans arbetsmilj\u00f6 kvalitetss\u00e4kras genom certifiering.<\/p>\n<p>Varje dag g\u00e5r \u00f6ver en miljon barn och ungdomar till sin arbetsplats, f\u00f6rskolan och skolan. F\u00f6r eleverna \u00e4r det den f\u00f6rsta kontakten med vuxenlivet utanf\u00f6r familjen. Den milj\u00f6 de upplever i skolan bidrar till att forma deras uppfattning om hur ett vuxenliv kommer att gestaltas. Det \u00e4r d\u00e4rf\u00f6r en demokratisk r\u00e4ttighet att de skall ha inflytande \u00f6ver sin arbetsmilj\u00f6 och aktivt delta i detta arbete. \/Barnkonventionen, skollagen\/. Elever har samma behov de som vuxna och som f\u00f6r\u00e4lder ska jag k\u00e4nna att mitt barns arbetsmilj\u00f6 \u00e4r s\u00e4kert och tryggt.<br \/>\nTyv\u00e4rr har skolan blivit en av de arbetsplatser som har de st\u00f6rsta arbetsmilj\u00f6problemen, inte minst de psykosociala. Bland problemen finns stress, v\u00e5ld, mobbning och trakasserier och brist p\u00e5 inflytande. Men \u00e4ven de fysiska problemen har \u00f6kat. Allt fler allvarliga olyckor i skolan anm\u00e4ls till arbetsmilj\u00f6verket. Varje \u00e5r skadas n\u00e4stan 30~000 elever i skolan att de m\u00e5ste upps\u00f6ka sjukhus eller v\u00e5rdcentral. Det inneb\u00e4r att flera elever \u00e4n f\u00f6rv\u00e4rvsarbetande per 1000 inv., skadas varje \u00e5r. I Lidk\u00f6ping fick \u00e5r 2008 485 barn, 6-12 \u00e5r, upps\u00f6ka sjukhus eller v\u00e5rdcentral. Antalet skador har \u00f6kat j\u00e4mf\u00f6rt med tidigare \u00e5r.<br \/>\nI olika lagar och f\u00f6rordningar finns inskrivet att skolan skall erbjuda en trygg och s\u00e4ker milj\u00f6, vilket \u00e4r en f\u00f6ruts\u00e4ttning f\u00f6r allt l\u00e4rande. Arbetsmilj\u00f6verkets regler omfattar alla oavsett arbetsplats, eftersom eleverna r\u00e4knas som arbetstagare men enligt de inspektioner som g\u00f6rs finns det stora brister n\u00e4r det g\u00e4ller efterlevnaden i skolan.<\/p>\n<p>Lidk\u00f6ping har av WHO certifierats som en s\u00e4ker och trygg kommun, vilket st\u00e4ller tydliga krav att alla medborgare oavsett \u00e5lder skall k\u00e4nna sig s\u00e4kra och trygga i sin milj\u00f6. Det finns kriterier som skall uppfyllas f\u00f6r att bli certifierad. I detta s\u00e4kerhetsprogram ing\u00e5r ocks\u00e5 skolan; Safe School.<br \/>\nVi f\u00f6resl\u00e5r<br \/>\natt Lidk\u00f6pings f\u00f6rskolor och skolor inom ramen f\u00f6r en S\u00e4ker och trygg kommun(Safe community) arbetar fram kriterier f\u00f6r att s\u00e4kerhetsst\u00e4lla elevernas trygghet och s\u00e4kerhet, vilket inneb\u00e4r :<br \/>\natt barn och elever ges \u00f6kat inflytande och delaktighet \u00f6ver sin arbetsmilj\u00f6,<br \/>\natt varje f\u00f6rskola och skola genomf\u00f6r ett systematiskt arbetsmilj\u00f6arbete enligt arbetsmilj\u00f6verkets f\u00f6reskrifter och checklista och att det omfattar s\u00e5v\u00e4l den fysiska som psykosociala milj\u00f6n,<br \/>\natt varje f\u00f6rskola och skola antar en 0- vision f\u00f6r tillbud och skador genom att arbeta med tillbuds-och skaderegistrering,<br \/>\natt arbetsmilj\u00f6arbetet genomf\u00f6rs i samverkan med andra f\u00f6rvaltningar, folkh\u00e4lsor\u00e5det och myndigheter som r\u00e4ddningstj\u00e4nst, polis, frivilliga organisationer,<br \/>\natt inom ramen f\u00f6r WHOS: kriterier varje f\u00f6rskola och skola arbetsmilj\u00f6certifieras som Safe Schools \/S\u00e4kra och trygga skolor\/.<\/p>\n<p>&nbsp;<\/p>\n<p>F\u00f6r Kristdemokraterna i Lidk\u00f6ping 28 okt. 2011<\/p>\n<p>Anders Ader \u00a0 \u00a0 \u00a0 \u00a0 \u00a0 \u00a0 \u00a0 \u00a0 \u00a0 \u00a0 \u00a0 \u00a0 \u00a0 \u00a0 \u00a0 \u00a0 \u00a0 \u00a0 \u00a0 \u00a0 \u00a0 \u00a0 \u00a0 Marcus Edstr\u00f6m<\/p>\n<p>Ledamot i barn och skoln\u00e4mnden \u00a0 \u00a0 \u00a0 \u00a0 \u00a0 \u00a0\u00a0Ers\u00e4ttare i Barn och skoln\u00e4mnden<\/p>\n<p>Motionen upptas som en gruppmotion<\/p>\n<p>Tommy Larsson, gruppledare<\/p>\n","protected":false},"excerpt":{"rendered":"<p>Kristdemokraterna i Lidk\u00f6ping 28 okt 2011 Motion till Lidk\u00f6pings Kommunfullm\u00e4ktige En tryggare skola &#8211; f\u00f6rskolan och skolans arbetsmilj\u00f6 kvalitetss\u00e4kras genom certifiering. Varje dag g\u00e5r \u00f6ver en miljon barn och ungdomar till sin arbetsplats, f\u00f6rskolan och skolan. F\u00f6r eleverna \u00e4r det den f\u00f6rsta kontakten med vuxenlivet utanf\u00f6r familjen. Den milj\u00f6 de upplever i skolan bidrar till <a class=\"read-more-link\" href=\"https:\/\/wp.kristdemokraterna.se\/lidkoping\/2011-10-28-en-tryggare-skola-forskolan-och-skolans-arbetsmiljo-kvalitetssakras-genom-certifiering\/\">Read More<\/a><\/p>\n","protected":false},"author":490,"featured_media":0,"comment_status":"closed","ping_status":"closed","sticky":false,"template":"","format":"standard","meta":{"_acf_changed":false,"footnotes":""},"categories":[6,12],"tags":[8],"class_list":["post-157","post","type-post","status-publish","format-standard","hentry","category-motioner","category-motioner-2011","tag-motion"],"acf":[],"yoast_head":"<!-- This site is optimized with the Yoast SEO plugin v27.5 - https:\/\/yoast.com\/product\/yoast-seo-wordpress\/ -->\n<title>2011-10-28 En tryggare skola - f\u00f6rskolan och skolans arbetsmilj\u00f6 kvalitetss\u00e4kras genom certifiering - KRISTDEMOKRATERNA I LIDK\u00d6PING<\/title>\n<meta name=\"robots\" content=\"index, follow, max-snippet:-1, max-image-preview:large, max-video-preview:-1\" \/>\n<link rel=\"canonical\" href=\"https:\/\/wp.kristdemokraterna.se\/lidkoping\/2011-10-28-en-tryggare-skola-forskolan-och-skolans-arbetsmiljo-kvalitetssakras-genom-certifiering\/\" \/>\n<meta property=\"og:locale\" content=\"sv_SE\" \/>\n<meta property=\"og:type\" content=\"article\" \/>\n<meta property=\"og:title\" content=\"2011-10-28 En tryggare skola - f\u00f6rskolan och skolans arbetsmilj\u00f6 kvalitetss\u00e4kras genom certifiering - KRISTDEMOKRATERNA I LIDK\u00d6PING\" \/>\n<meta property=\"og:description\" content=\"Kristdemokraterna i Lidk\u00f6ping 28 okt 2011 Motion till Lidk\u00f6pings Kommunfullm\u00e4ktige En tryggare skola &#8211; f\u00f6rskolan och skolans arbetsmilj\u00f6 kvalitetss\u00e4kras genom certifiering. Varje dag g\u00e5r \u00f6ver en miljon barn och ungdomar till sin arbetsplats, f\u00f6rskolan och skolan. F\u00f6r eleverna \u00e4r det den f\u00f6rsta kontakten med vuxenlivet utanf\u00f6r familjen. Den milj\u00f6 de upplever i skolan bidrar till Read More\" \/>\n<meta property=\"og:url\" content=\"https:\/\/wp.kristdemokraterna.se\/lidkoping\/2011-10-28-en-tryggare-skola-forskolan-och-skolans-arbetsmiljo-kvalitetssakras-genom-certifiering\/\" \/>\n<meta property=\"og:site_name\" content=\"KRISTDEMOKRATERNA I LIDK\u00d6PING\" \/>\n<meta property=\"article:published_time\" content=\"2011-10-28T08:14:01+00:00\" \/>\n<meta property=\"article:modified_time\" content=\"2014-05-12T08:30:21+00:00\" \/>\n<meta name=\"author\" content=\"lidkoping\" \/>\n<meta name=\"twitter:card\" content=\"summary_large_image\" \/>\n<meta name=\"twitter:label1\" content=\"Skriven av\" \/>\n\t<meta name=\"twitter:data1\" content=\"lidkoping\" \/>\n\t<meta name=\"twitter:label2\" content=\"Ber\u00e4knad l\u00e4stid\" \/>\n\t<meta name=\"twitter:data2\" content=\"3 minuter\" \/>\n<script type=\"application\/ld+json\" class=\"yoast-schema-graph\">{\"@context\":\"https:\\\/\\\/schema.org\",\"@graph\":[{\"@type\":\"Article\",\"@id\":\"https:\\\/\\\/wp.kristdemokraterna.se\\\/lidkoping\\\/2011-10-28-en-tryggare-skola-forskolan-och-skolans-arbetsmiljo-kvalitetssakras-genom-certifiering\\\/#article\",\"isPartOf\":{\"@id\":\"https:\\\/\\\/wp.kristdemokraterna.se\\\/lidkoping\\\/2011-10-28-en-tryggare-skola-forskolan-och-skolans-arbetsmiljo-kvalitetssakras-genom-certifiering\\\/\"},\"author\":{\"name\":\"lidkoping\",\"@id\":\"https:\\\/\\\/wp.kristdemokraterna.se\\\/lidkoping\\\/#\\\/schema\\\/person\\\/7f8ba7ff0c74105a76f47d4b6bf40509\"},\"headline\":\"2011-10-28 En tryggare skola &#8211; f\u00f6rskolan och skolans arbetsmilj\u00f6 kvalitetss\u00e4kras genom certifiering\",\"datePublished\":\"2011-10-28T08:14:01+00:00\",\"dateModified\":\"2014-05-12T08:30:21+00:00\",\"mainEntityOfPage\":{\"@id\":\"https:\\\/\\\/wp.kristdemokraterna.se\\\/lidkoping\\\/2011-10-28-en-tryggare-skola-forskolan-och-skolans-arbetsmiljo-kvalitetssakras-genom-certifiering\\\/\"},\"wordCount\":547,\"keywords\":[\"motion\"],\"articleSection\":[\"Motioner\",\"Motioner 2011\"],\"inLanguage\":\"sv-SE\"},{\"@type\":\"WebPage\",\"@id\":\"https:\\\/\\\/wp.kristdemokraterna.se\\\/lidkoping\\\/2011-10-28-en-tryggare-skola-forskolan-och-skolans-arbetsmiljo-kvalitetssakras-genom-certifiering\\\/\",\"url\":\"https:\\\/\\\/wp.kristdemokraterna.se\\\/lidkoping\\\/2011-10-28-en-tryggare-skola-forskolan-och-skolans-arbetsmiljo-kvalitetssakras-genom-certifiering\\\/\",\"name\":\"2011-10-28 En tryggare skola - f\u00f6rskolan och skolans arbetsmilj\u00f6 kvalitetss\u00e4kras genom certifiering - KRISTDEMOKRATERNA I LIDK\u00d6PING\",\"isPartOf\":{\"@id\":\"https:\\\/\\\/wp.kristdemokraterna.se\\\/lidkoping\\\/#website\"},\"datePublished\":\"2011-10-28T08:14:01+00:00\",\"dateModified\":\"2014-05-12T08:30:21+00:00\",\"author\":{\"@id\":\"https:\\\/\\\/wp.kristdemokraterna.se\\\/lidkoping\\\/#\\\/schema\\\/person\\\/7f8ba7ff0c74105a76f47d4b6bf40509\"},\"breadcrumb\":{\"@id\":\"https:\\\/\\\/wp.kristdemokraterna.se\\\/lidkoping\\\/2011-10-28-en-tryggare-skola-forskolan-och-skolans-arbetsmiljo-kvalitetssakras-genom-certifiering\\\/#breadcrumb\"},\"inLanguage\":\"sv-SE\",\"potentialAction\":[{\"@type\":\"ReadAction\",\"target\":[\"https:\\\/\\\/wp.kristdemokraterna.se\\\/lidkoping\\\/2011-10-28-en-tryggare-skola-forskolan-och-skolans-arbetsmiljo-kvalitetssakras-genom-certifiering\\\/\"]}]},{\"@type\":\"BreadcrumbList\",\"@id\":\"https:\\\/\\\/wp.kristdemokraterna.se\\\/lidkoping\\\/2011-10-28-en-tryggare-skola-forskolan-och-skolans-arbetsmiljo-kvalitetssakras-genom-certifiering\\\/#breadcrumb\",\"itemListElement\":[{\"@type\":\"ListItem\",\"position\":1,\"name\":\"Hem\",\"item\":\"https:\\\/\\\/wp.kristdemokraterna.se\\\/lidkoping\\\/\"},{\"@type\":\"ListItem\",\"position\":2,\"name\":\"2011-10-28 En tryggare skola &#8211; f\u00f6rskolan och skolans arbetsmilj\u00f6 kvalitetss\u00e4kras genom certifiering\"}]},{\"@type\":\"WebSite\",\"@id\":\"https:\\\/\\\/wp.kristdemokraterna.se\\\/lidkoping\\\/#website\",\"url\":\"https:\\\/\\\/wp.kristdemokraterna.se\\\/lidkoping\\\/\",\"name\":\"KRISTDEMOKRATERNA I LIDK\u00d6PING\",\"description\":\"Kristdemokraterna Lidk\u00f6pings webbplats\",\"inLanguage\":\"sv-SE\"},{\"@type\":\"Person\",\"@id\":\"https:\\\/\\\/wp.kristdemokraterna.se\\\/lidkoping\\\/#\\\/schema\\\/person\\\/7f8ba7ff0c74105a76f47d4b6bf40509\",\"name\":\"lidkoping\",\"image\":{\"@type\":\"ImageObject\",\"inLanguage\":\"sv-SE\",\"@id\":\"https:\\\/\\\/secure.gravatar.com\\\/avatar\\\/c90f0ca6aeafe3a4ffc1ccdce0069e4815200dcb7eb6da103c5a1dc3d63fd538?s=96&r=g\",\"url\":\"https:\\\/\\\/secure.gravatar.com\\\/avatar\\\/c90f0ca6aeafe3a4ffc1ccdce0069e4815200dcb7eb6da103c5a1dc3d63fd538?s=96&r=g\",\"contentUrl\":\"https:\\\/\\\/secure.gravatar.com\\\/avatar\\\/c90f0ca6aeafe3a4ffc1ccdce0069e4815200dcb7eb6da103c5a1dc3d63fd538?s=96&r=g\",\"caption\":\"lidkoping\"},\"url\":\"https:\\\/\\\/wp.kristdemokraterna.se\\\/lidkoping\\\/author\\\/lidkoping\\\/\"}]}<\/script>\n<!-- \/ Yoast SEO plugin. -->","yoast_head_json":{"title":"2011-10-28 En tryggare skola - f\u00f6rskolan och skolans arbetsmilj\u00f6 kvalitetss\u00e4kras genom certifiering - KRISTDEMOKRATERNA I LIDK\u00d6PING","robots":{"index":"index","follow":"follow","max-snippet":"max-snippet:-1","max-image-preview":"max-image-preview:large","max-video-preview":"max-video-preview:-1"},"canonical":"https:\/\/wp.kristdemokraterna.se\/lidkoping\/2011-10-28-en-tryggare-skola-forskolan-och-skolans-arbetsmiljo-kvalitetssakras-genom-certifiering\/","og_locale":"sv_SE","og_type":"article","og_title":"2011-10-28 En tryggare skola - f\u00f6rskolan och skolans arbetsmilj\u00f6 kvalitetss\u00e4kras genom certifiering - KRISTDEMOKRATERNA I LIDK\u00d6PING","og_description":"Kristdemokraterna i Lidk\u00f6ping 28 okt 2011 Motion till Lidk\u00f6pings Kommunfullm\u00e4ktige En tryggare skola &#8211; f\u00f6rskolan och skolans arbetsmilj\u00f6 kvalitetss\u00e4kras genom certifiering. Varje dag g\u00e5r \u00f6ver en miljon barn och ungdomar till sin arbetsplats, f\u00f6rskolan och skolan. F\u00f6r eleverna \u00e4r det den f\u00f6rsta kontakten med vuxenlivet utanf\u00f6r familjen. Den milj\u00f6 de upplever i skolan bidrar till Read More","og_url":"https:\/\/wp.kristdemokraterna.se\/lidkoping\/2011-10-28-en-tryggare-skola-forskolan-och-skolans-arbetsmiljo-kvalitetssakras-genom-certifiering\/","og_site_name":"KRISTDEMOKRATERNA I LIDK\u00d6PING","article_published_time":"2011-10-28T08:14:01+00:00","article_modified_time":"2014-05-12T08:30:21+00:00","author":"lidkoping","twitter_card":"summary_large_image","twitter_misc":{"Skriven av":"lidkoping","Ber\u00e4knad l\u00e4stid":"3 minuter"},"schema":{"@context":"https:\/\/schema.org","@graph":[{"@type":"Article","@id":"https:\/\/wp.kristdemokraterna.se\/lidkoping\/2011-10-28-en-tryggare-skola-forskolan-och-skolans-arbetsmiljo-kvalitetssakras-genom-certifiering\/#article","isPartOf":{"@id":"https:\/\/wp.kristdemokraterna.se\/lidkoping\/2011-10-28-en-tryggare-skola-forskolan-och-skolans-arbetsmiljo-kvalitetssakras-genom-certifiering\/"},"author":{"name":"lidkoping","@id":"https:\/\/wp.kristdemokraterna.se\/lidkoping\/#\/schema\/person\/7f8ba7ff0c74105a76f47d4b6bf40509"},"headline":"2011-10-28 En tryggare skola &#8211; f\u00f6rskolan och skolans arbetsmilj\u00f6 kvalitetss\u00e4kras genom certifiering","datePublished":"2011-10-28T08:14:01+00:00","dateModified":"2014-05-12T08:30:21+00:00","mainEntityOfPage":{"@id":"https:\/\/wp.kristdemokraterna.se\/lidkoping\/2011-10-28-en-tryggare-skola-forskolan-och-skolans-arbetsmiljo-kvalitetssakras-genom-certifiering\/"},"wordCount":547,"keywords":["motion"],"articleSection":["Motioner","Motioner 2011"],"inLanguage":"sv-SE"},{"@type":"WebPage","@id":"https:\/\/wp.kristdemokraterna.se\/lidkoping\/2011-10-28-en-tryggare-skola-forskolan-och-skolans-arbetsmiljo-kvalitetssakras-genom-certifiering\/","url":"https:\/\/wp.kristdemokraterna.se\/lidkoping\/2011-10-28-en-tryggare-skola-forskolan-och-skolans-arbetsmiljo-kvalitetssakras-genom-certifiering\/","name":"2011-10-28 En tryggare skola - f\u00f6rskolan och skolans arbetsmilj\u00f6 kvalitetss\u00e4kras genom certifiering - KRISTDEMOKRATERNA I LIDK\u00d6PING","isPartOf":{"@id":"https:\/\/wp.kristdemokraterna.se\/lidkoping\/#website"},"datePublished":"2011-10-28T08:14:01+00:00","dateModified":"2014-05-12T08:30:21+00:00","author":{"@id":"https:\/\/wp.kristdemokraterna.se\/lidkoping\/#\/schema\/person\/7f8ba7ff0c74105a76f47d4b6bf40509"},"breadcrumb":{"@id":"https:\/\/wp.kristdemokraterna.se\/lidkoping\/2011-10-28-en-tryggare-skola-forskolan-och-skolans-arbetsmiljo-kvalitetssakras-genom-certifiering\/#breadcrumb"},"inLanguage":"sv-SE","potentialAction":[{"@type":"ReadAction","target":["https:\/\/wp.kristdemokraterna.se\/lidkoping\/2011-10-28-en-tryggare-skola-forskolan-och-skolans-arbetsmiljo-kvalitetssakras-genom-certifiering\/"]}]},{"@type":"BreadcrumbList","@id":"https:\/\/wp.kristdemokraterna.se\/lidkoping\/2011-10-28-en-tryggare-skola-forskolan-och-skolans-arbetsmiljo-kvalitetssakras-genom-certifiering\/#breadcrumb","itemListElement":[{"@type":"ListItem","position":1,"name":"Hem","item":"https:\/\/wp.kristdemokraterna.se\/lidkoping\/"},{"@type":"ListItem","position":2,"name":"2011-10-28 En tryggare skola &#8211; f\u00f6rskolan och skolans arbetsmilj\u00f6 kvalitetss\u00e4kras genom certifiering"}]},{"@type":"WebSite","@id":"https:\/\/wp.kristdemokraterna.se\/lidkoping\/#website","url":"https:\/\/wp.kristdemokraterna.se\/lidkoping\/","name":"KRISTDEMOKRATERNA I LIDK\u00d6PING","description":"Kristdemokraterna Lidk\u00f6pings webbplats","inLanguage":"sv-SE"},{"@type":"Person","@id":"https:\/\/wp.kristdemokraterna.se\/lidkoping\/#\/schema\/person\/7f8ba7ff0c74105a76f47d4b6bf40509","name":"lidkoping","image":{"@type":"ImageObject","inLanguage":"sv-SE","@id":"https:\/\/secure.gravatar.com\/avatar\/c90f0ca6aeafe3a4ffc1ccdce0069e4815200dcb7eb6da103c5a1dc3d63fd538?s=96&r=g","url":"https:\/\/secure.gravatar.com\/avatar\/c90f0ca6aeafe3a4ffc1ccdce0069e4815200dcb7eb6da103c5a1dc3d63fd538?s=96&r=g","contentUrl":"https:\/\/secure.gravatar.com\/avatar\/c90f0ca6aeafe3a4ffc1ccdce0069e4815200dcb7eb6da103c5a1dc3d63fd538?s=96&r=g","caption":"lidkoping"},"url":"https:\/\/wp.kristdemokraterna.se\/lidkoping\/author\/lidkoping\/"}]}},"_links":{"self":[{"href":"https:\/\/wp.kristdemokraterna.se\/lidkoping\/wp-json\/wp\/v2\/posts\/157","targetHints":{"allow":["GET"]}}],"collection":[{"href":"https:\/\/wp.kristdemokraterna.se\/lidkoping\/wp-json\/wp\/v2\/posts"}],"about":[{"href":"https:\/\/wp.kristdemokraterna.se\/lidkoping\/wp-json\/wp\/v2\/types\/post"}],"author":[{"embeddable":true,"href":"https:\/\/wp.kristdemokraterna.se\/lidkoping\/wp-json\/wp\/v2\/users\/490"}],"replies":[{"embeddable":true,"href":"https:\/\/wp.kristdemokraterna.se\/lidkoping\/wp-json\/wp\/v2\/comments?post=157"}],"version-history":[{"count":1,"href":"https:\/\/wp.kristdemokraterna.se\/lidkoping\/wp-json\/wp\/v2\/posts\/157\/revisions"}],"predecessor-version":[{"id":158,"href":"https:\/\/wp.kristdemokraterna.se\/lidkoping\/wp-json\/wp\/v2\/posts\/157\/revisions\/158"}],"wp:attachment":[{"href":"https:\/\/wp.kristdemokraterna.se\/lidkoping\/wp-json\/wp\/v2\/media?parent=157"}],"wp:term":[{"taxonomy":"category","embeddable":true,"href":"https:\/\/wp.kristdemokraterna.se\/lidkoping\/wp-json\/wp\/v2\/categories?post=157"},{"taxonomy":"post_tag","embeddable":true,"href":"https:\/\/wp.kristdemokraterna.se\/lidkoping\/wp-json\/wp\/v2\/tags?post=157"}],"curies":[{"name":"wp","href":"https:\/\/api.w.org\/{rel}","templated":true}]}}