{"id":161,"date":"2012-04-28T10:17:18","date_gmt":"2012-04-28T08:17:18","guid":{"rendered":"http:\/\/wp.kristdemokraterna.se\/lidkoping\/?p=161"},"modified":"2026-02-03T23:25:39","modified_gmt":"2026-02-03T22:25:39","slug":"2012-04-28-helhetsperspektiv-for-stod-till-familj-barn-och-ungdom-en-investering-for-framtiden","status":"publish","type":"post","link":"https:\/\/wp.kristdemokraterna.se\/lidkoping\/2012-04-28-helhetsperspektiv-for-stod-till-familj-barn-och-ungdom-en-investering-for-framtiden\/","title":{"rendered":"Helhetsperspektiv f\u00f6r st\u00f6d till familj, barn och ungdom \u2013 en investering f\u00f6r framtiden"},"content":{"rendered":"<p>Kristdemokraterna Lidk\u00f6ping den 28 april 2012<\/p>\n<p>Motion till kommunfullm\u00e4ktige<\/p>\n<p>Helhetsperspektiv f\u00f6r st\u00f6d till familj, barn och ungdom \u2013 en investering f\u00f6r framtiden<\/p>\n<p>N\u00e4r det g\u00e4ller st\u00f6d och hj\u00e4lp till barn, ungdomar och f\u00f6r\u00e4ldrar finns krav p\u00e5 helhetsperspektiv och samverkan mellan olika akt\u00f6rer och verksamheter inom omr\u00e5det familj, barn och ungdom. Det traditionella s\u00e4ttet \u00e4r att utg\u00e5 fr\u00e5n olika politikeromr\u00e5den s\u00e5som familjepolitik, utbildningspolitik och kulturpolitik. Denna organisation \u00e4r m\u00e5nga g\u00e5nger relevant men oftast har den sin grund i administrativa orsaker.<br \/>\nEn samverkan och en helhetssyn mellan dessa olika verksamheter har visat sig sv\u00e5r att uppn\u00e5. N\u00f6dv\u00e4ndigheten av att samla all kompetens f\u00f6r st\u00f6d till familjen, barn och ungdom har alltmer uppm\u00e4rksammats. Vid den temadag, som h\u00f6lls i mars 2012 f\u00f6r kommunens politiker och tj\u00e4nstem\u00e4n kring barns och elevers sociala h\u00e4lsa, presenterades \u201d Utv\u00e4rdering av kommunens arbete f\u00f6r barn och unga i utsatthet 2011\u201d. Denna utredning visar att samtliga f\u00f6rvaltningar k\u00e4nner behov av att samverka mer med \u00f6vriga f\u00f6rvaltningar. Framf\u00f6r allt med Social och arbetsmarknad samt Barn och skola. Svarande inom Social och arbetsmarknad k\u00e4nner st\u00f6rst behov av att samarbeta med Barn och skola, V\u00e5rd och omsorg samt Utbildning.<br \/>\nVi Kristdemokrater anser att denna kunskap m\u00e5ste tas tillvara i f\u00f6rvaltningarna och snarast leda till handling.<br \/>\nFamiljecentralen \u00e4r ett tydligt exempel p\u00e5 hur st\u00f6d till familj och barn utg\u00e5r fr\u00e5n ett helhetsperspektiv. VOSA-projektet \u00e4r ett annat samarbetsprojekt mellan V\u00e5rd och omsorgsf\u00f6rvaltning och Social och arbetsmarknadsenheten f\u00f6r att utveckla samordning av insatser f\u00f6r barn och ungdom. Vi anser d\u00e4rf\u00f6r att Barn och skola knyts till denna samverkan.<br \/>\nF\u00f6r att stimulera och utveckla ett funktionellt samarbete \u00e4r lokalfr\u00e5gan viktig. N\u00e4r nu Barn och elevh\u00e4lsan s\u00f6ker nya lokaler vill vi aktualisera lokalfr\u00e5gan f\u00f6r att stimulera en framtida samordning f\u00f6r de enheter inom Social och arbetsmarknadsn\u00e4mnden, V\u00e5rd och omsorgsn\u00e4mnden och Barn och skoln\u00e4mnden som arbetar med st\u00f6d till familjer, barn och ungdom.<br \/>\nDet finns nu goda f\u00f6ruts\u00e4ttningar i kommunen att utveckla tidiga insatser f\u00f6r att f\u00f6rebygga oh\u00e4lsa f\u00f6r familjen, barn och unga. F\u00f6r att uppn\u00e5 detta \u00e4r det n\u00f6dv\u00e4ndigt med en gemensam helhetssyn, fungerande samarbete och en samsyn att prioritera l\u00e5ngsiktigt i m\u00e4nniskor.<br \/>\nRapporten \u201d Att investera i framtiden\u201d, som presenterades p\u00e5 temadagen, visar p\u00e5 att samverkan p\u00e5 l\u00e5ng sikt blir en l\u00f6nsam investering . Rapporten har tv\u00e5 centrala slutsatser:<br \/>\natt vi m\u00e5ste arbeta \u00f6ver f\u00f6rvaltningsgr\u00e4nserna,<br \/>\natt vi m\u00e5ste t\u00e4nka och r\u00e4kna l\u00e5ngsiktigt.<\/p>\n<p>Kristdemokraterna i Lidk\u00f6ping f\u00f6resl\u00e5r d\u00e4rf\u00f6r<br \/>\natt en unders\u00f6kning snarast g\u00f6rs hur st\u00f6dinsatser f\u00f6r familj, barn och ungdom utifr\u00e5n ett helhetsperspektiv samordnas,<br \/>\natt unders\u00f6ka hur lokalfr\u00e5gan kan \u00f6ka samarbete och samordning mellan de enheter som ansvarar f\u00f6r st\u00f6d till familj, barn och ungdom.<\/p>\n<p>Kristdemokraterna i Lidk\u00f6ping den 28 april 2012<\/p>\n<p>Anders Ader, Carina Karlsson, ledamot i Barn och skoln\u00e4mnden ledamot i Social och arbetsmarknadsn\u00e4mnden<\/p>\n<p>&nbsp;<\/p>\n<p>Maj Ader<\/p>\n<p>2:e v.ordf. V\u00e5rd och omsorgsn\u00e4mnden<\/p>\n<p>Tommy Larsson<\/p>\n<p>gruppledare f\u00f6r Kristdemokraterna i fullm\u00e4ktige<\/p>\n","protected":false},"excerpt":{"rendered":"<p>Kristdemokraterna Lidk\u00f6ping den 28 april 2012 Motion till kommunfullm\u00e4ktige Helhetsperspektiv f\u00f6r st\u00f6d till familj, barn och ungdom \u2013 en investering f\u00f6r framtiden N\u00e4r det g\u00e4ller st\u00f6d och hj\u00e4lp till barn, ungdomar och f\u00f6r\u00e4ldrar finns krav p\u00e5 helhetsperspektiv och samverkan mellan olika akt\u00f6rer och verksamheter inom omr\u00e5det familj, barn och ungdom. Det traditionella s\u00e4ttet \u00e4r att <a class=\"read-more-link\" href=\"https:\/\/wp.kristdemokraterna.se\/lidkoping\/2012-04-28-helhetsperspektiv-for-stod-till-familj-barn-och-ungdom-en-investering-for-framtiden\/\">Read More<\/a><\/p>\n","protected":false},"author":490,"featured_media":0,"comment_status":"closed","ping_status":"closed","sticky":false,"template":"","format":"standard","meta":{"_acf_changed":false,"footnotes":""},"categories":[6,13],"tags":[8],"class_list":["post-161","post","type-post","status-publish","format-standard","hentry","category-motioner","category-motioner-2012","tag-motion"],"acf":[],"yoast_head":"<!-- This site is optimized with the Yoast SEO plugin v27.4 - https:\/\/yoast.com\/product\/yoast-seo-wordpress\/ -->\n<title>Helhetsperspektiv f\u00f6r st\u00f6d till familj, barn och ungdom \u2013 en investering f\u00f6r framtiden - KRISTDEMOKRATERNA I LIDK\u00d6PING<\/title>\n<meta name=\"robots\" content=\"index, follow, max-snippet:-1, max-image-preview:large, max-video-preview:-1\" \/>\n<link rel=\"canonical\" href=\"https:\/\/wp.kristdemokraterna.se\/lidkoping\/2012-04-28-helhetsperspektiv-for-stod-till-familj-barn-och-ungdom-en-investering-for-framtiden\/\" \/>\n<meta property=\"og:locale\" content=\"sv_SE\" \/>\n<meta property=\"og:type\" content=\"article\" \/>\n<meta property=\"og:title\" content=\"Helhetsperspektiv f\u00f6r st\u00f6d till familj, barn och ungdom \u2013 en investering f\u00f6r framtiden - KRISTDEMOKRATERNA I LIDK\u00d6PING\" \/>\n<meta property=\"og:description\" content=\"Kristdemokraterna Lidk\u00f6ping den 28 april 2012 Motion till kommunfullm\u00e4ktige Helhetsperspektiv f\u00f6r st\u00f6d till familj, barn och ungdom \u2013 en investering f\u00f6r framtiden N\u00e4r det g\u00e4ller st\u00f6d och hj\u00e4lp till barn, ungdomar och f\u00f6r\u00e4ldrar finns krav p\u00e5 helhetsperspektiv och samverkan mellan olika akt\u00f6rer och verksamheter inom omr\u00e5det familj, barn och ungdom. Det traditionella s\u00e4ttet \u00e4r att Read More\" \/>\n<meta property=\"og:url\" content=\"https:\/\/wp.kristdemokraterna.se\/lidkoping\/2012-04-28-helhetsperspektiv-for-stod-till-familj-barn-och-ungdom-en-investering-for-framtiden\/\" \/>\n<meta property=\"og:site_name\" content=\"KRISTDEMOKRATERNA I LIDK\u00d6PING\" \/>\n<meta property=\"article:published_time\" content=\"2012-04-28T08:17:18+00:00\" \/>\n<meta property=\"article:modified_time\" content=\"2026-02-03T22:25:39+00:00\" \/>\n<meta name=\"author\" content=\"lidkoping\" \/>\n<meta name=\"twitter:card\" content=\"summary_large_image\" \/>\n<meta name=\"twitter:label1\" content=\"Skriven av\" \/>\n\t<meta name=\"twitter:data1\" content=\"lidkoping\" \/>\n\t<meta name=\"twitter:label2\" content=\"Ber\u00e4knad l\u00e4stid\" \/>\n\t<meta name=\"twitter:data2\" content=\"3 minuter\" \/>\n<script type=\"application\/ld+json\" class=\"yoast-schema-graph\">{\"@context\":\"https:\\\/\\\/schema.org\",\"@graph\":[{\"@type\":\"Article\",\"@id\":\"https:\\\/\\\/wp.kristdemokraterna.se\\\/lidkoping\\\/2012-04-28-helhetsperspektiv-for-stod-till-familj-barn-och-ungdom-en-investering-for-framtiden\\\/#article\",\"isPartOf\":{\"@id\":\"https:\\\/\\\/wp.kristdemokraterna.se\\\/lidkoping\\\/2012-04-28-helhetsperspektiv-for-stod-till-familj-barn-och-ungdom-en-investering-for-framtiden\\\/\"},\"author\":{\"name\":\"lidkoping\",\"@id\":\"https:\\\/\\\/wp.kristdemokraterna.se\\\/lidkoping\\\/#\\\/schema\\\/person\\\/7f8ba7ff0c74105a76f47d4b6bf40509\"},\"headline\":\"Helhetsperspektiv f\u00f6r st\u00f6d till familj, barn och ungdom \u2013 en investering f\u00f6r framtiden\",\"datePublished\":\"2012-04-28T08:17:18+00:00\",\"dateModified\":\"2026-02-03T22:25:39+00:00\",\"mainEntityOfPage\":{\"@id\":\"https:\\\/\\\/wp.kristdemokraterna.se\\\/lidkoping\\\/2012-04-28-helhetsperspektiv-for-stod-till-familj-barn-och-ungdom-en-investering-for-framtiden\\\/\"},\"wordCount\":574,\"keywords\":[\"motion\"],\"articleSection\":[\"Motioner\",\"Motioner 2012\"],\"inLanguage\":\"sv-SE\"},{\"@type\":\"WebPage\",\"@id\":\"https:\\\/\\\/wp.kristdemokraterna.se\\\/lidkoping\\\/2012-04-28-helhetsperspektiv-for-stod-till-familj-barn-och-ungdom-en-investering-for-framtiden\\\/\",\"url\":\"https:\\\/\\\/wp.kristdemokraterna.se\\\/lidkoping\\\/2012-04-28-helhetsperspektiv-for-stod-till-familj-barn-och-ungdom-en-investering-for-framtiden\\\/\",\"name\":\"Helhetsperspektiv f\u00f6r st\u00f6d till familj, barn och ungdom \u2013 en investering f\u00f6r framtiden - KRISTDEMOKRATERNA I LIDK\u00d6PING\",\"isPartOf\":{\"@id\":\"https:\\\/\\\/wp.kristdemokraterna.se\\\/lidkoping\\\/#website\"},\"datePublished\":\"2012-04-28T08:17:18+00:00\",\"dateModified\":\"2026-02-03T22:25:39+00:00\",\"author\":{\"@id\":\"https:\\\/\\\/wp.kristdemokraterna.se\\\/lidkoping\\\/#\\\/schema\\\/person\\\/7f8ba7ff0c74105a76f47d4b6bf40509\"},\"breadcrumb\":{\"@id\":\"https:\\\/\\\/wp.kristdemokraterna.se\\\/lidkoping\\\/2012-04-28-helhetsperspektiv-for-stod-till-familj-barn-och-ungdom-en-investering-for-framtiden\\\/#breadcrumb\"},\"inLanguage\":\"sv-SE\",\"potentialAction\":[{\"@type\":\"ReadAction\",\"target\":[\"https:\\\/\\\/wp.kristdemokraterna.se\\\/lidkoping\\\/2012-04-28-helhetsperspektiv-for-stod-till-familj-barn-och-ungdom-en-investering-for-framtiden\\\/\"]}]},{\"@type\":\"BreadcrumbList\",\"@id\":\"https:\\\/\\\/wp.kristdemokraterna.se\\\/lidkoping\\\/2012-04-28-helhetsperspektiv-for-stod-till-familj-barn-och-ungdom-en-investering-for-framtiden\\\/#breadcrumb\",\"itemListElement\":[{\"@type\":\"ListItem\",\"position\":1,\"name\":\"Hem\",\"item\":\"https:\\\/\\\/wp.kristdemokraterna.se\\\/lidkoping\\\/\"},{\"@type\":\"ListItem\",\"position\":2,\"name\":\"Helhetsperspektiv f\u00f6r st\u00f6d till familj, barn och ungdom \u2013 en investering f\u00f6r framtiden\"}]},{\"@type\":\"WebSite\",\"@id\":\"https:\\\/\\\/wp.kristdemokraterna.se\\\/lidkoping\\\/#website\",\"url\":\"https:\\\/\\\/wp.kristdemokraterna.se\\\/lidkoping\\\/\",\"name\":\"KRISTDEMOKRATERNA I LIDK\u00d6PING\",\"description\":\"Kristdemokraterna Lidk\u00f6pings webbplats\",\"inLanguage\":\"sv-SE\"},{\"@type\":\"Person\",\"@id\":\"https:\\\/\\\/wp.kristdemokraterna.se\\\/lidkoping\\\/#\\\/schema\\\/person\\\/7f8ba7ff0c74105a76f47d4b6bf40509\",\"name\":\"lidkoping\",\"image\":{\"@type\":\"ImageObject\",\"inLanguage\":\"sv-SE\",\"@id\":\"https:\\\/\\\/secure.gravatar.com\\\/avatar\\\/c90f0ca6aeafe3a4ffc1ccdce0069e4815200dcb7eb6da103c5a1dc3d63fd538?s=96&r=g\",\"url\":\"https:\\\/\\\/secure.gravatar.com\\\/avatar\\\/c90f0ca6aeafe3a4ffc1ccdce0069e4815200dcb7eb6da103c5a1dc3d63fd538?s=96&r=g\",\"contentUrl\":\"https:\\\/\\\/secure.gravatar.com\\\/avatar\\\/c90f0ca6aeafe3a4ffc1ccdce0069e4815200dcb7eb6da103c5a1dc3d63fd538?s=96&r=g\",\"caption\":\"lidkoping\"},\"url\":\"https:\\\/\\\/wp.kristdemokraterna.se\\\/lidkoping\\\/author\\\/lidkoping\\\/\"}]}<\/script>\n<!-- \/ Yoast SEO plugin. -->","yoast_head_json":{"title":"Helhetsperspektiv f\u00f6r st\u00f6d till familj, barn och ungdom \u2013 en investering f\u00f6r framtiden - KRISTDEMOKRATERNA I LIDK\u00d6PING","robots":{"index":"index","follow":"follow","max-snippet":"max-snippet:-1","max-image-preview":"max-image-preview:large","max-video-preview":"max-video-preview:-1"},"canonical":"https:\/\/wp.kristdemokraterna.se\/lidkoping\/2012-04-28-helhetsperspektiv-for-stod-till-familj-barn-och-ungdom-en-investering-for-framtiden\/","og_locale":"sv_SE","og_type":"article","og_title":"Helhetsperspektiv f\u00f6r st\u00f6d till familj, barn och ungdom \u2013 en investering f\u00f6r framtiden - KRISTDEMOKRATERNA I LIDK\u00d6PING","og_description":"Kristdemokraterna Lidk\u00f6ping den 28 april 2012 Motion till kommunfullm\u00e4ktige Helhetsperspektiv f\u00f6r st\u00f6d till familj, barn och ungdom \u2013 en investering f\u00f6r framtiden N\u00e4r det g\u00e4ller st\u00f6d och hj\u00e4lp till barn, ungdomar och f\u00f6r\u00e4ldrar finns krav p\u00e5 helhetsperspektiv och samverkan mellan olika akt\u00f6rer och verksamheter inom omr\u00e5det familj, barn och ungdom. Det traditionella s\u00e4ttet \u00e4r att Read More","og_url":"https:\/\/wp.kristdemokraterna.se\/lidkoping\/2012-04-28-helhetsperspektiv-for-stod-till-familj-barn-och-ungdom-en-investering-for-framtiden\/","og_site_name":"KRISTDEMOKRATERNA I LIDK\u00d6PING","article_published_time":"2012-04-28T08:17:18+00:00","article_modified_time":"2026-02-03T22:25:39+00:00","author":"lidkoping","twitter_card":"summary_large_image","twitter_misc":{"Skriven av":"lidkoping","Ber\u00e4knad l\u00e4stid":"3 minuter"},"schema":{"@context":"https:\/\/schema.org","@graph":[{"@type":"Article","@id":"https:\/\/wp.kristdemokraterna.se\/lidkoping\/2012-04-28-helhetsperspektiv-for-stod-till-familj-barn-och-ungdom-en-investering-for-framtiden\/#article","isPartOf":{"@id":"https:\/\/wp.kristdemokraterna.se\/lidkoping\/2012-04-28-helhetsperspektiv-for-stod-till-familj-barn-och-ungdom-en-investering-for-framtiden\/"},"author":{"name":"lidkoping","@id":"https:\/\/wp.kristdemokraterna.se\/lidkoping\/#\/schema\/person\/7f8ba7ff0c74105a76f47d4b6bf40509"},"headline":"Helhetsperspektiv f\u00f6r st\u00f6d till familj, barn och ungdom \u2013 en investering f\u00f6r framtiden","datePublished":"2012-04-28T08:17:18+00:00","dateModified":"2026-02-03T22:25:39+00:00","mainEntityOfPage":{"@id":"https:\/\/wp.kristdemokraterna.se\/lidkoping\/2012-04-28-helhetsperspektiv-for-stod-till-familj-barn-och-ungdom-en-investering-for-framtiden\/"},"wordCount":574,"keywords":["motion"],"articleSection":["Motioner","Motioner 2012"],"inLanguage":"sv-SE"},{"@type":"WebPage","@id":"https:\/\/wp.kristdemokraterna.se\/lidkoping\/2012-04-28-helhetsperspektiv-for-stod-till-familj-barn-och-ungdom-en-investering-for-framtiden\/","url":"https:\/\/wp.kristdemokraterna.se\/lidkoping\/2012-04-28-helhetsperspektiv-for-stod-till-familj-barn-och-ungdom-en-investering-for-framtiden\/","name":"Helhetsperspektiv f\u00f6r st\u00f6d till familj, barn och ungdom \u2013 en investering f\u00f6r framtiden - KRISTDEMOKRATERNA I LIDK\u00d6PING","isPartOf":{"@id":"https:\/\/wp.kristdemokraterna.se\/lidkoping\/#website"},"datePublished":"2012-04-28T08:17:18+00:00","dateModified":"2026-02-03T22:25:39+00:00","author":{"@id":"https:\/\/wp.kristdemokraterna.se\/lidkoping\/#\/schema\/person\/7f8ba7ff0c74105a76f47d4b6bf40509"},"breadcrumb":{"@id":"https:\/\/wp.kristdemokraterna.se\/lidkoping\/2012-04-28-helhetsperspektiv-for-stod-till-familj-barn-och-ungdom-en-investering-for-framtiden\/#breadcrumb"},"inLanguage":"sv-SE","potentialAction":[{"@type":"ReadAction","target":["https:\/\/wp.kristdemokraterna.se\/lidkoping\/2012-04-28-helhetsperspektiv-for-stod-till-familj-barn-och-ungdom-en-investering-for-framtiden\/"]}]},{"@type":"BreadcrumbList","@id":"https:\/\/wp.kristdemokraterna.se\/lidkoping\/2012-04-28-helhetsperspektiv-for-stod-till-familj-barn-och-ungdom-en-investering-for-framtiden\/#breadcrumb","itemListElement":[{"@type":"ListItem","position":1,"name":"Hem","item":"https:\/\/wp.kristdemokraterna.se\/lidkoping\/"},{"@type":"ListItem","position":2,"name":"Helhetsperspektiv f\u00f6r st\u00f6d till familj, barn och ungdom \u2013 en investering f\u00f6r framtiden"}]},{"@type":"WebSite","@id":"https:\/\/wp.kristdemokraterna.se\/lidkoping\/#website","url":"https:\/\/wp.kristdemokraterna.se\/lidkoping\/","name":"KRISTDEMOKRATERNA I LIDK\u00d6PING","description":"Kristdemokraterna Lidk\u00f6pings webbplats","inLanguage":"sv-SE"},{"@type":"Person","@id":"https:\/\/wp.kristdemokraterna.se\/lidkoping\/#\/schema\/person\/7f8ba7ff0c74105a76f47d4b6bf40509","name":"lidkoping","image":{"@type":"ImageObject","inLanguage":"sv-SE","@id":"https:\/\/secure.gravatar.com\/avatar\/c90f0ca6aeafe3a4ffc1ccdce0069e4815200dcb7eb6da103c5a1dc3d63fd538?s=96&r=g","url":"https:\/\/secure.gravatar.com\/avatar\/c90f0ca6aeafe3a4ffc1ccdce0069e4815200dcb7eb6da103c5a1dc3d63fd538?s=96&r=g","contentUrl":"https:\/\/secure.gravatar.com\/avatar\/c90f0ca6aeafe3a4ffc1ccdce0069e4815200dcb7eb6da103c5a1dc3d63fd538?s=96&r=g","caption":"lidkoping"},"url":"https:\/\/wp.kristdemokraterna.se\/lidkoping\/author\/lidkoping\/"}]}},"_links":{"self":[{"href":"https:\/\/wp.kristdemokraterna.se\/lidkoping\/wp-json\/wp\/v2\/posts\/161","targetHints":{"allow":["GET"]}}],"collection":[{"href":"https:\/\/wp.kristdemokraterna.se\/lidkoping\/wp-json\/wp\/v2\/posts"}],"about":[{"href":"https:\/\/wp.kristdemokraterna.se\/lidkoping\/wp-json\/wp\/v2\/types\/post"}],"author":[{"embeddable":true,"href":"https:\/\/wp.kristdemokraterna.se\/lidkoping\/wp-json\/wp\/v2\/users\/490"}],"replies":[{"embeddable":true,"href":"https:\/\/wp.kristdemokraterna.se\/lidkoping\/wp-json\/wp\/v2\/comments?post=161"}],"version-history":[{"count":2,"href":"https:\/\/wp.kristdemokraterna.se\/lidkoping\/wp-json\/wp\/v2\/posts\/161\/revisions"}],"predecessor-version":[{"id":248,"href":"https:\/\/wp.kristdemokraterna.se\/lidkoping\/wp-json\/wp\/v2\/posts\/161\/revisions\/248"}],"wp:attachment":[{"href":"https:\/\/wp.kristdemokraterna.se\/lidkoping\/wp-json\/wp\/v2\/media?parent=161"}],"wp:term":[{"taxonomy":"category","embeddable":true,"href":"https:\/\/wp.kristdemokraterna.se\/lidkoping\/wp-json\/wp\/v2\/categories?post=161"},{"taxonomy":"post_tag","embeddable":true,"href":"https:\/\/wp.kristdemokraterna.se\/lidkoping\/wp-json\/wp\/v2\/tags?post=161"}],"curies":[{"name":"wp","href":"https:\/\/api.w.org\/{rel}","templated":true}]}}