{"id":198,"date":"2012-05-12T13:26:33","date_gmt":"2012-05-12T11:26:33","guid":{"rendered":"http:\/\/wp.kristdemokraterna.se\/lidkoping\/?p=198"},"modified":"2026-02-03T23:25:31","modified_gmt":"2026-02-03T22:25:31","slug":"vitsippspriset-2012","status":"publish","type":"post","link":"https:\/\/wp.kristdemokraterna.se\/lidkoping\/vitsippspriset-2012\/","title":{"rendered":"Vitsippspriset 2012"},"content":{"rendered":"<p><span style=\"color: #000000\">Kristdemokraternas Vitsippspris 2012, som \u00e4r en utm\u00e4rkelse f\u00f6r organisationer eller personer som gjort n\u00e5got ut\u00f6ver det vardagliga, till gl\u00e4dje f\u00f6r andra utan att t\u00e4nka p\u00e5 egen vinning, tillf\u00f6ll i \u00e5r Conny Larsson.<\/span><\/p>\n<p><strong><span style=\"color: #000000\">Motiveringen:<\/span><\/strong><\/p>\n<p><em><strong><span style=\"color: #000000\"> &#8221;M\u00e5ng\u00e5rigt och stort engagemang f\u00f6r barn och unga, f\u00f6r att de skall f\u00e5 vara med utifr\u00e5n sina f\u00f6ruts\u00e4ttningar och inte k\u00e4nna sig utanf\u00f6r.&#8221;<\/span><\/strong><\/em><br style=\"color: #000000\" \/><br style=\"color: #000000\" \/><span style=\"color: #000000\">Conny har m\u00e5nga \u00e5rs erfarenhet av idrott inom fotbollen och som verksamhetsutvecklare inom Studiefr\u00e4mjandet har han vidgat sitt perspektiv att ocks\u00e5 omfatta barn och unga med funktionshinder och barn med invandrarbakgrund. Han har ocks\u00e5 startat en f\u00f6r\u00e4ldragrupp f\u00f6r fr\u00e4mst mammor med invandrarbakgrund. Han stora k\u00e4nnetecken \u00e4r hans engagemang.<\/span><\/p>\n<p><span style=\"color: #000000\">Priset &#8211; delades ut av Tommy Larsson och Carina Karlsson och vi som kristdemokrater tycker Conny \u00e4r en god f\u00f6rebild f\u00f6r oss i att t\u00e4nka &#8221;alla f\u00e5r va me&#8221;.<\/span><\/p>\n","protected":false},"excerpt":{"rendered":"<p>Kristdemokraternas Vitsippspris 2012, som \u00e4r en utm\u00e4rkelse f\u00f6r organisationer eller personer som gjort n\u00e5got ut\u00f6ver det vardagliga, till gl\u00e4dje f\u00f6r andra utan att t\u00e4nka p\u00e5 egen vinning, tillf\u00f6ll i \u00e5r Conny Larsson. Motiveringen: &#8221;M\u00e5ng\u00e5rigt och stort engagemang f\u00f6r barn och unga, f\u00f6r att de skall f\u00e5 vara med utifr\u00e5n sina f\u00f6ruts\u00e4ttningar och inte k\u00e4nna sig <a class=\"read-more-link\" href=\"https:\/\/wp.kristdemokraterna.se\/lidkoping\/vitsippspriset-2012\/\">Read More<\/a><\/p>\n","protected":false},"author":490,"featured_media":0,"comment_status":"closed","ping_status":"closed","sticky":false,"template":"","format":"standard","meta":{"_acf_changed":false,"footnotes":""},"categories":[19],"tags":[21],"class_list":["post-198","post","type-post","status-publish","format-standard","hentry","category-vitsippspriset","tag-vitsippspris"],"acf":[],"yoast_head":"<!-- This site is optimized with the Yoast SEO plugin v27.4 - https:\/\/yoast.com\/product\/yoast-seo-wordpress\/ -->\n<title>Vitsippspriset 2012 - KRISTDEMOKRATERNA I LIDK\u00d6PING<\/title>\n<meta name=\"robots\" content=\"index, follow, max-snippet:-1, max-image-preview:large, max-video-preview:-1\" \/>\n<link rel=\"canonical\" href=\"https:\/\/wp.kristdemokraterna.se\/lidkoping\/vitsippspriset-2012\/\" \/>\n<meta property=\"og:locale\" content=\"sv_SE\" \/>\n<meta property=\"og:type\" content=\"article\" \/>\n<meta property=\"og:title\" content=\"Vitsippspriset 2012 - KRISTDEMOKRATERNA I LIDK\u00d6PING\" \/>\n<meta property=\"og:description\" content=\"Kristdemokraternas Vitsippspris 2012, som \u00e4r en utm\u00e4rkelse f\u00f6r organisationer eller personer som gjort n\u00e5got ut\u00f6ver det vardagliga, till gl\u00e4dje f\u00f6r andra utan att t\u00e4nka p\u00e5 egen vinning, tillf\u00f6ll i \u00e5r Conny Larsson. Motiveringen: &#8221;M\u00e5ng\u00e5rigt och stort engagemang f\u00f6r barn och unga, f\u00f6r att de skall f\u00e5 vara med utifr\u00e5n sina f\u00f6ruts\u00e4ttningar och inte k\u00e4nna sig Read More\" \/>\n<meta property=\"og:url\" content=\"https:\/\/wp.kristdemokraterna.se\/lidkoping\/vitsippspriset-2012\/\" \/>\n<meta property=\"og:site_name\" content=\"KRISTDEMOKRATERNA I LIDK\u00d6PING\" \/>\n<meta property=\"article:published_time\" content=\"2012-05-12T11:26:33+00:00\" \/>\n<meta property=\"article:modified_time\" content=\"2026-02-03T22:25:31+00:00\" \/>\n<meta name=\"author\" content=\"lidkoping\" \/>\n<meta name=\"twitter:card\" content=\"summary_large_image\" \/>\n<meta name=\"twitter:label1\" content=\"Skriven av\" \/>\n\t<meta name=\"twitter:data1\" content=\"lidkoping\" \/>\n\t<meta name=\"twitter:label2\" content=\"Ber\u00e4knad l\u00e4stid\" \/>\n\t<meta name=\"twitter:data2\" content=\"1 minut\" \/>\n<script type=\"application\/ld+json\" class=\"yoast-schema-graph\">{\"@context\":\"https:\\\/\\\/schema.org\",\"@graph\":[{\"@type\":\"Article\",\"@id\":\"https:\\\/\\\/wp.kristdemokraterna.se\\\/lidkoping\\\/vitsippspriset-2012\\\/#article\",\"isPartOf\":{\"@id\":\"https:\\\/\\\/wp.kristdemokraterna.se\\\/lidkoping\\\/vitsippspriset-2012\\\/\"},\"author\":{\"name\":\"lidkoping\",\"@id\":\"https:\\\/\\\/wp.kristdemokraterna.se\\\/lidkoping\\\/#\\\/schema\\\/person\\\/7f8ba7ff0c74105a76f47d4b6bf40509\"},\"headline\":\"Vitsippspriset 2012\",\"datePublished\":\"2012-05-12T11:26:33+00:00\",\"dateModified\":\"2026-02-03T22:25:31+00:00\",\"mainEntityOfPage\":{\"@id\":\"https:\\\/\\\/wp.kristdemokraterna.se\\\/lidkoping\\\/vitsippspriset-2012\\\/\"},\"wordCount\":161,\"keywords\":[\"vitsippspris\"],\"articleSection\":[\"Vitsippspriset\"],\"inLanguage\":\"sv-SE\"},{\"@type\":\"WebPage\",\"@id\":\"https:\\\/\\\/wp.kristdemokraterna.se\\\/lidkoping\\\/vitsippspriset-2012\\\/\",\"url\":\"https:\\\/\\\/wp.kristdemokraterna.se\\\/lidkoping\\\/vitsippspriset-2012\\\/\",\"name\":\"Vitsippspriset 2012 - KRISTDEMOKRATERNA I LIDK\u00d6PING\",\"isPartOf\":{\"@id\":\"https:\\\/\\\/wp.kristdemokraterna.se\\\/lidkoping\\\/#website\"},\"datePublished\":\"2012-05-12T11:26:33+00:00\",\"dateModified\":\"2026-02-03T22:25:31+00:00\",\"author\":{\"@id\":\"https:\\\/\\\/wp.kristdemokraterna.se\\\/lidkoping\\\/#\\\/schema\\\/person\\\/7f8ba7ff0c74105a76f47d4b6bf40509\"},\"breadcrumb\":{\"@id\":\"https:\\\/\\\/wp.kristdemokraterna.se\\\/lidkoping\\\/vitsippspriset-2012\\\/#breadcrumb\"},\"inLanguage\":\"sv-SE\",\"potentialAction\":[{\"@type\":\"ReadAction\",\"target\":[\"https:\\\/\\\/wp.kristdemokraterna.se\\\/lidkoping\\\/vitsippspriset-2012\\\/\"]}]},{\"@type\":\"BreadcrumbList\",\"@id\":\"https:\\\/\\\/wp.kristdemokraterna.se\\\/lidkoping\\\/vitsippspriset-2012\\\/#breadcrumb\",\"itemListElement\":[{\"@type\":\"ListItem\",\"position\":1,\"name\":\"Hem\",\"item\":\"https:\\\/\\\/wp.kristdemokraterna.se\\\/lidkoping\\\/\"},{\"@type\":\"ListItem\",\"position\":2,\"name\":\"Vitsippspriset 2012\"}]},{\"@type\":\"WebSite\",\"@id\":\"https:\\\/\\\/wp.kristdemokraterna.se\\\/lidkoping\\\/#website\",\"url\":\"https:\\\/\\\/wp.kristdemokraterna.se\\\/lidkoping\\\/\",\"name\":\"KRISTDEMOKRATERNA I LIDK\u00d6PING\",\"description\":\"Kristdemokraterna Lidk\u00f6pings webbplats\",\"inLanguage\":\"sv-SE\"},{\"@type\":\"Person\",\"@id\":\"https:\\\/\\\/wp.kristdemokraterna.se\\\/lidkoping\\\/#\\\/schema\\\/person\\\/7f8ba7ff0c74105a76f47d4b6bf40509\",\"name\":\"lidkoping\",\"image\":{\"@type\":\"ImageObject\",\"inLanguage\":\"sv-SE\",\"@id\":\"https:\\\/\\\/secure.gravatar.com\\\/avatar\\\/c90f0ca6aeafe3a4ffc1ccdce0069e4815200dcb7eb6da103c5a1dc3d63fd538?s=96&r=g\",\"url\":\"https:\\\/\\\/secure.gravatar.com\\\/avatar\\\/c90f0ca6aeafe3a4ffc1ccdce0069e4815200dcb7eb6da103c5a1dc3d63fd538?s=96&r=g\",\"contentUrl\":\"https:\\\/\\\/secure.gravatar.com\\\/avatar\\\/c90f0ca6aeafe3a4ffc1ccdce0069e4815200dcb7eb6da103c5a1dc3d63fd538?s=96&r=g\",\"caption\":\"lidkoping\"},\"url\":\"https:\\\/\\\/wp.kristdemokraterna.se\\\/lidkoping\\\/author\\\/lidkoping\\\/\"}]}<\/script>\n<!-- \/ Yoast SEO plugin. -->","yoast_head_json":{"title":"Vitsippspriset 2012 - KRISTDEMOKRATERNA I LIDK\u00d6PING","robots":{"index":"index","follow":"follow","max-snippet":"max-snippet:-1","max-image-preview":"max-image-preview:large","max-video-preview":"max-video-preview:-1"},"canonical":"https:\/\/wp.kristdemokraterna.se\/lidkoping\/vitsippspriset-2012\/","og_locale":"sv_SE","og_type":"article","og_title":"Vitsippspriset 2012 - KRISTDEMOKRATERNA I LIDK\u00d6PING","og_description":"Kristdemokraternas Vitsippspris 2012, som \u00e4r en utm\u00e4rkelse f\u00f6r organisationer eller personer som gjort n\u00e5got ut\u00f6ver det vardagliga, till gl\u00e4dje f\u00f6r andra utan att t\u00e4nka p\u00e5 egen vinning, tillf\u00f6ll i \u00e5r Conny Larsson. Motiveringen: &#8221;M\u00e5ng\u00e5rigt och stort engagemang f\u00f6r barn och unga, f\u00f6r att de skall f\u00e5 vara med utifr\u00e5n sina f\u00f6ruts\u00e4ttningar och inte k\u00e4nna sig Read More","og_url":"https:\/\/wp.kristdemokraterna.se\/lidkoping\/vitsippspriset-2012\/","og_site_name":"KRISTDEMOKRATERNA I LIDK\u00d6PING","article_published_time":"2012-05-12T11:26:33+00:00","article_modified_time":"2026-02-03T22:25:31+00:00","author":"lidkoping","twitter_card":"summary_large_image","twitter_misc":{"Skriven av":"lidkoping","Ber\u00e4knad l\u00e4stid":"1 minut"},"schema":{"@context":"https:\/\/schema.org","@graph":[{"@type":"Article","@id":"https:\/\/wp.kristdemokraterna.se\/lidkoping\/vitsippspriset-2012\/#article","isPartOf":{"@id":"https:\/\/wp.kristdemokraterna.se\/lidkoping\/vitsippspriset-2012\/"},"author":{"name":"lidkoping","@id":"https:\/\/wp.kristdemokraterna.se\/lidkoping\/#\/schema\/person\/7f8ba7ff0c74105a76f47d4b6bf40509"},"headline":"Vitsippspriset 2012","datePublished":"2012-05-12T11:26:33+00:00","dateModified":"2026-02-03T22:25:31+00:00","mainEntityOfPage":{"@id":"https:\/\/wp.kristdemokraterna.se\/lidkoping\/vitsippspriset-2012\/"},"wordCount":161,"keywords":["vitsippspris"],"articleSection":["Vitsippspriset"],"inLanguage":"sv-SE"},{"@type":"WebPage","@id":"https:\/\/wp.kristdemokraterna.se\/lidkoping\/vitsippspriset-2012\/","url":"https:\/\/wp.kristdemokraterna.se\/lidkoping\/vitsippspriset-2012\/","name":"Vitsippspriset 2012 - KRISTDEMOKRATERNA I LIDK\u00d6PING","isPartOf":{"@id":"https:\/\/wp.kristdemokraterna.se\/lidkoping\/#website"},"datePublished":"2012-05-12T11:26:33+00:00","dateModified":"2026-02-03T22:25:31+00:00","author":{"@id":"https:\/\/wp.kristdemokraterna.se\/lidkoping\/#\/schema\/person\/7f8ba7ff0c74105a76f47d4b6bf40509"},"breadcrumb":{"@id":"https:\/\/wp.kristdemokraterna.se\/lidkoping\/vitsippspriset-2012\/#breadcrumb"},"inLanguage":"sv-SE","potentialAction":[{"@type":"ReadAction","target":["https:\/\/wp.kristdemokraterna.se\/lidkoping\/vitsippspriset-2012\/"]}]},{"@type":"BreadcrumbList","@id":"https:\/\/wp.kristdemokraterna.se\/lidkoping\/vitsippspriset-2012\/#breadcrumb","itemListElement":[{"@type":"ListItem","position":1,"name":"Hem","item":"https:\/\/wp.kristdemokraterna.se\/lidkoping\/"},{"@type":"ListItem","position":2,"name":"Vitsippspriset 2012"}]},{"@type":"WebSite","@id":"https:\/\/wp.kristdemokraterna.se\/lidkoping\/#website","url":"https:\/\/wp.kristdemokraterna.se\/lidkoping\/","name":"KRISTDEMOKRATERNA I LIDK\u00d6PING","description":"Kristdemokraterna Lidk\u00f6pings webbplats","inLanguage":"sv-SE"},{"@type":"Person","@id":"https:\/\/wp.kristdemokraterna.se\/lidkoping\/#\/schema\/person\/7f8ba7ff0c74105a76f47d4b6bf40509","name":"lidkoping","image":{"@type":"ImageObject","inLanguage":"sv-SE","@id":"https:\/\/secure.gravatar.com\/avatar\/c90f0ca6aeafe3a4ffc1ccdce0069e4815200dcb7eb6da103c5a1dc3d63fd538?s=96&r=g","url":"https:\/\/secure.gravatar.com\/avatar\/c90f0ca6aeafe3a4ffc1ccdce0069e4815200dcb7eb6da103c5a1dc3d63fd538?s=96&r=g","contentUrl":"https:\/\/secure.gravatar.com\/avatar\/c90f0ca6aeafe3a4ffc1ccdce0069e4815200dcb7eb6da103c5a1dc3d63fd538?s=96&r=g","caption":"lidkoping"},"url":"https:\/\/wp.kristdemokraterna.se\/lidkoping\/author\/lidkoping\/"}]}},"_links":{"self":[{"href":"https:\/\/wp.kristdemokraterna.se\/lidkoping\/wp-json\/wp\/v2\/posts\/198","targetHints":{"allow":["GET"]}}],"collection":[{"href":"https:\/\/wp.kristdemokraterna.se\/lidkoping\/wp-json\/wp\/v2\/posts"}],"about":[{"href":"https:\/\/wp.kristdemokraterna.se\/lidkoping\/wp-json\/wp\/v2\/types\/post"}],"author":[{"embeddable":true,"href":"https:\/\/wp.kristdemokraterna.se\/lidkoping\/wp-json\/wp\/v2\/users\/490"}],"replies":[{"embeddable":true,"href":"https:\/\/wp.kristdemokraterna.se\/lidkoping\/wp-json\/wp\/v2\/comments?post=198"}],"version-history":[{"count":1,"href":"https:\/\/wp.kristdemokraterna.se\/lidkoping\/wp-json\/wp\/v2\/posts\/198\/revisions"}],"predecessor-version":[{"id":199,"href":"https:\/\/wp.kristdemokraterna.se\/lidkoping\/wp-json\/wp\/v2\/posts\/198\/revisions\/199"}],"wp:attachment":[{"href":"https:\/\/wp.kristdemokraterna.se\/lidkoping\/wp-json\/wp\/v2\/media?parent=198"}],"wp:term":[{"taxonomy":"category","embeddable":true,"href":"https:\/\/wp.kristdemokraterna.se\/lidkoping\/wp-json\/wp\/v2\/categories?post=198"},{"taxonomy":"post_tag","embeddable":true,"href":"https:\/\/wp.kristdemokraterna.se\/lidkoping\/wp-json\/wp\/v2\/tags?post=198"}],"curies":[{"name":"wp","href":"https:\/\/api.w.org\/{rel}","templated":true}]}}