{"id":208,"date":"2011-12-09T13:45:44","date_gmt":"2011-12-09T12:45:44","guid":{"rendered":"http:\/\/wp.kristdemokraterna.se\/lidkoping\/?p=208"},"modified":"2014-05-12T13:46:14","modified_gmt":"2014-05-12T11:46:14","slug":"2011-12-09-oacceptabelt-med-misskotsel-i-aldreomsorgen","status":"publish","type":"post","link":"https:\/\/wp.kristdemokraterna.se\/lidkoping\/2011-12-09-oacceptabelt-med-misskotsel-i-aldreomsorgen\/","title":{"rendered":"2011-12-09 Oacceptabelt med missk\u00f6tsel i \u00e4ldreomsorgen"},"content":{"rendered":"<p><span style=\"color: #000000\">I en debattartikel skriver Maj Ader, Ann-Christine B\u00e5rstr\u00f6m och Tommy Larsson att \u00e4ldreomsorgen b\u00f6r vara inriktad p\u00e5 att se den enskilda m\u00e4nniskan och s\u00e4kerst\u00e4lla inflytande och valfrihet. De st\u00e4ller ocks\u00e5 fr\u00e5gan om \u00e4ldreomsorgens kvalitet i Lidk\u00f6ping.\u00a0\u00a0<\/span><br style=\"color: #000000\" \/><br style=\"color: #000000\" \/><br style=\"color: #000000\" \/><span style=\"color: #000000\">Debattartikel inf\u00f6rt i NLT\u00a0 2011-12-09<\/span><br style=\"color: #000000\" \/><br style=\"color: #000000\" \/><span style=\"color: #000000\">Det \u00e4r oacceptabelt med missk\u00f6tsel i \u00e4ldreomsorgen\u00a0<\/span><br style=\"color: #000000\" \/><br style=\"color: #000000\" \/><span style=\"color: #000000\">Det vi nu ser av skandaler som rullads upp \u00e4r oacceptabelt. Sj\u00e4lvklart skall alla ha den omsorg de beh\u00f6ver. Allt annat \u00e4r ot\u00e4nkbart<\/span><br style=\"color: #000000\" \/><span style=\"color: #000000\">Ett v\u00e4rdigt liv kan ha olika betydelse f\u00f6r olika personer. En viktig del i ett v\u00e4rdigt liv m\u00e5ste vara att kunna beh\u00e5lla sin identitet och att man som m\u00e4nniska f\u00e5 k\u00e4nna meningsfullhet i tillvaron. \u00c4ldreomsorgen b\u00f6r vara inriktad p\u00e5 att se den enskilda m\u00e4nniskan och s\u00e4kerst\u00e4lla inflytande och valfrihet \u2013 en slags garanti f\u00f6r en bra kvalitet. Detta \u00e4r en viktig h\u00f6rnsten i Kristdemokraternas ideologi.\u00a0<\/span><br style=\"color: #000000\" \/><span style=\"color: #000000\">Skandalerna inom \u00e4ldreomsorgen v\u00e4cker fr\u00e5gan om hur v\u00e4l v\u00e5r egen kommun, Lidk\u00f6ping kontrollerar och f\u00f6rs\u00e4krar sig om utlovad kvalitet, trygghet och v\u00e4rdighet.<\/span><br style=\"color: #000000\" \/><span style=\"color: #000000\">De nationella kvalitetsuppf\u00f6ljningarna \u201d\u00d6ppna j\u00e4mf\u00f6relse\u201d visar att v\u00e5r kommun har generellt god kvalitet men att det finns tydliga skillnaden i kvaliteten mellan de olika verksamheterna. Brister inom v\u00e5r kommunala \u00e4ldreomsorg i Lidk\u00f6ping f\u00e5r inte f\u00f6rnekas och det \u00e4r viktigt att missf\u00f6rh\u00e5llanden kommer upp p\u00e5 ytan f\u00f6r att komma tillr\u00e4tta med problemen.<\/span><br style=\"color: #000000\" \/><br style=\"color: #000000\" \/><span style=\"color: #000000\">V\u00e5rd och omsorgsn\u00e4mnden \u00e4r ytterst ansvarig och det f\u00e5r inte r\u00e5da n\u00e5gon os\u00e4kerhet om hur v\u00e4l kommunen tar sitt \u00f6vergripande och yttersta ansvar f\u00f6r \u00e4ldreomsorgen. Vi politiker, oavsett parti, m\u00e5ste st\u00e4ndigt vara vaksamma \u00f6ver om v\u00e5ra verksamheter h\u00e5ller m\u00e5ttet och agera n\u00e4r vi f\u00e5r k\u00e4nnedom om brister i kvaliteten. Det \u00e4r viktigt att vi p\u00e5 allvar tar till oss oron och farh\u00e5gorna. D\u00e4rf\u00f6r m\u00e5ste de som arbetar inom v\u00e5rden ha bra utbildning, anst\u00e4ndiga l\u00f6ner, yrkesstolthet, empati och respekt f\u00f6r de m\u00e4nniskor de ansvarar f\u00f6r. Vem som betalar l\u00f6nen har ingen st\u00f6rre betydelse.<\/span><br style=\"color: #000000\" \/><span style=\"color: #000000\">I \u00c4ldreomsorgsplanen 2011-2015 f\u00f6r Lidk\u00f6ping st\u00e5r det tydligt och klart vilken v\u00e4rdegrund som ska g\u00e4lla och hur den skall ligga till grund f\u00f6r utvecklingen av omsorgen. F\u00f6r att f\u00f6rs\u00e4kra den enskildes r\u00e4tt till en bra kvalitet i \u00e4ldreomsorgen har Kristdemokraterna i Lidk\u00f6ping tillsammans med \u00f6vriga allianspartier lagt en motion om en lokal v\u00e4rdighetsgaranti.<\/span><br style=\"color: #000000\" \/><br style=\"color: #000000\" \/><span style=\"color: #000000\">Det kan vara sv\u00e5rt f\u00f6r \u00e4ldre och anh\u00f6riga att veta vad de kan f\u00f6rv\u00e4nta sig av \u00e4ldreomsorgen och det kan ocks\u00e5 vara sv\u00e5rt att framf\u00f6ra kritik eller klaga eftersom det kan p\u00e5verka relationen med personalen. Denna v\u00e4rdegrundsm\u00e4rkning skall d\u00e4rf\u00f6r vara kommunens utf\u00e4stelse som \u00e4ldre personer, n\u00e4rst\u00e5ende och \u00f6vriga medborgare ska v\u00e4l k\u00e4nna till . Den ska ocks\u00e5 driva p\u00e5 kvalitetsf\u00f6rb\u00e4ttringar inom \u00e4ldreomsorgen.\u00a0<\/span><br style=\"color: #000000\" \/><span style=\"color: #000000\">F\u00f6r att f\u00f6rst\u00e4rka de \u00e4ldres situation har barn- och \u00e4ldreministern Maria Larsson gjort en rad \u00e5tg\u00e4rder: Under f\u00f6rra mandatperioden avsatte regeringen n\u00e4ra fem miljarder f\u00f6r att st\u00f6dja kommunerna att utveckla kvaliteten i \u00e4ldreomsorgen. Under innevarande mandatperiod avs\u00e4tts minst lika mycket, d\u00e4ribland 3.75 miljarder till de mest sjuka. Lidk\u00f6ping har erh\u00e5llit ca 874 000 av dessa pengar f\u00f6r att utveckla v\u00e5rden inom \u00e4ldreomsorgen inom v\u00e5ra \u00e4ldreboende. Ut\u00f6ver detta har flera nya lagstiftningar lagts fram: Lagen om valfrihet (LOV) f\u00f6r att f\u00f6rst\u00e4rka \u00e4ldres sj\u00e4lvbest\u00e4mmande, f\u00f6rst\u00e4rkt Lex Sarah d\u00e4r nu alla missf\u00f6rh\u00e5llande ska anm\u00e4las, nationell v\u00e4rdegrund f\u00f6r \u00e4ldreomsorgen d\u00e4r v\u00e4rdighet och v\u00e4lbefinnande s\u00e4tts i centrum \u00e4r nu inskrivit i socialtj\u00e4nstlagen.<\/span><br style=\"color: #000000\" \/><br style=\"color: #000000\" \/><span style=\"color: #000000\">Regeringen har ocks\u00e5 sk\u00e4rpt kontroll och uppf\u00f6ljning genom ny tillsyningsmyndighet fr\u00e5n 2010 med f\u00f6rst\u00e4rkta resurser, kvalitetsuppf\u00f6ljningen \u201d\u00d6ppna j\u00e4mf\u00f6relser\u201d \u00e4ven p\u00e5 enhetsniv\u00e5 och dessutom brukarunders\u00f6kning, d\u00e4r de \u00e4ldre sj\u00e4lva och deras anh\u00f6riga f\u00e5r ge sitt utl\u00e5tande om kvaliteten.<\/span><br style=\"color: #000000\" \/><span style=\"color: #000000\">Inget \u00e4r s\u00e5 bra utan det kan bli b\u00e4ttre. Vi Kristdemokrater kommer alltid att arbeta f\u00f6r att se den enskilda m\u00e4nniskan och s\u00e4kerhetsst\u00e4lla den enskildes inflytande och valfrihet.<\/span><br style=\"color: #000000\" \/><span style=\"color: #000000\">Kristdemokraterna i Lidk\u00f6ping<\/span><br style=\"color: #000000\" \/><br style=\"color: #000000\" \/><span style=\"color: #000000\">Maj Ader\u00a0<\/span><br style=\"color: #000000\" \/><span style=\"color: #000000\">Ann-Christine B\u00e5rstr\u00f6m<\/span><br style=\"color: #000000\" \/><span style=\"color: #000000\">Tommy Larsson<\/span><\/p>\n","protected":false},"excerpt":{"rendered":"<p>I en debattartikel skriver Maj Ader, Ann-Christine B\u00e5rstr\u00f6m och Tommy Larsson att \u00e4ldreomsorgen b\u00f6r vara inriktad p\u00e5 att se den enskilda m\u00e4nniskan och s\u00e4kerst\u00e4lla inflytande och valfrihet. De st\u00e4ller ocks\u00e5 fr\u00e5gan om \u00e4ldreomsorgens kvalitet i Lidk\u00f6ping.\u00a0\u00a0Debattartikel inf\u00f6rt i NLT\u00a0 2011-12-09Det \u00e4r oacceptabelt med missk\u00f6tsel i \u00e4ldreomsorgen\u00a0Det vi nu ser av skandaler som rullads upp \u00e4r <a class=\"read-more-link\" href=\"https:\/\/wp.kristdemokraterna.se\/lidkoping\/2011-12-09-oacceptabelt-med-misskotsel-i-aldreomsorgen\/\">Read More<\/a><\/p>\n","protected":false},"author":490,"featured_media":0,"comment_status":"closed","ping_status":"closed","sticky":false,"template":"","format":"standard","meta":{"_acf_changed":false,"footnotes":""},"categories":[9],"tags":[16],"class_list":["post-208","post","type-post","status-publish","format-standard","hentry","category-debattartiklar","tag-debattartikel"],"acf":[],"yoast_head":"<!-- This site is optimized with the Yoast SEO plugin v27.4 - https:\/\/yoast.com\/product\/yoast-seo-wordpress\/ -->\n<title>2011-12-09 Oacceptabelt med missk\u00f6tsel i \u00e4ldreomsorgen - KRISTDEMOKRATERNA I LIDK\u00d6PING<\/title>\n<meta name=\"robots\" content=\"index, follow, max-snippet:-1, max-image-preview:large, max-video-preview:-1\" \/>\n<link rel=\"canonical\" href=\"https:\/\/wp.kristdemokraterna.se\/lidkoping\/2011-12-09-oacceptabelt-med-misskotsel-i-aldreomsorgen\/\" \/>\n<meta property=\"og:locale\" content=\"sv_SE\" \/>\n<meta property=\"og:type\" content=\"article\" \/>\n<meta property=\"og:title\" content=\"2011-12-09 Oacceptabelt med missk\u00f6tsel i \u00e4ldreomsorgen - KRISTDEMOKRATERNA I LIDK\u00d6PING\" \/>\n<meta property=\"og:description\" content=\"I en debattartikel skriver Maj Ader, Ann-Christine B\u00e5rstr\u00f6m och Tommy Larsson att \u00e4ldreomsorgen b\u00f6r vara inriktad p\u00e5 att se den enskilda m\u00e4nniskan och s\u00e4kerst\u00e4lla inflytande och valfrihet. De st\u00e4ller ocks\u00e5 fr\u00e5gan om \u00e4ldreomsorgens kvalitet i Lidk\u00f6ping.\u00a0\u00a0Debattartikel inf\u00f6rt i NLT\u00a0 2011-12-09Det \u00e4r oacceptabelt med missk\u00f6tsel i \u00e4ldreomsorgen\u00a0Det vi nu ser av skandaler som rullads upp \u00e4r Read More\" \/>\n<meta property=\"og:url\" content=\"https:\/\/wp.kristdemokraterna.se\/lidkoping\/2011-12-09-oacceptabelt-med-misskotsel-i-aldreomsorgen\/\" \/>\n<meta property=\"og:site_name\" content=\"KRISTDEMOKRATERNA I LIDK\u00d6PING\" \/>\n<meta property=\"article:published_time\" content=\"2011-12-09T12:45:44+00:00\" \/>\n<meta property=\"article:modified_time\" content=\"2014-05-12T11:46:14+00:00\" \/>\n<meta name=\"author\" content=\"lidkoping\" \/>\n<meta name=\"twitter:card\" content=\"summary_large_image\" \/>\n<meta name=\"twitter:label1\" content=\"Skriven av\" \/>\n\t<meta name=\"twitter:data1\" content=\"lidkoping\" \/>\n\t<meta name=\"twitter:label2\" content=\"Ber\u00e4knad l\u00e4stid\" \/>\n\t<meta name=\"twitter:data2\" content=\"4 minuter\" \/>\n<script type=\"application\/ld+json\" class=\"yoast-schema-graph\">{\"@context\":\"https:\\\/\\\/schema.org\",\"@graph\":[{\"@type\":\"Article\",\"@id\":\"https:\\\/\\\/wp.kristdemokraterna.se\\\/lidkoping\\\/2011-12-09-oacceptabelt-med-misskotsel-i-aldreomsorgen\\\/#article\",\"isPartOf\":{\"@id\":\"https:\\\/\\\/wp.kristdemokraterna.se\\\/lidkoping\\\/2011-12-09-oacceptabelt-med-misskotsel-i-aldreomsorgen\\\/\"},\"author\":{\"name\":\"lidkoping\",\"@id\":\"https:\\\/\\\/wp.kristdemokraterna.se\\\/lidkoping\\\/#\\\/schema\\\/person\\\/7f8ba7ff0c74105a76f47d4b6bf40509\"},\"headline\":\"2011-12-09 Oacceptabelt med missk\u00f6tsel i \u00e4ldreomsorgen\",\"datePublished\":\"2011-12-09T12:45:44+00:00\",\"dateModified\":\"2014-05-12T11:46:14+00:00\",\"mainEntityOfPage\":{\"@id\":\"https:\\\/\\\/wp.kristdemokraterna.se\\\/lidkoping\\\/2011-12-09-oacceptabelt-med-misskotsel-i-aldreomsorgen\\\/\"},\"wordCount\":762,\"keywords\":[\"debattartikel\"],\"articleSection\":[\"Debattartiklar\"],\"inLanguage\":\"sv-SE\"},{\"@type\":\"WebPage\",\"@id\":\"https:\\\/\\\/wp.kristdemokraterna.se\\\/lidkoping\\\/2011-12-09-oacceptabelt-med-misskotsel-i-aldreomsorgen\\\/\",\"url\":\"https:\\\/\\\/wp.kristdemokraterna.se\\\/lidkoping\\\/2011-12-09-oacceptabelt-med-misskotsel-i-aldreomsorgen\\\/\",\"name\":\"2011-12-09 Oacceptabelt med missk\u00f6tsel i \u00e4ldreomsorgen - KRISTDEMOKRATERNA I LIDK\u00d6PING\",\"isPartOf\":{\"@id\":\"https:\\\/\\\/wp.kristdemokraterna.se\\\/lidkoping\\\/#website\"},\"datePublished\":\"2011-12-09T12:45:44+00:00\",\"dateModified\":\"2014-05-12T11:46:14+00:00\",\"author\":{\"@id\":\"https:\\\/\\\/wp.kristdemokraterna.se\\\/lidkoping\\\/#\\\/schema\\\/person\\\/7f8ba7ff0c74105a76f47d4b6bf40509\"},\"breadcrumb\":{\"@id\":\"https:\\\/\\\/wp.kristdemokraterna.se\\\/lidkoping\\\/2011-12-09-oacceptabelt-med-misskotsel-i-aldreomsorgen\\\/#breadcrumb\"},\"inLanguage\":\"sv-SE\",\"potentialAction\":[{\"@type\":\"ReadAction\",\"target\":[\"https:\\\/\\\/wp.kristdemokraterna.se\\\/lidkoping\\\/2011-12-09-oacceptabelt-med-misskotsel-i-aldreomsorgen\\\/\"]}]},{\"@type\":\"BreadcrumbList\",\"@id\":\"https:\\\/\\\/wp.kristdemokraterna.se\\\/lidkoping\\\/2011-12-09-oacceptabelt-med-misskotsel-i-aldreomsorgen\\\/#breadcrumb\",\"itemListElement\":[{\"@type\":\"ListItem\",\"position\":1,\"name\":\"Hem\",\"item\":\"https:\\\/\\\/wp.kristdemokraterna.se\\\/lidkoping\\\/\"},{\"@type\":\"ListItem\",\"position\":2,\"name\":\"2011-12-09 Oacceptabelt med missk\u00f6tsel i \u00e4ldreomsorgen\"}]},{\"@type\":\"WebSite\",\"@id\":\"https:\\\/\\\/wp.kristdemokraterna.se\\\/lidkoping\\\/#website\",\"url\":\"https:\\\/\\\/wp.kristdemokraterna.se\\\/lidkoping\\\/\",\"name\":\"KRISTDEMOKRATERNA I LIDK\u00d6PING\",\"description\":\"Kristdemokraterna Lidk\u00f6pings webbplats\",\"inLanguage\":\"sv-SE\"},{\"@type\":\"Person\",\"@id\":\"https:\\\/\\\/wp.kristdemokraterna.se\\\/lidkoping\\\/#\\\/schema\\\/person\\\/7f8ba7ff0c74105a76f47d4b6bf40509\",\"name\":\"lidkoping\",\"image\":{\"@type\":\"ImageObject\",\"inLanguage\":\"sv-SE\",\"@id\":\"https:\\\/\\\/secure.gravatar.com\\\/avatar\\\/c90f0ca6aeafe3a4ffc1ccdce0069e4815200dcb7eb6da103c5a1dc3d63fd538?s=96&r=g\",\"url\":\"https:\\\/\\\/secure.gravatar.com\\\/avatar\\\/c90f0ca6aeafe3a4ffc1ccdce0069e4815200dcb7eb6da103c5a1dc3d63fd538?s=96&r=g\",\"contentUrl\":\"https:\\\/\\\/secure.gravatar.com\\\/avatar\\\/c90f0ca6aeafe3a4ffc1ccdce0069e4815200dcb7eb6da103c5a1dc3d63fd538?s=96&r=g\",\"caption\":\"lidkoping\"},\"url\":\"https:\\\/\\\/wp.kristdemokraterna.se\\\/lidkoping\\\/author\\\/lidkoping\\\/\"}]}<\/script>\n<!-- \/ Yoast SEO plugin. -->","yoast_head_json":{"title":"2011-12-09 Oacceptabelt med missk\u00f6tsel i \u00e4ldreomsorgen - KRISTDEMOKRATERNA I LIDK\u00d6PING","robots":{"index":"index","follow":"follow","max-snippet":"max-snippet:-1","max-image-preview":"max-image-preview:large","max-video-preview":"max-video-preview:-1"},"canonical":"https:\/\/wp.kristdemokraterna.se\/lidkoping\/2011-12-09-oacceptabelt-med-misskotsel-i-aldreomsorgen\/","og_locale":"sv_SE","og_type":"article","og_title":"2011-12-09 Oacceptabelt med missk\u00f6tsel i \u00e4ldreomsorgen - KRISTDEMOKRATERNA I LIDK\u00d6PING","og_description":"I en debattartikel skriver Maj Ader, Ann-Christine B\u00e5rstr\u00f6m och Tommy Larsson att \u00e4ldreomsorgen b\u00f6r vara inriktad p\u00e5 att se den enskilda m\u00e4nniskan och s\u00e4kerst\u00e4lla inflytande och valfrihet. De st\u00e4ller ocks\u00e5 fr\u00e5gan om \u00e4ldreomsorgens kvalitet i Lidk\u00f6ping.\u00a0\u00a0Debattartikel inf\u00f6rt i NLT\u00a0 2011-12-09Det \u00e4r oacceptabelt med missk\u00f6tsel i \u00e4ldreomsorgen\u00a0Det vi nu ser av skandaler som rullads upp \u00e4r Read More","og_url":"https:\/\/wp.kristdemokraterna.se\/lidkoping\/2011-12-09-oacceptabelt-med-misskotsel-i-aldreomsorgen\/","og_site_name":"KRISTDEMOKRATERNA I LIDK\u00d6PING","article_published_time":"2011-12-09T12:45:44+00:00","article_modified_time":"2014-05-12T11:46:14+00:00","author":"lidkoping","twitter_card":"summary_large_image","twitter_misc":{"Skriven av":"lidkoping","Ber\u00e4knad l\u00e4stid":"4 minuter"},"schema":{"@context":"https:\/\/schema.org","@graph":[{"@type":"Article","@id":"https:\/\/wp.kristdemokraterna.se\/lidkoping\/2011-12-09-oacceptabelt-med-misskotsel-i-aldreomsorgen\/#article","isPartOf":{"@id":"https:\/\/wp.kristdemokraterna.se\/lidkoping\/2011-12-09-oacceptabelt-med-misskotsel-i-aldreomsorgen\/"},"author":{"name":"lidkoping","@id":"https:\/\/wp.kristdemokraterna.se\/lidkoping\/#\/schema\/person\/7f8ba7ff0c74105a76f47d4b6bf40509"},"headline":"2011-12-09 Oacceptabelt med missk\u00f6tsel i \u00e4ldreomsorgen","datePublished":"2011-12-09T12:45:44+00:00","dateModified":"2014-05-12T11:46:14+00:00","mainEntityOfPage":{"@id":"https:\/\/wp.kristdemokraterna.se\/lidkoping\/2011-12-09-oacceptabelt-med-misskotsel-i-aldreomsorgen\/"},"wordCount":762,"keywords":["debattartikel"],"articleSection":["Debattartiklar"],"inLanguage":"sv-SE"},{"@type":"WebPage","@id":"https:\/\/wp.kristdemokraterna.se\/lidkoping\/2011-12-09-oacceptabelt-med-misskotsel-i-aldreomsorgen\/","url":"https:\/\/wp.kristdemokraterna.se\/lidkoping\/2011-12-09-oacceptabelt-med-misskotsel-i-aldreomsorgen\/","name":"2011-12-09 Oacceptabelt med missk\u00f6tsel i \u00e4ldreomsorgen - KRISTDEMOKRATERNA I LIDK\u00d6PING","isPartOf":{"@id":"https:\/\/wp.kristdemokraterna.se\/lidkoping\/#website"},"datePublished":"2011-12-09T12:45:44+00:00","dateModified":"2014-05-12T11:46:14+00:00","author":{"@id":"https:\/\/wp.kristdemokraterna.se\/lidkoping\/#\/schema\/person\/7f8ba7ff0c74105a76f47d4b6bf40509"},"breadcrumb":{"@id":"https:\/\/wp.kristdemokraterna.se\/lidkoping\/2011-12-09-oacceptabelt-med-misskotsel-i-aldreomsorgen\/#breadcrumb"},"inLanguage":"sv-SE","potentialAction":[{"@type":"ReadAction","target":["https:\/\/wp.kristdemokraterna.se\/lidkoping\/2011-12-09-oacceptabelt-med-misskotsel-i-aldreomsorgen\/"]}]},{"@type":"BreadcrumbList","@id":"https:\/\/wp.kristdemokraterna.se\/lidkoping\/2011-12-09-oacceptabelt-med-misskotsel-i-aldreomsorgen\/#breadcrumb","itemListElement":[{"@type":"ListItem","position":1,"name":"Hem","item":"https:\/\/wp.kristdemokraterna.se\/lidkoping\/"},{"@type":"ListItem","position":2,"name":"2011-12-09 Oacceptabelt med missk\u00f6tsel i \u00e4ldreomsorgen"}]},{"@type":"WebSite","@id":"https:\/\/wp.kristdemokraterna.se\/lidkoping\/#website","url":"https:\/\/wp.kristdemokraterna.se\/lidkoping\/","name":"KRISTDEMOKRATERNA I LIDK\u00d6PING","description":"Kristdemokraterna Lidk\u00f6pings webbplats","inLanguage":"sv-SE"},{"@type":"Person","@id":"https:\/\/wp.kristdemokraterna.se\/lidkoping\/#\/schema\/person\/7f8ba7ff0c74105a76f47d4b6bf40509","name":"lidkoping","image":{"@type":"ImageObject","inLanguage":"sv-SE","@id":"https:\/\/secure.gravatar.com\/avatar\/c90f0ca6aeafe3a4ffc1ccdce0069e4815200dcb7eb6da103c5a1dc3d63fd538?s=96&r=g","url":"https:\/\/secure.gravatar.com\/avatar\/c90f0ca6aeafe3a4ffc1ccdce0069e4815200dcb7eb6da103c5a1dc3d63fd538?s=96&r=g","contentUrl":"https:\/\/secure.gravatar.com\/avatar\/c90f0ca6aeafe3a4ffc1ccdce0069e4815200dcb7eb6da103c5a1dc3d63fd538?s=96&r=g","caption":"lidkoping"},"url":"https:\/\/wp.kristdemokraterna.se\/lidkoping\/author\/lidkoping\/"}]}},"_links":{"self":[{"href":"https:\/\/wp.kristdemokraterna.se\/lidkoping\/wp-json\/wp\/v2\/posts\/208","targetHints":{"allow":["GET"]}}],"collection":[{"href":"https:\/\/wp.kristdemokraterna.se\/lidkoping\/wp-json\/wp\/v2\/posts"}],"about":[{"href":"https:\/\/wp.kristdemokraterna.se\/lidkoping\/wp-json\/wp\/v2\/types\/post"}],"author":[{"embeddable":true,"href":"https:\/\/wp.kristdemokraterna.se\/lidkoping\/wp-json\/wp\/v2\/users\/490"}],"replies":[{"embeddable":true,"href":"https:\/\/wp.kristdemokraterna.se\/lidkoping\/wp-json\/wp\/v2\/comments?post=208"}],"version-history":[{"count":1,"href":"https:\/\/wp.kristdemokraterna.se\/lidkoping\/wp-json\/wp\/v2\/posts\/208\/revisions"}],"predecessor-version":[{"id":209,"href":"https:\/\/wp.kristdemokraterna.se\/lidkoping\/wp-json\/wp\/v2\/posts\/208\/revisions\/209"}],"wp:attachment":[{"href":"https:\/\/wp.kristdemokraterna.se\/lidkoping\/wp-json\/wp\/v2\/media?parent=208"}],"wp:term":[{"taxonomy":"category","embeddable":true,"href":"https:\/\/wp.kristdemokraterna.se\/lidkoping\/wp-json\/wp\/v2\/categories?post=208"},{"taxonomy":"post_tag","embeddable":true,"href":"https:\/\/wp.kristdemokraterna.se\/lidkoping\/wp-json\/wp\/v2\/tags?post=208"}],"curies":[{"name":"wp","href":"https:\/\/api.w.org\/{rel}","templated":true}]}}