{"id":259,"date":"2014-06-04T15:34:27","date_gmt":"2014-06-04T13:34:27","guid":{"rendered":"http:\/\/wp.kristdemokraterna.se\/lidkoping\/?p=259"},"modified":"2014-06-04T15:36:30","modified_gmt":"2014-06-04T13:36:30","slug":"vitsippspriset-2014","status":"publish","type":"post","link":"https:\/\/wp.kristdemokraterna.se\/lidkoping\/vitsippspriset-2014\/","title":{"rendered":"Vitsippspriset 2014"},"content":{"rendered":"<p>Vitsippspriset 2014 tilldelas Villa Lidk\u00f6pings BK pension\u00e4rsgrupp med motiveringen:<\/p>\n<p>Gruppen visar med engagemang och medm\u00e4nsklig v\u00e4rme hur man kan h\u00f6ja livskvalit\u00e9n och g\u00f6ra vardagen gladare med hj\u00e4rta och trevlig samvaro.<br \/>\nInte bara genom att ta hand om varandra, utan ocks\u00e5 genom ut\u00e5triktade verksamheter som t.ex. promenader med boende p\u00e5 Skogsgl\u00e4ntan.<\/p>\n<p>Priset som delas ut av Kristdemokraterna en g\u00e5ng om \u00e5ret kallas f\u00f6r Vitsippspriset och ges f\u00f6r att hedra en person eller grupp av personer f\u00f6r deras samh\u00e4llsengagemang, ofta i det tysta.<\/p>\n<p><a href=\"http:\/\/wp.kristdemokraterna.se\/lidkoping\/files\/2014\/06\/vitsippspriset2014_stefangustafsson_harryahlen_webb.jpg\"><img loading=\"lazy\" decoding=\"async\" class=\"alignnone size-medium wp-image-260\" src=\"http:\/\/wp.kristdemokraterna.se\/lidkoping\/files\/2014\/06\/vitsippspriset2014_stefangustafsson_harryahlen_webb-300x201.jpg\" alt=\"x-default\" width=\"300\" height=\"201\" srcset=\"https:\/\/wp.kristdemokraterna.se\/lidkoping\/files\/2014\/06\/vitsippspriset2014_stefangustafsson_harryahlen_webb-300x201.jpg 300w, https:\/\/wp.kristdemokraterna.se\/lidkoping\/files\/2014\/06\/vitsippspriset2014_stefangustafsson_harryahlen_webb-540x362.jpg 540w, https:\/\/wp.kristdemokraterna.se\/lidkoping\/files\/2014\/06\/vitsippspriset2014_stefangustafsson_harryahlen_webb-514x346.jpg 514w, https:\/\/wp.kristdemokraterna.se\/lidkoping\/files\/2014\/06\/vitsippspriset2014_stefangustafsson_harryahlen_webb-166x112.jpg 166w, https:\/\/wp.kristdemokraterna.se\/lidkoping\/files\/2014\/06\/vitsippspriset2014_stefangustafsson_harryahlen_webb.jpg 640w\" sizes=\"auto, (max-width: 300px) 100vw, 300px\" \/><\/a><\/p>\n<p>P\u00e5 bilden ses Stefan Gustafsson \u00f6verl\u00e4mna priset till Harry Ahl\u00e9n.<\/p>\n","protected":false},"excerpt":{"rendered":"<p>Vitsippspriset 2014 tilldelas Villa Lidk\u00f6pings BK pension\u00e4rsgrupp med motiveringen: Gruppen visar med engagemang och medm\u00e4nsklig v\u00e4rme hur man kan h\u00f6ja livskvalit\u00e9n och g\u00f6ra vardagen gladare med hj\u00e4rta och trevlig samvaro. Inte bara genom att ta hand om varandra, utan ocks\u00e5 genom ut\u00e5triktade verksamheter som t.ex. promenader med boende p\u00e5 Skogsgl\u00e4ntan. Priset som delas ut av <a class=\"read-more-link\" href=\"https:\/\/wp.kristdemokraterna.se\/lidkoping\/vitsippspriset-2014\/\">Read More<\/a><\/p>\n","protected":false},"author":490,"featured_media":0,"comment_status":"closed","ping_status":"closed","sticky":false,"template":"","format":"standard","meta":{"_acf_changed":false,"footnotes":""},"categories":[19],"tags":[21],"class_list":["post-259","post","type-post","status-publish","format-standard","hentry","category-vitsippspriset","tag-vitsippspris"],"acf":[],"yoast_head":"<!-- This site is optimized with the Yoast SEO plugin v27.4 - https:\/\/yoast.com\/product\/yoast-seo-wordpress\/ -->\n<title>Vitsippspriset 2014 - KRISTDEMOKRATERNA I LIDK\u00d6PING<\/title>\n<meta name=\"robots\" content=\"index, follow, max-snippet:-1, max-image-preview:large, max-video-preview:-1\" \/>\n<link rel=\"canonical\" href=\"https:\/\/wp.kristdemokraterna.se\/lidkoping\/vitsippspriset-2014\/\" \/>\n<meta property=\"og:locale\" content=\"sv_SE\" \/>\n<meta property=\"og:type\" content=\"article\" \/>\n<meta property=\"og:title\" content=\"Vitsippspriset 2014 - KRISTDEMOKRATERNA I LIDK\u00d6PING\" \/>\n<meta property=\"og:description\" content=\"Vitsippspriset 2014 tilldelas Villa Lidk\u00f6pings BK pension\u00e4rsgrupp med motiveringen: Gruppen visar med engagemang och medm\u00e4nsklig v\u00e4rme hur man kan h\u00f6ja livskvalit\u00e9n och g\u00f6ra vardagen gladare med hj\u00e4rta och trevlig samvaro. Inte bara genom att ta hand om varandra, utan ocks\u00e5 genom ut\u00e5triktade verksamheter som t.ex. promenader med boende p\u00e5 Skogsgl\u00e4ntan. Priset som delas ut av Read More\" \/>\n<meta property=\"og:url\" content=\"https:\/\/wp.kristdemokraterna.se\/lidkoping\/vitsippspriset-2014\/\" \/>\n<meta property=\"og:site_name\" content=\"KRISTDEMOKRATERNA I LIDK\u00d6PING\" \/>\n<meta property=\"article:published_time\" content=\"2014-06-04T13:34:27+00:00\" \/>\n<meta property=\"article:modified_time\" content=\"2014-06-04T13:36:30+00:00\" \/>\n<meta property=\"og:image\" content=\"http:\/\/wp.kristdemokraterna.se\/lidkoping\/files\/2014\/06\/vitsippspriset2014_stefangustafsson_harryahlen_webb-300x201.jpg\" \/>\n<meta name=\"author\" content=\"lidkoping\" \/>\n<meta name=\"twitter:card\" content=\"summary_large_image\" \/>\n<meta name=\"twitter:label1\" content=\"Skriven av\" \/>\n\t<meta name=\"twitter:data1\" content=\"lidkoping\" \/>\n\t<meta name=\"twitter:label2\" content=\"Ber\u00e4knad l\u00e4stid\" \/>\n\t<meta name=\"twitter:data2\" content=\"1 minut\" \/>\n<script type=\"application\/ld+json\" class=\"yoast-schema-graph\">{\"@context\":\"https:\\\/\\\/schema.org\",\"@graph\":[{\"@type\":\"Article\",\"@id\":\"https:\\\/\\\/wp.kristdemokraterna.se\\\/lidkoping\\\/vitsippspriset-2014\\\/#article\",\"isPartOf\":{\"@id\":\"https:\\\/\\\/wp.kristdemokraterna.se\\\/lidkoping\\\/vitsippspriset-2014\\\/\"},\"author\":{\"name\":\"lidkoping\",\"@id\":\"https:\\\/\\\/wp.kristdemokraterna.se\\\/lidkoping\\\/#\\\/schema\\\/person\\\/7f8ba7ff0c74105a76f47d4b6bf40509\"},\"headline\":\"Vitsippspriset 2014\",\"datePublished\":\"2014-06-04T13:34:27+00:00\",\"dateModified\":\"2014-06-04T13:36:30+00:00\",\"mainEntityOfPage\":{\"@id\":\"https:\\\/\\\/wp.kristdemokraterna.se\\\/lidkoping\\\/vitsippspriset-2014\\\/\"},\"wordCount\":109,\"image\":{\"@id\":\"https:\\\/\\\/wp.kristdemokraterna.se\\\/lidkoping\\\/vitsippspriset-2014\\\/#primaryimage\"},\"thumbnailUrl\":\"http:\\\/\\\/wp.kristdemokraterna.se\\\/lidkoping\\\/files\\\/2014\\\/06\\\/vitsippspriset2014_stefangustafsson_harryahlen_webb-300x201.jpg\",\"keywords\":[\"vitsippspris\"],\"articleSection\":[\"Vitsippspriset\"],\"inLanguage\":\"sv-SE\"},{\"@type\":\"WebPage\",\"@id\":\"https:\\\/\\\/wp.kristdemokraterna.se\\\/lidkoping\\\/vitsippspriset-2014\\\/\",\"url\":\"https:\\\/\\\/wp.kristdemokraterna.se\\\/lidkoping\\\/vitsippspriset-2014\\\/\",\"name\":\"Vitsippspriset 2014 - KRISTDEMOKRATERNA I LIDK\u00d6PING\",\"isPartOf\":{\"@id\":\"https:\\\/\\\/wp.kristdemokraterna.se\\\/lidkoping\\\/#website\"},\"primaryImageOfPage\":{\"@id\":\"https:\\\/\\\/wp.kristdemokraterna.se\\\/lidkoping\\\/vitsippspriset-2014\\\/#primaryimage\"},\"image\":{\"@id\":\"https:\\\/\\\/wp.kristdemokraterna.se\\\/lidkoping\\\/vitsippspriset-2014\\\/#primaryimage\"},\"thumbnailUrl\":\"http:\\\/\\\/wp.kristdemokraterna.se\\\/lidkoping\\\/files\\\/2014\\\/06\\\/vitsippspriset2014_stefangustafsson_harryahlen_webb-300x201.jpg\",\"datePublished\":\"2014-06-04T13:34:27+00:00\",\"dateModified\":\"2014-06-04T13:36:30+00:00\",\"author\":{\"@id\":\"https:\\\/\\\/wp.kristdemokraterna.se\\\/lidkoping\\\/#\\\/schema\\\/person\\\/7f8ba7ff0c74105a76f47d4b6bf40509\"},\"breadcrumb\":{\"@id\":\"https:\\\/\\\/wp.kristdemokraterna.se\\\/lidkoping\\\/vitsippspriset-2014\\\/#breadcrumb\"},\"inLanguage\":\"sv-SE\",\"potentialAction\":[{\"@type\":\"ReadAction\",\"target\":[\"https:\\\/\\\/wp.kristdemokraterna.se\\\/lidkoping\\\/vitsippspriset-2014\\\/\"]}]},{\"@type\":\"ImageObject\",\"inLanguage\":\"sv-SE\",\"@id\":\"https:\\\/\\\/wp.kristdemokraterna.se\\\/lidkoping\\\/vitsippspriset-2014\\\/#primaryimage\",\"url\":\"https:\\\/\\\/wp.kristdemokraterna.se\\\/lidkoping\\\/files\\\/2014\\\/06\\\/vitsippspriset2014_stefangustafsson_harryahlen_webb.jpg\",\"contentUrl\":\"https:\\\/\\\/wp.kristdemokraterna.se\\\/lidkoping\\\/files\\\/2014\\\/06\\\/vitsippspriset2014_stefangustafsson_harryahlen_webb.jpg\",\"width\":640,\"height\":430},{\"@type\":\"BreadcrumbList\",\"@id\":\"https:\\\/\\\/wp.kristdemokraterna.se\\\/lidkoping\\\/vitsippspriset-2014\\\/#breadcrumb\",\"itemListElement\":[{\"@type\":\"ListItem\",\"position\":1,\"name\":\"Hem\",\"item\":\"https:\\\/\\\/wp.kristdemokraterna.se\\\/lidkoping\\\/\"},{\"@type\":\"ListItem\",\"position\":2,\"name\":\"Vitsippspriset 2014\"}]},{\"@type\":\"WebSite\",\"@id\":\"https:\\\/\\\/wp.kristdemokraterna.se\\\/lidkoping\\\/#website\",\"url\":\"https:\\\/\\\/wp.kristdemokraterna.se\\\/lidkoping\\\/\",\"name\":\"KRISTDEMOKRATERNA I LIDK\u00d6PING\",\"description\":\"Kristdemokraterna Lidk\u00f6pings webbplats\",\"inLanguage\":\"sv-SE\"},{\"@type\":\"Person\",\"@id\":\"https:\\\/\\\/wp.kristdemokraterna.se\\\/lidkoping\\\/#\\\/schema\\\/person\\\/7f8ba7ff0c74105a76f47d4b6bf40509\",\"name\":\"lidkoping\",\"image\":{\"@type\":\"ImageObject\",\"inLanguage\":\"sv-SE\",\"@id\":\"https:\\\/\\\/secure.gravatar.com\\\/avatar\\\/c90f0ca6aeafe3a4ffc1ccdce0069e4815200dcb7eb6da103c5a1dc3d63fd538?s=96&r=g\",\"url\":\"https:\\\/\\\/secure.gravatar.com\\\/avatar\\\/c90f0ca6aeafe3a4ffc1ccdce0069e4815200dcb7eb6da103c5a1dc3d63fd538?s=96&r=g\",\"contentUrl\":\"https:\\\/\\\/secure.gravatar.com\\\/avatar\\\/c90f0ca6aeafe3a4ffc1ccdce0069e4815200dcb7eb6da103c5a1dc3d63fd538?s=96&r=g\",\"caption\":\"lidkoping\"},\"url\":\"https:\\\/\\\/wp.kristdemokraterna.se\\\/lidkoping\\\/author\\\/lidkoping\\\/\"}]}<\/script>\n<!-- \/ Yoast SEO plugin. -->","yoast_head_json":{"title":"Vitsippspriset 2014 - KRISTDEMOKRATERNA I LIDK\u00d6PING","robots":{"index":"index","follow":"follow","max-snippet":"max-snippet:-1","max-image-preview":"max-image-preview:large","max-video-preview":"max-video-preview:-1"},"canonical":"https:\/\/wp.kristdemokraterna.se\/lidkoping\/vitsippspriset-2014\/","og_locale":"sv_SE","og_type":"article","og_title":"Vitsippspriset 2014 - KRISTDEMOKRATERNA I LIDK\u00d6PING","og_description":"Vitsippspriset 2014 tilldelas Villa Lidk\u00f6pings BK pension\u00e4rsgrupp med motiveringen: Gruppen visar med engagemang och medm\u00e4nsklig v\u00e4rme hur man kan h\u00f6ja livskvalit\u00e9n och g\u00f6ra vardagen gladare med hj\u00e4rta och trevlig samvaro. Inte bara genom att ta hand om varandra, utan ocks\u00e5 genom ut\u00e5triktade verksamheter som t.ex. promenader med boende p\u00e5 Skogsgl\u00e4ntan. Priset som delas ut av Read More","og_url":"https:\/\/wp.kristdemokraterna.se\/lidkoping\/vitsippspriset-2014\/","og_site_name":"KRISTDEMOKRATERNA I LIDK\u00d6PING","article_published_time":"2014-06-04T13:34:27+00:00","article_modified_time":"2014-06-04T13:36:30+00:00","og_image":[{"url":"http:\/\/wp.kristdemokraterna.se\/lidkoping\/files\/2014\/06\/vitsippspriset2014_stefangustafsson_harryahlen_webb-300x201.jpg","type":"","width":"","height":""}],"author":"lidkoping","twitter_card":"summary_large_image","twitter_misc":{"Skriven av":"lidkoping","Ber\u00e4knad l\u00e4stid":"1 minut"},"schema":{"@context":"https:\/\/schema.org","@graph":[{"@type":"Article","@id":"https:\/\/wp.kristdemokraterna.se\/lidkoping\/vitsippspriset-2014\/#article","isPartOf":{"@id":"https:\/\/wp.kristdemokraterna.se\/lidkoping\/vitsippspriset-2014\/"},"author":{"name":"lidkoping","@id":"https:\/\/wp.kristdemokraterna.se\/lidkoping\/#\/schema\/person\/7f8ba7ff0c74105a76f47d4b6bf40509"},"headline":"Vitsippspriset 2014","datePublished":"2014-06-04T13:34:27+00:00","dateModified":"2014-06-04T13:36:30+00:00","mainEntityOfPage":{"@id":"https:\/\/wp.kristdemokraterna.se\/lidkoping\/vitsippspriset-2014\/"},"wordCount":109,"image":{"@id":"https:\/\/wp.kristdemokraterna.se\/lidkoping\/vitsippspriset-2014\/#primaryimage"},"thumbnailUrl":"http:\/\/wp.kristdemokraterna.se\/lidkoping\/files\/2014\/06\/vitsippspriset2014_stefangustafsson_harryahlen_webb-300x201.jpg","keywords":["vitsippspris"],"articleSection":["Vitsippspriset"],"inLanguage":"sv-SE"},{"@type":"WebPage","@id":"https:\/\/wp.kristdemokraterna.se\/lidkoping\/vitsippspriset-2014\/","url":"https:\/\/wp.kristdemokraterna.se\/lidkoping\/vitsippspriset-2014\/","name":"Vitsippspriset 2014 - KRISTDEMOKRATERNA I LIDK\u00d6PING","isPartOf":{"@id":"https:\/\/wp.kristdemokraterna.se\/lidkoping\/#website"},"primaryImageOfPage":{"@id":"https:\/\/wp.kristdemokraterna.se\/lidkoping\/vitsippspriset-2014\/#primaryimage"},"image":{"@id":"https:\/\/wp.kristdemokraterna.se\/lidkoping\/vitsippspriset-2014\/#primaryimage"},"thumbnailUrl":"http:\/\/wp.kristdemokraterna.se\/lidkoping\/files\/2014\/06\/vitsippspriset2014_stefangustafsson_harryahlen_webb-300x201.jpg","datePublished":"2014-06-04T13:34:27+00:00","dateModified":"2014-06-04T13:36:30+00:00","author":{"@id":"https:\/\/wp.kristdemokraterna.se\/lidkoping\/#\/schema\/person\/7f8ba7ff0c74105a76f47d4b6bf40509"},"breadcrumb":{"@id":"https:\/\/wp.kristdemokraterna.se\/lidkoping\/vitsippspriset-2014\/#breadcrumb"},"inLanguage":"sv-SE","potentialAction":[{"@type":"ReadAction","target":["https:\/\/wp.kristdemokraterna.se\/lidkoping\/vitsippspriset-2014\/"]}]},{"@type":"ImageObject","inLanguage":"sv-SE","@id":"https:\/\/wp.kristdemokraterna.se\/lidkoping\/vitsippspriset-2014\/#primaryimage","url":"https:\/\/wp.kristdemokraterna.se\/lidkoping\/files\/2014\/06\/vitsippspriset2014_stefangustafsson_harryahlen_webb.jpg","contentUrl":"https:\/\/wp.kristdemokraterna.se\/lidkoping\/files\/2014\/06\/vitsippspriset2014_stefangustafsson_harryahlen_webb.jpg","width":640,"height":430},{"@type":"BreadcrumbList","@id":"https:\/\/wp.kristdemokraterna.se\/lidkoping\/vitsippspriset-2014\/#breadcrumb","itemListElement":[{"@type":"ListItem","position":1,"name":"Hem","item":"https:\/\/wp.kristdemokraterna.se\/lidkoping\/"},{"@type":"ListItem","position":2,"name":"Vitsippspriset 2014"}]},{"@type":"WebSite","@id":"https:\/\/wp.kristdemokraterna.se\/lidkoping\/#website","url":"https:\/\/wp.kristdemokraterna.se\/lidkoping\/","name":"KRISTDEMOKRATERNA I LIDK\u00d6PING","description":"Kristdemokraterna Lidk\u00f6pings webbplats","inLanguage":"sv-SE"},{"@type":"Person","@id":"https:\/\/wp.kristdemokraterna.se\/lidkoping\/#\/schema\/person\/7f8ba7ff0c74105a76f47d4b6bf40509","name":"lidkoping","image":{"@type":"ImageObject","inLanguage":"sv-SE","@id":"https:\/\/secure.gravatar.com\/avatar\/c90f0ca6aeafe3a4ffc1ccdce0069e4815200dcb7eb6da103c5a1dc3d63fd538?s=96&r=g","url":"https:\/\/secure.gravatar.com\/avatar\/c90f0ca6aeafe3a4ffc1ccdce0069e4815200dcb7eb6da103c5a1dc3d63fd538?s=96&r=g","contentUrl":"https:\/\/secure.gravatar.com\/avatar\/c90f0ca6aeafe3a4ffc1ccdce0069e4815200dcb7eb6da103c5a1dc3d63fd538?s=96&r=g","caption":"lidkoping"},"url":"https:\/\/wp.kristdemokraterna.se\/lidkoping\/author\/lidkoping\/"}]}},"_links":{"self":[{"href":"https:\/\/wp.kristdemokraterna.se\/lidkoping\/wp-json\/wp\/v2\/posts\/259","targetHints":{"allow":["GET"]}}],"collection":[{"href":"https:\/\/wp.kristdemokraterna.se\/lidkoping\/wp-json\/wp\/v2\/posts"}],"about":[{"href":"https:\/\/wp.kristdemokraterna.se\/lidkoping\/wp-json\/wp\/v2\/types\/post"}],"author":[{"embeddable":true,"href":"https:\/\/wp.kristdemokraterna.se\/lidkoping\/wp-json\/wp\/v2\/users\/490"}],"replies":[{"embeddable":true,"href":"https:\/\/wp.kristdemokraterna.se\/lidkoping\/wp-json\/wp\/v2\/comments?post=259"}],"version-history":[{"count":1,"href":"https:\/\/wp.kristdemokraterna.se\/lidkoping\/wp-json\/wp\/v2\/posts\/259\/revisions"}],"predecessor-version":[{"id":261,"href":"https:\/\/wp.kristdemokraterna.se\/lidkoping\/wp-json\/wp\/v2\/posts\/259\/revisions\/261"}],"wp:attachment":[{"href":"https:\/\/wp.kristdemokraterna.se\/lidkoping\/wp-json\/wp\/v2\/media?parent=259"}],"wp:term":[{"taxonomy":"category","embeddable":true,"href":"https:\/\/wp.kristdemokraterna.se\/lidkoping\/wp-json\/wp\/v2\/categories?post=259"},{"taxonomy":"post_tag","embeddable":true,"href":"https:\/\/wp.kristdemokraterna.se\/lidkoping\/wp-json\/wp\/v2\/tags?post=259"}],"curies":[{"name":"wp","href":"https:\/\/api.w.org\/{rel}","templated":true}]}}