{"id":869,"date":"2026-03-09T12:23:38","date_gmt":"2026-03-09T11:23:38","guid":{"rendered":"https:\/\/wp.kristdemokraterna.se\/lindesberg\/?p=869"},"modified":"2026-03-09T12:27:41","modified_gmt":"2026-03-09T11:27:41","slug":"en-levande-landsbygd-i-lindesbergs-kommun","status":"publish","type":"post","link":"https:\/\/wp.kristdemokraterna.se\/lindesberg\/en-levande-landsbygd-i-lindesbergs-kommun\/","title":{"rendered":"En levande landsbygd i Lindesbergs kommun"},"content":{"rendered":"<p style=\"margin: 0cm\"><strong>F\u00f6r att det trygga livet p\u00e5 landet inte bara ska vara en vision utan en verklighet m\u00e5ste s\u00e5v\u00e4l de sm\u00e5 som de stora sammanhangen fungera. P\u00e5 landsbygden finns stora utvecklingsm\u00f6jligheter f\u00f6r turism, lantbruk och livsmedel.<\/strong><\/p>\n<ul>\n<li><span style=\"font-family: 'Helvetica Neue',serif\">Det ska vara enkelt att verka som f\u00f6retagare i Lindesbergs kommun. Det \u00e4r av st\u00f6rsta vikt att kommunen ger en god och snabb service till f\u00f6retagare.<\/span><\/li>\n<li><span style=\"font-family: 'Helvetica Neue',serif\">Landsbygden ska ha god bredbandskapacitet s\u00e5 att m\u00e4nniskor kan arbeta \u00f6ver hela kommunen.<\/span><\/li>\n<li><span style=\"font-family: 'Helvetica Neue',serif\">M\u00f6jligheter att resa kollektivt beh\u00f6ver utvecklas. Bra kommunikation f\u00f6rb\u00e4ttrar m\u00f6jligheter till studie- och arbetspendling. Nya samverkansmodeller m\u00e5ste pr\u00f6vas.<\/span><\/li>\n<li><span style=\"font-family: 'Helvetica Neue',serif\">Fler serviceboenden\/ trygghetsboenden f\u00f6r \u00e4ldre beh\u00f6ver byggas p\u00e5 landsbygden g\u00e4rna i samverkan med civilsamh\u00e4llets akt\u00f6rer.<\/span><\/li>\n<li><span style=\"font-family: 'Helvetica Neue',serif\">Landsbygdsskolor ska drivas om det finns elevunderlag och s\u00e5 l\u00e4nge en bibeh\u00e5llen kvalit\u00e9 kan garanteras.<\/span><\/li>\n<li><span style=\"font-family: 'Helvetica Neue',serif\">Tillg\u00e5ngen till offentlig servicen m\u00e5ste f\u00f6rb\u00e4ttras det kan t.ex. g\u00e4lla polis, bank <\/span><span style=\"font-family: 'Helvetica Neue',serif\">eller f\u00f6rs\u00e4kringskassa.<\/span><\/li>\n<li><span style=\"font-family: 'Helvetica Neue',serif\">Kulturmilj\u00f6er och unika naturresurser ska v\u00e4rnas f\u00f6r att kunna f\u00f6rmedlas till kommande generationer.<\/span><\/li>\n<\/ul>\n","protected":false},"excerpt":{"rendered":"<p>F\u00f6r att det trygga livet p\u00e5 landet inte bara ska vara en vision utan en verklighet m\u00e5ste s\u00e5v\u00e4l de sm\u00e5 som de stora sammanhangen fungera. P\u00e5 landsbygden finns stora utvecklingsm\u00f6jligheter f\u00f6r turism, lantbruk och livsmedel. Det ska vara enkelt att verka som f\u00f6retagare i Lindesbergs kommun. Det \u00e4r av st\u00f6rsta vikt att kommunen ger en <a class=\"read-more-link\" href=\"https:\/\/wp.kristdemokraterna.se\/lindesberg\/en-levande-landsbygd-i-lindesbergs-kommun\/\">L\u00e4s mer<\/a><\/p>\n","protected":false},"author":1093,"featured_media":714,"comment_status":"closed","ping_status":"closed","sticky":false,"template":"","format":"standard","meta":{"_acf_changed":false,"footnotes":""},"categories":[4,11,3],"tags":[],"class_list":["post-869","post","type-post","status-publish","format-standard","hentry","category-i-kommunen","category-inlagg","category-var-politik"],"acf":[],"yoast_head":"<!-- This site is optimized with the Yoast SEO plugin v27.4 - https:\/\/yoast.com\/product\/yoast-seo-wordpress\/ -->\n<title>En levande landsbygd i Lindesbergs kommun - Lindesberg<\/title>\n<meta name=\"robots\" content=\"index, follow, max-snippet:-1, max-image-preview:large, max-video-preview:-1\" \/>\n<link rel=\"canonical\" href=\"https:\/\/wp.kristdemokraterna.se\/lindesberg\/en-levande-landsbygd-i-lindesbergs-kommun\/\" \/>\n<meta property=\"og:locale\" content=\"sv_SE\" \/>\n<meta property=\"og:type\" content=\"article\" \/>\n<meta property=\"og:title\" content=\"En levande landsbygd i Lindesbergs kommun - Lindesberg\" \/>\n<meta property=\"og:description\" content=\"F\u00f6r att det trygga livet p\u00e5 landet inte bara ska vara en vision utan en verklighet m\u00e5ste s\u00e5v\u00e4l de sm\u00e5 som de stora sammanhangen fungera. P\u00e5 landsbygden finns stora utvecklingsm\u00f6jligheter f\u00f6r turism, lantbruk och livsmedel. Det ska vara enkelt att verka som f\u00f6retagare i Lindesbergs kommun. Det \u00e4r av st\u00f6rsta vikt att kommunen ger en L\u00e4s mer\" \/>\n<meta property=\"og:url\" content=\"https:\/\/wp.kristdemokraterna.se\/lindesberg\/en-levande-landsbygd-i-lindesbergs-kommun\/\" \/>\n<meta property=\"og:site_name\" content=\"Lindesberg\" \/>\n<meta property=\"article:published_time\" content=\"2026-03-09T11:23:38+00:00\" \/>\n<meta property=\"article:modified_time\" content=\"2026-03-09T11:27:41+00:00\" \/>\n<meta name=\"author\" content=\"mlundinkd\" \/>\n<meta name=\"twitter:card\" content=\"summary_large_image\" \/>\n<meta name=\"twitter:label1\" content=\"Skriven av\" \/>\n\t<meta name=\"twitter:data1\" content=\"mlundinkd\" \/>\n\t<meta name=\"twitter:label2\" content=\"Ber\u00e4knad l\u00e4stid\" \/>\n\t<meta name=\"twitter:data2\" content=\"1 minut\" \/>\n<script type=\"application\/ld+json\" class=\"yoast-schema-graph\">{\"@context\":\"https:\\\/\\\/schema.org\",\"@graph\":[{\"@type\":\"Article\",\"@id\":\"https:\\\/\\\/wp.kristdemokraterna.se\\\/lindesberg\\\/en-levande-landsbygd-i-lindesbergs-kommun\\\/#article\",\"isPartOf\":{\"@id\":\"https:\\\/\\\/wp.kristdemokraterna.se\\\/lindesberg\\\/en-levande-landsbygd-i-lindesbergs-kommun\\\/\"},\"author\":{\"name\":\"mlundinkd\",\"@id\":\"https:\\\/\\\/wp.kristdemokraterna.se\\\/lindesberg\\\/#\\\/schema\\\/person\\\/c5e11e2a26ac57ced2e2b2740625b172\"},\"headline\":\"En levande landsbygd i Lindesbergs kommun\",\"datePublished\":\"2026-03-09T11:23:38+00:00\",\"dateModified\":\"2026-03-09T11:27:41+00:00\",\"mainEntityOfPage\":{\"@id\":\"https:\\\/\\\/wp.kristdemokraterna.se\\\/lindesberg\\\/en-levande-landsbygd-i-lindesbergs-kommun\\\/\"},\"wordCount\":191,\"image\":{\"@id\":\"https:\\\/\\\/wp.kristdemokraterna.se\\\/lindesberg\\\/en-levande-landsbygd-i-lindesbergs-kommun\\\/#primaryimage\"},\"thumbnailUrl\":\"\",\"articleSection\":[\"I Kommunen\",\"Inl\u00e4gg\",\"V\u00e5r politik\"],\"inLanguage\":\"sv-SE\"},{\"@type\":\"WebPage\",\"@id\":\"https:\\\/\\\/wp.kristdemokraterna.se\\\/lindesberg\\\/en-levande-landsbygd-i-lindesbergs-kommun\\\/\",\"url\":\"https:\\\/\\\/wp.kristdemokraterna.se\\\/lindesberg\\\/en-levande-landsbygd-i-lindesbergs-kommun\\\/\",\"name\":\"En levande landsbygd i Lindesbergs kommun - Lindesberg\",\"isPartOf\":{\"@id\":\"https:\\\/\\\/wp.kristdemokraterna.se\\\/lindesberg\\\/#website\"},\"primaryImageOfPage\":{\"@id\":\"https:\\\/\\\/wp.kristdemokraterna.se\\\/lindesberg\\\/en-levande-landsbygd-i-lindesbergs-kommun\\\/#primaryimage\"},\"image\":{\"@id\":\"https:\\\/\\\/wp.kristdemokraterna.se\\\/lindesberg\\\/en-levande-landsbygd-i-lindesbergs-kommun\\\/#primaryimage\"},\"thumbnailUrl\":\"\",\"datePublished\":\"2026-03-09T11:23:38+00:00\",\"dateModified\":\"2026-03-09T11:27:41+00:00\",\"author\":{\"@id\":\"https:\\\/\\\/wp.kristdemokraterna.se\\\/lindesberg\\\/#\\\/schema\\\/person\\\/c5e11e2a26ac57ced2e2b2740625b172\"},\"breadcrumb\":{\"@id\":\"https:\\\/\\\/wp.kristdemokraterna.se\\\/lindesberg\\\/en-levande-landsbygd-i-lindesbergs-kommun\\\/#breadcrumb\"},\"inLanguage\":\"sv-SE\",\"potentialAction\":[{\"@type\":\"ReadAction\",\"target\":[\"https:\\\/\\\/wp.kristdemokraterna.se\\\/lindesberg\\\/en-levande-landsbygd-i-lindesbergs-kommun\\\/\"]}]},{\"@type\":\"ImageObject\",\"inLanguage\":\"sv-SE\",\"@id\":\"https:\\\/\\\/wp.kristdemokraterna.se\\\/lindesberg\\\/en-levande-landsbygd-i-lindesbergs-kommun\\\/#primaryimage\",\"url\":\"\",\"contentUrl\":\"\"},{\"@type\":\"BreadcrumbList\",\"@id\":\"https:\\\/\\\/wp.kristdemokraterna.se\\\/lindesberg\\\/en-levande-landsbygd-i-lindesbergs-kommun\\\/#breadcrumb\",\"itemListElement\":[{\"@type\":\"ListItem\",\"position\":1,\"name\":\"Hem\",\"item\":\"https:\\\/\\\/wp.kristdemokraterna.se\\\/lindesberg\\\/\"},{\"@type\":\"ListItem\",\"position\":2,\"name\":\"En levande landsbygd i Lindesbergs kommun\"}]},{\"@type\":\"WebSite\",\"@id\":\"https:\\\/\\\/wp.kristdemokraterna.se\\\/lindesberg\\\/#website\",\"url\":\"https:\\\/\\\/wp.kristdemokraterna.se\\\/lindesberg\\\/\",\"name\":\"Lindesberg\",\"description\":\"V\u00e5rd, vardag, v\u00e4rderingar\",\"inLanguage\":\"sv-SE\"},{\"@type\":\"Person\",\"@id\":\"https:\\\/\\\/wp.kristdemokraterna.se\\\/lindesberg\\\/#\\\/schema\\\/person\\\/c5e11e2a26ac57ced2e2b2740625b172\",\"name\":\"mlundinkd\",\"image\":{\"@type\":\"ImageObject\",\"inLanguage\":\"sv-SE\",\"@id\":\"https:\\\/\\\/secure.gravatar.com\\\/avatar\\\/1c9d37454569e467cb6da3e346c7d9ee29f19e51986dcaa15ee795eddcd3b586?s=96&d=mm&r=g\",\"url\":\"https:\\\/\\\/secure.gravatar.com\\\/avatar\\\/1c9d37454569e467cb6da3e346c7d9ee29f19e51986dcaa15ee795eddcd3b586?s=96&d=mm&r=g\",\"contentUrl\":\"https:\\\/\\\/secure.gravatar.com\\\/avatar\\\/1c9d37454569e467cb6da3e346c7d9ee29f19e51986dcaa15ee795eddcd3b586?s=96&d=mm&r=g\",\"caption\":\"mlundinkd\"},\"url\":\"https:\\\/\\\/wp.kristdemokraterna.se\\\/lindesberg\\\/author\\\/mlundinkd\\\/\"}]}<\/script>\n<!-- \/ Yoast SEO plugin. -->","yoast_head_json":{"title":"En levande landsbygd i Lindesbergs kommun - Lindesberg","robots":{"index":"index","follow":"follow","max-snippet":"max-snippet:-1","max-image-preview":"max-image-preview:large","max-video-preview":"max-video-preview:-1"},"canonical":"https:\/\/wp.kristdemokraterna.se\/lindesberg\/en-levande-landsbygd-i-lindesbergs-kommun\/","og_locale":"sv_SE","og_type":"article","og_title":"En levande landsbygd i Lindesbergs kommun - Lindesberg","og_description":"F\u00f6r att det trygga livet p\u00e5 landet inte bara ska vara en vision utan en verklighet m\u00e5ste s\u00e5v\u00e4l de sm\u00e5 som de stora sammanhangen fungera. P\u00e5 landsbygden finns stora utvecklingsm\u00f6jligheter f\u00f6r turism, lantbruk och livsmedel. Det ska vara enkelt att verka som f\u00f6retagare i Lindesbergs kommun. Det \u00e4r av st\u00f6rsta vikt att kommunen ger en L\u00e4s mer","og_url":"https:\/\/wp.kristdemokraterna.se\/lindesberg\/en-levande-landsbygd-i-lindesbergs-kommun\/","og_site_name":"Lindesberg","article_published_time":"2026-03-09T11:23:38+00:00","article_modified_time":"2026-03-09T11:27:41+00:00","author":"mlundinkd","twitter_card":"summary_large_image","twitter_misc":{"Skriven av":"mlundinkd","Ber\u00e4knad l\u00e4stid":"1 minut"},"schema":{"@context":"https:\/\/schema.org","@graph":[{"@type":"Article","@id":"https:\/\/wp.kristdemokraterna.se\/lindesberg\/en-levande-landsbygd-i-lindesbergs-kommun\/#article","isPartOf":{"@id":"https:\/\/wp.kristdemokraterna.se\/lindesberg\/en-levande-landsbygd-i-lindesbergs-kommun\/"},"author":{"name":"mlundinkd","@id":"https:\/\/wp.kristdemokraterna.se\/lindesberg\/#\/schema\/person\/c5e11e2a26ac57ced2e2b2740625b172"},"headline":"En levande landsbygd i Lindesbergs kommun","datePublished":"2026-03-09T11:23:38+00:00","dateModified":"2026-03-09T11:27:41+00:00","mainEntityOfPage":{"@id":"https:\/\/wp.kristdemokraterna.se\/lindesberg\/en-levande-landsbygd-i-lindesbergs-kommun\/"},"wordCount":191,"image":{"@id":"https:\/\/wp.kristdemokraterna.se\/lindesberg\/en-levande-landsbygd-i-lindesbergs-kommun\/#primaryimage"},"thumbnailUrl":"","articleSection":["I Kommunen","Inl\u00e4gg","V\u00e5r politik"],"inLanguage":"sv-SE"},{"@type":"WebPage","@id":"https:\/\/wp.kristdemokraterna.se\/lindesberg\/en-levande-landsbygd-i-lindesbergs-kommun\/","url":"https:\/\/wp.kristdemokraterna.se\/lindesberg\/en-levande-landsbygd-i-lindesbergs-kommun\/","name":"En levande landsbygd i Lindesbergs kommun - Lindesberg","isPartOf":{"@id":"https:\/\/wp.kristdemokraterna.se\/lindesberg\/#website"},"primaryImageOfPage":{"@id":"https:\/\/wp.kristdemokraterna.se\/lindesberg\/en-levande-landsbygd-i-lindesbergs-kommun\/#primaryimage"},"image":{"@id":"https:\/\/wp.kristdemokraterna.se\/lindesberg\/en-levande-landsbygd-i-lindesbergs-kommun\/#primaryimage"},"thumbnailUrl":"","datePublished":"2026-03-09T11:23:38+00:00","dateModified":"2026-03-09T11:27:41+00:00","author":{"@id":"https:\/\/wp.kristdemokraterna.se\/lindesberg\/#\/schema\/person\/c5e11e2a26ac57ced2e2b2740625b172"},"breadcrumb":{"@id":"https:\/\/wp.kristdemokraterna.se\/lindesberg\/en-levande-landsbygd-i-lindesbergs-kommun\/#breadcrumb"},"inLanguage":"sv-SE","potentialAction":[{"@type":"ReadAction","target":["https:\/\/wp.kristdemokraterna.se\/lindesberg\/en-levande-landsbygd-i-lindesbergs-kommun\/"]}]},{"@type":"ImageObject","inLanguage":"sv-SE","@id":"https:\/\/wp.kristdemokraterna.se\/lindesberg\/en-levande-landsbygd-i-lindesbergs-kommun\/#primaryimage","url":"","contentUrl":""},{"@type":"BreadcrumbList","@id":"https:\/\/wp.kristdemokraterna.se\/lindesberg\/en-levande-landsbygd-i-lindesbergs-kommun\/#breadcrumb","itemListElement":[{"@type":"ListItem","position":1,"name":"Hem","item":"https:\/\/wp.kristdemokraterna.se\/lindesberg\/"},{"@type":"ListItem","position":2,"name":"En levande landsbygd i Lindesbergs kommun"}]},{"@type":"WebSite","@id":"https:\/\/wp.kristdemokraterna.se\/lindesberg\/#website","url":"https:\/\/wp.kristdemokraterna.se\/lindesberg\/","name":"Lindesberg","description":"V\u00e5rd, vardag, v\u00e4rderingar","inLanguage":"sv-SE"},{"@type":"Person","@id":"https:\/\/wp.kristdemokraterna.se\/lindesberg\/#\/schema\/person\/c5e11e2a26ac57ced2e2b2740625b172","name":"mlundinkd","image":{"@type":"ImageObject","inLanguage":"sv-SE","@id":"https:\/\/secure.gravatar.com\/avatar\/1c9d37454569e467cb6da3e346c7d9ee29f19e51986dcaa15ee795eddcd3b586?s=96&d=mm&r=g","url":"https:\/\/secure.gravatar.com\/avatar\/1c9d37454569e467cb6da3e346c7d9ee29f19e51986dcaa15ee795eddcd3b586?s=96&d=mm&r=g","contentUrl":"https:\/\/secure.gravatar.com\/avatar\/1c9d37454569e467cb6da3e346c7d9ee29f19e51986dcaa15ee795eddcd3b586?s=96&d=mm&r=g","caption":"mlundinkd"},"url":"https:\/\/wp.kristdemokraterna.se\/lindesberg\/author\/mlundinkd\/"}]}},"_links":{"self":[{"href":"https:\/\/wp.kristdemokraterna.se\/lindesberg\/wp-json\/wp\/v2\/posts\/869","targetHints":{"allow":["GET"]}}],"collection":[{"href":"https:\/\/wp.kristdemokraterna.se\/lindesberg\/wp-json\/wp\/v2\/posts"}],"about":[{"href":"https:\/\/wp.kristdemokraterna.se\/lindesberg\/wp-json\/wp\/v2\/types\/post"}],"author":[{"embeddable":true,"href":"https:\/\/wp.kristdemokraterna.se\/lindesberg\/wp-json\/wp\/v2\/users\/1093"}],"replies":[{"embeddable":true,"href":"https:\/\/wp.kristdemokraterna.se\/lindesberg\/wp-json\/wp\/v2\/comments?post=869"}],"version-history":[{"count":11,"href":"https:\/\/wp.kristdemokraterna.se\/lindesberg\/wp-json\/wp\/v2\/posts\/869\/revisions"}],"predecessor-version":[{"id":881,"href":"https:\/\/wp.kristdemokraterna.se\/lindesberg\/wp-json\/wp\/v2\/posts\/869\/revisions\/881"}],"wp:featuredmedia":[{"embeddable":true,"href":"https:\/\/wp.kristdemokraterna.se\/lindesberg\/wp-json\/"}],"wp:attachment":[{"href":"https:\/\/wp.kristdemokraterna.se\/lindesberg\/wp-json\/wp\/v2\/media?parent=869"}],"wp:term":[{"taxonomy":"category","embeddable":true,"href":"https:\/\/wp.kristdemokraterna.se\/lindesberg\/wp-json\/wp\/v2\/categories?post=869"},{"taxonomy":"post_tag","embeddable":true,"href":"https:\/\/wp.kristdemokraterna.se\/lindesberg\/wp-json\/wp\/v2\/tags?post=869"}],"curies":[{"name":"wp","href":"https:\/\/api.w.org\/{rel}","templated":true}]}}