{"id":946,"date":"2026-03-30T13:38:57","date_gmt":"2026-03-30T11:38:57","guid":{"rendered":"https:\/\/wp.kristdemokraterna.se\/lindesberg\/?p=946"},"modified":"2026-03-30T13:41:31","modified_gmt":"2026-03-30T11:41:31","slug":"kd-presenterar-jenny-alamartin","status":"publish","type":"post","link":"https:\/\/wp.kristdemokraterna.se\/lindesberg\/kd-presenterar-jenny-alamartin\/","title":{"rendered":"KD presenterar Jenny Alamartin"},"content":{"rendered":"<blockquote>\n<h3 dir=\"auto\"><strong>Jenny Alamartin kandiderar som nr 2 p\u00e5 listan i kommunvalet 2026 f\u00f6r Kristdemokraterna i Lindesberg.\u00a0<\/strong><\/h3>\n<\/blockquote>\n<p dir=\"auto\">Jag heter Jenny Alamartin och bor i Vedev\u00e5g tillsammans med min man och v\u00e5ra tv\u00e5 barn.\u00a0 Jag arbetar som distriktssk\u00f6terska och har genom mitt yrke en stark f\u00f6rst\u00e5else f\u00f6r m\u00e4nniskors behov i olika livssituationer. Jag v\u00e4rnar s\u00e4rskilt om landsbygdens utveckling, en trygg och tillg\u00e4nglig v\u00e5rd och omsorg samt goda f\u00f6ruts\u00e4ttningar f\u00f6r barn och utbildning.<\/p>\n<p dir=\"auto\">Det sj\u00e4lvklart f\u00f6r mig att v\u00e5rden ska vara tillg\u00e4nglig och likv\u00e4rdig oavsett var man bor. Alla ska kunna k\u00e4nna trygghet i att f\u00e5 den v\u00e5rd och omsorg de beh\u00f6ver, i r\u00e4tt tid och med god kvalitet.<\/p>\n<p dir=\"auto\">F\u00f6r mig \u00e4r det ocks\u00e5 viktigt att barn och unga, oavsett om de v\u00e4xer upp p\u00e5 landsbygden eller i t\u00e4tort, har tillg\u00e5ng till en likv\u00e4rdig och kvalitativ utbildning n\u00e4ra hemmet. Levande skolor och f\u00f6rskolor p\u00e5 landsbygden \u00e4r en f\u00f6ruts\u00e4ttning f\u00f6r att hela kommunen ska kunna utvecklas och vara attraktiv f\u00f6r familjer.<\/p>\n<div dir=\"auto\">\n<p dir=\"auto\">\/Jenny<\/p>\n<\/div>\n","protected":false},"excerpt":{"rendered":"<p>Jenny Alamartin kandiderar som nr 2 p\u00e5 listan i kommunvalet 2026 f\u00f6r Kristdemokraterna i Lindesberg.\u00a0 Jag heter Jenny Alamartin och bor i Vedev\u00e5g tillsammans med min man och v\u00e5ra tv\u00e5 barn.\u00a0 Jag arbetar som distriktssk\u00f6terska och har genom mitt yrke en stark f\u00f6rst\u00e5else f\u00f6r m\u00e4nniskors behov i olika livssituationer. Jag v\u00e4rnar s\u00e4rskilt om landsbygdens utveckling, <a class=\"read-more-link\" href=\"https:\/\/wp.kristdemokraterna.se\/lindesberg\/kd-presenterar-jenny-alamartin\/\">L\u00e4s mer<\/a><\/p>\n","protected":false},"author":1093,"featured_media":714,"comment_status":"closed","ping_status":"closed","sticky":false,"template":"","format":"standard","meta":{"_acf_changed":false,"footnotes":""},"categories":[4],"tags":[],"class_list":["post-946","post","type-post","status-publish","format-standard","hentry","category-i-kommunen"],"acf":[],"yoast_head":"<!-- This site is optimized with the Yoast SEO plugin v27.4 - https:\/\/yoast.com\/product\/yoast-seo-wordpress\/ -->\n<title>KD presenterar Jenny Alamartin - Lindesberg<\/title>\n<meta name=\"robots\" content=\"index, follow, max-snippet:-1, max-image-preview:large, max-video-preview:-1\" \/>\n<link rel=\"canonical\" href=\"https:\/\/wp.kristdemokraterna.se\/lindesberg\/kd-presenterar-jenny-alamartin\/\" \/>\n<meta property=\"og:locale\" content=\"sv_SE\" \/>\n<meta property=\"og:type\" content=\"article\" \/>\n<meta property=\"og:title\" content=\"KD presenterar Jenny Alamartin - Lindesberg\" \/>\n<meta property=\"og:description\" content=\"Jenny Alamartin kandiderar som nr 2 p\u00e5 listan i kommunvalet 2026 f\u00f6r Kristdemokraterna i Lindesberg.\u00a0 Jag heter Jenny Alamartin och bor i Vedev\u00e5g tillsammans med min man och v\u00e5ra tv\u00e5 barn.\u00a0 Jag arbetar som distriktssk\u00f6terska och har genom mitt yrke en stark f\u00f6rst\u00e5else f\u00f6r m\u00e4nniskors behov i olika livssituationer. Jag v\u00e4rnar s\u00e4rskilt om landsbygdens utveckling, L\u00e4s mer\" \/>\n<meta property=\"og:url\" content=\"https:\/\/wp.kristdemokraterna.se\/lindesberg\/kd-presenterar-jenny-alamartin\/\" \/>\n<meta property=\"og:site_name\" content=\"Lindesberg\" \/>\n<meta property=\"article:published_time\" content=\"2026-03-30T11:38:57+00:00\" \/>\n<meta property=\"article:modified_time\" content=\"2026-03-30T11:41:31+00:00\" \/>\n<meta name=\"author\" content=\"mlundinkd\" \/>\n<meta name=\"twitter:card\" content=\"summary_large_image\" \/>\n<meta name=\"twitter:label1\" content=\"Skriven av\" \/>\n\t<meta name=\"twitter:data1\" content=\"mlundinkd\" \/>\n\t<meta name=\"twitter:label2\" content=\"Ber\u00e4knad l\u00e4stid\" \/>\n\t<meta name=\"twitter:data2\" content=\"1 minut\" \/>\n<script type=\"application\/ld+json\" class=\"yoast-schema-graph\">{\"@context\":\"https:\\\/\\\/schema.org\",\"@graph\":[{\"@type\":\"Article\",\"@id\":\"https:\\\/\\\/wp.kristdemokraterna.se\\\/lindesberg\\\/kd-presenterar-jenny-alamartin\\\/#article\",\"isPartOf\":{\"@id\":\"https:\\\/\\\/wp.kristdemokraterna.se\\\/lindesberg\\\/kd-presenterar-jenny-alamartin\\\/\"},\"author\":{\"name\":\"mlundinkd\",\"@id\":\"https:\\\/\\\/wp.kristdemokraterna.se\\\/lindesberg\\\/#\\\/schema\\\/person\\\/c5e11e2a26ac57ced2e2b2740625b172\"},\"headline\":\"KD presenterar Jenny Alamartin\",\"datePublished\":\"2026-03-30T11:38:57+00:00\",\"dateModified\":\"2026-03-30T11:41:31+00:00\",\"mainEntityOfPage\":{\"@id\":\"https:\\\/\\\/wp.kristdemokraterna.se\\\/lindesberg\\\/kd-presenterar-jenny-alamartin\\\/\"},\"wordCount\":194,\"image\":{\"@id\":\"https:\\\/\\\/wp.kristdemokraterna.se\\\/lindesberg\\\/kd-presenterar-jenny-alamartin\\\/#primaryimage\"},\"thumbnailUrl\":\"\",\"articleSection\":[\"I Kommunen\"],\"inLanguage\":\"sv-SE\"},{\"@type\":\"WebPage\",\"@id\":\"https:\\\/\\\/wp.kristdemokraterna.se\\\/lindesberg\\\/kd-presenterar-jenny-alamartin\\\/\",\"url\":\"https:\\\/\\\/wp.kristdemokraterna.se\\\/lindesberg\\\/kd-presenterar-jenny-alamartin\\\/\",\"name\":\"KD presenterar Jenny Alamartin - Lindesberg\",\"isPartOf\":{\"@id\":\"https:\\\/\\\/wp.kristdemokraterna.se\\\/lindesberg\\\/#website\"},\"primaryImageOfPage\":{\"@id\":\"https:\\\/\\\/wp.kristdemokraterna.se\\\/lindesberg\\\/kd-presenterar-jenny-alamartin\\\/#primaryimage\"},\"image\":{\"@id\":\"https:\\\/\\\/wp.kristdemokraterna.se\\\/lindesberg\\\/kd-presenterar-jenny-alamartin\\\/#primaryimage\"},\"thumbnailUrl\":\"\",\"datePublished\":\"2026-03-30T11:38:57+00:00\",\"dateModified\":\"2026-03-30T11:41:31+00:00\",\"author\":{\"@id\":\"https:\\\/\\\/wp.kristdemokraterna.se\\\/lindesberg\\\/#\\\/schema\\\/person\\\/c5e11e2a26ac57ced2e2b2740625b172\"},\"breadcrumb\":{\"@id\":\"https:\\\/\\\/wp.kristdemokraterna.se\\\/lindesberg\\\/kd-presenterar-jenny-alamartin\\\/#breadcrumb\"},\"inLanguage\":\"sv-SE\",\"potentialAction\":[{\"@type\":\"ReadAction\",\"target\":[\"https:\\\/\\\/wp.kristdemokraterna.se\\\/lindesberg\\\/kd-presenterar-jenny-alamartin\\\/\"]}]},{\"@type\":\"ImageObject\",\"inLanguage\":\"sv-SE\",\"@id\":\"https:\\\/\\\/wp.kristdemokraterna.se\\\/lindesberg\\\/kd-presenterar-jenny-alamartin\\\/#primaryimage\",\"url\":\"\",\"contentUrl\":\"\"},{\"@type\":\"BreadcrumbList\",\"@id\":\"https:\\\/\\\/wp.kristdemokraterna.se\\\/lindesberg\\\/kd-presenterar-jenny-alamartin\\\/#breadcrumb\",\"itemListElement\":[{\"@type\":\"ListItem\",\"position\":1,\"name\":\"Hem\",\"item\":\"https:\\\/\\\/wp.kristdemokraterna.se\\\/lindesberg\\\/\"},{\"@type\":\"ListItem\",\"position\":2,\"name\":\"KD presenterar Jenny Alamartin\"}]},{\"@type\":\"WebSite\",\"@id\":\"https:\\\/\\\/wp.kristdemokraterna.se\\\/lindesberg\\\/#website\",\"url\":\"https:\\\/\\\/wp.kristdemokraterna.se\\\/lindesberg\\\/\",\"name\":\"Lindesberg\",\"description\":\"V\u00e5rd, vardag, v\u00e4rderingar\",\"inLanguage\":\"sv-SE\"},{\"@type\":\"Person\",\"@id\":\"https:\\\/\\\/wp.kristdemokraterna.se\\\/lindesberg\\\/#\\\/schema\\\/person\\\/c5e11e2a26ac57ced2e2b2740625b172\",\"name\":\"mlundinkd\",\"image\":{\"@type\":\"ImageObject\",\"inLanguage\":\"sv-SE\",\"@id\":\"https:\\\/\\\/secure.gravatar.com\\\/avatar\\\/1c9d37454569e467cb6da3e346c7d9ee29f19e51986dcaa15ee795eddcd3b586?s=96&d=mm&r=g\",\"url\":\"https:\\\/\\\/secure.gravatar.com\\\/avatar\\\/1c9d37454569e467cb6da3e346c7d9ee29f19e51986dcaa15ee795eddcd3b586?s=96&d=mm&r=g\",\"contentUrl\":\"https:\\\/\\\/secure.gravatar.com\\\/avatar\\\/1c9d37454569e467cb6da3e346c7d9ee29f19e51986dcaa15ee795eddcd3b586?s=96&d=mm&r=g\",\"caption\":\"mlundinkd\"},\"url\":\"https:\\\/\\\/wp.kristdemokraterna.se\\\/lindesberg\\\/author\\\/mlundinkd\\\/\"}]}<\/script>\n<!-- \/ Yoast SEO plugin. -->","yoast_head_json":{"title":"KD presenterar Jenny Alamartin - Lindesberg","robots":{"index":"index","follow":"follow","max-snippet":"max-snippet:-1","max-image-preview":"max-image-preview:large","max-video-preview":"max-video-preview:-1"},"canonical":"https:\/\/wp.kristdemokraterna.se\/lindesberg\/kd-presenterar-jenny-alamartin\/","og_locale":"sv_SE","og_type":"article","og_title":"KD presenterar Jenny Alamartin - Lindesberg","og_description":"Jenny Alamartin kandiderar som nr 2 p\u00e5 listan i kommunvalet 2026 f\u00f6r Kristdemokraterna i Lindesberg.\u00a0 Jag heter Jenny Alamartin och bor i Vedev\u00e5g tillsammans med min man och v\u00e5ra tv\u00e5 barn.\u00a0 Jag arbetar som distriktssk\u00f6terska och har genom mitt yrke en stark f\u00f6rst\u00e5else f\u00f6r m\u00e4nniskors behov i olika livssituationer. Jag v\u00e4rnar s\u00e4rskilt om landsbygdens utveckling, L\u00e4s mer","og_url":"https:\/\/wp.kristdemokraterna.se\/lindesberg\/kd-presenterar-jenny-alamartin\/","og_site_name":"Lindesberg","article_published_time":"2026-03-30T11:38:57+00:00","article_modified_time":"2026-03-30T11:41:31+00:00","author":"mlundinkd","twitter_card":"summary_large_image","twitter_misc":{"Skriven av":"mlundinkd","Ber\u00e4knad l\u00e4stid":"1 minut"},"schema":{"@context":"https:\/\/schema.org","@graph":[{"@type":"Article","@id":"https:\/\/wp.kristdemokraterna.se\/lindesberg\/kd-presenterar-jenny-alamartin\/#article","isPartOf":{"@id":"https:\/\/wp.kristdemokraterna.se\/lindesberg\/kd-presenterar-jenny-alamartin\/"},"author":{"name":"mlundinkd","@id":"https:\/\/wp.kristdemokraterna.se\/lindesberg\/#\/schema\/person\/c5e11e2a26ac57ced2e2b2740625b172"},"headline":"KD presenterar Jenny Alamartin","datePublished":"2026-03-30T11:38:57+00:00","dateModified":"2026-03-30T11:41:31+00:00","mainEntityOfPage":{"@id":"https:\/\/wp.kristdemokraterna.se\/lindesberg\/kd-presenterar-jenny-alamartin\/"},"wordCount":194,"image":{"@id":"https:\/\/wp.kristdemokraterna.se\/lindesberg\/kd-presenterar-jenny-alamartin\/#primaryimage"},"thumbnailUrl":"","articleSection":["I Kommunen"],"inLanguage":"sv-SE"},{"@type":"WebPage","@id":"https:\/\/wp.kristdemokraterna.se\/lindesberg\/kd-presenterar-jenny-alamartin\/","url":"https:\/\/wp.kristdemokraterna.se\/lindesberg\/kd-presenterar-jenny-alamartin\/","name":"KD presenterar Jenny Alamartin - Lindesberg","isPartOf":{"@id":"https:\/\/wp.kristdemokraterna.se\/lindesberg\/#website"},"primaryImageOfPage":{"@id":"https:\/\/wp.kristdemokraterna.se\/lindesberg\/kd-presenterar-jenny-alamartin\/#primaryimage"},"image":{"@id":"https:\/\/wp.kristdemokraterna.se\/lindesberg\/kd-presenterar-jenny-alamartin\/#primaryimage"},"thumbnailUrl":"","datePublished":"2026-03-30T11:38:57+00:00","dateModified":"2026-03-30T11:41:31+00:00","author":{"@id":"https:\/\/wp.kristdemokraterna.se\/lindesberg\/#\/schema\/person\/c5e11e2a26ac57ced2e2b2740625b172"},"breadcrumb":{"@id":"https:\/\/wp.kristdemokraterna.se\/lindesberg\/kd-presenterar-jenny-alamartin\/#breadcrumb"},"inLanguage":"sv-SE","potentialAction":[{"@type":"ReadAction","target":["https:\/\/wp.kristdemokraterna.se\/lindesberg\/kd-presenterar-jenny-alamartin\/"]}]},{"@type":"ImageObject","inLanguage":"sv-SE","@id":"https:\/\/wp.kristdemokraterna.se\/lindesberg\/kd-presenterar-jenny-alamartin\/#primaryimage","url":"","contentUrl":""},{"@type":"BreadcrumbList","@id":"https:\/\/wp.kristdemokraterna.se\/lindesberg\/kd-presenterar-jenny-alamartin\/#breadcrumb","itemListElement":[{"@type":"ListItem","position":1,"name":"Hem","item":"https:\/\/wp.kristdemokraterna.se\/lindesberg\/"},{"@type":"ListItem","position":2,"name":"KD presenterar Jenny Alamartin"}]},{"@type":"WebSite","@id":"https:\/\/wp.kristdemokraterna.se\/lindesberg\/#website","url":"https:\/\/wp.kristdemokraterna.se\/lindesberg\/","name":"Lindesberg","description":"V\u00e5rd, vardag, v\u00e4rderingar","inLanguage":"sv-SE"},{"@type":"Person","@id":"https:\/\/wp.kristdemokraterna.se\/lindesberg\/#\/schema\/person\/c5e11e2a26ac57ced2e2b2740625b172","name":"mlundinkd","image":{"@type":"ImageObject","inLanguage":"sv-SE","@id":"https:\/\/secure.gravatar.com\/avatar\/1c9d37454569e467cb6da3e346c7d9ee29f19e51986dcaa15ee795eddcd3b586?s=96&d=mm&r=g","url":"https:\/\/secure.gravatar.com\/avatar\/1c9d37454569e467cb6da3e346c7d9ee29f19e51986dcaa15ee795eddcd3b586?s=96&d=mm&r=g","contentUrl":"https:\/\/secure.gravatar.com\/avatar\/1c9d37454569e467cb6da3e346c7d9ee29f19e51986dcaa15ee795eddcd3b586?s=96&d=mm&r=g","caption":"mlundinkd"},"url":"https:\/\/wp.kristdemokraterna.se\/lindesberg\/author\/mlundinkd\/"}]}},"_links":{"self":[{"href":"https:\/\/wp.kristdemokraterna.se\/lindesberg\/wp-json\/wp\/v2\/posts\/946","targetHints":{"allow":["GET"]}}],"collection":[{"href":"https:\/\/wp.kristdemokraterna.se\/lindesberg\/wp-json\/wp\/v2\/posts"}],"about":[{"href":"https:\/\/wp.kristdemokraterna.se\/lindesberg\/wp-json\/wp\/v2\/types\/post"}],"author":[{"embeddable":true,"href":"https:\/\/wp.kristdemokraterna.se\/lindesberg\/wp-json\/wp\/v2\/users\/1093"}],"replies":[{"embeddable":true,"href":"https:\/\/wp.kristdemokraterna.se\/lindesberg\/wp-json\/wp\/v2\/comments?post=946"}],"version-history":[{"count":10,"href":"https:\/\/wp.kristdemokraterna.se\/lindesberg\/wp-json\/wp\/v2\/posts\/946\/revisions"}],"predecessor-version":[{"id":956,"href":"https:\/\/wp.kristdemokraterna.se\/lindesberg\/wp-json\/wp\/v2\/posts\/946\/revisions\/956"}],"wp:featuredmedia":[{"embeddable":true,"href":"https:\/\/wp.kristdemokraterna.se\/lindesberg\/wp-json\/"}],"wp:attachment":[{"href":"https:\/\/wp.kristdemokraterna.se\/lindesberg\/wp-json\/wp\/v2\/media?parent=946"}],"wp:term":[{"taxonomy":"category","embeddable":true,"href":"https:\/\/wp.kristdemokraterna.se\/lindesberg\/wp-json\/wp\/v2\/categories?post=946"},{"taxonomy":"post_tag","embeddable":true,"href":"https:\/\/wp.kristdemokraterna.se\/lindesberg\/wp-json\/wp\/v2\/tags?post=946"}],"curies":[{"name":"wp","href":"https:\/\/api.w.org\/{rel}","templated":true}]}}