{"id":1019,"date":"2018-12-18T11:50:06","date_gmt":"2018-12-18T10:50:06","guid":{"rendered":"http:\/\/wp.kristdemokraterna.se\/linkoping\/?p=1019"},"modified":"2021-08-13T11:48:06","modified_gmt":"2021-08-13T09:48:06","slug":"utbildning-for-fortroendevalda-2019-del-1-2","status":"publish","type":"post","link":"https:\/\/wp.kristdemokraterna.se\/linkoping\/utbildning-for-fortroendevalda-2019-del-1-2\/","title":{"rendered":"Utbildning f\u00f6r f\u00f6rtroendevalda 2019 \u2013 del 1\/2"},"content":{"rendered":"<p>Kristdemokraterna i \u00d6sterg\u00f6tland bjuder i samverkan med<br \/>\nStudieorganisationen Framtidsbildarna och Sensus Studief\u00f6rbund in till<\/p>\n<p><strong>UTBILDNING F\u00d6R F\u00d6RTROENDEVALDA 2019<\/strong><\/p>\n<p>Utbildning f\u00f6r f\u00f6rtroendevalda sker vid tv\u00e5 tillf\u00e4llen, l\u00f6rdag 19 januari och l\u00f6rdag 2 mars. Utbildningen riktar sig i<br \/>\nf\u00f6rsta hand till dig som har uppdrag f\u00f6r Kristdemokraterna, men \u00e4r \u00f6ppen f\u00f6r samtliga medlemmar.<\/p>\n<p><strong>Del 1 \u2013 L\u00f6rdag 19 januari<\/strong><br \/>\n<strong>Sessionssalen, Regionhuset, Sankt Larsgatan 49B, Link\u00f6ping<\/strong><br \/>\n09.30 Kaffe och fralla serveras<br \/>\n10.00 Kristdemokratisk ideologi \u2013 Patrik Vigren, l\u00e4kare<br \/>\n11.00 Fruktpaus<br \/>\n11.10 Att leda m\u00e4nniskor och m\u00f6ten \u2013 goda r\u00e5d fr\u00e5n en erfaren ordf\u00f6rande<br \/>\n\u2013 Conny Br\u00e4nnberg, regionr\u00e5d V\u00e4stra G\u00f6talandsregionen<br \/>\n12.10 L\u00e4ttlunch \u2013 Sm\u00f6rg\u00e5st\u00e5rta<br \/>\n13.00 En familjepolitik i v\u00e4rldsklass \u2013 Annicki Oscarsson, kommunstyrelsens ordf\u00f6rande i \u00d6desh\u00f6g<br \/>\n14.00 Kaffe och Fruktpaus<br \/>\n14.10 Partiets organisation \u2013 Gudrun Bruneg\u00e5rd, regionr\u00e5d Region Kalmar l\u00e4n<br \/>\n15.10 Summering av dagen<br \/>\n15.30 Slut<\/p>\n<p><strong>Pris:<\/strong><br \/>\nDeltagaravgiften \u00e4r 100 kr per person och tillf\u00e4lle, vilket inkluderar f\u00f6rmiddagskaffe,<br \/>\nfruktpaus, l\u00e4ttlunch m sm\u00f6rg\u00e5st\u00e5rta, lokal och medverkande. Deltagaravgiften<br \/>\nfaktureras i efterhand.<\/p>\n<p><strong>Anm\u00e4lan:<\/strong><br \/>\nAnm\u00e4l ditt deltagande senast torsdag 17 januari via formul\u00e4r:<br \/>\nhttps:\/\/goo.gl\/forms\/Rf3O09ta1ZBDzTr42<\/p>\n","protected":false},"excerpt":{"rendered":"<p>Kristdemokraterna i \u00d6sterg\u00f6tland bjuder i samverkan med Studieorganisationen Framtidsbildarna och Sensus Studief\u00f6rbund in till UTBILDNING F\u00d6R F\u00d6RTROENDEVALDA 2019 Utbildning f\u00f6r f\u00f6rtroendevalda sker vid tv\u00e5 tillf\u00e4llen, l\u00f6rdag 19 januari och l\u00f6rdag 2 mars. Utbildningen riktar sig i f\u00f6rsta hand till dig som har uppdrag f\u00f6r Kristdemokraterna, men \u00e4r \u00f6ppen f\u00f6r samtliga medlemmar. Del 1 \u2013 L\u00f6rdag <a class=\"read-more-link\" href=\"https:\/\/wp.kristdemokraterna.se\/linkoping\/utbildning-for-fortroendevalda-2019-del-1-2\/\">Read More<\/a><\/p>\n","protected":false},"author":410,"featured_media":1025,"comment_status":"closed","ping_status":"closed","sticky":false,"template":"","format":"standard","meta":{"_acf_changed":false,"footnotes":""},"categories":[22,1],"tags":[],"class_list":["post-1019","post","type-post","status-publish","format-standard","hentry","category-arkiv","category-okategoriserade"],"acf":[],"yoast_head":"<!-- This site is optimized with the Yoast SEO plugin v27.4 - https:\/\/yoast.com\/product\/yoast-seo-wordpress\/ -->\n<title>Utbildning f\u00f6r f\u00f6rtroendevalda 2019 \u2013 del 1\/2 - Kristdemokraterna i Link\u00f6ping<\/title>\n<meta name=\"robots\" content=\"index, follow, max-snippet:-1, max-image-preview:large, max-video-preview:-1\" \/>\n<link rel=\"canonical\" href=\"https:\/\/wp.kristdemokraterna.se\/linkoping\/utbildning-for-fortroendevalda-2019-del-1-2\/\" \/>\n<meta property=\"og:locale\" content=\"sv_SE\" \/>\n<meta property=\"og:type\" content=\"article\" \/>\n<meta property=\"og:title\" content=\"Utbildning f\u00f6r f\u00f6rtroendevalda 2019 \u2013 del 1\/2 - Kristdemokraterna i Link\u00f6ping\" \/>\n<meta property=\"og:description\" content=\"Kristdemokraterna i \u00d6sterg\u00f6tland bjuder i samverkan med Studieorganisationen Framtidsbildarna och Sensus Studief\u00f6rbund in till UTBILDNING F\u00d6R F\u00d6RTROENDEVALDA 2019 Utbildning f\u00f6r f\u00f6rtroendevalda sker vid tv\u00e5 tillf\u00e4llen, l\u00f6rdag 19 januari och l\u00f6rdag 2 mars. Utbildningen riktar sig i f\u00f6rsta hand till dig som har uppdrag f\u00f6r Kristdemokraterna, men \u00e4r \u00f6ppen f\u00f6r samtliga medlemmar. Del 1 \u2013 L\u00f6rdag Read More\" \/>\n<meta property=\"og:url\" content=\"https:\/\/wp.kristdemokraterna.se\/linkoping\/utbildning-for-fortroendevalda-2019-del-1-2\/\" \/>\n<meta property=\"og:site_name\" content=\"Kristdemokraterna i Link\u00f6ping\" \/>\n<meta property=\"article:author\" content=\"https:\/\/www.facebook.com\/kdlinkoping\/\" \/>\n<meta property=\"article:published_time\" content=\"2018-12-18T10:50:06+00:00\" \/>\n<meta property=\"article:modified_time\" content=\"2021-08-13T09:48:06+00:00\" \/>\n<meta property=\"og:image\" content=\"https:\/\/wp.kristdemokraterna.se\/linkoping\/files\/2018\/12\/utb.-fo\u0308rtroendevalda.jpg\" \/>\n\t<meta property=\"og:image:width\" content=\"768\" \/>\n\t<meta property=\"og:image:height\" content=\"1085\" \/>\n\t<meta property=\"og:image:type\" content=\"image\/jpeg\" \/>\n<meta name=\"author\" content=\"linkoping\" \/>\n<meta name=\"twitter:card\" content=\"summary_large_image\" \/>\n<meta name=\"twitter:label1\" content=\"Skriven av\" \/>\n\t<meta name=\"twitter:data1\" content=\"linkoping\" \/>\n\t<meta name=\"twitter:label2\" content=\"Ber\u00e4knad l\u00e4stid\" \/>\n\t<meta name=\"twitter:data2\" content=\"1 minut\" \/>\n<script type=\"application\/ld+json\" class=\"yoast-schema-graph\">{\"@context\":\"https:\\\/\\\/schema.org\",\"@graph\":[{\"@type\":\"Article\",\"@id\":\"https:\\\/\\\/wp.kristdemokraterna.se\\\/linkoping\\\/utbildning-for-fortroendevalda-2019-del-1-2\\\/#article\",\"isPartOf\":{\"@id\":\"https:\\\/\\\/wp.kristdemokraterna.se\\\/linkoping\\\/utbildning-for-fortroendevalda-2019-del-1-2\\\/\"},\"author\":{\"name\":\"linkoping\",\"@id\":\"https:\\\/\\\/wp.kristdemokraterna.se\\\/linkoping\\\/#\\\/schema\\\/person\\\/b0148c3c8863db76d330faa282b9521a\"},\"headline\":\"Utbildning f\u00f6r f\u00f6rtroendevalda 2019 \u2013 del 1\\\/2\",\"datePublished\":\"2018-12-18T10:50:06+00:00\",\"dateModified\":\"2021-08-13T09:48:06+00:00\",\"mainEntityOfPage\":{\"@id\":\"https:\\\/\\\/wp.kristdemokraterna.se\\\/linkoping\\\/utbildning-for-fortroendevalda-2019-del-1-2\\\/\"},\"wordCount\":198,\"image\":{\"@id\":\"https:\\\/\\\/wp.kristdemokraterna.se\\\/linkoping\\\/utbildning-for-fortroendevalda-2019-del-1-2\\\/#primaryimage\"},\"thumbnailUrl\":\"https:\\\/\\\/wp.kristdemokraterna.se\\\/linkoping\\\/files\\\/2018\\\/12\\\/utb.-fo\u0308rtroendevalda.jpg\",\"articleSection\":[\"arkiv\",\"okategoriserade\"],\"inLanguage\":\"sv-SE\"},{\"@type\":\"WebPage\",\"@id\":\"https:\\\/\\\/wp.kristdemokraterna.se\\\/linkoping\\\/utbildning-for-fortroendevalda-2019-del-1-2\\\/\",\"url\":\"https:\\\/\\\/wp.kristdemokraterna.se\\\/linkoping\\\/utbildning-for-fortroendevalda-2019-del-1-2\\\/\",\"name\":\"Utbildning f\u00f6r f\u00f6rtroendevalda 2019 \u2013 del 1\\\/2 - Kristdemokraterna i Link\u00f6ping\",\"isPartOf\":{\"@id\":\"https:\\\/\\\/wp.kristdemokraterna.se\\\/linkoping\\\/#website\"},\"primaryImageOfPage\":{\"@id\":\"https:\\\/\\\/wp.kristdemokraterna.se\\\/linkoping\\\/utbildning-for-fortroendevalda-2019-del-1-2\\\/#primaryimage\"},\"image\":{\"@id\":\"https:\\\/\\\/wp.kristdemokraterna.se\\\/linkoping\\\/utbildning-for-fortroendevalda-2019-del-1-2\\\/#primaryimage\"},\"thumbnailUrl\":\"https:\\\/\\\/wp.kristdemokraterna.se\\\/linkoping\\\/files\\\/2018\\\/12\\\/utb.-fo\u0308rtroendevalda.jpg\",\"datePublished\":\"2018-12-18T10:50:06+00:00\",\"dateModified\":\"2021-08-13T09:48:06+00:00\",\"author\":{\"@id\":\"https:\\\/\\\/wp.kristdemokraterna.se\\\/linkoping\\\/#\\\/schema\\\/person\\\/b0148c3c8863db76d330faa282b9521a\"},\"breadcrumb\":{\"@id\":\"https:\\\/\\\/wp.kristdemokraterna.se\\\/linkoping\\\/utbildning-for-fortroendevalda-2019-del-1-2\\\/#breadcrumb\"},\"inLanguage\":\"sv-SE\",\"potentialAction\":[{\"@type\":\"ReadAction\",\"target\":[\"https:\\\/\\\/wp.kristdemokraterna.se\\\/linkoping\\\/utbildning-for-fortroendevalda-2019-del-1-2\\\/\"]}]},{\"@type\":\"ImageObject\",\"inLanguage\":\"sv-SE\",\"@id\":\"https:\\\/\\\/wp.kristdemokraterna.se\\\/linkoping\\\/utbildning-for-fortroendevalda-2019-del-1-2\\\/#primaryimage\",\"url\":\"https:\\\/\\\/wp.kristdemokraterna.se\\\/linkoping\\\/files\\\/2018\\\/12\\\/utb.-fo\u0308rtroendevalda.jpg\",\"contentUrl\":\"https:\\\/\\\/wp.kristdemokraterna.se\\\/linkoping\\\/files\\\/2018\\\/12\\\/utb.-fo\u0308rtroendevalda.jpg\",\"width\":768,\"height\":1085},{\"@type\":\"BreadcrumbList\",\"@id\":\"https:\\\/\\\/wp.kristdemokraterna.se\\\/linkoping\\\/utbildning-for-fortroendevalda-2019-del-1-2\\\/#breadcrumb\",\"itemListElement\":[{\"@type\":\"ListItem\",\"position\":1,\"name\":\"Hem\",\"item\":\"https:\\\/\\\/wp.kristdemokraterna.se\\\/linkoping\\\/\"},{\"@type\":\"ListItem\",\"position\":2,\"name\":\"Utbildning f\u00f6r f\u00f6rtroendevalda 2019 \u2013 del 1\\\/2\"}]},{\"@type\":\"WebSite\",\"@id\":\"https:\\\/\\\/wp.kristdemokraterna.se\\\/linkoping\\\/#website\",\"url\":\"https:\\\/\\\/wp.kristdemokraterna.se\\\/linkoping\\\/\",\"name\":\"Kristdemokraterna i Link\u00f6ping\",\"description\":\"\",\"inLanguage\":\"sv-SE\"},{\"@type\":\"Person\",\"@id\":\"https:\\\/\\\/wp.kristdemokraterna.se\\\/linkoping\\\/#\\\/schema\\\/person\\\/b0148c3c8863db76d330faa282b9521a\",\"name\":\"linkoping\",\"image\":{\"@type\":\"ImageObject\",\"inLanguage\":\"sv-SE\",\"@id\":\"https:\\\/\\\/secure.gravatar.com\\\/avatar\\\/016e7965fec0e08fdd07b021a7d25181278d4b29b1d5bab57b16017e35421895?s=96&r=g\",\"url\":\"https:\\\/\\\/secure.gravatar.com\\\/avatar\\\/016e7965fec0e08fdd07b021a7d25181278d4b29b1d5bab57b16017e35421895?s=96&r=g\",\"contentUrl\":\"https:\\\/\\\/secure.gravatar.com\\\/avatar\\\/016e7965fec0e08fdd07b021a7d25181278d4b29b1d5bab57b16017e35421895?s=96&r=g\",\"caption\":\"linkoping\"},\"sameAs\":[\"https:\\\/\\\/www.facebook.com\\\/kdlinkoping\\\/\"],\"url\":\"https:\\\/\\\/wp.kristdemokraterna.se\\\/linkoping\\\/author\\\/linkoping\\\/\"}]}<\/script>\n<!-- \/ Yoast SEO plugin. -->","yoast_head_json":{"title":"Utbildning f\u00f6r f\u00f6rtroendevalda 2019 \u2013 del 1\/2 - Kristdemokraterna i Link\u00f6ping","robots":{"index":"index","follow":"follow","max-snippet":"max-snippet:-1","max-image-preview":"max-image-preview:large","max-video-preview":"max-video-preview:-1"},"canonical":"https:\/\/wp.kristdemokraterna.se\/linkoping\/utbildning-for-fortroendevalda-2019-del-1-2\/","og_locale":"sv_SE","og_type":"article","og_title":"Utbildning f\u00f6r f\u00f6rtroendevalda 2019 \u2013 del 1\/2 - Kristdemokraterna i Link\u00f6ping","og_description":"Kristdemokraterna i \u00d6sterg\u00f6tland bjuder i samverkan med Studieorganisationen Framtidsbildarna och Sensus Studief\u00f6rbund in till UTBILDNING F\u00d6R F\u00d6RTROENDEVALDA 2019 Utbildning f\u00f6r f\u00f6rtroendevalda sker vid tv\u00e5 tillf\u00e4llen, l\u00f6rdag 19 januari och l\u00f6rdag 2 mars. Utbildningen riktar sig i f\u00f6rsta hand till dig som har uppdrag f\u00f6r Kristdemokraterna, men \u00e4r \u00f6ppen f\u00f6r samtliga medlemmar. Del 1 \u2013 L\u00f6rdag Read More","og_url":"https:\/\/wp.kristdemokraterna.se\/linkoping\/utbildning-for-fortroendevalda-2019-del-1-2\/","og_site_name":"Kristdemokraterna i Link\u00f6ping","article_author":"https:\/\/www.facebook.com\/kdlinkoping\/","article_published_time":"2018-12-18T10:50:06+00:00","article_modified_time":"2021-08-13T09:48:06+00:00","og_image":[{"width":768,"height":1085,"url":"https:\/\/wp.kristdemokraterna.se\/linkoping\/files\/2018\/12\/utb.-fo\u0308rtroendevalda.jpg","type":"image\/jpeg"}],"author":"linkoping","twitter_card":"summary_large_image","twitter_misc":{"Skriven av":"linkoping","Ber\u00e4knad l\u00e4stid":"1 minut"},"schema":{"@context":"https:\/\/schema.org","@graph":[{"@type":"Article","@id":"https:\/\/wp.kristdemokraterna.se\/linkoping\/utbildning-for-fortroendevalda-2019-del-1-2\/#article","isPartOf":{"@id":"https:\/\/wp.kristdemokraterna.se\/linkoping\/utbildning-for-fortroendevalda-2019-del-1-2\/"},"author":{"name":"linkoping","@id":"https:\/\/wp.kristdemokraterna.se\/linkoping\/#\/schema\/person\/b0148c3c8863db76d330faa282b9521a"},"headline":"Utbildning f\u00f6r f\u00f6rtroendevalda 2019 \u2013 del 1\/2","datePublished":"2018-12-18T10:50:06+00:00","dateModified":"2021-08-13T09:48:06+00:00","mainEntityOfPage":{"@id":"https:\/\/wp.kristdemokraterna.se\/linkoping\/utbildning-for-fortroendevalda-2019-del-1-2\/"},"wordCount":198,"image":{"@id":"https:\/\/wp.kristdemokraterna.se\/linkoping\/utbildning-for-fortroendevalda-2019-del-1-2\/#primaryimage"},"thumbnailUrl":"https:\/\/wp.kristdemokraterna.se\/linkoping\/files\/2018\/12\/utb.-fo\u0308rtroendevalda.jpg","articleSection":["arkiv","okategoriserade"],"inLanguage":"sv-SE"},{"@type":"WebPage","@id":"https:\/\/wp.kristdemokraterna.se\/linkoping\/utbildning-for-fortroendevalda-2019-del-1-2\/","url":"https:\/\/wp.kristdemokraterna.se\/linkoping\/utbildning-for-fortroendevalda-2019-del-1-2\/","name":"Utbildning f\u00f6r f\u00f6rtroendevalda 2019 \u2013 del 1\/2 - Kristdemokraterna i Link\u00f6ping","isPartOf":{"@id":"https:\/\/wp.kristdemokraterna.se\/linkoping\/#website"},"primaryImageOfPage":{"@id":"https:\/\/wp.kristdemokraterna.se\/linkoping\/utbildning-for-fortroendevalda-2019-del-1-2\/#primaryimage"},"image":{"@id":"https:\/\/wp.kristdemokraterna.se\/linkoping\/utbildning-for-fortroendevalda-2019-del-1-2\/#primaryimage"},"thumbnailUrl":"https:\/\/wp.kristdemokraterna.se\/linkoping\/files\/2018\/12\/utb.-fo\u0308rtroendevalda.jpg","datePublished":"2018-12-18T10:50:06+00:00","dateModified":"2021-08-13T09:48:06+00:00","author":{"@id":"https:\/\/wp.kristdemokraterna.se\/linkoping\/#\/schema\/person\/b0148c3c8863db76d330faa282b9521a"},"breadcrumb":{"@id":"https:\/\/wp.kristdemokraterna.se\/linkoping\/utbildning-for-fortroendevalda-2019-del-1-2\/#breadcrumb"},"inLanguage":"sv-SE","potentialAction":[{"@type":"ReadAction","target":["https:\/\/wp.kristdemokraterna.se\/linkoping\/utbildning-for-fortroendevalda-2019-del-1-2\/"]}]},{"@type":"ImageObject","inLanguage":"sv-SE","@id":"https:\/\/wp.kristdemokraterna.se\/linkoping\/utbildning-for-fortroendevalda-2019-del-1-2\/#primaryimage","url":"https:\/\/wp.kristdemokraterna.se\/linkoping\/files\/2018\/12\/utb.-fo\u0308rtroendevalda.jpg","contentUrl":"https:\/\/wp.kristdemokraterna.se\/linkoping\/files\/2018\/12\/utb.-fo\u0308rtroendevalda.jpg","width":768,"height":1085},{"@type":"BreadcrumbList","@id":"https:\/\/wp.kristdemokraterna.se\/linkoping\/utbildning-for-fortroendevalda-2019-del-1-2\/#breadcrumb","itemListElement":[{"@type":"ListItem","position":1,"name":"Hem","item":"https:\/\/wp.kristdemokraterna.se\/linkoping\/"},{"@type":"ListItem","position":2,"name":"Utbildning f\u00f6r f\u00f6rtroendevalda 2019 \u2013 del 1\/2"}]},{"@type":"WebSite","@id":"https:\/\/wp.kristdemokraterna.se\/linkoping\/#website","url":"https:\/\/wp.kristdemokraterna.se\/linkoping\/","name":"Kristdemokraterna i Link\u00f6ping","description":"","inLanguage":"sv-SE"},{"@type":"Person","@id":"https:\/\/wp.kristdemokraterna.se\/linkoping\/#\/schema\/person\/b0148c3c8863db76d330faa282b9521a","name":"linkoping","image":{"@type":"ImageObject","inLanguage":"sv-SE","@id":"https:\/\/secure.gravatar.com\/avatar\/016e7965fec0e08fdd07b021a7d25181278d4b29b1d5bab57b16017e35421895?s=96&r=g","url":"https:\/\/secure.gravatar.com\/avatar\/016e7965fec0e08fdd07b021a7d25181278d4b29b1d5bab57b16017e35421895?s=96&r=g","contentUrl":"https:\/\/secure.gravatar.com\/avatar\/016e7965fec0e08fdd07b021a7d25181278d4b29b1d5bab57b16017e35421895?s=96&r=g","caption":"linkoping"},"sameAs":["https:\/\/www.facebook.com\/kdlinkoping\/"],"url":"https:\/\/wp.kristdemokraterna.se\/linkoping\/author\/linkoping\/"}]}},"_links":{"self":[{"href":"https:\/\/wp.kristdemokraterna.se\/linkoping\/wp-json\/wp\/v2\/posts\/1019","targetHints":{"allow":["GET"]}}],"collection":[{"href":"https:\/\/wp.kristdemokraterna.se\/linkoping\/wp-json\/wp\/v2\/posts"}],"about":[{"href":"https:\/\/wp.kristdemokraterna.se\/linkoping\/wp-json\/wp\/v2\/types\/post"}],"author":[{"embeddable":true,"href":"https:\/\/wp.kristdemokraterna.se\/linkoping\/wp-json\/wp\/v2\/users\/410"}],"replies":[{"embeddable":true,"href":"https:\/\/wp.kristdemokraterna.se\/linkoping\/wp-json\/wp\/v2\/comments?post=1019"}],"version-history":[{"count":1,"href":"https:\/\/wp.kristdemokraterna.se\/linkoping\/wp-json\/wp\/v2\/posts\/1019\/revisions"}],"predecessor-version":[{"id":1020,"href":"https:\/\/wp.kristdemokraterna.se\/linkoping\/wp-json\/wp\/v2\/posts\/1019\/revisions\/1020"}],"wp:featuredmedia":[{"embeddable":true,"href":"https:\/\/wp.kristdemokraterna.se\/linkoping\/wp-json\/wp\/v2\/media\/1025"}],"wp:attachment":[{"href":"https:\/\/wp.kristdemokraterna.se\/linkoping\/wp-json\/wp\/v2\/media?parent=1019"}],"wp:term":[{"taxonomy":"category","embeddable":true,"href":"https:\/\/wp.kristdemokraterna.se\/linkoping\/wp-json\/wp\/v2\/categories?post=1019"},{"taxonomy":"post_tag","embeddable":true,"href":"https:\/\/wp.kristdemokraterna.se\/linkoping\/wp-json\/wp\/v2\/tags?post=1019"}],"curies":[{"name":"wp","href":"https:\/\/api.w.org\/{rel}","templated":true}]}}