{"id":1077,"date":"2019-01-28T18:37:07","date_gmt":"2019-01-28T17:37:07","guid":{"rendered":"http:\/\/wp.kristdemokraterna.se\/linkoping\/?p=1077"},"modified":"2021-08-13T11:48:06","modified_gmt":"2021-08-13T09:48:06","slug":"arsmote-2-februari-2019","status":"publish","type":"post","link":"https:\/\/wp.kristdemokraterna.se\/linkoping\/arsmote-2-februari-2019\/","title":{"rendered":"\u00c5rsm\u00f6te 6 februari 2019"},"content":{"rendered":"<p>KD LINK\u00d6PING KALLAR ALLA MEDLEMMAR TILL \u00c5RSM\u00d6TE <\/p>\n<p>Tid: Onsdag 6 februari kl.18.00<br \/>\nPlats: I Kommunfullm\u00e4ktigesalen, Stadshuset, Storgatan 43, Link\u00f6ping<\/p>\n<p>PROGRAM F\u00d6R KV\u00c4LLEN (OBS, \u00e5rsm\u00f6tet \u00e4r endast f\u00f6r KD-medlemmar)<\/p>\n<p>Kl.18:00 V\u00e4lkommen. Ordf\u00f6rande Magnus Engstr\u00f6m<br \/>\nKl.18.05 Sara Skyttedal, kommunalr\u00e5d Link\u00f6pings kommun<br \/>\nKl.18.20 Per Larsson, oppositionsr\u00e5d Region \u00d6sterg\u00f6tland<br \/>\nKl.18:30  \u00c5rsm\u00f6tesf\u00f6rhandlingar<br \/>\nKl.19.10 Kjell-Arne Ottosson, jaktpolitisk talesperson f\u00f6r Kristdemokraterna<br \/>\nKl.19.45:00 Servering av sm\u00f6rg\u00e5st\u00e5rta (50 kr kontant eller SWISH)<\/p>\n<p>Yttrande, f\u00f6rslags- och r\u00f6str\u00e4tt vid \u00e5rsm\u00f6tet har varje betalande medlem. F\u00f6r att ut\u00f6va r\u00f6str\u00e4tt, yttrander\u00e4tt och f\u00f6rslagsr\u00e4tt ska medlemsavgift erlagts senast den sista december \u00e5ret f\u00f6re beslutstillf\u00e4lle. F\u00f6r ny medlem ska medlemsavgift erlagts senast fyra veckor f\u00f6re beslutstillf\u00e4lle. (\u00a74 mom 7, \u00a723 mom 1)<\/p>\n<p>Anm\u00e4lan:<br \/>\nAnm\u00e4lan senast 4\/2 till denise.cassel@kristdemokraterna.se, gl\u00f6m inte att ange ev. behov av specialkost.<\/p>\n","protected":false},"excerpt":{"rendered":"<p>KD LINK\u00d6PING KALLAR ALLA MEDLEMMAR TILL \u00c5RSM\u00d6TE Tid: Onsdag 6 februari kl.18.00 Plats: I Kommunfullm\u00e4ktigesalen, Stadshuset, Storgatan 43, Link\u00f6ping PROGRAM F\u00d6R KV\u00c4LLEN (OBS, \u00e5rsm\u00f6tet \u00e4r endast f\u00f6r KD-medlemmar) Kl.18:00 V\u00e4lkommen. Ordf\u00f6rande Magnus Engstr\u00f6m Kl.18.05 Sara Skyttedal, kommunalr\u00e5d Link\u00f6pings kommun Kl.18.20 Per Larsson, oppositionsr\u00e5d Region \u00d6sterg\u00f6tland Kl.18:30 \u00c5rsm\u00f6tesf\u00f6rhandlingar Kl.19.10 Kjell-Arne Ottosson, jaktpolitisk talesperson f\u00f6r Kristdemokraterna Kl.19.45:00 <a class=\"read-more-link\" href=\"https:\/\/wp.kristdemokraterna.se\/linkoping\/arsmote-2-februari-2019\/\">Read More<\/a><\/p>\n","protected":false},"author":410,"featured_media":1078,"comment_status":"closed","ping_status":"closed","sticky":false,"template":"","format":"standard","meta":{"_acf_changed":false,"footnotes":""},"categories":[22,1],"tags":[],"class_list":["post-1077","post","type-post","status-publish","format-standard","hentry","category-arkiv","category-okategoriserade"],"acf":[],"yoast_head":"<!-- This site is optimized with the Yoast SEO plugin v27.4 - https:\/\/yoast.com\/product\/yoast-seo-wordpress\/ -->\n<title>\u00c5rsm\u00f6te 6 februari 2019 - Kristdemokraterna i Link\u00f6ping<\/title>\n<meta name=\"robots\" content=\"index, follow, max-snippet:-1, max-image-preview:large, max-video-preview:-1\" \/>\n<link rel=\"canonical\" href=\"https:\/\/wp.kristdemokraterna.se\/linkoping\/arsmote-2-februari-2019\/\" \/>\n<meta property=\"og:locale\" content=\"sv_SE\" \/>\n<meta property=\"og:type\" content=\"article\" \/>\n<meta property=\"og:title\" content=\"\u00c5rsm\u00f6te 6 februari 2019 - Kristdemokraterna i Link\u00f6ping\" \/>\n<meta property=\"og:description\" content=\"KD LINK\u00d6PING KALLAR ALLA MEDLEMMAR TILL \u00c5RSM\u00d6TE Tid: Onsdag 6 februari kl.18.00 Plats: I Kommunfullm\u00e4ktigesalen, Stadshuset, Storgatan 43, Link\u00f6ping PROGRAM F\u00d6R KV\u00c4LLEN (OBS, \u00e5rsm\u00f6tet \u00e4r endast f\u00f6r KD-medlemmar) Kl.18:00 V\u00e4lkommen. Ordf\u00f6rande Magnus Engstr\u00f6m Kl.18.05 Sara Skyttedal, kommunalr\u00e5d Link\u00f6pings kommun Kl.18.20 Per Larsson, oppositionsr\u00e5d Region \u00d6sterg\u00f6tland Kl.18:30 \u00c5rsm\u00f6tesf\u00f6rhandlingar Kl.19.10 Kjell-Arne Ottosson, jaktpolitisk talesperson f\u00f6r Kristdemokraterna Kl.19.45:00 Read More\" \/>\n<meta property=\"og:url\" content=\"https:\/\/wp.kristdemokraterna.se\/linkoping\/arsmote-2-februari-2019\/\" \/>\n<meta property=\"og:site_name\" content=\"Kristdemokraterna i Link\u00f6ping\" \/>\n<meta property=\"article:author\" content=\"https:\/\/www.facebook.com\/kdlinkoping\/\" \/>\n<meta property=\"article:published_time\" content=\"2019-01-28T17:37:07+00:00\" \/>\n<meta property=\"article:modified_time\" content=\"2021-08-13T09:48:06+00:00\" \/>\n<meta property=\"og:image\" content=\"https:\/\/wp.kristdemokraterna.se\/linkoping\/files\/2019\/01\/arsmote.jpg\" \/>\n\t<meta property=\"og:image:width\" content=\"820\" \/>\n\t<meta property=\"og:image:height\" content=\"360\" \/>\n\t<meta property=\"og:image:type\" content=\"image\/jpeg\" \/>\n<meta name=\"author\" content=\"linkoping\" \/>\n<meta name=\"twitter:card\" content=\"summary_large_image\" \/>\n<meta name=\"twitter:label1\" content=\"Skriven av\" \/>\n\t<meta name=\"twitter:data1\" content=\"linkoping\" \/>\n\t<meta name=\"twitter:label2\" content=\"Ber\u00e4knad l\u00e4stid\" \/>\n\t<meta name=\"twitter:data2\" content=\"1 minut\" \/>\n<script type=\"application\/ld+json\" class=\"yoast-schema-graph\">{\"@context\":\"https:\\\/\\\/schema.org\",\"@graph\":[{\"@type\":\"Article\",\"@id\":\"https:\\\/\\\/wp.kristdemokraterna.se\\\/linkoping\\\/arsmote-2-februari-2019\\\/#article\",\"isPartOf\":{\"@id\":\"https:\\\/\\\/wp.kristdemokraterna.se\\\/linkoping\\\/arsmote-2-februari-2019\\\/\"},\"author\":{\"name\":\"linkoping\",\"@id\":\"https:\\\/\\\/wp.kristdemokraterna.se\\\/linkoping\\\/#\\\/schema\\\/person\\\/b0148c3c8863db76d330faa282b9521a\"},\"headline\":\"\u00c5rsm\u00f6te 6 februari 2019\",\"datePublished\":\"2019-01-28T17:37:07+00:00\",\"dateModified\":\"2021-08-13T09:48:06+00:00\",\"mainEntityOfPage\":{\"@id\":\"https:\\\/\\\/wp.kristdemokraterna.se\\\/linkoping\\\/arsmote-2-februari-2019\\\/\"},\"wordCount\":159,\"image\":{\"@id\":\"https:\\\/\\\/wp.kristdemokraterna.se\\\/linkoping\\\/arsmote-2-februari-2019\\\/#primaryimage\"},\"thumbnailUrl\":\"https:\\\/\\\/wp.kristdemokraterna.se\\\/linkoping\\\/files\\\/2019\\\/01\\\/arsmote.jpg\",\"articleSection\":[\"arkiv\",\"okategoriserade\"],\"inLanguage\":\"sv-SE\"},{\"@type\":\"WebPage\",\"@id\":\"https:\\\/\\\/wp.kristdemokraterna.se\\\/linkoping\\\/arsmote-2-februari-2019\\\/\",\"url\":\"https:\\\/\\\/wp.kristdemokraterna.se\\\/linkoping\\\/arsmote-2-februari-2019\\\/\",\"name\":\"\u00c5rsm\u00f6te 6 februari 2019 - Kristdemokraterna i Link\u00f6ping\",\"isPartOf\":{\"@id\":\"https:\\\/\\\/wp.kristdemokraterna.se\\\/linkoping\\\/#website\"},\"primaryImageOfPage\":{\"@id\":\"https:\\\/\\\/wp.kristdemokraterna.se\\\/linkoping\\\/arsmote-2-februari-2019\\\/#primaryimage\"},\"image\":{\"@id\":\"https:\\\/\\\/wp.kristdemokraterna.se\\\/linkoping\\\/arsmote-2-februari-2019\\\/#primaryimage\"},\"thumbnailUrl\":\"https:\\\/\\\/wp.kristdemokraterna.se\\\/linkoping\\\/files\\\/2019\\\/01\\\/arsmote.jpg\",\"datePublished\":\"2019-01-28T17:37:07+00:00\",\"dateModified\":\"2021-08-13T09:48:06+00:00\",\"author\":{\"@id\":\"https:\\\/\\\/wp.kristdemokraterna.se\\\/linkoping\\\/#\\\/schema\\\/person\\\/b0148c3c8863db76d330faa282b9521a\"},\"breadcrumb\":{\"@id\":\"https:\\\/\\\/wp.kristdemokraterna.se\\\/linkoping\\\/arsmote-2-februari-2019\\\/#breadcrumb\"},\"inLanguage\":\"sv-SE\",\"potentialAction\":[{\"@type\":\"ReadAction\",\"target\":[\"https:\\\/\\\/wp.kristdemokraterna.se\\\/linkoping\\\/arsmote-2-februari-2019\\\/\"]}]},{\"@type\":\"ImageObject\",\"inLanguage\":\"sv-SE\",\"@id\":\"https:\\\/\\\/wp.kristdemokraterna.se\\\/linkoping\\\/arsmote-2-februari-2019\\\/#primaryimage\",\"url\":\"https:\\\/\\\/wp.kristdemokraterna.se\\\/linkoping\\\/files\\\/2019\\\/01\\\/arsmote.jpg\",\"contentUrl\":\"https:\\\/\\\/wp.kristdemokraterna.se\\\/linkoping\\\/files\\\/2019\\\/01\\\/arsmote.jpg\",\"width\":820,\"height\":360},{\"@type\":\"BreadcrumbList\",\"@id\":\"https:\\\/\\\/wp.kristdemokraterna.se\\\/linkoping\\\/arsmote-2-februari-2019\\\/#breadcrumb\",\"itemListElement\":[{\"@type\":\"ListItem\",\"position\":1,\"name\":\"Hem\",\"item\":\"https:\\\/\\\/wp.kristdemokraterna.se\\\/linkoping\\\/\"},{\"@type\":\"ListItem\",\"position\":2,\"name\":\"\u00c5rsm\u00f6te 6 februari 2019\"}]},{\"@type\":\"WebSite\",\"@id\":\"https:\\\/\\\/wp.kristdemokraterna.se\\\/linkoping\\\/#website\",\"url\":\"https:\\\/\\\/wp.kristdemokraterna.se\\\/linkoping\\\/\",\"name\":\"Kristdemokraterna i Link\u00f6ping\",\"description\":\"\",\"inLanguage\":\"sv-SE\"},{\"@type\":\"Person\",\"@id\":\"https:\\\/\\\/wp.kristdemokraterna.se\\\/linkoping\\\/#\\\/schema\\\/person\\\/b0148c3c8863db76d330faa282b9521a\",\"name\":\"linkoping\",\"image\":{\"@type\":\"ImageObject\",\"inLanguage\":\"sv-SE\",\"@id\":\"https:\\\/\\\/secure.gravatar.com\\\/avatar\\\/016e7965fec0e08fdd07b021a7d25181278d4b29b1d5bab57b16017e35421895?s=96&r=g\",\"url\":\"https:\\\/\\\/secure.gravatar.com\\\/avatar\\\/016e7965fec0e08fdd07b021a7d25181278d4b29b1d5bab57b16017e35421895?s=96&r=g\",\"contentUrl\":\"https:\\\/\\\/secure.gravatar.com\\\/avatar\\\/016e7965fec0e08fdd07b021a7d25181278d4b29b1d5bab57b16017e35421895?s=96&r=g\",\"caption\":\"linkoping\"},\"sameAs\":[\"https:\\\/\\\/www.facebook.com\\\/kdlinkoping\\\/\"],\"url\":\"https:\\\/\\\/wp.kristdemokraterna.se\\\/linkoping\\\/author\\\/linkoping\\\/\"}]}<\/script>\n<!-- \/ Yoast SEO plugin. -->","yoast_head_json":{"title":"\u00c5rsm\u00f6te 6 februari 2019 - Kristdemokraterna i Link\u00f6ping","robots":{"index":"index","follow":"follow","max-snippet":"max-snippet:-1","max-image-preview":"max-image-preview:large","max-video-preview":"max-video-preview:-1"},"canonical":"https:\/\/wp.kristdemokraterna.se\/linkoping\/arsmote-2-februari-2019\/","og_locale":"sv_SE","og_type":"article","og_title":"\u00c5rsm\u00f6te 6 februari 2019 - Kristdemokraterna i Link\u00f6ping","og_description":"KD LINK\u00d6PING KALLAR ALLA MEDLEMMAR TILL \u00c5RSM\u00d6TE Tid: Onsdag 6 februari kl.18.00 Plats: I Kommunfullm\u00e4ktigesalen, Stadshuset, Storgatan 43, Link\u00f6ping PROGRAM F\u00d6R KV\u00c4LLEN (OBS, \u00e5rsm\u00f6tet \u00e4r endast f\u00f6r KD-medlemmar) Kl.18:00 V\u00e4lkommen. Ordf\u00f6rande Magnus Engstr\u00f6m Kl.18.05 Sara Skyttedal, kommunalr\u00e5d Link\u00f6pings kommun Kl.18.20 Per Larsson, oppositionsr\u00e5d Region \u00d6sterg\u00f6tland Kl.18:30 \u00c5rsm\u00f6tesf\u00f6rhandlingar Kl.19.10 Kjell-Arne Ottosson, jaktpolitisk talesperson f\u00f6r Kristdemokraterna Kl.19.45:00 Read More","og_url":"https:\/\/wp.kristdemokraterna.se\/linkoping\/arsmote-2-februari-2019\/","og_site_name":"Kristdemokraterna i Link\u00f6ping","article_author":"https:\/\/www.facebook.com\/kdlinkoping\/","article_published_time":"2019-01-28T17:37:07+00:00","article_modified_time":"2021-08-13T09:48:06+00:00","og_image":[{"width":820,"height":360,"url":"https:\/\/wp.kristdemokraterna.se\/linkoping\/files\/2019\/01\/arsmote.jpg","type":"image\/jpeg"}],"author":"linkoping","twitter_card":"summary_large_image","twitter_misc":{"Skriven av":"linkoping","Ber\u00e4knad l\u00e4stid":"1 minut"},"schema":{"@context":"https:\/\/schema.org","@graph":[{"@type":"Article","@id":"https:\/\/wp.kristdemokraterna.se\/linkoping\/arsmote-2-februari-2019\/#article","isPartOf":{"@id":"https:\/\/wp.kristdemokraterna.se\/linkoping\/arsmote-2-februari-2019\/"},"author":{"name":"linkoping","@id":"https:\/\/wp.kristdemokraterna.se\/linkoping\/#\/schema\/person\/b0148c3c8863db76d330faa282b9521a"},"headline":"\u00c5rsm\u00f6te 6 februari 2019","datePublished":"2019-01-28T17:37:07+00:00","dateModified":"2021-08-13T09:48:06+00:00","mainEntityOfPage":{"@id":"https:\/\/wp.kristdemokraterna.se\/linkoping\/arsmote-2-februari-2019\/"},"wordCount":159,"image":{"@id":"https:\/\/wp.kristdemokraterna.se\/linkoping\/arsmote-2-februari-2019\/#primaryimage"},"thumbnailUrl":"https:\/\/wp.kristdemokraterna.se\/linkoping\/files\/2019\/01\/arsmote.jpg","articleSection":["arkiv","okategoriserade"],"inLanguage":"sv-SE"},{"@type":"WebPage","@id":"https:\/\/wp.kristdemokraterna.se\/linkoping\/arsmote-2-februari-2019\/","url":"https:\/\/wp.kristdemokraterna.se\/linkoping\/arsmote-2-februari-2019\/","name":"\u00c5rsm\u00f6te 6 februari 2019 - Kristdemokraterna i Link\u00f6ping","isPartOf":{"@id":"https:\/\/wp.kristdemokraterna.se\/linkoping\/#website"},"primaryImageOfPage":{"@id":"https:\/\/wp.kristdemokraterna.se\/linkoping\/arsmote-2-februari-2019\/#primaryimage"},"image":{"@id":"https:\/\/wp.kristdemokraterna.se\/linkoping\/arsmote-2-februari-2019\/#primaryimage"},"thumbnailUrl":"https:\/\/wp.kristdemokraterna.se\/linkoping\/files\/2019\/01\/arsmote.jpg","datePublished":"2019-01-28T17:37:07+00:00","dateModified":"2021-08-13T09:48:06+00:00","author":{"@id":"https:\/\/wp.kristdemokraterna.se\/linkoping\/#\/schema\/person\/b0148c3c8863db76d330faa282b9521a"},"breadcrumb":{"@id":"https:\/\/wp.kristdemokraterna.se\/linkoping\/arsmote-2-februari-2019\/#breadcrumb"},"inLanguage":"sv-SE","potentialAction":[{"@type":"ReadAction","target":["https:\/\/wp.kristdemokraterna.se\/linkoping\/arsmote-2-februari-2019\/"]}]},{"@type":"ImageObject","inLanguage":"sv-SE","@id":"https:\/\/wp.kristdemokraterna.se\/linkoping\/arsmote-2-februari-2019\/#primaryimage","url":"https:\/\/wp.kristdemokraterna.se\/linkoping\/files\/2019\/01\/arsmote.jpg","contentUrl":"https:\/\/wp.kristdemokraterna.se\/linkoping\/files\/2019\/01\/arsmote.jpg","width":820,"height":360},{"@type":"BreadcrumbList","@id":"https:\/\/wp.kristdemokraterna.se\/linkoping\/arsmote-2-februari-2019\/#breadcrumb","itemListElement":[{"@type":"ListItem","position":1,"name":"Hem","item":"https:\/\/wp.kristdemokraterna.se\/linkoping\/"},{"@type":"ListItem","position":2,"name":"\u00c5rsm\u00f6te 6 februari 2019"}]},{"@type":"WebSite","@id":"https:\/\/wp.kristdemokraterna.se\/linkoping\/#website","url":"https:\/\/wp.kristdemokraterna.se\/linkoping\/","name":"Kristdemokraterna i Link\u00f6ping","description":"","inLanguage":"sv-SE"},{"@type":"Person","@id":"https:\/\/wp.kristdemokraterna.se\/linkoping\/#\/schema\/person\/b0148c3c8863db76d330faa282b9521a","name":"linkoping","image":{"@type":"ImageObject","inLanguage":"sv-SE","@id":"https:\/\/secure.gravatar.com\/avatar\/016e7965fec0e08fdd07b021a7d25181278d4b29b1d5bab57b16017e35421895?s=96&r=g","url":"https:\/\/secure.gravatar.com\/avatar\/016e7965fec0e08fdd07b021a7d25181278d4b29b1d5bab57b16017e35421895?s=96&r=g","contentUrl":"https:\/\/secure.gravatar.com\/avatar\/016e7965fec0e08fdd07b021a7d25181278d4b29b1d5bab57b16017e35421895?s=96&r=g","caption":"linkoping"},"sameAs":["https:\/\/www.facebook.com\/kdlinkoping\/"],"url":"https:\/\/wp.kristdemokraterna.se\/linkoping\/author\/linkoping\/"}]}},"_links":{"self":[{"href":"https:\/\/wp.kristdemokraterna.se\/linkoping\/wp-json\/wp\/v2\/posts\/1077","targetHints":{"allow":["GET"]}}],"collection":[{"href":"https:\/\/wp.kristdemokraterna.se\/linkoping\/wp-json\/wp\/v2\/posts"}],"about":[{"href":"https:\/\/wp.kristdemokraterna.se\/linkoping\/wp-json\/wp\/v2\/types\/post"}],"author":[{"embeddable":true,"href":"https:\/\/wp.kristdemokraterna.se\/linkoping\/wp-json\/wp\/v2\/users\/410"}],"replies":[{"embeddable":true,"href":"https:\/\/wp.kristdemokraterna.se\/linkoping\/wp-json\/wp\/v2\/comments?post=1077"}],"version-history":[{"count":2,"href":"https:\/\/wp.kristdemokraterna.se\/linkoping\/wp-json\/wp\/v2\/posts\/1077\/revisions"}],"predecessor-version":[{"id":1080,"href":"https:\/\/wp.kristdemokraterna.se\/linkoping\/wp-json\/wp\/v2\/posts\/1077\/revisions\/1080"}],"wp:featuredmedia":[{"embeddable":true,"href":"https:\/\/wp.kristdemokraterna.se\/linkoping\/wp-json\/wp\/v2\/media\/1078"}],"wp:attachment":[{"href":"https:\/\/wp.kristdemokraterna.se\/linkoping\/wp-json\/wp\/v2\/media?parent=1077"}],"wp:term":[{"taxonomy":"category","embeddable":true,"href":"https:\/\/wp.kristdemokraterna.se\/linkoping\/wp-json\/wp\/v2\/categories?post=1077"},{"taxonomy":"post_tag","embeddable":true,"href":"https:\/\/wp.kristdemokraterna.se\/linkoping\/wp-json\/wp\/v2\/tags?post=1077"}],"curies":[{"name":"wp","href":"https:\/\/api.w.org\/{rel}","templated":true}]}}