{"id":1097,"date":"2019-02-13T09:21:59","date_gmt":"2019-02-13T08:21:59","guid":{"rendered":"http:\/\/wp.kristdemokraterna.se\/linkoping\/?p=1097"},"modified":"2021-08-13T11:48:06","modified_gmt":"2021-08-13T09:48:06","slug":"utbildning-for-fortroendevalda-del-2-2-2019","status":"publish","type":"post","link":"https:\/\/wp.kristdemokraterna.se\/linkoping\/utbildning-for-fortroendevalda-del-2-2-2019\/","title":{"rendered":"Utbildning f\u00f6r f\u00f6rtroendevalda del 2\/2 &#8211; 2019"},"content":{"rendered":"<p>Anm\u00e4lan:<br \/>\nAnm\u00e4l ditt deltagande senast torsdag 28 februari via formul\u00e4r:<br \/>\n<a href=\"https:\/\/goo.gl\/forms\/RAziwF20qLQHXDAi2?fbclid=IwAR0A0Ki_3yNC6hlYKoe9u9L2yT7okoHBlDJUkkrqu-DVTNy0jCdyO2qlP7w\" target=\"_blank\" rel=\"nofollow noopener\" data-lynx-uri=\"https:\/\/l.facebook.com\/l.php?u=https%3A%2F%2Fgoo.gl%2Fforms%2FRAziwF20qLQHXDAi2%3Ffbclid%3DIwAR0A0Ki_3yNC6hlYKoe9u9L2yT7okoHBlDJUkkrqu-DVTNy0jCdyO2qlP7w&amp;h=AT3_631puPUsKYZeZi121MCjdVMS0F-hrQ34WolnfqBVqf_FtC7oJOl8JEhkjFgoYT0EG6uPoHEnzWz14lAqXIDxbtyyIJBEmxOo8DG80OrErpQC0YpmqndbthGZactW\" data-lynx-mode=\"hover\">https:\/\/goo.gl\/forms\/RAziwF20qLQHXDAi2<\/a><\/p>\n<p>Utbildningen riktar sig i f\u00f6rsta hand till dig som har uppdrag f\u00f6r Kristdemokraterna, men \u00e4r \u00f6ppen f\u00f6r samtliga medlemmar.<\/p>\n<p>09.30 Kaffe och fralla serveras<br \/>\n10.00 Hur s\u00e4krar vi v\u00e5r livsmedelsf\u00f6rs\u00f6rjning? &#8211; Magnus Oscarsson, riksdagsledamot<br \/>\n11.00 Fruktpaus<br \/>\n11.10 Att m\u00f6ta medborgaren &#8211; Ella Bohlin, regionr\u00e5d Region Stockholm<br \/>\n12.10 L\u00e4ttlunch &#8211; Sm\u00f6rg\u00e5st\u00e5rta<br \/>\n13.00 Att lyckas p\u00e5 sociala medier &#8211; Stina Sinclair, politisk sekreterare Region J\u00f6nk\u00f6pings l\u00e4n<br \/>\n14.00 Kaffe och Fruktpaus<br \/>\n14.10 S\u00e5 vinner vi EU-valet &#8211; Sara Skyttedal, kommunalr\u00e5d Link\u00f6pings kommun<br \/>\n15.10 Summering av dagen<br \/>\n15.30 Slut<\/p>\n<p>Pris:<br \/>\nDeltagaravgiften \u00e4r 100 kr per person och tillf\u00e4lle, vilket inkluderar f\u00f6rmiddagskaffe, fruktpaus, l\u00e4ttlunch m sm\u00f6rg\u00e5st\u00e5rta, lokal och medverkande. Deltagaravgiften faktureras i efterhand.<\/p>\n","protected":false},"excerpt":{"rendered":"<p>Anm\u00e4lan: Anm\u00e4l ditt deltagande senast torsdag 28 februari via formul\u00e4r: https:\/\/goo.gl\/forms\/RAziwF20qLQHXDAi2 Utbildningen riktar sig i f\u00f6rsta hand till dig som har uppdrag f\u00f6r Kristdemokraterna, men \u00e4r \u00f6ppen f\u00f6r samtliga medlemmar. 09.30 Kaffe och fralla serveras 10.00 Hur s\u00e4krar vi v\u00e5r livsmedelsf\u00f6rs\u00f6rjning? &#8211; Magnus Oscarsson, riksdagsledamot 11.00 Fruktpaus 11.10 Att m\u00f6ta medborgaren &#8211; Ella Bohlin, regionr\u00e5d <a class=\"read-more-link\" href=\"https:\/\/wp.kristdemokraterna.se\/linkoping\/utbildning-for-fortroendevalda-del-2-2-2019\/\">Read More<\/a><\/p>\n","protected":false},"author":410,"featured_media":1098,"comment_status":"closed","ping_status":"closed","sticky":false,"template":"","format":"standard","meta":{"_acf_changed":false,"footnotes":""},"categories":[22,1],"tags":[],"class_list":["post-1097","post","type-post","status-publish","format-standard","hentry","category-arkiv","category-okategoriserade"],"acf":[],"yoast_head":"<!-- This site is optimized with the Yoast SEO plugin v27.4 - https:\/\/yoast.com\/product\/yoast-seo-wordpress\/ -->\n<title>Utbildning f\u00f6r f\u00f6rtroendevalda del 2\/2 - 2019 - Kristdemokraterna i Link\u00f6ping<\/title>\n<meta name=\"robots\" content=\"index, follow, max-snippet:-1, max-image-preview:large, max-video-preview:-1\" \/>\n<link rel=\"canonical\" href=\"https:\/\/wp.kristdemokraterna.se\/linkoping\/utbildning-for-fortroendevalda-del-2-2-2019\/\" \/>\n<meta property=\"og:locale\" content=\"sv_SE\" \/>\n<meta property=\"og:type\" content=\"article\" \/>\n<meta property=\"og:title\" content=\"Utbildning f\u00f6r f\u00f6rtroendevalda del 2\/2 - 2019 - Kristdemokraterna i Link\u00f6ping\" \/>\n<meta property=\"og:description\" content=\"Anm\u00e4lan: Anm\u00e4l ditt deltagande senast torsdag 28 februari via formul\u00e4r: https:\/\/goo.gl\/forms\/RAziwF20qLQHXDAi2 Utbildningen riktar sig i f\u00f6rsta hand till dig som har uppdrag f\u00f6r Kristdemokraterna, men \u00e4r \u00f6ppen f\u00f6r samtliga medlemmar. 09.30 Kaffe och fralla serveras 10.00 Hur s\u00e4krar vi v\u00e5r livsmedelsf\u00f6rs\u00f6rjning? &#8211; Magnus Oscarsson, riksdagsledamot 11.00 Fruktpaus 11.10 Att m\u00f6ta medborgaren &#8211; Ella Bohlin, regionr\u00e5d Read More\" \/>\n<meta property=\"og:url\" content=\"https:\/\/wp.kristdemokraterna.se\/linkoping\/utbildning-for-fortroendevalda-del-2-2-2019\/\" \/>\n<meta property=\"og:site_name\" content=\"Kristdemokraterna i Link\u00f6ping\" \/>\n<meta property=\"article:author\" content=\"https:\/\/www.facebook.com\/kdlinkoping\/\" \/>\n<meta property=\"article:published_time\" content=\"2019-02-13T08:21:59+00:00\" \/>\n<meta property=\"article:modified_time\" content=\"2021-08-13T09:48:06+00:00\" \/>\n<meta property=\"og:image\" content=\"https:\/\/wp.kristdemokraterna.se\/linkoping\/files\/2019\/02\/utbildning.jpg\" \/>\n\t<meta property=\"og:image:width\" content=\"960\" \/>\n\t<meta property=\"og:image:height\" content=\"583\" \/>\n\t<meta property=\"og:image:type\" content=\"image\/jpeg\" \/>\n<meta name=\"author\" content=\"linkoping\" \/>\n<meta name=\"twitter:card\" content=\"summary_large_image\" \/>\n<meta name=\"twitter:label1\" content=\"Skriven av\" \/>\n\t<meta name=\"twitter:data1\" content=\"linkoping\" \/>\n\t<meta name=\"twitter:label2\" content=\"Ber\u00e4knad l\u00e4stid\" \/>\n\t<meta name=\"twitter:data2\" content=\"1 minut\" \/>\n<script type=\"application\/ld+json\" class=\"yoast-schema-graph\">{\"@context\":\"https:\\\/\\\/schema.org\",\"@graph\":[{\"@type\":\"Article\",\"@id\":\"https:\\\/\\\/wp.kristdemokraterna.se\\\/linkoping\\\/utbildning-for-fortroendevalda-del-2-2-2019\\\/#article\",\"isPartOf\":{\"@id\":\"https:\\\/\\\/wp.kristdemokraterna.se\\\/linkoping\\\/utbildning-for-fortroendevalda-del-2-2-2019\\\/\"},\"author\":{\"name\":\"linkoping\",\"@id\":\"https:\\\/\\\/wp.kristdemokraterna.se\\\/linkoping\\\/#\\\/schema\\\/person\\\/b0148c3c8863db76d330faa282b9521a\"},\"headline\":\"Utbildning f\u00f6r f\u00f6rtroendevalda del 2\\\/2 &#8211; 2019\",\"datePublished\":\"2019-02-13T08:21:59+00:00\",\"dateModified\":\"2021-08-13T09:48:06+00:00\",\"mainEntityOfPage\":{\"@id\":\"https:\\\/\\\/wp.kristdemokraterna.se\\\/linkoping\\\/utbildning-for-fortroendevalda-del-2-2-2019\\\/\"},\"wordCount\":146,\"image\":{\"@id\":\"https:\\\/\\\/wp.kristdemokraterna.se\\\/linkoping\\\/utbildning-for-fortroendevalda-del-2-2-2019\\\/#primaryimage\"},\"thumbnailUrl\":\"https:\\\/\\\/wp.kristdemokraterna.se\\\/linkoping\\\/files\\\/2019\\\/02\\\/utbildning.jpg\",\"articleSection\":[\"arkiv\",\"okategoriserade\"],\"inLanguage\":\"sv-SE\"},{\"@type\":\"WebPage\",\"@id\":\"https:\\\/\\\/wp.kristdemokraterna.se\\\/linkoping\\\/utbildning-for-fortroendevalda-del-2-2-2019\\\/\",\"url\":\"https:\\\/\\\/wp.kristdemokraterna.se\\\/linkoping\\\/utbildning-for-fortroendevalda-del-2-2-2019\\\/\",\"name\":\"Utbildning f\u00f6r f\u00f6rtroendevalda del 2\\\/2 - 2019 - Kristdemokraterna i Link\u00f6ping\",\"isPartOf\":{\"@id\":\"https:\\\/\\\/wp.kristdemokraterna.se\\\/linkoping\\\/#website\"},\"primaryImageOfPage\":{\"@id\":\"https:\\\/\\\/wp.kristdemokraterna.se\\\/linkoping\\\/utbildning-for-fortroendevalda-del-2-2-2019\\\/#primaryimage\"},\"image\":{\"@id\":\"https:\\\/\\\/wp.kristdemokraterna.se\\\/linkoping\\\/utbildning-for-fortroendevalda-del-2-2-2019\\\/#primaryimage\"},\"thumbnailUrl\":\"https:\\\/\\\/wp.kristdemokraterna.se\\\/linkoping\\\/files\\\/2019\\\/02\\\/utbildning.jpg\",\"datePublished\":\"2019-02-13T08:21:59+00:00\",\"dateModified\":\"2021-08-13T09:48:06+00:00\",\"author\":{\"@id\":\"https:\\\/\\\/wp.kristdemokraterna.se\\\/linkoping\\\/#\\\/schema\\\/person\\\/b0148c3c8863db76d330faa282b9521a\"},\"breadcrumb\":{\"@id\":\"https:\\\/\\\/wp.kristdemokraterna.se\\\/linkoping\\\/utbildning-for-fortroendevalda-del-2-2-2019\\\/#breadcrumb\"},\"inLanguage\":\"sv-SE\",\"potentialAction\":[{\"@type\":\"ReadAction\",\"target\":[\"https:\\\/\\\/wp.kristdemokraterna.se\\\/linkoping\\\/utbildning-for-fortroendevalda-del-2-2-2019\\\/\"]}]},{\"@type\":\"ImageObject\",\"inLanguage\":\"sv-SE\",\"@id\":\"https:\\\/\\\/wp.kristdemokraterna.se\\\/linkoping\\\/utbildning-for-fortroendevalda-del-2-2-2019\\\/#primaryimage\",\"url\":\"https:\\\/\\\/wp.kristdemokraterna.se\\\/linkoping\\\/files\\\/2019\\\/02\\\/utbildning.jpg\",\"contentUrl\":\"https:\\\/\\\/wp.kristdemokraterna.se\\\/linkoping\\\/files\\\/2019\\\/02\\\/utbildning.jpg\",\"width\":960,\"height\":583},{\"@type\":\"BreadcrumbList\",\"@id\":\"https:\\\/\\\/wp.kristdemokraterna.se\\\/linkoping\\\/utbildning-for-fortroendevalda-del-2-2-2019\\\/#breadcrumb\",\"itemListElement\":[{\"@type\":\"ListItem\",\"position\":1,\"name\":\"Hem\",\"item\":\"https:\\\/\\\/wp.kristdemokraterna.se\\\/linkoping\\\/\"},{\"@type\":\"ListItem\",\"position\":2,\"name\":\"Utbildning f\u00f6r f\u00f6rtroendevalda del 2\\\/2 &#8211; 2019\"}]},{\"@type\":\"WebSite\",\"@id\":\"https:\\\/\\\/wp.kristdemokraterna.se\\\/linkoping\\\/#website\",\"url\":\"https:\\\/\\\/wp.kristdemokraterna.se\\\/linkoping\\\/\",\"name\":\"Kristdemokraterna i Link\u00f6ping\",\"description\":\"\",\"inLanguage\":\"sv-SE\"},{\"@type\":\"Person\",\"@id\":\"https:\\\/\\\/wp.kristdemokraterna.se\\\/linkoping\\\/#\\\/schema\\\/person\\\/b0148c3c8863db76d330faa282b9521a\",\"name\":\"linkoping\",\"image\":{\"@type\":\"ImageObject\",\"inLanguage\":\"sv-SE\",\"@id\":\"https:\\\/\\\/secure.gravatar.com\\\/avatar\\\/016e7965fec0e08fdd07b021a7d25181278d4b29b1d5bab57b16017e35421895?s=96&r=g\",\"url\":\"https:\\\/\\\/secure.gravatar.com\\\/avatar\\\/016e7965fec0e08fdd07b021a7d25181278d4b29b1d5bab57b16017e35421895?s=96&r=g\",\"contentUrl\":\"https:\\\/\\\/secure.gravatar.com\\\/avatar\\\/016e7965fec0e08fdd07b021a7d25181278d4b29b1d5bab57b16017e35421895?s=96&r=g\",\"caption\":\"linkoping\"},\"sameAs\":[\"https:\\\/\\\/www.facebook.com\\\/kdlinkoping\\\/\"],\"url\":\"https:\\\/\\\/wp.kristdemokraterna.se\\\/linkoping\\\/author\\\/linkoping\\\/\"}]}<\/script>\n<!-- \/ Yoast SEO plugin. -->","yoast_head_json":{"title":"Utbildning f\u00f6r f\u00f6rtroendevalda del 2\/2 - 2019 - Kristdemokraterna i Link\u00f6ping","robots":{"index":"index","follow":"follow","max-snippet":"max-snippet:-1","max-image-preview":"max-image-preview:large","max-video-preview":"max-video-preview:-1"},"canonical":"https:\/\/wp.kristdemokraterna.se\/linkoping\/utbildning-for-fortroendevalda-del-2-2-2019\/","og_locale":"sv_SE","og_type":"article","og_title":"Utbildning f\u00f6r f\u00f6rtroendevalda del 2\/2 - 2019 - Kristdemokraterna i Link\u00f6ping","og_description":"Anm\u00e4lan: Anm\u00e4l ditt deltagande senast torsdag 28 februari via formul\u00e4r: https:\/\/goo.gl\/forms\/RAziwF20qLQHXDAi2 Utbildningen riktar sig i f\u00f6rsta hand till dig som har uppdrag f\u00f6r Kristdemokraterna, men \u00e4r \u00f6ppen f\u00f6r samtliga medlemmar. 09.30 Kaffe och fralla serveras 10.00 Hur s\u00e4krar vi v\u00e5r livsmedelsf\u00f6rs\u00f6rjning? &#8211; Magnus Oscarsson, riksdagsledamot 11.00 Fruktpaus 11.10 Att m\u00f6ta medborgaren &#8211; Ella Bohlin, regionr\u00e5d Read More","og_url":"https:\/\/wp.kristdemokraterna.se\/linkoping\/utbildning-for-fortroendevalda-del-2-2-2019\/","og_site_name":"Kristdemokraterna i Link\u00f6ping","article_author":"https:\/\/www.facebook.com\/kdlinkoping\/","article_published_time":"2019-02-13T08:21:59+00:00","article_modified_time":"2021-08-13T09:48:06+00:00","og_image":[{"width":960,"height":583,"url":"https:\/\/wp.kristdemokraterna.se\/linkoping\/files\/2019\/02\/utbildning.jpg","type":"image\/jpeg"}],"author":"linkoping","twitter_card":"summary_large_image","twitter_misc":{"Skriven av":"linkoping","Ber\u00e4knad l\u00e4stid":"1 minut"},"schema":{"@context":"https:\/\/schema.org","@graph":[{"@type":"Article","@id":"https:\/\/wp.kristdemokraterna.se\/linkoping\/utbildning-for-fortroendevalda-del-2-2-2019\/#article","isPartOf":{"@id":"https:\/\/wp.kristdemokraterna.se\/linkoping\/utbildning-for-fortroendevalda-del-2-2-2019\/"},"author":{"name":"linkoping","@id":"https:\/\/wp.kristdemokraterna.se\/linkoping\/#\/schema\/person\/b0148c3c8863db76d330faa282b9521a"},"headline":"Utbildning f\u00f6r f\u00f6rtroendevalda del 2\/2 &#8211; 2019","datePublished":"2019-02-13T08:21:59+00:00","dateModified":"2021-08-13T09:48:06+00:00","mainEntityOfPage":{"@id":"https:\/\/wp.kristdemokraterna.se\/linkoping\/utbildning-for-fortroendevalda-del-2-2-2019\/"},"wordCount":146,"image":{"@id":"https:\/\/wp.kristdemokraterna.se\/linkoping\/utbildning-for-fortroendevalda-del-2-2-2019\/#primaryimage"},"thumbnailUrl":"https:\/\/wp.kristdemokraterna.se\/linkoping\/files\/2019\/02\/utbildning.jpg","articleSection":["arkiv","okategoriserade"],"inLanguage":"sv-SE"},{"@type":"WebPage","@id":"https:\/\/wp.kristdemokraterna.se\/linkoping\/utbildning-for-fortroendevalda-del-2-2-2019\/","url":"https:\/\/wp.kristdemokraterna.se\/linkoping\/utbildning-for-fortroendevalda-del-2-2-2019\/","name":"Utbildning f\u00f6r f\u00f6rtroendevalda del 2\/2 - 2019 - Kristdemokraterna i Link\u00f6ping","isPartOf":{"@id":"https:\/\/wp.kristdemokraterna.se\/linkoping\/#website"},"primaryImageOfPage":{"@id":"https:\/\/wp.kristdemokraterna.se\/linkoping\/utbildning-for-fortroendevalda-del-2-2-2019\/#primaryimage"},"image":{"@id":"https:\/\/wp.kristdemokraterna.se\/linkoping\/utbildning-for-fortroendevalda-del-2-2-2019\/#primaryimage"},"thumbnailUrl":"https:\/\/wp.kristdemokraterna.se\/linkoping\/files\/2019\/02\/utbildning.jpg","datePublished":"2019-02-13T08:21:59+00:00","dateModified":"2021-08-13T09:48:06+00:00","author":{"@id":"https:\/\/wp.kristdemokraterna.se\/linkoping\/#\/schema\/person\/b0148c3c8863db76d330faa282b9521a"},"breadcrumb":{"@id":"https:\/\/wp.kristdemokraterna.se\/linkoping\/utbildning-for-fortroendevalda-del-2-2-2019\/#breadcrumb"},"inLanguage":"sv-SE","potentialAction":[{"@type":"ReadAction","target":["https:\/\/wp.kristdemokraterna.se\/linkoping\/utbildning-for-fortroendevalda-del-2-2-2019\/"]}]},{"@type":"ImageObject","inLanguage":"sv-SE","@id":"https:\/\/wp.kristdemokraterna.se\/linkoping\/utbildning-for-fortroendevalda-del-2-2-2019\/#primaryimage","url":"https:\/\/wp.kristdemokraterna.se\/linkoping\/files\/2019\/02\/utbildning.jpg","contentUrl":"https:\/\/wp.kristdemokraterna.se\/linkoping\/files\/2019\/02\/utbildning.jpg","width":960,"height":583},{"@type":"BreadcrumbList","@id":"https:\/\/wp.kristdemokraterna.se\/linkoping\/utbildning-for-fortroendevalda-del-2-2-2019\/#breadcrumb","itemListElement":[{"@type":"ListItem","position":1,"name":"Hem","item":"https:\/\/wp.kristdemokraterna.se\/linkoping\/"},{"@type":"ListItem","position":2,"name":"Utbildning f\u00f6r f\u00f6rtroendevalda del 2\/2 &#8211; 2019"}]},{"@type":"WebSite","@id":"https:\/\/wp.kristdemokraterna.se\/linkoping\/#website","url":"https:\/\/wp.kristdemokraterna.se\/linkoping\/","name":"Kristdemokraterna i Link\u00f6ping","description":"","inLanguage":"sv-SE"},{"@type":"Person","@id":"https:\/\/wp.kristdemokraterna.se\/linkoping\/#\/schema\/person\/b0148c3c8863db76d330faa282b9521a","name":"linkoping","image":{"@type":"ImageObject","inLanguage":"sv-SE","@id":"https:\/\/secure.gravatar.com\/avatar\/016e7965fec0e08fdd07b021a7d25181278d4b29b1d5bab57b16017e35421895?s=96&r=g","url":"https:\/\/secure.gravatar.com\/avatar\/016e7965fec0e08fdd07b021a7d25181278d4b29b1d5bab57b16017e35421895?s=96&r=g","contentUrl":"https:\/\/secure.gravatar.com\/avatar\/016e7965fec0e08fdd07b021a7d25181278d4b29b1d5bab57b16017e35421895?s=96&r=g","caption":"linkoping"},"sameAs":["https:\/\/www.facebook.com\/kdlinkoping\/"],"url":"https:\/\/wp.kristdemokraterna.se\/linkoping\/author\/linkoping\/"}]}},"_links":{"self":[{"href":"https:\/\/wp.kristdemokraterna.se\/linkoping\/wp-json\/wp\/v2\/posts\/1097","targetHints":{"allow":["GET"]}}],"collection":[{"href":"https:\/\/wp.kristdemokraterna.se\/linkoping\/wp-json\/wp\/v2\/posts"}],"about":[{"href":"https:\/\/wp.kristdemokraterna.se\/linkoping\/wp-json\/wp\/v2\/types\/post"}],"author":[{"embeddable":true,"href":"https:\/\/wp.kristdemokraterna.se\/linkoping\/wp-json\/wp\/v2\/users\/410"}],"replies":[{"embeddable":true,"href":"https:\/\/wp.kristdemokraterna.se\/linkoping\/wp-json\/wp\/v2\/comments?post=1097"}],"version-history":[{"count":2,"href":"https:\/\/wp.kristdemokraterna.se\/linkoping\/wp-json\/wp\/v2\/posts\/1097\/revisions"}],"predecessor-version":[{"id":1100,"href":"https:\/\/wp.kristdemokraterna.se\/linkoping\/wp-json\/wp\/v2\/posts\/1097\/revisions\/1100"}],"wp:featuredmedia":[{"embeddable":true,"href":"https:\/\/wp.kristdemokraterna.se\/linkoping\/wp-json\/wp\/v2\/media\/1098"}],"wp:attachment":[{"href":"https:\/\/wp.kristdemokraterna.se\/linkoping\/wp-json\/wp\/v2\/media?parent=1097"}],"wp:term":[{"taxonomy":"category","embeddable":true,"href":"https:\/\/wp.kristdemokraterna.se\/linkoping\/wp-json\/wp\/v2\/categories?post=1097"},{"taxonomy":"post_tag","embeddable":true,"href":"https:\/\/wp.kristdemokraterna.se\/linkoping\/wp-json\/wp\/v2\/tags?post=1097"}],"curies":[{"name":"wp","href":"https:\/\/api.w.org\/{rel}","templated":true}]}}