{"id":113,"date":"2013-11-08T10:54:54","date_gmt":"2013-11-08T09:54:54","guid":{"rendered":"http:\/\/wp.kristdemokraterna.se\/linkoping\/?p=113"},"modified":"2021-08-13T11:49:26","modified_gmt":"2021-08-13T09:49:26","slug":"kristdemokrat-fran-linkoping-kan-bli-framtidens-ledare-i-sjukvarden","status":"publish","type":"post","link":"https:\/\/wp.kristdemokraterna.se\/linkoping\/kristdemokrat-fran-linkoping-kan-bli-framtidens-ledare-i-sjukvarden\/","title":{"rendered":"Kristdemokrat fr\u00e5n Link\u00f6ping kan bli framtidens ledare i sjukv\u00e5rden"},"content":{"rendered":"<p><a href=\"https:\/\/wp.kristdemokraterna.se\/linkoping\/files\/2013\/11\/PatrickVigren.jpg\"><img loading=\"lazy\" decoding=\"async\" class=\" wp-image-114 alignleft\" alt=\"PatrickVigren\" src=\"https:\/\/wp.kristdemokraterna.se\/linkoping\/files\/2013\/11\/PatrickVigren-300x224.jpg\" width=\"300\" height=\"224\" srcset=\"https:\/\/wp.kristdemokraterna.se\/linkoping\/files\/2013\/11\/PatrickVigren-300x224.jpg 300w, https:\/\/wp.kristdemokraterna.se\/linkoping\/files\/2013\/11\/PatrickVigren-540x403.jpg 540w, https:\/\/wp.kristdemokraterna.se\/linkoping\/files\/2013\/11\/PatrickVigren-600x448.jpg 600w, https:\/\/wp.kristdemokraterna.se\/linkoping\/files\/2013\/11\/PatrickVigren-463x346.jpg 463w, https:\/\/wp.kristdemokraterna.se\/linkoping\/files\/2013\/11\/PatrickVigren-149x112.jpg 149w\" sizes=\"auto, (max-width: 300px) 100vw, 300px\" \/><\/a>Tidningen <a href=\"http:\/\/www.dagensmedicin.se\/jobb\/han-tvattar-bort-klinikens-daliga-rykte\/\" target=\"_blank\" rel=\"noopener\">Dagens Medicin<\/a> presenterar i sitt senaste nummer finalisterna till utm\u00e4rkelsen &#8221;Framtidens ledare i sjukv\u00e5rden&#8221;. En av de tre finalisterna \u00e4r Patrick Vigren fr\u00e5n Link\u00f6ping, klinikchef f\u00f6r neurologiska kliniken p\u00e5 Universitetssjukhuset i Link\u00f6ping. Patrick var fram till v\u00e5ren 2013 ordf\u00f6rande f\u00f6r Kristdemokraterna i Link\u00f6ping. Vi gratulerar Patrick och \u00f6nskar lycka till i forts\u00e4ttningen!<\/p>\n","protected":false},"excerpt":{"rendered":"<p>Tidningen Dagens Medicin presenterar i sitt senaste nummer finalisterna till utm\u00e4rkelsen &#8221;Framtidens ledare i sjukv\u00e5rden&#8221;. En av de tre finalisterna \u00e4r Patrick Vigren fr\u00e5n Link\u00f6ping, klinikchef f\u00f6r neurologiska kliniken p\u00e5 Universitetssjukhuset i Link\u00f6ping. Patrick var fram till v\u00e5ren 2013 ordf\u00f6rande f\u00f6r Kristdemokraterna i Link\u00f6ping. Vi gratulerar Patrick och \u00f6nskar lycka till i forts\u00e4ttningen!<\/p>\n","protected":false},"author":410,"featured_media":0,"comment_status":"open","ping_status":"open","sticky":false,"template":"","format":"standard","meta":{"_acf_changed":false,"footnotes":""},"categories":[22,1],"tags":[],"class_list":["post-113","post","type-post","status-publish","format-standard","hentry","category-arkiv","category-okategoriserade"],"acf":[],"yoast_head":"<!-- This site is optimized with the Yoast SEO plugin v27.4 - https:\/\/yoast.com\/product\/yoast-seo-wordpress\/ -->\n<title>Kristdemokrat fr\u00e5n Link\u00f6ping kan bli framtidens ledare i sjukv\u00e5rden - Kristdemokraterna i Link\u00f6ping<\/title>\n<meta name=\"robots\" content=\"index, follow, max-snippet:-1, max-image-preview:large, max-video-preview:-1\" \/>\n<link rel=\"canonical\" href=\"https:\/\/wp.kristdemokraterna.se\/linkoping\/kristdemokrat-fran-linkoping-kan-bli-framtidens-ledare-i-sjukvarden\/\" \/>\n<meta property=\"og:locale\" content=\"sv_SE\" \/>\n<meta property=\"og:type\" content=\"article\" \/>\n<meta property=\"og:title\" content=\"Kristdemokrat fr\u00e5n Link\u00f6ping kan bli framtidens ledare i sjukv\u00e5rden - Kristdemokraterna i Link\u00f6ping\" \/>\n<meta property=\"og:description\" content=\"Tidningen Dagens Medicin presenterar i sitt senaste nummer finalisterna till utm\u00e4rkelsen &#8221;Framtidens ledare i sjukv\u00e5rden&#8221;. En av de tre finalisterna \u00e4r Patrick Vigren fr\u00e5n Link\u00f6ping, klinikchef f\u00f6r neurologiska kliniken p\u00e5 Universitetssjukhuset i Link\u00f6ping. Patrick var fram till v\u00e5ren 2013 ordf\u00f6rande f\u00f6r Kristdemokraterna i Link\u00f6ping. Vi gratulerar Patrick och \u00f6nskar lycka till i forts\u00e4ttningen!\" \/>\n<meta property=\"og:url\" content=\"https:\/\/wp.kristdemokraterna.se\/linkoping\/kristdemokrat-fran-linkoping-kan-bli-framtidens-ledare-i-sjukvarden\/\" \/>\n<meta property=\"og:site_name\" content=\"Kristdemokraterna i Link\u00f6ping\" \/>\n<meta property=\"article:author\" content=\"https:\/\/www.facebook.com\/kdlinkoping\/\" \/>\n<meta property=\"article:published_time\" content=\"2013-11-08T09:54:54+00:00\" \/>\n<meta property=\"article:modified_time\" content=\"2021-08-13T09:49:26+00:00\" \/>\n<meta property=\"og:image\" content=\"http:\/\/wp.kristdemokraterna.se\/linkoping\/files\/2013\/11\/PatrickVigren-300x224.jpg\" \/>\n<meta name=\"author\" content=\"linkoping\" \/>\n<meta name=\"twitter:card\" content=\"summary_large_image\" \/>\n<meta name=\"twitter:label1\" content=\"Skriven av\" \/>\n\t<meta name=\"twitter:data1\" content=\"linkoping\" \/>\n<script type=\"application\/ld+json\" class=\"yoast-schema-graph\">{\"@context\":\"https:\\\/\\\/schema.org\",\"@graph\":[{\"@type\":\"Article\",\"@id\":\"https:\\\/\\\/wp.kristdemokraterna.se\\\/linkoping\\\/kristdemokrat-fran-linkoping-kan-bli-framtidens-ledare-i-sjukvarden\\\/#article\",\"isPartOf\":{\"@id\":\"https:\\\/\\\/wp.kristdemokraterna.se\\\/linkoping\\\/kristdemokrat-fran-linkoping-kan-bli-framtidens-ledare-i-sjukvarden\\\/\"},\"author\":{\"name\":\"linkoping\",\"@id\":\"https:\\\/\\\/wp.kristdemokraterna.se\\\/linkoping\\\/#\\\/schema\\\/person\\\/b0148c3c8863db76d330faa282b9521a\"},\"headline\":\"Kristdemokrat fr\u00e5n Link\u00f6ping kan bli framtidens ledare i sjukv\u00e5rden\",\"datePublished\":\"2013-11-08T09:54:54+00:00\",\"dateModified\":\"2021-08-13T09:49:26+00:00\",\"mainEntityOfPage\":{\"@id\":\"https:\\\/\\\/wp.kristdemokraterna.se\\\/linkoping\\\/kristdemokrat-fran-linkoping-kan-bli-framtidens-ledare-i-sjukvarden\\\/\"},\"wordCount\":75,\"commentCount\":0,\"image\":{\"@id\":\"https:\\\/\\\/wp.kristdemokraterna.se\\\/linkoping\\\/kristdemokrat-fran-linkoping-kan-bli-framtidens-ledare-i-sjukvarden\\\/#primaryimage\"},\"thumbnailUrl\":\"http:\\\/\\\/wp.kristdemokraterna.se\\\/linkoping\\\/files\\\/2013\\\/11\\\/PatrickVigren-300x224.jpg\",\"articleSection\":[\"arkiv\",\"okategoriserade\"],\"inLanguage\":\"sv-SE\"},{\"@type\":\"WebPage\",\"@id\":\"https:\\\/\\\/wp.kristdemokraterna.se\\\/linkoping\\\/kristdemokrat-fran-linkoping-kan-bli-framtidens-ledare-i-sjukvarden\\\/\",\"url\":\"https:\\\/\\\/wp.kristdemokraterna.se\\\/linkoping\\\/kristdemokrat-fran-linkoping-kan-bli-framtidens-ledare-i-sjukvarden\\\/\",\"name\":\"Kristdemokrat fr\u00e5n Link\u00f6ping kan bli framtidens ledare i sjukv\u00e5rden - Kristdemokraterna i Link\u00f6ping\",\"isPartOf\":{\"@id\":\"https:\\\/\\\/wp.kristdemokraterna.se\\\/linkoping\\\/#website\"},\"primaryImageOfPage\":{\"@id\":\"https:\\\/\\\/wp.kristdemokraterna.se\\\/linkoping\\\/kristdemokrat-fran-linkoping-kan-bli-framtidens-ledare-i-sjukvarden\\\/#primaryimage\"},\"image\":{\"@id\":\"https:\\\/\\\/wp.kristdemokraterna.se\\\/linkoping\\\/kristdemokrat-fran-linkoping-kan-bli-framtidens-ledare-i-sjukvarden\\\/#primaryimage\"},\"thumbnailUrl\":\"http:\\\/\\\/wp.kristdemokraterna.se\\\/linkoping\\\/files\\\/2013\\\/11\\\/PatrickVigren-300x224.jpg\",\"datePublished\":\"2013-11-08T09:54:54+00:00\",\"dateModified\":\"2021-08-13T09:49:26+00:00\",\"author\":{\"@id\":\"https:\\\/\\\/wp.kristdemokraterna.se\\\/linkoping\\\/#\\\/schema\\\/person\\\/b0148c3c8863db76d330faa282b9521a\"},\"breadcrumb\":{\"@id\":\"https:\\\/\\\/wp.kristdemokraterna.se\\\/linkoping\\\/kristdemokrat-fran-linkoping-kan-bli-framtidens-ledare-i-sjukvarden\\\/#breadcrumb\"},\"inLanguage\":\"sv-SE\",\"potentialAction\":[{\"@type\":\"ReadAction\",\"target\":[\"https:\\\/\\\/wp.kristdemokraterna.se\\\/linkoping\\\/kristdemokrat-fran-linkoping-kan-bli-framtidens-ledare-i-sjukvarden\\\/\"]}]},{\"@type\":\"ImageObject\",\"inLanguage\":\"sv-SE\",\"@id\":\"https:\\\/\\\/wp.kristdemokraterna.se\\\/linkoping\\\/kristdemokrat-fran-linkoping-kan-bli-framtidens-ledare-i-sjukvarden\\\/#primaryimage\",\"url\":\"https:\\\/\\\/wp.kristdemokraterna.se\\\/linkoping\\\/files\\\/2013\\\/11\\\/PatrickVigren.jpg\",\"contentUrl\":\"https:\\\/\\\/wp.kristdemokraterna.se\\\/linkoping\\\/files\\\/2013\\\/11\\\/PatrickVigren.jpg\",\"width\":2592,\"height\":1936},{\"@type\":\"BreadcrumbList\",\"@id\":\"https:\\\/\\\/wp.kristdemokraterna.se\\\/linkoping\\\/kristdemokrat-fran-linkoping-kan-bli-framtidens-ledare-i-sjukvarden\\\/#breadcrumb\",\"itemListElement\":[{\"@type\":\"ListItem\",\"position\":1,\"name\":\"Hem\",\"item\":\"https:\\\/\\\/wp.kristdemokraterna.se\\\/linkoping\\\/\"},{\"@type\":\"ListItem\",\"position\":2,\"name\":\"Kristdemokrat fr\u00e5n Link\u00f6ping kan bli framtidens ledare i sjukv\u00e5rden\"}]},{\"@type\":\"WebSite\",\"@id\":\"https:\\\/\\\/wp.kristdemokraterna.se\\\/linkoping\\\/#website\",\"url\":\"https:\\\/\\\/wp.kristdemokraterna.se\\\/linkoping\\\/\",\"name\":\"Kristdemokraterna i Link\u00f6ping\",\"description\":\"\",\"inLanguage\":\"sv-SE\"},{\"@type\":\"Person\",\"@id\":\"https:\\\/\\\/wp.kristdemokraterna.se\\\/linkoping\\\/#\\\/schema\\\/person\\\/b0148c3c8863db76d330faa282b9521a\",\"name\":\"linkoping\",\"image\":{\"@type\":\"ImageObject\",\"inLanguage\":\"sv-SE\",\"@id\":\"https:\\\/\\\/secure.gravatar.com\\\/avatar\\\/016e7965fec0e08fdd07b021a7d25181278d4b29b1d5bab57b16017e35421895?s=96&r=g\",\"url\":\"https:\\\/\\\/secure.gravatar.com\\\/avatar\\\/016e7965fec0e08fdd07b021a7d25181278d4b29b1d5bab57b16017e35421895?s=96&r=g\",\"contentUrl\":\"https:\\\/\\\/secure.gravatar.com\\\/avatar\\\/016e7965fec0e08fdd07b021a7d25181278d4b29b1d5bab57b16017e35421895?s=96&r=g\",\"caption\":\"linkoping\"},\"sameAs\":[\"https:\\\/\\\/www.facebook.com\\\/kdlinkoping\\\/\"],\"url\":\"https:\\\/\\\/wp.kristdemokraterna.se\\\/linkoping\\\/author\\\/linkoping\\\/\"}]}<\/script>\n<!-- \/ Yoast SEO plugin. -->","yoast_head_json":{"title":"Kristdemokrat fr\u00e5n Link\u00f6ping kan bli framtidens ledare i sjukv\u00e5rden - Kristdemokraterna i Link\u00f6ping","robots":{"index":"index","follow":"follow","max-snippet":"max-snippet:-1","max-image-preview":"max-image-preview:large","max-video-preview":"max-video-preview:-1"},"canonical":"https:\/\/wp.kristdemokraterna.se\/linkoping\/kristdemokrat-fran-linkoping-kan-bli-framtidens-ledare-i-sjukvarden\/","og_locale":"sv_SE","og_type":"article","og_title":"Kristdemokrat fr\u00e5n Link\u00f6ping kan bli framtidens ledare i sjukv\u00e5rden - Kristdemokraterna i Link\u00f6ping","og_description":"Tidningen Dagens Medicin presenterar i sitt senaste nummer finalisterna till utm\u00e4rkelsen &#8221;Framtidens ledare i sjukv\u00e5rden&#8221;. En av de tre finalisterna \u00e4r Patrick Vigren fr\u00e5n Link\u00f6ping, klinikchef f\u00f6r neurologiska kliniken p\u00e5 Universitetssjukhuset i Link\u00f6ping. Patrick var fram till v\u00e5ren 2013 ordf\u00f6rande f\u00f6r Kristdemokraterna i Link\u00f6ping. Vi gratulerar Patrick och \u00f6nskar lycka till i forts\u00e4ttningen!","og_url":"https:\/\/wp.kristdemokraterna.se\/linkoping\/kristdemokrat-fran-linkoping-kan-bli-framtidens-ledare-i-sjukvarden\/","og_site_name":"Kristdemokraterna i Link\u00f6ping","article_author":"https:\/\/www.facebook.com\/kdlinkoping\/","article_published_time":"2013-11-08T09:54:54+00:00","article_modified_time":"2021-08-13T09:49:26+00:00","og_image":[{"url":"http:\/\/wp.kristdemokraterna.se\/linkoping\/files\/2013\/11\/PatrickVigren-300x224.jpg","type":"","width":"","height":""}],"author":"linkoping","twitter_card":"summary_large_image","twitter_misc":{"Skriven av":"linkoping"},"schema":{"@context":"https:\/\/schema.org","@graph":[{"@type":"Article","@id":"https:\/\/wp.kristdemokraterna.se\/linkoping\/kristdemokrat-fran-linkoping-kan-bli-framtidens-ledare-i-sjukvarden\/#article","isPartOf":{"@id":"https:\/\/wp.kristdemokraterna.se\/linkoping\/kristdemokrat-fran-linkoping-kan-bli-framtidens-ledare-i-sjukvarden\/"},"author":{"name":"linkoping","@id":"https:\/\/wp.kristdemokraterna.se\/linkoping\/#\/schema\/person\/b0148c3c8863db76d330faa282b9521a"},"headline":"Kristdemokrat fr\u00e5n Link\u00f6ping kan bli framtidens ledare i sjukv\u00e5rden","datePublished":"2013-11-08T09:54:54+00:00","dateModified":"2021-08-13T09:49:26+00:00","mainEntityOfPage":{"@id":"https:\/\/wp.kristdemokraterna.se\/linkoping\/kristdemokrat-fran-linkoping-kan-bli-framtidens-ledare-i-sjukvarden\/"},"wordCount":75,"commentCount":0,"image":{"@id":"https:\/\/wp.kristdemokraterna.se\/linkoping\/kristdemokrat-fran-linkoping-kan-bli-framtidens-ledare-i-sjukvarden\/#primaryimage"},"thumbnailUrl":"http:\/\/wp.kristdemokraterna.se\/linkoping\/files\/2013\/11\/PatrickVigren-300x224.jpg","articleSection":["arkiv","okategoriserade"],"inLanguage":"sv-SE"},{"@type":"WebPage","@id":"https:\/\/wp.kristdemokraterna.se\/linkoping\/kristdemokrat-fran-linkoping-kan-bli-framtidens-ledare-i-sjukvarden\/","url":"https:\/\/wp.kristdemokraterna.se\/linkoping\/kristdemokrat-fran-linkoping-kan-bli-framtidens-ledare-i-sjukvarden\/","name":"Kristdemokrat fr\u00e5n Link\u00f6ping kan bli framtidens ledare i sjukv\u00e5rden - Kristdemokraterna i Link\u00f6ping","isPartOf":{"@id":"https:\/\/wp.kristdemokraterna.se\/linkoping\/#website"},"primaryImageOfPage":{"@id":"https:\/\/wp.kristdemokraterna.se\/linkoping\/kristdemokrat-fran-linkoping-kan-bli-framtidens-ledare-i-sjukvarden\/#primaryimage"},"image":{"@id":"https:\/\/wp.kristdemokraterna.se\/linkoping\/kristdemokrat-fran-linkoping-kan-bli-framtidens-ledare-i-sjukvarden\/#primaryimage"},"thumbnailUrl":"http:\/\/wp.kristdemokraterna.se\/linkoping\/files\/2013\/11\/PatrickVigren-300x224.jpg","datePublished":"2013-11-08T09:54:54+00:00","dateModified":"2021-08-13T09:49:26+00:00","author":{"@id":"https:\/\/wp.kristdemokraterna.se\/linkoping\/#\/schema\/person\/b0148c3c8863db76d330faa282b9521a"},"breadcrumb":{"@id":"https:\/\/wp.kristdemokraterna.se\/linkoping\/kristdemokrat-fran-linkoping-kan-bli-framtidens-ledare-i-sjukvarden\/#breadcrumb"},"inLanguage":"sv-SE","potentialAction":[{"@type":"ReadAction","target":["https:\/\/wp.kristdemokraterna.se\/linkoping\/kristdemokrat-fran-linkoping-kan-bli-framtidens-ledare-i-sjukvarden\/"]}]},{"@type":"ImageObject","inLanguage":"sv-SE","@id":"https:\/\/wp.kristdemokraterna.se\/linkoping\/kristdemokrat-fran-linkoping-kan-bli-framtidens-ledare-i-sjukvarden\/#primaryimage","url":"https:\/\/wp.kristdemokraterna.se\/linkoping\/files\/2013\/11\/PatrickVigren.jpg","contentUrl":"https:\/\/wp.kristdemokraterna.se\/linkoping\/files\/2013\/11\/PatrickVigren.jpg","width":2592,"height":1936},{"@type":"BreadcrumbList","@id":"https:\/\/wp.kristdemokraterna.se\/linkoping\/kristdemokrat-fran-linkoping-kan-bli-framtidens-ledare-i-sjukvarden\/#breadcrumb","itemListElement":[{"@type":"ListItem","position":1,"name":"Hem","item":"https:\/\/wp.kristdemokraterna.se\/linkoping\/"},{"@type":"ListItem","position":2,"name":"Kristdemokrat fr\u00e5n Link\u00f6ping kan bli framtidens ledare i sjukv\u00e5rden"}]},{"@type":"WebSite","@id":"https:\/\/wp.kristdemokraterna.se\/linkoping\/#website","url":"https:\/\/wp.kristdemokraterna.se\/linkoping\/","name":"Kristdemokraterna i Link\u00f6ping","description":"","inLanguage":"sv-SE"},{"@type":"Person","@id":"https:\/\/wp.kristdemokraterna.se\/linkoping\/#\/schema\/person\/b0148c3c8863db76d330faa282b9521a","name":"linkoping","image":{"@type":"ImageObject","inLanguage":"sv-SE","@id":"https:\/\/secure.gravatar.com\/avatar\/016e7965fec0e08fdd07b021a7d25181278d4b29b1d5bab57b16017e35421895?s=96&r=g","url":"https:\/\/secure.gravatar.com\/avatar\/016e7965fec0e08fdd07b021a7d25181278d4b29b1d5bab57b16017e35421895?s=96&r=g","contentUrl":"https:\/\/secure.gravatar.com\/avatar\/016e7965fec0e08fdd07b021a7d25181278d4b29b1d5bab57b16017e35421895?s=96&r=g","caption":"linkoping"},"sameAs":["https:\/\/www.facebook.com\/kdlinkoping\/"],"url":"https:\/\/wp.kristdemokraterna.se\/linkoping\/author\/linkoping\/"}]}},"_links":{"self":[{"href":"https:\/\/wp.kristdemokraterna.se\/linkoping\/wp-json\/wp\/v2\/posts\/113","targetHints":{"allow":["GET"]}}],"collection":[{"href":"https:\/\/wp.kristdemokraterna.se\/linkoping\/wp-json\/wp\/v2\/posts"}],"about":[{"href":"https:\/\/wp.kristdemokraterna.se\/linkoping\/wp-json\/wp\/v2\/types\/post"}],"author":[{"embeddable":true,"href":"https:\/\/wp.kristdemokraterna.se\/linkoping\/wp-json\/wp\/v2\/users\/410"}],"replies":[{"embeddable":true,"href":"https:\/\/wp.kristdemokraterna.se\/linkoping\/wp-json\/wp\/v2\/comments?post=113"}],"version-history":[{"count":2,"href":"https:\/\/wp.kristdemokraterna.se\/linkoping\/wp-json\/wp\/v2\/posts\/113\/revisions"}],"predecessor-version":[{"id":1906,"href":"https:\/\/wp.kristdemokraterna.se\/linkoping\/wp-json\/wp\/v2\/posts\/113\/revisions\/1906"}],"wp:attachment":[{"href":"https:\/\/wp.kristdemokraterna.se\/linkoping\/wp-json\/wp\/v2\/media?parent=113"}],"wp:term":[{"taxonomy":"category","embeddable":true,"href":"https:\/\/wp.kristdemokraterna.se\/linkoping\/wp-json\/wp\/v2\/categories?post=113"},{"taxonomy":"post_tag","embeddable":true,"href":"https:\/\/wp.kristdemokraterna.se\/linkoping\/wp-json\/wp\/v2\/tags?post=113"}],"curies":[{"name":"wp","href":"https:\/\/api.w.org\/{rel}","templated":true}]}}