{"id":117,"date":"2013-12-07T15:34:21","date_gmt":"2013-12-07T14:34:21","guid":{"rendered":"http:\/\/wp.kristdemokraterna.se\/linkoping\/?p=117"},"modified":"2021-08-13T11:49:10","modified_gmt":"2021-08-13T09:49:10","slug":"andreas-ardenfors-toppar-kommunlistan","status":"publish","type":"post","link":"https:\/\/wp.kristdemokraterna.se\/linkoping\/andreas-ardenfors-toppar-kommunlistan\/","title":{"rendered":"Andreas Ardenfors toppar kommunlistan"},"content":{"rendered":"<div id=\"attachment_118\" style=\"width: 310px\" class=\"wp-caption alignleft\"><a href=\"https:\/\/wp.kristdemokraterna.se\/linkoping\/files\/2013\/12\/ArdenforsFager.jpg\"><img loading=\"lazy\" decoding=\"async\" aria-describedby=\"caption-attachment-118\" class=\"size-medium wp-image-118  \" title=\"Liselotte Fager och Andreas Ardenfors.\" alt=\"ArdenforsFager\" src=\"https:\/\/wp.kristdemokraterna.se\/linkoping\/files\/2013\/12\/ArdenforsFager-300x224.jpg\" width=\"300\" height=\"224\" srcset=\"https:\/\/wp.kristdemokraterna.se\/linkoping\/files\/2013\/12\/ArdenforsFager-300x224.jpg 300w, https:\/\/wp.kristdemokraterna.se\/linkoping\/files\/2013\/12\/ArdenforsFager-540x403.jpg 540w, https:\/\/wp.kristdemokraterna.se\/linkoping\/files\/2013\/12\/ArdenforsFager-600x448.jpg 600w, https:\/\/wp.kristdemokraterna.se\/linkoping\/files\/2013\/12\/ArdenforsFager-463x346.jpg 463w, https:\/\/wp.kristdemokraterna.se\/linkoping\/files\/2013\/12\/ArdenforsFager-149x112.jpg 149w, https:\/\/wp.kristdemokraterna.se\/linkoping\/files\/2013\/12\/ArdenforsFager.jpg 1296w\" sizes=\"auto, (max-width: 300px) 100vw, 300px\" \/><\/a><p id=\"caption-attachment-118\" class=\"wp-caption-text\">Liselotte Fager och Andreas Ardenfors.<\/p><\/div>\n<p><strong>&#8211;\u00a0Jag tackar medlemmarna f\u00f6r det f\u00f6rtroende jag f\u00e5tt. Nu tar vi sikte p\u00e5 valframg\u00e5ng 2014 med fler r\u00f6ster p\u00e5 Kristdemokraterna och fortsatt Alliansstyre i Link\u00f6ping!, s\u00e4ger Andreas Ardenfors (KD), toppkandidat p\u00e5 Kristdemokraternas kommunlista i Link\u00f6ping.<\/strong><br \/>\nKristdemokraternas kommunlista fastst\u00e4lldes i ett helt enh\u00e4lligt beslut av partiets extra \u00e5rsm\u00f6te. D\u00e5 nuvarande kommunalr\u00e5d Jan-Willy Andersson meddelat att han inte st\u00e4ller upp till omval 2014, inneb\u00e4r f\u00f6rstaplaceringen f\u00f6r Andreas Ardenfors att partiet satsar p\u00e5 honom som n\u00e4sta kommunalr\u00e5d. Andreas \u00e4r idag vice borgm\u00e4stare i Link\u00f6ping.<br \/>\n&#8211; Jag tycker att vi har lyckats f\u00e5 till en mycket bra lista, med flera bra kandidater och ett riktigt bra vallokomotiv i toppen i form av Andreas Ardenfors!, kommenterar Lars Eklund (KD), ordf\u00f6rande i Kristdemokraternas nomineringskommitt\u00e9 i Link\u00f6ping.<br \/>\nP\u00e5 kommunlistans andraplats finns Liselotte Fager, idag politisk sekreterare i Link\u00f6pings kommun.<br \/>\n&#8211; Det k\u00e4nns mycket bra att f\u00e5 vara en del av ett bra team som tillsammans kommer att ge Kristdemokraterna m\u00f6jlighet att g\u00f6ra Link\u00f6pings kommun \u00e4nnu b\u00e4ttre f\u00f6r v\u00e5ra medborgare!, s\u00e4ger Liselotte Fager (KD).<br \/>\nTotalt har listan 54 kandidater i olika \u00e5ldrar fr\u00e5n hela kommunen.<br \/>\n&#8211; Vi \u00e4r s\u00e4rskilt stolta \u00f6ver att kunna presentera en lista med varannan damernas fr\u00e5n f\u00f6rsta till sista plats!, forts\u00e4tter nominerings-kommitt\u00e9ns ordf\u00f6rande Lars Eklund (KD).<br \/>\n&#8211; Tillsammans kan vi prestera Kristdemokraternas b\u00e4sta valresultat p\u00e5 l\u00e4nge! Vi k\u00e4nner en positiv vind i partiet, med flera nya med-lemmar och m\u00e5nga riktigt bra kandidater p\u00e5 v\u00e5r valsedel i n\u00e4sta \u00e5rs val!, avslutar Andreas Ardenfors (KD).<br \/>\n<em>Se hur hela valsedeln ser ut: <a href=\"https:\/\/wp.kristdemokraterna.se\/linkoping\/files\/2013\/12\/Valsedel-2014.pdf\" target=\"_blank\" rel=\"noopener\">Valsedel 2014<\/a><\/em><\/p>\n","protected":false},"excerpt":{"rendered":"<p>&#8211;\u00a0Jag tackar medlemmarna f\u00f6r det f\u00f6rtroende jag f\u00e5tt. Nu tar vi sikte p\u00e5 valframg\u00e5ng 2014 med fler r\u00f6ster p\u00e5 Kristdemokraterna och fortsatt Alliansstyre i Link\u00f6ping!, s\u00e4ger Andreas Ardenfors (KD), toppkandidat p\u00e5 Kristdemokraternas kommunlista i Link\u00f6ping. Kristdemokraternas kommunlista fastst\u00e4lldes i ett helt enh\u00e4lligt beslut av partiets extra \u00e5rsm\u00f6te. D\u00e5 nuvarande kommunalr\u00e5d Jan-Willy Andersson meddelat att han <a class=\"read-more-link\" href=\"https:\/\/wp.kristdemokraterna.se\/linkoping\/andreas-ardenfors-toppar-kommunlistan\/\">Read More<\/a><\/p>\n","protected":false},"author":410,"featured_media":0,"comment_status":"open","ping_status":"open","sticky":false,"template":"","format":"standard","meta":{"_acf_changed":false,"footnotes":""},"categories":[22,1],"tags":[],"class_list":["post-117","post","type-post","status-publish","format-standard","hentry","category-arkiv","category-okategoriserade"],"acf":[],"yoast_head":"<!-- This site is optimized with the Yoast SEO plugin v27.4 - https:\/\/yoast.com\/product\/yoast-seo-wordpress\/ -->\n<title>Andreas Ardenfors toppar kommunlistan - Kristdemokraterna i Link\u00f6ping<\/title>\n<meta name=\"robots\" content=\"index, follow, max-snippet:-1, max-image-preview:large, max-video-preview:-1\" \/>\n<link rel=\"canonical\" href=\"https:\/\/wp.kristdemokraterna.se\/linkoping\/andreas-ardenfors-toppar-kommunlistan\/\" \/>\n<meta property=\"og:locale\" content=\"sv_SE\" \/>\n<meta property=\"og:type\" content=\"article\" \/>\n<meta property=\"og:title\" content=\"Andreas Ardenfors toppar kommunlistan - Kristdemokraterna i Link\u00f6ping\" \/>\n<meta property=\"og:description\" content=\"&#8211;\u00a0Jag tackar medlemmarna f\u00f6r det f\u00f6rtroende jag f\u00e5tt. Nu tar vi sikte p\u00e5 valframg\u00e5ng 2014 med fler r\u00f6ster p\u00e5 Kristdemokraterna och fortsatt Alliansstyre i Link\u00f6ping!, s\u00e4ger Andreas Ardenfors (KD), toppkandidat p\u00e5 Kristdemokraternas kommunlista i Link\u00f6ping. Kristdemokraternas kommunlista fastst\u00e4lldes i ett helt enh\u00e4lligt beslut av partiets extra \u00e5rsm\u00f6te. D\u00e5 nuvarande kommunalr\u00e5d Jan-Willy Andersson meddelat att han Read More\" \/>\n<meta property=\"og:url\" content=\"https:\/\/wp.kristdemokraterna.se\/linkoping\/andreas-ardenfors-toppar-kommunlistan\/\" \/>\n<meta property=\"og:site_name\" content=\"Kristdemokraterna i Link\u00f6ping\" \/>\n<meta property=\"article:author\" content=\"https:\/\/www.facebook.com\/kdlinkoping\/\" \/>\n<meta property=\"article:published_time\" content=\"2013-12-07T14:34:21+00:00\" \/>\n<meta property=\"article:modified_time\" content=\"2021-08-13T09:49:10+00:00\" \/>\n<meta property=\"og:image\" content=\"http:\/\/wp.kristdemokraterna.se\/linkoping\/files\/2013\/12\/ArdenforsFager-300x224.jpg\" \/>\n<meta name=\"author\" content=\"linkoping\" \/>\n<meta name=\"twitter:card\" content=\"summary_large_image\" \/>\n<meta name=\"twitter:label1\" content=\"Skriven av\" \/>\n\t<meta name=\"twitter:data1\" content=\"linkoping\" \/>\n\t<meta name=\"twitter:label2\" content=\"Ber\u00e4knad l\u00e4stid\" \/>\n\t<meta name=\"twitter:data2\" content=\"2 minuter\" \/>\n<script type=\"application\/ld+json\" class=\"yoast-schema-graph\">{\"@context\":\"https:\\\/\\\/schema.org\",\"@graph\":[{\"@type\":\"Article\",\"@id\":\"https:\\\/\\\/wp.kristdemokraterna.se\\\/linkoping\\\/andreas-ardenfors-toppar-kommunlistan\\\/#article\",\"isPartOf\":{\"@id\":\"https:\\\/\\\/wp.kristdemokraterna.se\\\/linkoping\\\/andreas-ardenfors-toppar-kommunlistan\\\/\"},\"author\":{\"name\":\"linkoping\",\"@id\":\"https:\\\/\\\/wp.kristdemokraterna.se\\\/linkoping\\\/#\\\/schema\\\/person\\\/b0148c3c8863db76d330faa282b9521a\"},\"headline\":\"Andreas Ardenfors toppar kommunlistan\",\"datePublished\":\"2013-12-07T14:34:21+00:00\",\"dateModified\":\"2021-08-13T09:49:10+00:00\",\"mainEntityOfPage\":{\"@id\":\"https:\\\/\\\/wp.kristdemokraterna.se\\\/linkoping\\\/andreas-ardenfors-toppar-kommunlistan\\\/\"},\"wordCount\":304,\"commentCount\":0,\"image\":{\"@id\":\"https:\\\/\\\/wp.kristdemokraterna.se\\\/linkoping\\\/andreas-ardenfors-toppar-kommunlistan\\\/#primaryimage\"},\"thumbnailUrl\":\"http:\\\/\\\/wp.kristdemokraterna.se\\\/linkoping\\\/files\\\/2013\\\/12\\\/ArdenforsFager-300x224.jpg\",\"articleSection\":[\"arkiv\",\"okategoriserade\"],\"inLanguage\":\"sv-SE\"},{\"@type\":\"WebPage\",\"@id\":\"https:\\\/\\\/wp.kristdemokraterna.se\\\/linkoping\\\/andreas-ardenfors-toppar-kommunlistan\\\/\",\"url\":\"https:\\\/\\\/wp.kristdemokraterna.se\\\/linkoping\\\/andreas-ardenfors-toppar-kommunlistan\\\/\",\"name\":\"Andreas Ardenfors toppar kommunlistan - Kristdemokraterna i Link\u00f6ping\",\"isPartOf\":{\"@id\":\"https:\\\/\\\/wp.kristdemokraterna.se\\\/linkoping\\\/#website\"},\"primaryImageOfPage\":{\"@id\":\"https:\\\/\\\/wp.kristdemokraterna.se\\\/linkoping\\\/andreas-ardenfors-toppar-kommunlistan\\\/#primaryimage\"},\"image\":{\"@id\":\"https:\\\/\\\/wp.kristdemokraterna.se\\\/linkoping\\\/andreas-ardenfors-toppar-kommunlistan\\\/#primaryimage\"},\"thumbnailUrl\":\"http:\\\/\\\/wp.kristdemokraterna.se\\\/linkoping\\\/files\\\/2013\\\/12\\\/ArdenforsFager-300x224.jpg\",\"datePublished\":\"2013-12-07T14:34:21+00:00\",\"dateModified\":\"2021-08-13T09:49:10+00:00\",\"author\":{\"@id\":\"https:\\\/\\\/wp.kristdemokraterna.se\\\/linkoping\\\/#\\\/schema\\\/person\\\/b0148c3c8863db76d330faa282b9521a\"},\"breadcrumb\":{\"@id\":\"https:\\\/\\\/wp.kristdemokraterna.se\\\/linkoping\\\/andreas-ardenfors-toppar-kommunlistan\\\/#breadcrumb\"},\"inLanguage\":\"sv-SE\",\"potentialAction\":[{\"@type\":\"ReadAction\",\"target\":[\"https:\\\/\\\/wp.kristdemokraterna.se\\\/linkoping\\\/andreas-ardenfors-toppar-kommunlistan\\\/\"]}]},{\"@type\":\"ImageObject\",\"inLanguage\":\"sv-SE\",\"@id\":\"https:\\\/\\\/wp.kristdemokraterna.se\\\/linkoping\\\/andreas-ardenfors-toppar-kommunlistan\\\/#primaryimage\",\"url\":\"https:\\\/\\\/wp.kristdemokraterna.se\\\/linkoping\\\/files\\\/2013\\\/12\\\/ArdenforsFager.jpg\",\"contentUrl\":\"https:\\\/\\\/wp.kristdemokraterna.se\\\/linkoping\\\/files\\\/2013\\\/12\\\/ArdenforsFager.jpg\",\"width\":1296,\"height\":968},{\"@type\":\"BreadcrumbList\",\"@id\":\"https:\\\/\\\/wp.kristdemokraterna.se\\\/linkoping\\\/andreas-ardenfors-toppar-kommunlistan\\\/#breadcrumb\",\"itemListElement\":[{\"@type\":\"ListItem\",\"position\":1,\"name\":\"Hem\",\"item\":\"https:\\\/\\\/wp.kristdemokraterna.se\\\/linkoping\\\/\"},{\"@type\":\"ListItem\",\"position\":2,\"name\":\"Andreas Ardenfors toppar kommunlistan\"}]},{\"@type\":\"WebSite\",\"@id\":\"https:\\\/\\\/wp.kristdemokraterna.se\\\/linkoping\\\/#website\",\"url\":\"https:\\\/\\\/wp.kristdemokraterna.se\\\/linkoping\\\/\",\"name\":\"Kristdemokraterna i Link\u00f6ping\",\"description\":\"\",\"inLanguage\":\"sv-SE\"},{\"@type\":\"Person\",\"@id\":\"https:\\\/\\\/wp.kristdemokraterna.se\\\/linkoping\\\/#\\\/schema\\\/person\\\/b0148c3c8863db76d330faa282b9521a\",\"name\":\"linkoping\",\"image\":{\"@type\":\"ImageObject\",\"inLanguage\":\"sv-SE\",\"@id\":\"https:\\\/\\\/secure.gravatar.com\\\/avatar\\\/016e7965fec0e08fdd07b021a7d25181278d4b29b1d5bab57b16017e35421895?s=96&r=g\",\"url\":\"https:\\\/\\\/secure.gravatar.com\\\/avatar\\\/016e7965fec0e08fdd07b021a7d25181278d4b29b1d5bab57b16017e35421895?s=96&r=g\",\"contentUrl\":\"https:\\\/\\\/secure.gravatar.com\\\/avatar\\\/016e7965fec0e08fdd07b021a7d25181278d4b29b1d5bab57b16017e35421895?s=96&r=g\",\"caption\":\"linkoping\"},\"sameAs\":[\"https:\\\/\\\/www.facebook.com\\\/kdlinkoping\\\/\"],\"url\":\"https:\\\/\\\/wp.kristdemokraterna.se\\\/linkoping\\\/author\\\/linkoping\\\/\"}]}<\/script>\n<!-- \/ Yoast SEO plugin. -->","yoast_head_json":{"title":"Andreas Ardenfors toppar kommunlistan - Kristdemokraterna i Link\u00f6ping","robots":{"index":"index","follow":"follow","max-snippet":"max-snippet:-1","max-image-preview":"max-image-preview:large","max-video-preview":"max-video-preview:-1"},"canonical":"https:\/\/wp.kristdemokraterna.se\/linkoping\/andreas-ardenfors-toppar-kommunlistan\/","og_locale":"sv_SE","og_type":"article","og_title":"Andreas Ardenfors toppar kommunlistan - Kristdemokraterna i Link\u00f6ping","og_description":"&#8211;\u00a0Jag tackar medlemmarna f\u00f6r det f\u00f6rtroende jag f\u00e5tt. Nu tar vi sikte p\u00e5 valframg\u00e5ng 2014 med fler r\u00f6ster p\u00e5 Kristdemokraterna och fortsatt Alliansstyre i Link\u00f6ping!, s\u00e4ger Andreas Ardenfors (KD), toppkandidat p\u00e5 Kristdemokraternas kommunlista i Link\u00f6ping. Kristdemokraternas kommunlista fastst\u00e4lldes i ett helt enh\u00e4lligt beslut av partiets extra \u00e5rsm\u00f6te. D\u00e5 nuvarande kommunalr\u00e5d Jan-Willy Andersson meddelat att han Read More","og_url":"https:\/\/wp.kristdemokraterna.se\/linkoping\/andreas-ardenfors-toppar-kommunlistan\/","og_site_name":"Kristdemokraterna i Link\u00f6ping","article_author":"https:\/\/www.facebook.com\/kdlinkoping\/","article_published_time":"2013-12-07T14:34:21+00:00","article_modified_time":"2021-08-13T09:49:10+00:00","og_image":[{"url":"http:\/\/wp.kristdemokraterna.se\/linkoping\/files\/2013\/12\/ArdenforsFager-300x224.jpg","type":"","width":"","height":""}],"author":"linkoping","twitter_card":"summary_large_image","twitter_misc":{"Skriven av":"linkoping","Ber\u00e4knad l\u00e4stid":"2 minuter"},"schema":{"@context":"https:\/\/schema.org","@graph":[{"@type":"Article","@id":"https:\/\/wp.kristdemokraterna.se\/linkoping\/andreas-ardenfors-toppar-kommunlistan\/#article","isPartOf":{"@id":"https:\/\/wp.kristdemokraterna.se\/linkoping\/andreas-ardenfors-toppar-kommunlistan\/"},"author":{"name":"linkoping","@id":"https:\/\/wp.kristdemokraterna.se\/linkoping\/#\/schema\/person\/b0148c3c8863db76d330faa282b9521a"},"headline":"Andreas Ardenfors toppar kommunlistan","datePublished":"2013-12-07T14:34:21+00:00","dateModified":"2021-08-13T09:49:10+00:00","mainEntityOfPage":{"@id":"https:\/\/wp.kristdemokraterna.se\/linkoping\/andreas-ardenfors-toppar-kommunlistan\/"},"wordCount":304,"commentCount":0,"image":{"@id":"https:\/\/wp.kristdemokraterna.se\/linkoping\/andreas-ardenfors-toppar-kommunlistan\/#primaryimage"},"thumbnailUrl":"http:\/\/wp.kristdemokraterna.se\/linkoping\/files\/2013\/12\/ArdenforsFager-300x224.jpg","articleSection":["arkiv","okategoriserade"],"inLanguage":"sv-SE"},{"@type":"WebPage","@id":"https:\/\/wp.kristdemokraterna.se\/linkoping\/andreas-ardenfors-toppar-kommunlistan\/","url":"https:\/\/wp.kristdemokraterna.se\/linkoping\/andreas-ardenfors-toppar-kommunlistan\/","name":"Andreas Ardenfors toppar kommunlistan - Kristdemokraterna i Link\u00f6ping","isPartOf":{"@id":"https:\/\/wp.kristdemokraterna.se\/linkoping\/#website"},"primaryImageOfPage":{"@id":"https:\/\/wp.kristdemokraterna.se\/linkoping\/andreas-ardenfors-toppar-kommunlistan\/#primaryimage"},"image":{"@id":"https:\/\/wp.kristdemokraterna.se\/linkoping\/andreas-ardenfors-toppar-kommunlistan\/#primaryimage"},"thumbnailUrl":"http:\/\/wp.kristdemokraterna.se\/linkoping\/files\/2013\/12\/ArdenforsFager-300x224.jpg","datePublished":"2013-12-07T14:34:21+00:00","dateModified":"2021-08-13T09:49:10+00:00","author":{"@id":"https:\/\/wp.kristdemokraterna.se\/linkoping\/#\/schema\/person\/b0148c3c8863db76d330faa282b9521a"},"breadcrumb":{"@id":"https:\/\/wp.kristdemokraterna.se\/linkoping\/andreas-ardenfors-toppar-kommunlistan\/#breadcrumb"},"inLanguage":"sv-SE","potentialAction":[{"@type":"ReadAction","target":["https:\/\/wp.kristdemokraterna.se\/linkoping\/andreas-ardenfors-toppar-kommunlistan\/"]}]},{"@type":"ImageObject","inLanguage":"sv-SE","@id":"https:\/\/wp.kristdemokraterna.se\/linkoping\/andreas-ardenfors-toppar-kommunlistan\/#primaryimage","url":"https:\/\/wp.kristdemokraterna.se\/linkoping\/files\/2013\/12\/ArdenforsFager.jpg","contentUrl":"https:\/\/wp.kristdemokraterna.se\/linkoping\/files\/2013\/12\/ArdenforsFager.jpg","width":1296,"height":968},{"@type":"BreadcrumbList","@id":"https:\/\/wp.kristdemokraterna.se\/linkoping\/andreas-ardenfors-toppar-kommunlistan\/#breadcrumb","itemListElement":[{"@type":"ListItem","position":1,"name":"Hem","item":"https:\/\/wp.kristdemokraterna.se\/linkoping\/"},{"@type":"ListItem","position":2,"name":"Andreas Ardenfors toppar kommunlistan"}]},{"@type":"WebSite","@id":"https:\/\/wp.kristdemokraterna.se\/linkoping\/#website","url":"https:\/\/wp.kristdemokraterna.se\/linkoping\/","name":"Kristdemokraterna i Link\u00f6ping","description":"","inLanguage":"sv-SE"},{"@type":"Person","@id":"https:\/\/wp.kristdemokraterna.se\/linkoping\/#\/schema\/person\/b0148c3c8863db76d330faa282b9521a","name":"linkoping","image":{"@type":"ImageObject","inLanguage":"sv-SE","@id":"https:\/\/secure.gravatar.com\/avatar\/016e7965fec0e08fdd07b021a7d25181278d4b29b1d5bab57b16017e35421895?s=96&r=g","url":"https:\/\/secure.gravatar.com\/avatar\/016e7965fec0e08fdd07b021a7d25181278d4b29b1d5bab57b16017e35421895?s=96&r=g","contentUrl":"https:\/\/secure.gravatar.com\/avatar\/016e7965fec0e08fdd07b021a7d25181278d4b29b1d5bab57b16017e35421895?s=96&r=g","caption":"linkoping"},"sameAs":["https:\/\/www.facebook.com\/kdlinkoping\/"],"url":"https:\/\/wp.kristdemokraterna.se\/linkoping\/author\/linkoping\/"}]}},"_links":{"self":[{"href":"https:\/\/wp.kristdemokraterna.se\/linkoping\/wp-json\/wp\/v2\/posts\/117","targetHints":{"allow":["GET"]}}],"collection":[{"href":"https:\/\/wp.kristdemokraterna.se\/linkoping\/wp-json\/wp\/v2\/posts"}],"about":[{"href":"https:\/\/wp.kristdemokraterna.se\/linkoping\/wp-json\/wp\/v2\/types\/post"}],"author":[{"embeddable":true,"href":"https:\/\/wp.kristdemokraterna.se\/linkoping\/wp-json\/wp\/v2\/users\/410"}],"replies":[{"embeddable":true,"href":"https:\/\/wp.kristdemokraterna.se\/linkoping\/wp-json\/wp\/v2\/comments?post=117"}],"version-history":[{"count":6,"href":"https:\/\/wp.kristdemokraterna.se\/linkoping\/wp-json\/wp\/v2\/posts\/117\/revisions"}],"predecessor-version":[{"id":1905,"href":"https:\/\/wp.kristdemokraterna.se\/linkoping\/wp-json\/wp\/v2\/posts\/117\/revisions\/1905"}],"wp:attachment":[{"href":"https:\/\/wp.kristdemokraterna.se\/linkoping\/wp-json\/wp\/v2\/media?parent=117"}],"wp:term":[{"taxonomy":"category","embeddable":true,"href":"https:\/\/wp.kristdemokraterna.se\/linkoping\/wp-json\/wp\/v2\/categories?post=117"},{"taxonomy":"post_tag","embeddable":true,"href":"https:\/\/wp.kristdemokraterna.se\/linkoping\/wp-json\/wp\/v2\/tags?post=117"}],"curies":[{"name":"wp","href":"https:\/\/api.w.org\/{rel}","templated":true}]}}