{"id":1192,"date":"2019-04-07T20:39:57","date_gmt":"2019-04-07T18:39:57","guid":{"rendered":"http:\/\/wp.kristdemokraterna.se\/linkoping\/?p=1192"},"modified":"2021-08-13T11:47:49","modified_gmt":"2021-08-13T09:47:49","slug":"engagera-dig-var-med-och-kampanja-infor-ep-valet","status":"publish","type":"post","link":"https:\/\/wp.kristdemokraterna.se\/linkoping\/engagera-dig-var-med-och-kampanja-infor-ep-valet\/","title":{"rendered":"Engagera dig, var med och kampanja inf\u00f6r EP-valet!"},"content":{"rendered":"<h5>VILL DU VARA MED OCH ARBETA F\u00d6R ETT LAGOM EU TILLSAMMANS MED OSS?<\/h5>\n<p>Som medlem i v\u00e5rt parti kan du engagera dig p\u00e5 m\u00e5nga olika s\u00e4tt. I maj kommer Kristdemokraterna i Link\u00f6ping\u00a0 t.ex. att anordna flera ut\u00e5triktade kampanjer och aktiviteter d\u00e4r vi kommer att f\u00f6ra ut kristdemokratisk politik. Hos oss har du m\u00f6jlighet att engagera dig genom punktinsatser eller s\u00e5 kan du bara vara st\u00f6dmedlem och dela samt gilla n\u00e5gra inl\u00e4gg p\u00e5 v\u00e5r Facebook-sida (@KDlink\u00f6ping) ibland. Du best\u00e4mmer sj\u00e4lv hur du vill att ditt engagemang ska se ut. Vill du engagera dig eller hj\u00e4lpa till p\u00e5 v\u00e5ra ut\u00e5triktade kampanjer under EP-valr\u00f6relsen? H\u00f6r i s\u00e5 fall g\u00e4rna av dig till oss p\u00e5: linkoping@kristdemokraterna.se<\/p>\n<p align=\"LEFT\">Den 26:e maj har du m\u00f6jlighet att g\u00f6ra din r\u00f6st h\u00f6rd, f\u00f6r vilket typ av EU-samarbete du vill ha.<\/p>\n<p>&nbsp;<\/p>\n","protected":false},"excerpt":{"rendered":"<p>VILL DU VARA MED OCH ARBETA F\u00d6R ETT LAGOM EU TILLSAMMANS MED OSS? Som medlem i v\u00e5rt parti kan du engagera dig p\u00e5 m\u00e5nga olika s\u00e4tt. I maj kommer Kristdemokraterna i Link\u00f6ping\u00a0 t.ex. att anordna flera ut\u00e5triktade kampanjer och aktiviteter d\u00e4r vi kommer att f\u00f6ra ut kristdemokratisk politik. Hos oss har du m\u00f6jlighet att engagera <a class=\"read-more-link\" href=\"https:\/\/wp.kristdemokraterna.se\/linkoping\/engagera-dig-var-med-och-kampanja-infor-ep-valet\/\">Read More<\/a><\/p>\n","protected":false},"author":410,"featured_media":1193,"comment_status":"closed","ping_status":"closed","sticky":false,"template":"","format":"standard","meta":{"_acf_changed":false,"footnotes":""},"categories":[22,1],"tags":[],"class_list":["post-1192","post","type-post","status-publish","format-standard","hentry","category-arkiv","category-okategoriserade"],"acf":[],"yoast_head":"<!-- This site is optimized with the Yoast SEO plugin v27.4 - https:\/\/yoast.com\/product\/yoast-seo-wordpress\/ -->\n<title>Engagera dig, var med och kampanja inf\u00f6r EP-valet! - Kristdemokraterna i Link\u00f6ping<\/title>\n<meta name=\"robots\" content=\"index, follow, max-snippet:-1, max-image-preview:large, max-video-preview:-1\" \/>\n<link rel=\"canonical\" href=\"https:\/\/wp.kristdemokraterna.se\/linkoping\/engagera-dig-var-med-och-kampanja-infor-ep-valet\/\" \/>\n<meta property=\"og:locale\" content=\"sv_SE\" \/>\n<meta property=\"og:type\" content=\"article\" \/>\n<meta property=\"og:title\" content=\"Engagera dig, var med och kampanja inf\u00f6r EP-valet! - Kristdemokraterna i Link\u00f6ping\" \/>\n<meta property=\"og:description\" content=\"VILL DU VARA MED OCH ARBETA F\u00d6R ETT LAGOM EU TILLSAMMANS MED OSS? Som medlem i v\u00e5rt parti kan du engagera dig p\u00e5 m\u00e5nga olika s\u00e4tt. I maj kommer Kristdemokraterna i Link\u00f6ping\u00a0 t.ex. att anordna flera ut\u00e5triktade kampanjer och aktiviteter d\u00e4r vi kommer att f\u00f6ra ut kristdemokratisk politik. Hos oss har du m\u00f6jlighet att engagera Read More\" \/>\n<meta property=\"og:url\" content=\"https:\/\/wp.kristdemokraterna.se\/linkoping\/engagera-dig-var-med-och-kampanja-infor-ep-valet\/\" \/>\n<meta property=\"og:site_name\" content=\"Kristdemokraterna i Link\u00f6ping\" \/>\n<meta property=\"article:author\" content=\"https:\/\/www.facebook.com\/kdlinkoping\/\" \/>\n<meta property=\"article:published_time\" content=\"2019-04-07T18:39:57+00:00\" \/>\n<meta property=\"article:modified_time\" content=\"2021-08-13T09:47:49+00:00\" \/>\n<meta property=\"og:image\" content=\"https:\/\/wp.kristdemokraterna.se\/linkoping\/files\/2019\/04\/eu.png\" \/>\n\t<meta property=\"og:image:width\" content=\"946\" \/>\n\t<meta property=\"og:image:height\" content=\"360\" \/>\n\t<meta property=\"og:image:type\" content=\"image\/png\" \/>\n<meta name=\"author\" content=\"linkoping\" \/>\n<meta name=\"twitter:card\" content=\"summary_large_image\" \/>\n<meta name=\"twitter:label1\" content=\"Skriven av\" \/>\n\t<meta name=\"twitter:data1\" content=\"linkoping\" \/>\n\t<meta name=\"twitter:label2\" content=\"Ber\u00e4knad l\u00e4stid\" \/>\n\t<meta name=\"twitter:data2\" content=\"1 minut\" \/>\n<script type=\"application\/ld+json\" class=\"yoast-schema-graph\">{\"@context\":\"https:\\\/\\\/schema.org\",\"@graph\":[{\"@type\":\"Article\",\"@id\":\"https:\\\/\\\/wp.kristdemokraterna.se\\\/linkoping\\\/engagera-dig-var-med-och-kampanja-infor-ep-valet\\\/#article\",\"isPartOf\":{\"@id\":\"https:\\\/\\\/wp.kristdemokraterna.se\\\/linkoping\\\/engagera-dig-var-med-och-kampanja-infor-ep-valet\\\/\"},\"author\":{\"name\":\"linkoping\",\"@id\":\"https:\\\/\\\/wp.kristdemokraterna.se\\\/linkoping\\\/#\\\/schema\\\/person\\\/b0148c3c8863db76d330faa282b9521a\"},\"headline\":\"Engagera dig, var med och kampanja inf\u00f6r EP-valet!\",\"datePublished\":\"2019-04-07T18:39:57+00:00\",\"dateModified\":\"2021-08-13T09:47:49+00:00\",\"mainEntityOfPage\":{\"@id\":\"https:\\\/\\\/wp.kristdemokraterna.se\\\/linkoping\\\/engagera-dig-var-med-och-kampanja-infor-ep-valet\\\/\"},\"wordCount\":171,\"image\":{\"@id\":\"https:\\\/\\\/wp.kristdemokraterna.se\\\/linkoping\\\/engagera-dig-var-med-och-kampanja-infor-ep-valet\\\/#primaryimage\"},\"thumbnailUrl\":\"https:\\\/\\\/wp.kristdemokraterna.se\\\/linkoping\\\/files\\\/2019\\\/04\\\/eu.png\",\"articleSection\":[\"arkiv\",\"okategoriserade\"],\"inLanguage\":\"sv-SE\"},{\"@type\":\"WebPage\",\"@id\":\"https:\\\/\\\/wp.kristdemokraterna.se\\\/linkoping\\\/engagera-dig-var-med-och-kampanja-infor-ep-valet\\\/\",\"url\":\"https:\\\/\\\/wp.kristdemokraterna.se\\\/linkoping\\\/engagera-dig-var-med-och-kampanja-infor-ep-valet\\\/\",\"name\":\"Engagera dig, var med och kampanja inf\u00f6r EP-valet! - Kristdemokraterna i Link\u00f6ping\",\"isPartOf\":{\"@id\":\"https:\\\/\\\/wp.kristdemokraterna.se\\\/linkoping\\\/#website\"},\"primaryImageOfPage\":{\"@id\":\"https:\\\/\\\/wp.kristdemokraterna.se\\\/linkoping\\\/engagera-dig-var-med-och-kampanja-infor-ep-valet\\\/#primaryimage\"},\"image\":{\"@id\":\"https:\\\/\\\/wp.kristdemokraterna.se\\\/linkoping\\\/engagera-dig-var-med-och-kampanja-infor-ep-valet\\\/#primaryimage\"},\"thumbnailUrl\":\"https:\\\/\\\/wp.kristdemokraterna.se\\\/linkoping\\\/files\\\/2019\\\/04\\\/eu.png\",\"datePublished\":\"2019-04-07T18:39:57+00:00\",\"dateModified\":\"2021-08-13T09:47:49+00:00\",\"author\":{\"@id\":\"https:\\\/\\\/wp.kristdemokraterna.se\\\/linkoping\\\/#\\\/schema\\\/person\\\/b0148c3c8863db76d330faa282b9521a\"},\"breadcrumb\":{\"@id\":\"https:\\\/\\\/wp.kristdemokraterna.se\\\/linkoping\\\/engagera-dig-var-med-och-kampanja-infor-ep-valet\\\/#breadcrumb\"},\"inLanguage\":\"sv-SE\",\"potentialAction\":[{\"@type\":\"ReadAction\",\"target\":[\"https:\\\/\\\/wp.kristdemokraterna.se\\\/linkoping\\\/engagera-dig-var-med-och-kampanja-infor-ep-valet\\\/\"]}]},{\"@type\":\"ImageObject\",\"inLanguage\":\"sv-SE\",\"@id\":\"https:\\\/\\\/wp.kristdemokraterna.se\\\/linkoping\\\/engagera-dig-var-med-och-kampanja-infor-ep-valet\\\/#primaryimage\",\"url\":\"https:\\\/\\\/wp.kristdemokraterna.se\\\/linkoping\\\/files\\\/2019\\\/04\\\/eu.png\",\"contentUrl\":\"https:\\\/\\\/wp.kristdemokraterna.se\\\/linkoping\\\/files\\\/2019\\\/04\\\/eu.png\",\"width\":946,\"height\":360},{\"@type\":\"BreadcrumbList\",\"@id\":\"https:\\\/\\\/wp.kristdemokraterna.se\\\/linkoping\\\/engagera-dig-var-med-och-kampanja-infor-ep-valet\\\/#breadcrumb\",\"itemListElement\":[{\"@type\":\"ListItem\",\"position\":1,\"name\":\"Hem\",\"item\":\"https:\\\/\\\/wp.kristdemokraterna.se\\\/linkoping\\\/\"},{\"@type\":\"ListItem\",\"position\":2,\"name\":\"Engagera dig, var med och kampanja inf\u00f6r EP-valet!\"}]},{\"@type\":\"WebSite\",\"@id\":\"https:\\\/\\\/wp.kristdemokraterna.se\\\/linkoping\\\/#website\",\"url\":\"https:\\\/\\\/wp.kristdemokraterna.se\\\/linkoping\\\/\",\"name\":\"Kristdemokraterna i Link\u00f6ping\",\"description\":\"\",\"inLanguage\":\"sv-SE\"},{\"@type\":\"Person\",\"@id\":\"https:\\\/\\\/wp.kristdemokraterna.se\\\/linkoping\\\/#\\\/schema\\\/person\\\/b0148c3c8863db76d330faa282b9521a\",\"name\":\"linkoping\",\"image\":{\"@type\":\"ImageObject\",\"inLanguage\":\"sv-SE\",\"@id\":\"https:\\\/\\\/secure.gravatar.com\\\/avatar\\\/016e7965fec0e08fdd07b021a7d25181278d4b29b1d5bab57b16017e35421895?s=96&r=g\",\"url\":\"https:\\\/\\\/secure.gravatar.com\\\/avatar\\\/016e7965fec0e08fdd07b021a7d25181278d4b29b1d5bab57b16017e35421895?s=96&r=g\",\"contentUrl\":\"https:\\\/\\\/secure.gravatar.com\\\/avatar\\\/016e7965fec0e08fdd07b021a7d25181278d4b29b1d5bab57b16017e35421895?s=96&r=g\",\"caption\":\"linkoping\"},\"sameAs\":[\"https:\\\/\\\/www.facebook.com\\\/kdlinkoping\\\/\"],\"url\":\"https:\\\/\\\/wp.kristdemokraterna.se\\\/linkoping\\\/author\\\/linkoping\\\/\"}]}<\/script>\n<!-- \/ Yoast SEO plugin. -->","yoast_head_json":{"title":"Engagera dig, var med och kampanja inf\u00f6r EP-valet! - Kristdemokraterna i Link\u00f6ping","robots":{"index":"index","follow":"follow","max-snippet":"max-snippet:-1","max-image-preview":"max-image-preview:large","max-video-preview":"max-video-preview:-1"},"canonical":"https:\/\/wp.kristdemokraterna.se\/linkoping\/engagera-dig-var-med-och-kampanja-infor-ep-valet\/","og_locale":"sv_SE","og_type":"article","og_title":"Engagera dig, var med och kampanja inf\u00f6r EP-valet! - Kristdemokraterna i Link\u00f6ping","og_description":"VILL DU VARA MED OCH ARBETA F\u00d6R ETT LAGOM EU TILLSAMMANS MED OSS? Som medlem i v\u00e5rt parti kan du engagera dig p\u00e5 m\u00e5nga olika s\u00e4tt. I maj kommer Kristdemokraterna i Link\u00f6ping\u00a0 t.ex. att anordna flera ut\u00e5triktade kampanjer och aktiviteter d\u00e4r vi kommer att f\u00f6ra ut kristdemokratisk politik. Hos oss har du m\u00f6jlighet att engagera Read More","og_url":"https:\/\/wp.kristdemokraterna.se\/linkoping\/engagera-dig-var-med-och-kampanja-infor-ep-valet\/","og_site_name":"Kristdemokraterna i Link\u00f6ping","article_author":"https:\/\/www.facebook.com\/kdlinkoping\/","article_published_time":"2019-04-07T18:39:57+00:00","article_modified_time":"2021-08-13T09:47:49+00:00","og_image":[{"width":946,"height":360,"url":"https:\/\/wp.kristdemokraterna.se\/linkoping\/files\/2019\/04\/eu.png","type":"image\/png"}],"author":"linkoping","twitter_card":"summary_large_image","twitter_misc":{"Skriven av":"linkoping","Ber\u00e4knad l\u00e4stid":"1 minut"},"schema":{"@context":"https:\/\/schema.org","@graph":[{"@type":"Article","@id":"https:\/\/wp.kristdemokraterna.se\/linkoping\/engagera-dig-var-med-och-kampanja-infor-ep-valet\/#article","isPartOf":{"@id":"https:\/\/wp.kristdemokraterna.se\/linkoping\/engagera-dig-var-med-och-kampanja-infor-ep-valet\/"},"author":{"name":"linkoping","@id":"https:\/\/wp.kristdemokraterna.se\/linkoping\/#\/schema\/person\/b0148c3c8863db76d330faa282b9521a"},"headline":"Engagera dig, var med och kampanja inf\u00f6r EP-valet!","datePublished":"2019-04-07T18:39:57+00:00","dateModified":"2021-08-13T09:47:49+00:00","mainEntityOfPage":{"@id":"https:\/\/wp.kristdemokraterna.se\/linkoping\/engagera-dig-var-med-och-kampanja-infor-ep-valet\/"},"wordCount":171,"image":{"@id":"https:\/\/wp.kristdemokraterna.se\/linkoping\/engagera-dig-var-med-och-kampanja-infor-ep-valet\/#primaryimage"},"thumbnailUrl":"https:\/\/wp.kristdemokraterna.se\/linkoping\/files\/2019\/04\/eu.png","articleSection":["arkiv","okategoriserade"],"inLanguage":"sv-SE"},{"@type":"WebPage","@id":"https:\/\/wp.kristdemokraterna.se\/linkoping\/engagera-dig-var-med-och-kampanja-infor-ep-valet\/","url":"https:\/\/wp.kristdemokraterna.se\/linkoping\/engagera-dig-var-med-och-kampanja-infor-ep-valet\/","name":"Engagera dig, var med och kampanja inf\u00f6r EP-valet! - Kristdemokraterna i Link\u00f6ping","isPartOf":{"@id":"https:\/\/wp.kristdemokraterna.se\/linkoping\/#website"},"primaryImageOfPage":{"@id":"https:\/\/wp.kristdemokraterna.se\/linkoping\/engagera-dig-var-med-och-kampanja-infor-ep-valet\/#primaryimage"},"image":{"@id":"https:\/\/wp.kristdemokraterna.se\/linkoping\/engagera-dig-var-med-och-kampanja-infor-ep-valet\/#primaryimage"},"thumbnailUrl":"https:\/\/wp.kristdemokraterna.se\/linkoping\/files\/2019\/04\/eu.png","datePublished":"2019-04-07T18:39:57+00:00","dateModified":"2021-08-13T09:47:49+00:00","author":{"@id":"https:\/\/wp.kristdemokraterna.se\/linkoping\/#\/schema\/person\/b0148c3c8863db76d330faa282b9521a"},"breadcrumb":{"@id":"https:\/\/wp.kristdemokraterna.se\/linkoping\/engagera-dig-var-med-och-kampanja-infor-ep-valet\/#breadcrumb"},"inLanguage":"sv-SE","potentialAction":[{"@type":"ReadAction","target":["https:\/\/wp.kristdemokraterna.se\/linkoping\/engagera-dig-var-med-och-kampanja-infor-ep-valet\/"]}]},{"@type":"ImageObject","inLanguage":"sv-SE","@id":"https:\/\/wp.kristdemokraterna.se\/linkoping\/engagera-dig-var-med-och-kampanja-infor-ep-valet\/#primaryimage","url":"https:\/\/wp.kristdemokraterna.se\/linkoping\/files\/2019\/04\/eu.png","contentUrl":"https:\/\/wp.kristdemokraterna.se\/linkoping\/files\/2019\/04\/eu.png","width":946,"height":360},{"@type":"BreadcrumbList","@id":"https:\/\/wp.kristdemokraterna.se\/linkoping\/engagera-dig-var-med-och-kampanja-infor-ep-valet\/#breadcrumb","itemListElement":[{"@type":"ListItem","position":1,"name":"Hem","item":"https:\/\/wp.kristdemokraterna.se\/linkoping\/"},{"@type":"ListItem","position":2,"name":"Engagera dig, var med och kampanja inf\u00f6r EP-valet!"}]},{"@type":"WebSite","@id":"https:\/\/wp.kristdemokraterna.se\/linkoping\/#website","url":"https:\/\/wp.kristdemokraterna.se\/linkoping\/","name":"Kristdemokraterna i Link\u00f6ping","description":"","inLanguage":"sv-SE"},{"@type":"Person","@id":"https:\/\/wp.kristdemokraterna.se\/linkoping\/#\/schema\/person\/b0148c3c8863db76d330faa282b9521a","name":"linkoping","image":{"@type":"ImageObject","inLanguage":"sv-SE","@id":"https:\/\/secure.gravatar.com\/avatar\/016e7965fec0e08fdd07b021a7d25181278d4b29b1d5bab57b16017e35421895?s=96&r=g","url":"https:\/\/secure.gravatar.com\/avatar\/016e7965fec0e08fdd07b021a7d25181278d4b29b1d5bab57b16017e35421895?s=96&r=g","contentUrl":"https:\/\/secure.gravatar.com\/avatar\/016e7965fec0e08fdd07b021a7d25181278d4b29b1d5bab57b16017e35421895?s=96&r=g","caption":"linkoping"},"sameAs":["https:\/\/www.facebook.com\/kdlinkoping\/"],"url":"https:\/\/wp.kristdemokraterna.se\/linkoping\/author\/linkoping\/"}]}},"_links":{"self":[{"href":"https:\/\/wp.kristdemokraterna.se\/linkoping\/wp-json\/wp\/v2\/posts\/1192","targetHints":{"allow":["GET"]}}],"collection":[{"href":"https:\/\/wp.kristdemokraterna.se\/linkoping\/wp-json\/wp\/v2\/posts"}],"about":[{"href":"https:\/\/wp.kristdemokraterna.se\/linkoping\/wp-json\/wp\/v2\/types\/post"}],"author":[{"embeddable":true,"href":"https:\/\/wp.kristdemokraterna.se\/linkoping\/wp-json\/wp\/v2\/users\/410"}],"replies":[{"embeddable":true,"href":"https:\/\/wp.kristdemokraterna.se\/linkoping\/wp-json\/wp\/v2\/comments?post=1192"}],"version-history":[{"count":4,"href":"https:\/\/wp.kristdemokraterna.se\/linkoping\/wp-json\/wp\/v2\/posts\/1192\/revisions"}],"predecessor-version":[{"id":1197,"href":"https:\/\/wp.kristdemokraterna.se\/linkoping\/wp-json\/wp\/v2\/posts\/1192\/revisions\/1197"}],"wp:featuredmedia":[{"embeddable":true,"href":"https:\/\/wp.kristdemokraterna.se\/linkoping\/wp-json\/wp\/v2\/media\/1193"}],"wp:attachment":[{"href":"https:\/\/wp.kristdemokraterna.se\/linkoping\/wp-json\/wp\/v2\/media?parent=1192"}],"wp:term":[{"taxonomy":"category","embeddable":true,"href":"https:\/\/wp.kristdemokraterna.se\/linkoping\/wp-json\/wp\/v2\/categories?post=1192"},{"taxonomy":"post_tag","embeddable":true,"href":"https:\/\/wp.kristdemokraterna.se\/linkoping\/wp-json\/wp\/v2\/tags?post=1192"}],"curies":[{"name":"wp","href":"https:\/\/api.w.org\/{rel}","templated":true}]}}