{"id":1269,"date":"2019-05-05T22:17:18","date_gmt":"2019-05-05T20:17:18","guid":{"rendered":"http:\/\/wp.kristdemokraterna.se\/linkoping\/?p=1269"},"modified":"2021-08-13T11:47:49","modified_gmt":"2021-08-13T09:47:49","slug":"valvaka-26-maj-med-kd-linkoping","status":"publish","type":"post","link":"https:\/\/wp.kristdemokraterna.se\/linkoping\/valvaka-26-maj-med-kd-linkoping\/","title":{"rendered":"Valvaka 26 maj med KD Link\u00f6ping"},"content":{"rendered":"<p><strong>V\u00c4LKOMMEN MED P\u00c5 EU-VALVAKA<\/strong><\/p>\n<p>Kristdemokraterna I Link\u00f6pings valvaka \u00e4ger rum p\u00e5 Verandan vid \u00e5n, Scandic Link\u00f6ping City s\u00f6ndag den 26 maj kl. 18.30-00.<\/p>\n<p>Alla som \u00e4r medlemmar I partiet \u00e4r v\u00e4lkomna med. 450:-\/person inkl. alkoholfri f\u00f6rdrink, kaffe och middagsbuff\u00e9. Anm\u00e4l dig s\u00e5 snart som m\u00f6jligt dock senast 10 maj. Anm\u00e4lan \u00e4r bindande och f\u00f6rskottsbetalning kr\u00e4vs.<\/p>\n<p>Inbetalning g\u00f6rs till:<\/p>\n<p>KRISTDEMOKRATERNA I LINK\u00d6PING<br \/>\nPlusGiro 66 80 24-3<\/p>\n<p>V.g. m\u00e4rk din betalning med f\u00f6r- och efternamn p\u00e5 deltagare som referens anger du &#8221;valvaka&#8221;.<\/p>\n<p>Allergier\/specialkost mailas till denise.cassel@kristdemokraterna.se<\/p>\n<p>Varmt v\u00e4lkommen!<\/p>\n","protected":false},"excerpt":{"rendered":"<p>V\u00c4LKOMMEN MED P\u00c5 EU-VALVAKA Kristdemokraterna I Link\u00f6pings valvaka \u00e4ger rum p\u00e5 Verandan vid \u00e5n, Scandic Link\u00f6ping City s\u00f6ndag den 26 maj kl. 18.30-00. Alla som \u00e4r medlemmar I partiet \u00e4r v\u00e4lkomna med. 450:-\/person inkl. alkoholfri f\u00f6rdrink, kaffe och middagsbuff\u00e9. Anm\u00e4l dig s\u00e5 snart som m\u00f6jligt dock senast 10 maj. Anm\u00e4lan \u00e4r bindande och f\u00f6rskottsbetalning kr\u00e4vs. <a class=\"read-more-link\" href=\"https:\/\/wp.kristdemokraterna.se\/linkoping\/valvaka-26-maj-med-kd-linkoping\/\">Read More<\/a><\/p>\n","protected":false},"author":410,"featured_media":1270,"comment_status":"closed","ping_status":"closed","sticky":false,"template":"","format":"standard","meta":{"_acf_changed":false,"footnotes":""},"categories":[22,1],"tags":[],"class_list":["post-1269","post","type-post","status-publish","format-standard","hentry","category-arkiv","category-okategoriserade"],"acf":[],"yoast_head":"<!-- This site is optimized with the Yoast SEO plugin v27.4 - https:\/\/yoast.com\/product\/yoast-seo-wordpress\/ -->\n<title>Valvaka 26 maj med KD Link\u00f6ping - Kristdemokraterna i Link\u00f6ping<\/title>\n<meta name=\"robots\" content=\"index, follow, max-snippet:-1, max-image-preview:large, max-video-preview:-1\" \/>\n<link rel=\"canonical\" href=\"https:\/\/wp.kristdemokraterna.se\/linkoping\/valvaka-26-maj-med-kd-linkoping\/\" \/>\n<meta property=\"og:locale\" content=\"sv_SE\" \/>\n<meta property=\"og:type\" content=\"article\" \/>\n<meta property=\"og:title\" content=\"Valvaka 26 maj med KD Link\u00f6ping - Kristdemokraterna i Link\u00f6ping\" \/>\n<meta property=\"og:description\" content=\"V\u00c4LKOMMEN MED P\u00c5 EU-VALVAKA Kristdemokraterna I Link\u00f6pings valvaka \u00e4ger rum p\u00e5 Verandan vid \u00e5n, Scandic Link\u00f6ping City s\u00f6ndag den 26 maj kl. 18.30-00. Alla som \u00e4r medlemmar I partiet \u00e4r v\u00e4lkomna med. 450:-\/person inkl. alkoholfri f\u00f6rdrink, kaffe och middagsbuff\u00e9. Anm\u00e4l dig s\u00e5 snart som m\u00f6jligt dock senast 10 maj. Anm\u00e4lan \u00e4r bindande och f\u00f6rskottsbetalning kr\u00e4vs. Read More\" \/>\n<meta property=\"og:url\" content=\"https:\/\/wp.kristdemokraterna.se\/linkoping\/valvaka-26-maj-med-kd-linkoping\/\" \/>\n<meta property=\"og:site_name\" content=\"Kristdemokraterna i Link\u00f6ping\" \/>\n<meta property=\"article:author\" content=\"https:\/\/www.facebook.com\/kdlinkoping\/\" \/>\n<meta property=\"article:published_time\" content=\"2019-05-05T20:17:18+00:00\" \/>\n<meta property=\"article:modified_time\" content=\"2021-08-13T09:47:49+00:00\" \/>\n<meta property=\"og:image\" content=\"https:\/\/wp.kristdemokraterna.se\/linkoping\/files\/2019\/05\/eu.valvaka.jpg\" \/>\n\t<meta property=\"og:image:width\" content=\"1200\" \/>\n\t<meta property=\"og:image:height\" content=\"628\" \/>\n\t<meta property=\"og:image:type\" content=\"image\/jpeg\" \/>\n<meta name=\"author\" content=\"linkoping\" \/>\n<meta name=\"twitter:card\" content=\"summary_large_image\" \/>\n<meta name=\"twitter:label1\" content=\"Skriven av\" \/>\n\t<meta name=\"twitter:data1\" content=\"linkoping\" \/>\n\t<meta name=\"twitter:label2\" content=\"Ber\u00e4knad l\u00e4stid\" \/>\n\t<meta name=\"twitter:data2\" content=\"1 minut\" \/>\n<script type=\"application\/ld+json\" class=\"yoast-schema-graph\">{\"@context\":\"https:\\\/\\\/schema.org\",\"@graph\":[{\"@type\":\"Article\",\"@id\":\"https:\\\/\\\/wp.kristdemokraterna.se\\\/linkoping\\\/valvaka-26-maj-med-kd-linkoping\\\/#article\",\"isPartOf\":{\"@id\":\"https:\\\/\\\/wp.kristdemokraterna.se\\\/linkoping\\\/valvaka-26-maj-med-kd-linkoping\\\/\"},\"author\":{\"name\":\"linkoping\",\"@id\":\"https:\\\/\\\/wp.kristdemokraterna.se\\\/linkoping\\\/#\\\/schema\\\/person\\\/b0148c3c8863db76d330faa282b9521a\"},\"headline\":\"Valvaka 26 maj med KD Link\u00f6ping\",\"datePublished\":\"2019-05-05T20:17:18+00:00\",\"dateModified\":\"2021-08-13T09:47:49+00:00\",\"mainEntityOfPage\":{\"@id\":\"https:\\\/\\\/wp.kristdemokraterna.se\\\/linkoping\\\/valvaka-26-maj-med-kd-linkoping\\\/\"},\"wordCount\":110,\"image\":{\"@id\":\"https:\\\/\\\/wp.kristdemokraterna.se\\\/linkoping\\\/valvaka-26-maj-med-kd-linkoping\\\/#primaryimage\"},\"thumbnailUrl\":\"https:\\\/\\\/wp.kristdemokraterna.se\\\/linkoping\\\/files\\\/2019\\\/05\\\/eu.valvaka.jpg\",\"articleSection\":[\"arkiv\",\"okategoriserade\"],\"inLanguage\":\"sv-SE\"},{\"@type\":\"WebPage\",\"@id\":\"https:\\\/\\\/wp.kristdemokraterna.se\\\/linkoping\\\/valvaka-26-maj-med-kd-linkoping\\\/\",\"url\":\"https:\\\/\\\/wp.kristdemokraterna.se\\\/linkoping\\\/valvaka-26-maj-med-kd-linkoping\\\/\",\"name\":\"Valvaka 26 maj med KD Link\u00f6ping - Kristdemokraterna i Link\u00f6ping\",\"isPartOf\":{\"@id\":\"https:\\\/\\\/wp.kristdemokraterna.se\\\/linkoping\\\/#website\"},\"primaryImageOfPage\":{\"@id\":\"https:\\\/\\\/wp.kristdemokraterna.se\\\/linkoping\\\/valvaka-26-maj-med-kd-linkoping\\\/#primaryimage\"},\"image\":{\"@id\":\"https:\\\/\\\/wp.kristdemokraterna.se\\\/linkoping\\\/valvaka-26-maj-med-kd-linkoping\\\/#primaryimage\"},\"thumbnailUrl\":\"https:\\\/\\\/wp.kristdemokraterna.se\\\/linkoping\\\/files\\\/2019\\\/05\\\/eu.valvaka.jpg\",\"datePublished\":\"2019-05-05T20:17:18+00:00\",\"dateModified\":\"2021-08-13T09:47:49+00:00\",\"author\":{\"@id\":\"https:\\\/\\\/wp.kristdemokraterna.se\\\/linkoping\\\/#\\\/schema\\\/person\\\/b0148c3c8863db76d330faa282b9521a\"},\"breadcrumb\":{\"@id\":\"https:\\\/\\\/wp.kristdemokraterna.se\\\/linkoping\\\/valvaka-26-maj-med-kd-linkoping\\\/#breadcrumb\"},\"inLanguage\":\"sv-SE\",\"potentialAction\":[{\"@type\":\"ReadAction\",\"target\":[\"https:\\\/\\\/wp.kristdemokraterna.se\\\/linkoping\\\/valvaka-26-maj-med-kd-linkoping\\\/\"]}]},{\"@type\":\"ImageObject\",\"inLanguage\":\"sv-SE\",\"@id\":\"https:\\\/\\\/wp.kristdemokraterna.se\\\/linkoping\\\/valvaka-26-maj-med-kd-linkoping\\\/#primaryimage\",\"url\":\"https:\\\/\\\/wp.kristdemokraterna.se\\\/linkoping\\\/files\\\/2019\\\/05\\\/eu.valvaka.jpg\",\"contentUrl\":\"https:\\\/\\\/wp.kristdemokraterna.se\\\/linkoping\\\/files\\\/2019\\\/05\\\/eu.valvaka.jpg\",\"width\":1200,\"height\":628},{\"@type\":\"BreadcrumbList\",\"@id\":\"https:\\\/\\\/wp.kristdemokraterna.se\\\/linkoping\\\/valvaka-26-maj-med-kd-linkoping\\\/#breadcrumb\",\"itemListElement\":[{\"@type\":\"ListItem\",\"position\":1,\"name\":\"Hem\",\"item\":\"https:\\\/\\\/wp.kristdemokraterna.se\\\/linkoping\\\/\"},{\"@type\":\"ListItem\",\"position\":2,\"name\":\"Valvaka 26 maj med KD Link\u00f6ping\"}]},{\"@type\":\"WebSite\",\"@id\":\"https:\\\/\\\/wp.kristdemokraterna.se\\\/linkoping\\\/#website\",\"url\":\"https:\\\/\\\/wp.kristdemokraterna.se\\\/linkoping\\\/\",\"name\":\"Kristdemokraterna i Link\u00f6ping\",\"description\":\"\",\"inLanguage\":\"sv-SE\"},{\"@type\":\"Person\",\"@id\":\"https:\\\/\\\/wp.kristdemokraterna.se\\\/linkoping\\\/#\\\/schema\\\/person\\\/b0148c3c8863db76d330faa282b9521a\",\"name\":\"linkoping\",\"image\":{\"@type\":\"ImageObject\",\"inLanguage\":\"sv-SE\",\"@id\":\"https:\\\/\\\/secure.gravatar.com\\\/avatar\\\/016e7965fec0e08fdd07b021a7d25181278d4b29b1d5bab57b16017e35421895?s=96&r=g\",\"url\":\"https:\\\/\\\/secure.gravatar.com\\\/avatar\\\/016e7965fec0e08fdd07b021a7d25181278d4b29b1d5bab57b16017e35421895?s=96&r=g\",\"contentUrl\":\"https:\\\/\\\/secure.gravatar.com\\\/avatar\\\/016e7965fec0e08fdd07b021a7d25181278d4b29b1d5bab57b16017e35421895?s=96&r=g\",\"caption\":\"linkoping\"},\"sameAs\":[\"https:\\\/\\\/www.facebook.com\\\/kdlinkoping\\\/\"],\"url\":\"https:\\\/\\\/wp.kristdemokraterna.se\\\/linkoping\\\/author\\\/linkoping\\\/\"}]}<\/script>\n<!-- \/ Yoast SEO plugin. -->","yoast_head_json":{"title":"Valvaka 26 maj med KD Link\u00f6ping - Kristdemokraterna i Link\u00f6ping","robots":{"index":"index","follow":"follow","max-snippet":"max-snippet:-1","max-image-preview":"max-image-preview:large","max-video-preview":"max-video-preview:-1"},"canonical":"https:\/\/wp.kristdemokraterna.se\/linkoping\/valvaka-26-maj-med-kd-linkoping\/","og_locale":"sv_SE","og_type":"article","og_title":"Valvaka 26 maj med KD Link\u00f6ping - Kristdemokraterna i Link\u00f6ping","og_description":"V\u00c4LKOMMEN MED P\u00c5 EU-VALVAKA Kristdemokraterna I Link\u00f6pings valvaka \u00e4ger rum p\u00e5 Verandan vid \u00e5n, Scandic Link\u00f6ping City s\u00f6ndag den 26 maj kl. 18.30-00. Alla som \u00e4r medlemmar I partiet \u00e4r v\u00e4lkomna med. 450:-\/person inkl. alkoholfri f\u00f6rdrink, kaffe och middagsbuff\u00e9. Anm\u00e4l dig s\u00e5 snart som m\u00f6jligt dock senast 10 maj. Anm\u00e4lan \u00e4r bindande och f\u00f6rskottsbetalning kr\u00e4vs. Read More","og_url":"https:\/\/wp.kristdemokraterna.se\/linkoping\/valvaka-26-maj-med-kd-linkoping\/","og_site_name":"Kristdemokraterna i Link\u00f6ping","article_author":"https:\/\/www.facebook.com\/kdlinkoping\/","article_published_time":"2019-05-05T20:17:18+00:00","article_modified_time":"2021-08-13T09:47:49+00:00","og_image":[{"width":1200,"height":628,"url":"https:\/\/wp.kristdemokraterna.se\/linkoping\/files\/2019\/05\/eu.valvaka.jpg","type":"image\/jpeg"}],"author":"linkoping","twitter_card":"summary_large_image","twitter_misc":{"Skriven av":"linkoping","Ber\u00e4knad l\u00e4stid":"1 minut"},"schema":{"@context":"https:\/\/schema.org","@graph":[{"@type":"Article","@id":"https:\/\/wp.kristdemokraterna.se\/linkoping\/valvaka-26-maj-med-kd-linkoping\/#article","isPartOf":{"@id":"https:\/\/wp.kristdemokraterna.se\/linkoping\/valvaka-26-maj-med-kd-linkoping\/"},"author":{"name":"linkoping","@id":"https:\/\/wp.kristdemokraterna.se\/linkoping\/#\/schema\/person\/b0148c3c8863db76d330faa282b9521a"},"headline":"Valvaka 26 maj med KD Link\u00f6ping","datePublished":"2019-05-05T20:17:18+00:00","dateModified":"2021-08-13T09:47:49+00:00","mainEntityOfPage":{"@id":"https:\/\/wp.kristdemokraterna.se\/linkoping\/valvaka-26-maj-med-kd-linkoping\/"},"wordCount":110,"image":{"@id":"https:\/\/wp.kristdemokraterna.se\/linkoping\/valvaka-26-maj-med-kd-linkoping\/#primaryimage"},"thumbnailUrl":"https:\/\/wp.kristdemokraterna.se\/linkoping\/files\/2019\/05\/eu.valvaka.jpg","articleSection":["arkiv","okategoriserade"],"inLanguage":"sv-SE"},{"@type":"WebPage","@id":"https:\/\/wp.kristdemokraterna.se\/linkoping\/valvaka-26-maj-med-kd-linkoping\/","url":"https:\/\/wp.kristdemokraterna.se\/linkoping\/valvaka-26-maj-med-kd-linkoping\/","name":"Valvaka 26 maj med KD Link\u00f6ping - Kristdemokraterna i Link\u00f6ping","isPartOf":{"@id":"https:\/\/wp.kristdemokraterna.se\/linkoping\/#website"},"primaryImageOfPage":{"@id":"https:\/\/wp.kristdemokraterna.se\/linkoping\/valvaka-26-maj-med-kd-linkoping\/#primaryimage"},"image":{"@id":"https:\/\/wp.kristdemokraterna.se\/linkoping\/valvaka-26-maj-med-kd-linkoping\/#primaryimage"},"thumbnailUrl":"https:\/\/wp.kristdemokraterna.se\/linkoping\/files\/2019\/05\/eu.valvaka.jpg","datePublished":"2019-05-05T20:17:18+00:00","dateModified":"2021-08-13T09:47:49+00:00","author":{"@id":"https:\/\/wp.kristdemokraterna.se\/linkoping\/#\/schema\/person\/b0148c3c8863db76d330faa282b9521a"},"breadcrumb":{"@id":"https:\/\/wp.kristdemokraterna.se\/linkoping\/valvaka-26-maj-med-kd-linkoping\/#breadcrumb"},"inLanguage":"sv-SE","potentialAction":[{"@type":"ReadAction","target":["https:\/\/wp.kristdemokraterna.se\/linkoping\/valvaka-26-maj-med-kd-linkoping\/"]}]},{"@type":"ImageObject","inLanguage":"sv-SE","@id":"https:\/\/wp.kristdemokraterna.se\/linkoping\/valvaka-26-maj-med-kd-linkoping\/#primaryimage","url":"https:\/\/wp.kristdemokraterna.se\/linkoping\/files\/2019\/05\/eu.valvaka.jpg","contentUrl":"https:\/\/wp.kristdemokraterna.se\/linkoping\/files\/2019\/05\/eu.valvaka.jpg","width":1200,"height":628},{"@type":"BreadcrumbList","@id":"https:\/\/wp.kristdemokraterna.se\/linkoping\/valvaka-26-maj-med-kd-linkoping\/#breadcrumb","itemListElement":[{"@type":"ListItem","position":1,"name":"Hem","item":"https:\/\/wp.kristdemokraterna.se\/linkoping\/"},{"@type":"ListItem","position":2,"name":"Valvaka 26 maj med KD Link\u00f6ping"}]},{"@type":"WebSite","@id":"https:\/\/wp.kristdemokraterna.se\/linkoping\/#website","url":"https:\/\/wp.kristdemokraterna.se\/linkoping\/","name":"Kristdemokraterna i Link\u00f6ping","description":"","inLanguage":"sv-SE"},{"@type":"Person","@id":"https:\/\/wp.kristdemokraterna.se\/linkoping\/#\/schema\/person\/b0148c3c8863db76d330faa282b9521a","name":"linkoping","image":{"@type":"ImageObject","inLanguage":"sv-SE","@id":"https:\/\/secure.gravatar.com\/avatar\/016e7965fec0e08fdd07b021a7d25181278d4b29b1d5bab57b16017e35421895?s=96&r=g","url":"https:\/\/secure.gravatar.com\/avatar\/016e7965fec0e08fdd07b021a7d25181278d4b29b1d5bab57b16017e35421895?s=96&r=g","contentUrl":"https:\/\/secure.gravatar.com\/avatar\/016e7965fec0e08fdd07b021a7d25181278d4b29b1d5bab57b16017e35421895?s=96&r=g","caption":"linkoping"},"sameAs":["https:\/\/www.facebook.com\/kdlinkoping\/"],"url":"https:\/\/wp.kristdemokraterna.se\/linkoping\/author\/linkoping\/"}]}},"_links":{"self":[{"href":"https:\/\/wp.kristdemokraterna.se\/linkoping\/wp-json\/wp\/v2\/posts\/1269","targetHints":{"allow":["GET"]}}],"collection":[{"href":"https:\/\/wp.kristdemokraterna.se\/linkoping\/wp-json\/wp\/v2\/posts"}],"about":[{"href":"https:\/\/wp.kristdemokraterna.se\/linkoping\/wp-json\/wp\/v2\/types\/post"}],"author":[{"embeddable":true,"href":"https:\/\/wp.kristdemokraterna.se\/linkoping\/wp-json\/wp\/v2\/users\/410"}],"replies":[{"embeddable":true,"href":"https:\/\/wp.kristdemokraterna.se\/linkoping\/wp-json\/wp\/v2\/comments?post=1269"}],"version-history":[{"count":1,"href":"https:\/\/wp.kristdemokraterna.se\/linkoping\/wp-json\/wp\/v2\/posts\/1269\/revisions"}],"predecessor-version":[{"id":1271,"href":"https:\/\/wp.kristdemokraterna.se\/linkoping\/wp-json\/wp\/v2\/posts\/1269\/revisions\/1271"}],"wp:featuredmedia":[{"embeddable":true,"href":"https:\/\/wp.kristdemokraterna.se\/linkoping\/wp-json\/wp\/v2\/media\/1270"}],"wp:attachment":[{"href":"https:\/\/wp.kristdemokraterna.se\/linkoping\/wp-json\/wp\/v2\/media?parent=1269"}],"wp:term":[{"taxonomy":"category","embeddable":true,"href":"https:\/\/wp.kristdemokraterna.se\/linkoping\/wp-json\/wp\/v2\/categories?post=1269"},{"taxonomy":"post_tag","embeddable":true,"href":"https:\/\/wp.kristdemokraterna.se\/linkoping\/wp-json\/wp\/v2\/tags?post=1269"}],"curies":[{"name":"wp","href":"https:\/\/api.w.org\/{rel}","templated":true}]}}