{"id":1297,"date":"2019-05-31T22:30:42","date_gmt":"2019-05-31T20:30:42","guid":{"rendered":"http:\/\/wp.kristdemokraterna.se\/linkoping\/?p=1297"},"modified":"2021-08-13T11:47:49","modified_gmt":"2021-08-13T09:47:49","slug":"vem-vill-du-se-som-kristdemokraternas-nya-kommunalrad-i-linkoping","status":"publish","type":"post","link":"https:\/\/wp.kristdemokraterna.se\/linkoping\/vem-vill-du-se-som-kristdemokraternas-nya-kommunalrad-i-linkoping\/","title":{"rendered":"Vem vill du se som Kristdemokraternas nya kommunalr\u00e5d i Link\u00f6ping?"},"content":{"rendered":"<p><strong>BREV TILL DIG SOM \u00c4R MEDLEM I KD LINK\u00d6PING\u00a0 \u00a0 \u00a0 \u00a0 \u00a02019-05-31<\/strong><\/p>\n<p><strong>Kristdemokraterna har gjort ett historiskt bra EU-val och fick 8,6 % (+2,7 %) av r\u00f6sterna och \u00f6kade fr\u00e5n ett till tv\u00e5 mandat i europaparlamentet. Det st\u00e5r nu klart att kristdemokraternas nuvarande kommunalr\u00e5d i Link\u00f6pings kommun, Sara Skyttedal, tar plats i europaparlamentet och hon kommer d\u00e4rf\u00f6r l\u00e4mna sina nuvarande uppdrag i kommunen.<\/strong><\/p>\n<p><!--more--><\/p>\n<p>Partiavdelningens styrelse uts\u00e5g inf\u00f6r valet en nomineringsgrupp, med uppgift att leda rekryteringsprocessen av ett nytt kommunalr\u00e5d. Nomineringsgruppen ska l\u00e4mna ett f\u00f6rslag p\u00e5 nytt kommunalr\u00e5d, d\u00e4r beslut sedan fattas &#8211; enligt partiets stadgar &#8211; av partiavdelningens. Planeringen \u00e4r att detta val sker den 19 augusti. Det slutgiltiga valet sker sedan vid kommunfullm\u00e4ktiges sammantr\u00e4de tisdag 27 augusti, och nytt kommunalr\u00e5d tr\u00e4der i tj\u00e4nst 2 september.<\/p>\n<p>Vi fr\u00e5n nomineringsgruppen \u00e4r d\u00e4rf\u00f6r intresserade av att h\u00f6ra vem du helst ser som Kristdemokraternas nya kommunalr\u00e5d. Vi uppmanar dig att nominera en eller flera personer, som du anser l\u00e4mpliga f\u00f6r uppdraget. Personerna du nominerar m\u00e5ste vid valtillf\u00e4llet 27 augusti vara folkbokf\u00f6rda i Link\u00f6pings kommun, men kan allts\u00e5 idag vara bosatta i annan kommun \u00e4n Link\u00f6ping. Det viktigaste \u00e4r att personerna \u00e4r v\u00e4l kvalificerade f\u00f6r uppdraget med allt vad det inneb\u00e4r, och \u00e4r v\u00e4l f\u00f6rankrade inom kristdemokratin, \u00e4ven om erfarenhet fr\u00e5n politiskt arbete i Link\u00f6ping f\u00f6rst\u00e5s \u00e4r en viktig merit. Nomineringsgruppens fyra ledam\u00f6ter \u00e4r inte aktuella f\u00f6r nominering.<\/p>\n<p>S\u00e4nd in din nominering skriftligt med motivering och information om personen\/personernas erfarenheter och kvalifikationer <strong>senast 23 juni<\/strong> till <a href=\"mailto:fredrik.topplund@kristdemokraterna.se\">fredrik.topplund@kristdemokraterna.se<\/a>. Du kan sj\u00e4lvklart \u00e4ven anm\u00e4la ditt eget intresse p\u00e5 detta s\u00e4tt. Nomineringsgruppen kommer i sitt fortsatta arbete inte att offentligg\u00f6ra vilka eller hur m\u00e5nga som nominerat varje person. Vilka personer som blivit nominerade, kommer f\u00f6rst\u00e5s inte heller att offentligg\u00f6ras f\u00f6rr\u00e4n kontakt tagits med respektive person, och den gett sitt medgivande. Har du fr\u00e5gor eller funderingar kring n\u00e5got steg i nomineringsprocessen, tveka inte att kontakta oss i nomineringsgruppen.<\/p>\n<p>Kristdemokraterna har en viktig roll att spela i svensk politik, och det \u00e4r nu v\u00e4sentligt att vi tillsammans f\u00e5r till ett riktigt bra f\u00f6rslag till nytt kommunalr\u00e5d f\u00f6r Kristdemokraterna i Link\u00f6ping. Det blir ett viktigt steg p\u00e5 v\u00e4gen mot ett \u00e4nnu b\u00e4ttre valresultat 2022.<\/p>\n<p>Tack f\u00f6r att du engagerar dig f\u00f6r Kristdemokraterna!<\/p>\n<p><em>Med v\u00e4nlig h\u00e4lsning<\/em><\/p>\n<p>Nomineringsgruppen f\u00f6r nytt kommunalr\u00e5d f\u00f6r Kristdemokraterna i Link\u00f6ping<\/p>\n<p>Fredrik Topplund, sammankallande, tfn 0703-38 52 70, <a href=\"mailto:fredrik.topplund@kristdemokraterna.se\">fredrik.topplund@kristdemokraterna.se<\/a><\/p>\n<p>Solveig Danielson, tfn 0703-76 84 58<br \/>\nLars Eklund, tfn 0706-22 63 74<br \/>\nSara Skyttedal<\/p>\n<p>(Detta brev skickades mailades ursprungligen till Link\u00f6pings partiavdelnings medlemmar 190531).<\/p>\n","protected":false},"excerpt":{"rendered":"<p>BREV TILL DIG SOM \u00c4R MEDLEM I KD LINK\u00d6PING\u00a0 \u00a0 \u00a0 \u00a0 \u00a02019-05-31 Kristdemokraterna har gjort ett historiskt bra EU-val och fick 8,6 % (+2,7 %) av r\u00f6sterna och \u00f6kade fr\u00e5n ett till tv\u00e5 mandat i europaparlamentet. Det st\u00e5r nu klart att kristdemokraternas nuvarande kommunalr\u00e5d i Link\u00f6pings kommun, Sara Skyttedal, tar plats i europaparlamentet och <a class=\"read-more-link\" href=\"https:\/\/wp.kristdemokraterna.se\/linkoping\/vem-vill-du-se-som-kristdemokraternas-nya-kommunalrad-i-linkoping\/\">Read More<\/a><\/p>\n","protected":false},"author":410,"featured_media":1296,"comment_status":"closed","ping_status":"closed","sticky":false,"template":"","format":"standard","meta":{"_acf_changed":false,"footnotes":""},"categories":[22,1],"tags":[],"class_list":["post-1297","post","type-post","status-publish","format-standard","hentry","category-arkiv","category-okategoriserade"],"acf":[],"yoast_head":"<!-- This site is optimized with the Yoast SEO plugin v27.4 - https:\/\/yoast.com\/product\/yoast-seo-wordpress\/ -->\n<title>Vem vill du se som Kristdemokraternas nya kommunalr\u00e5d i Link\u00f6ping? - Kristdemokraterna i Link\u00f6ping<\/title>\n<meta name=\"robots\" content=\"index, follow, max-snippet:-1, max-image-preview:large, max-video-preview:-1\" \/>\n<link rel=\"canonical\" href=\"https:\/\/wp.kristdemokraterna.se\/linkoping\/vem-vill-du-se-som-kristdemokraternas-nya-kommunalrad-i-linkoping\/\" \/>\n<meta property=\"og:locale\" content=\"sv_SE\" \/>\n<meta property=\"og:type\" content=\"article\" \/>\n<meta property=\"og:title\" content=\"Vem vill du se som Kristdemokraternas nya kommunalr\u00e5d i Link\u00f6ping? - Kristdemokraterna i Link\u00f6ping\" \/>\n<meta property=\"og:description\" content=\"BREV TILL DIG SOM \u00c4R MEDLEM I KD LINK\u00d6PING\u00a0 \u00a0 \u00a0 \u00a0 \u00a02019-05-31 Kristdemokraterna har gjort ett historiskt bra EU-val och fick 8,6 % (+2,7 %) av r\u00f6sterna och \u00f6kade fr\u00e5n ett till tv\u00e5 mandat i europaparlamentet. Det st\u00e5r nu klart att kristdemokraternas nuvarande kommunalr\u00e5d i Link\u00f6pings kommun, Sara Skyttedal, tar plats i europaparlamentet och Read More\" \/>\n<meta property=\"og:url\" content=\"https:\/\/wp.kristdemokraterna.se\/linkoping\/vem-vill-du-se-som-kristdemokraternas-nya-kommunalrad-i-linkoping\/\" \/>\n<meta property=\"og:site_name\" content=\"Kristdemokraterna i Link\u00f6ping\" \/>\n<meta property=\"article:author\" content=\"https:\/\/www.facebook.com\/kdlinkoping\/\" \/>\n<meta property=\"article:published_time\" content=\"2019-05-31T20:30:42+00:00\" \/>\n<meta property=\"article:modified_time\" content=\"2021-08-13T09:47:49+00:00\" \/>\n<meta property=\"og:image\" content=\"https:\/\/wp.kristdemokraterna.se\/linkoping\/files\/2019\/06\/linkopings_stadshus.jpg\" \/>\n\t<meta property=\"og:image:width\" content=\"2272\" \/>\n\t<meta property=\"og:image:height\" content=\"1704\" \/>\n\t<meta property=\"og:image:type\" content=\"image\/jpeg\" \/>\n<meta name=\"author\" content=\"linkoping\" \/>\n<meta name=\"twitter:card\" content=\"summary_large_image\" \/>\n<meta name=\"twitter:label1\" content=\"Skriven av\" \/>\n\t<meta name=\"twitter:data1\" content=\"linkoping\" \/>\n\t<meta name=\"twitter:label2\" content=\"Ber\u00e4knad l\u00e4stid\" \/>\n\t<meta name=\"twitter:data2\" content=\"2 minuter\" \/>\n<script type=\"application\/ld+json\" class=\"yoast-schema-graph\">{\"@context\":\"https:\\\/\\\/schema.org\",\"@graph\":[{\"@type\":\"Article\",\"@id\":\"https:\\\/\\\/wp.kristdemokraterna.se\\\/linkoping\\\/vem-vill-du-se-som-kristdemokraternas-nya-kommunalrad-i-linkoping\\\/#article\",\"isPartOf\":{\"@id\":\"https:\\\/\\\/wp.kristdemokraterna.se\\\/linkoping\\\/vem-vill-du-se-som-kristdemokraternas-nya-kommunalrad-i-linkoping\\\/\"},\"author\":{\"name\":\"linkoping\",\"@id\":\"https:\\\/\\\/wp.kristdemokraterna.se\\\/linkoping\\\/#\\\/schema\\\/person\\\/b0148c3c8863db76d330faa282b9521a\"},\"headline\":\"Vem vill du se som Kristdemokraternas nya kommunalr\u00e5d i Link\u00f6ping?\",\"datePublished\":\"2019-05-31T20:30:42+00:00\",\"dateModified\":\"2021-08-13T09:47:49+00:00\",\"mainEntityOfPage\":{\"@id\":\"https:\\\/\\\/wp.kristdemokraterna.se\\\/linkoping\\\/vem-vill-du-se-som-kristdemokraternas-nya-kommunalrad-i-linkoping\\\/\"},\"wordCount\":480,\"image\":{\"@id\":\"https:\\\/\\\/wp.kristdemokraterna.se\\\/linkoping\\\/vem-vill-du-se-som-kristdemokraternas-nya-kommunalrad-i-linkoping\\\/#primaryimage\"},\"thumbnailUrl\":\"https:\\\/\\\/wp.kristdemokraterna.se\\\/linkoping\\\/files\\\/2019\\\/06\\\/linkopings_stadshus.jpg\",\"articleSection\":[\"arkiv\",\"okategoriserade\"],\"inLanguage\":\"sv-SE\"},{\"@type\":\"WebPage\",\"@id\":\"https:\\\/\\\/wp.kristdemokraterna.se\\\/linkoping\\\/vem-vill-du-se-som-kristdemokraternas-nya-kommunalrad-i-linkoping\\\/\",\"url\":\"https:\\\/\\\/wp.kristdemokraterna.se\\\/linkoping\\\/vem-vill-du-se-som-kristdemokraternas-nya-kommunalrad-i-linkoping\\\/\",\"name\":\"Vem vill du se som Kristdemokraternas nya kommunalr\u00e5d i Link\u00f6ping? - Kristdemokraterna i Link\u00f6ping\",\"isPartOf\":{\"@id\":\"https:\\\/\\\/wp.kristdemokraterna.se\\\/linkoping\\\/#website\"},\"primaryImageOfPage\":{\"@id\":\"https:\\\/\\\/wp.kristdemokraterna.se\\\/linkoping\\\/vem-vill-du-se-som-kristdemokraternas-nya-kommunalrad-i-linkoping\\\/#primaryimage\"},\"image\":{\"@id\":\"https:\\\/\\\/wp.kristdemokraterna.se\\\/linkoping\\\/vem-vill-du-se-som-kristdemokraternas-nya-kommunalrad-i-linkoping\\\/#primaryimage\"},\"thumbnailUrl\":\"https:\\\/\\\/wp.kristdemokraterna.se\\\/linkoping\\\/files\\\/2019\\\/06\\\/linkopings_stadshus.jpg\",\"datePublished\":\"2019-05-31T20:30:42+00:00\",\"dateModified\":\"2021-08-13T09:47:49+00:00\",\"author\":{\"@id\":\"https:\\\/\\\/wp.kristdemokraterna.se\\\/linkoping\\\/#\\\/schema\\\/person\\\/b0148c3c8863db76d330faa282b9521a\"},\"breadcrumb\":{\"@id\":\"https:\\\/\\\/wp.kristdemokraterna.se\\\/linkoping\\\/vem-vill-du-se-som-kristdemokraternas-nya-kommunalrad-i-linkoping\\\/#breadcrumb\"},\"inLanguage\":\"sv-SE\",\"potentialAction\":[{\"@type\":\"ReadAction\",\"target\":[\"https:\\\/\\\/wp.kristdemokraterna.se\\\/linkoping\\\/vem-vill-du-se-som-kristdemokraternas-nya-kommunalrad-i-linkoping\\\/\"]}]},{\"@type\":\"ImageObject\",\"inLanguage\":\"sv-SE\",\"@id\":\"https:\\\/\\\/wp.kristdemokraterna.se\\\/linkoping\\\/vem-vill-du-se-som-kristdemokraternas-nya-kommunalrad-i-linkoping\\\/#primaryimage\",\"url\":\"https:\\\/\\\/wp.kristdemokraterna.se\\\/linkoping\\\/files\\\/2019\\\/06\\\/linkopings_stadshus.jpg\",\"contentUrl\":\"https:\\\/\\\/wp.kristdemokraterna.se\\\/linkoping\\\/files\\\/2019\\\/06\\\/linkopings_stadshus.jpg\",\"width\":2272,\"height\":1704,\"caption\":\"Link\u00f6pings stadshus\"},{\"@type\":\"BreadcrumbList\",\"@id\":\"https:\\\/\\\/wp.kristdemokraterna.se\\\/linkoping\\\/vem-vill-du-se-som-kristdemokraternas-nya-kommunalrad-i-linkoping\\\/#breadcrumb\",\"itemListElement\":[{\"@type\":\"ListItem\",\"position\":1,\"name\":\"Hem\",\"item\":\"https:\\\/\\\/wp.kristdemokraterna.se\\\/linkoping\\\/\"},{\"@type\":\"ListItem\",\"position\":2,\"name\":\"Vem vill du se som Kristdemokraternas nya kommunalr\u00e5d i Link\u00f6ping?\"}]},{\"@type\":\"WebSite\",\"@id\":\"https:\\\/\\\/wp.kristdemokraterna.se\\\/linkoping\\\/#website\",\"url\":\"https:\\\/\\\/wp.kristdemokraterna.se\\\/linkoping\\\/\",\"name\":\"Kristdemokraterna i Link\u00f6ping\",\"description\":\"\",\"inLanguage\":\"sv-SE\"},{\"@type\":\"Person\",\"@id\":\"https:\\\/\\\/wp.kristdemokraterna.se\\\/linkoping\\\/#\\\/schema\\\/person\\\/b0148c3c8863db76d330faa282b9521a\",\"name\":\"linkoping\",\"image\":{\"@type\":\"ImageObject\",\"inLanguage\":\"sv-SE\",\"@id\":\"https:\\\/\\\/secure.gravatar.com\\\/avatar\\\/016e7965fec0e08fdd07b021a7d25181278d4b29b1d5bab57b16017e35421895?s=96&r=g\",\"url\":\"https:\\\/\\\/secure.gravatar.com\\\/avatar\\\/016e7965fec0e08fdd07b021a7d25181278d4b29b1d5bab57b16017e35421895?s=96&r=g\",\"contentUrl\":\"https:\\\/\\\/secure.gravatar.com\\\/avatar\\\/016e7965fec0e08fdd07b021a7d25181278d4b29b1d5bab57b16017e35421895?s=96&r=g\",\"caption\":\"linkoping\"},\"sameAs\":[\"https:\\\/\\\/www.facebook.com\\\/kdlinkoping\\\/\"],\"url\":\"https:\\\/\\\/wp.kristdemokraterna.se\\\/linkoping\\\/author\\\/linkoping\\\/\"}]}<\/script>\n<!-- \/ Yoast SEO plugin. -->","yoast_head_json":{"title":"Vem vill du se som Kristdemokraternas nya kommunalr\u00e5d i Link\u00f6ping? - Kristdemokraterna i Link\u00f6ping","robots":{"index":"index","follow":"follow","max-snippet":"max-snippet:-1","max-image-preview":"max-image-preview:large","max-video-preview":"max-video-preview:-1"},"canonical":"https:\/\/wp.kristdemokraterna.se\/linkoping\/vem-vill-du-se-som-kristdemokraternas-nya-kommunalrad-i-linkoping\/","og_locale":"sv_SE","og_type":"article","og_title":"Vem vill du se som Kristdemokraternas nya kommunalr\u00e5d i Link\u00f6ping? - Kristdemokraterna i Link\u00f6ping","og_description":"BREV TILL DIG SOM \u00c4R MEDLEM I KD LINK\u00d6PING\u00a0 \u00a0 \u00a0 \u00a0 \u00a02019-05-31 Kristdemokraterna har gjort ett historiskt bra EU-val och fick 8,6 % (+2,7 %) av r\u00f6sterna och \u00f6kade fr\u00e5n ett till tv\u00e5 mandat i europaparlamentet. Det st\u00e5r nu klart att kristdemokraternas nuvarande kommunalr\u00e5d i Link\u00f6pings kommun, Sara Skyttedal, tar plats i europaparlamentet och Read More","og_url":"https:\/\/wp.kristdemokraterna.se\/linkoping\/vem-vill-du-se-som-kristdemokraternas-nya-kommunalrad-i-linkoping\/","og_site_name":"Kristdemokraterna i Link\u00f6ping","article_author":"https:\/\/www.facebook.com\/kdlinkoping\/","article_published_time":"2019-05-31T20:30:42+00:00","article_modified_time":"2021-08-13T09:47:49+00:00","og_image":[{"width":2272,"height":1704,"url":"https:\/\/wp.kristdemokraterna.se\/linkoping\/files\/2019\/06\/linkopings_stadshus.jpg","type":"image\/jpeg"}],"author":"linkoping","twitter_card":"summary_large_image","twitter_misc":{"Skriven av":"linkoping","Ber\u00e4knad l\u00e4stid":"2 minuter"},"schema":{"@context":"https:\/\/schema.org","@graph":[{"@type":"Article","@id":"https:\/\/wp.kristdemokraterna.se\/linkoping\/vem-vill-du-se-som-kristdemokraternas-nya-kommunalrad-i-linkoping\/#article","isPartOf":{"@id":"https:\/\/wp.kristdemokraterna.se\/linkoping\/vem-vill-du-se-som-kristdemokraternas-nya-kommunalrad-i-linkoping\/"},"author":{"name":"linkoping","@id":"https:\/\/wp.kristdemokraterna.se\/linkoping\/#\/schema\/person\/b0148c3c8863db76d330faa282b9521a"},"headline":"Vem vill du se som Kristdemokraternas nya kommunalr\u00e5d i Link\u00f6ping?","datePublished":"2019-05-31T20:30:42+00:00","dateModified":"2021-08-13T09:47:49+00:00","mainEntityOfPage":{"@id":"https:\/\/wp.kristdemokraterna.se\/linkoping\/vem-vill-du-se-som-kristdemokraternas-nya-kommunalrad-i-linkoping\/"},"wordCount":480,"image":{"@id":"https:\/\/wp.kristdemokraterna.se\/linkoping\/vem-vill-du-se-som-kristdemokraternas-nya-kommunalrad-i-linkoping\/#primaryimage"},"thumbnailUrl":"https:\/\/wp.kristdemokraterna.se\/linkoping\/files\/2019\/06\/linkopings_stadshus.jpg","articleSection":["arkiv","okategoriserade"],"inLanguage":"sv-SE"},{"@type":"WebPage","@id":"https:\/\/wp.kristdemokraterna.se\/linkoping\/vem-vill-du-se-som-kristdemokraternas-nya-kommunalrad-i-linkoping\/","url":"https:\/\/wp.kristdemokraterna.se\/linkoping\/vem-vill-du-se-som-kristdemokraternas-nya-kommunalrad-i-linkoping\/","name":"Vem vill du se som Kristdemokraternas nya kommunalr\u00e5d i Link\u00f6ping? - Kristdemokraterna i Link\u00f6ping","isPartOf":{"@id":"https:\/\/wp.kristdemokraterna.se\/linkoping\/#website"},"primaryImageOfPage":{"@id":"https:\/\/wp.kristdemokraterna.se\/linkoping\/vem-vill-du-se-som-kristdemokraternas-nya-kommunalrad-i-linkoping\/#primaryimage"},"image":{"@id":"https:\/\/wp.kristdemokraterna.se\/linkoping\/vem-vill-du-se-som-kristdemokraternas-nya-kommunalrad-i-linkoping\/#primaryimage"},"thumbnailUrl":"https:\/\/wp.kristdemokraterna.se\/linkoping\/files\/2019\/06\/linkopings_stadshus.jpg","datePublished":"2019-05-31T20:30:42+00:00","dateModified":"2021-08-13T09:47:49+00:00","author":{"@id":"https:\/\/wp.kristdemokraterna.se\/linkoping\/#\/schema\/person\/b0148c3c8863db76d330faa282b9521a"},"breadcrumb":{"@id":"https:\/\/wp.kristdemokraterna.se\/linkoping\/vem-vill-du-se-som-kristdemokraternas-nya-kommunalrad-i-linkoping\/#breadcrumb"},"inLanguage":"sv-SE","potentialAction":[{"@type":"ReadAction","target":["https:\/\/wp.kristdemokraterna.se\/linkoping\/vem-vill-du-se-som-kristdemokraternas-nya-kommunalrad-i-linkoping\/"]}]},{"@type":"ImageObject","inLanguage":"sv-SE","@id":"https:\/\/wp.kristdemokraterna.se\/linkoping\/vem-vill-du-se-som-kristdemokraternas-nya-kommunalrad-i-linkoping\/#primaryimage","url":"https:\/\/wp.kristdemokraterna.se\/linkoping\/files\/2019\/06\/linkopings_stadshus.jpg","contentUrl":"https:\/\/wp.kristdemokraterna.se\/linkoping\/files\/2019\/06\/linkopings_stadshus.jpg","width":2272,"height":1704,"caption":"Link\u00f6pings stadshus"},{"@type":"BreadcrumbList","@id":"https:\/\/wp.kristdemokraterna.se\/linkoping\/vem-vill-du-se-som-kristdemokraternas-nya-kommunalrad-i-linkoping\/#breadcrumb","itemListElement":[{"@type":"ListItem","position":1,"name":"Hem","item":"https:\/\/wp.kristdemokraterna.se\/linkoping\/"},{"@type":"ListItem","position":2,"name":"Vem vill du se som Kristdemokraternas nya kommunalr\u00e5d i Link\u00f6ping?"}]},{"@type":"WebSite","@id":"https:\/\/wp.kristdemokraterna.se\/linkoping\/#website","url":"https:\/\/wp.kristdemokraterna.se\/linkoping\/","name":"Kristdemokraterna i Link\u00f6ping","description":"","inLanguage":"sv-SE"},{"@type":"Person","@id":"https:\/\/wp.kristdemokraterna.se\/linkoping\/#\/schema\/person\/b0148c3c8863db76d330faa282b9521a","name":"linkoping","image":{"@type":"ImageObject","inLanguage":"sv-SE","@id":"https:\/\/secure.gravatar.com\/avatar\/016e7965fec0e08fdd07b021a7d25181278d4b29b1d5bab57b16017e35421895?s=96&r=g","url":"https:\/\/secure.gravatar.com\/avatar\/016e7965fec0e08fdd07b021a7d25181278d4b29b1d5bab57b16017e35421895?s=96&r=g","contentUrl":"https:\/\/secure.gravatar.com\/avatar\/016e7965fec0e08fdd07b021a7d25181278d4b29b1d5bab57b16017e35421895?s=96&r=g","caption":"linkoping"},"sameAs":["https:\/\/www.facebook.com\/kdlinkoping\/"],"url":"https:\/\/wp.kristdemokraterna.se\/linkoping\/author\/linkoping\/"}]}},"_links":{"self":[{"href":"https:\/\/wp.kristdemokraterna.se\/linkoping\/wp-json\/wp\/v2\/posts\/1297","targetHints":{"allow":["GET"]}}],"collection":[{"href":"https:\/\/wp.kristdemokraterna.se\/linkoping\/wp-json\/wp\/v2\/posts"}],"about":[{"href":"https:\/\/wp.kristdemokraterna.se\/linkoping\/wp-json\/wp\/v2\/types\/post"}],"author":[{"embeddable":true,"href":"https:\/\/wp.kristdemokraterna.se\/linkoping\/wp-json\/wp\/v2\/users\/410"}],"replies":[{"embeddable":true,"href":"https:\/\/wp.kristdemokraterna.se\/linkoping\/wp-json\/wp\/v2\/comments?post=1297"}],"version-history":[{"count":5,"href":"https:\/\/wp.kristdemokraterna.se\/linkoping\/wp-json\/wp\/v2\/posts\/1297\/revisions"}],"predecessor-version":[{"id":1302,"href":"https:\/\/wp.kristdemokraterna.se\/linkoping\/wp-json\/wp\/v2\/posts\/1297\/revisions\/1302"}],"wp:featuredmedia":[{"embeddable":true,"href":"https:\/\/wp.kristdemokraterna.se\/linkoping\/wp-json\/wp\/v2\/media\/1296"}],"wp:attachment":[{"href":"https:\/\/wp.kristdemokraterna.se\/linkoping\/wp-json\/wp\/v2\/media?parent=1297"}],"wp:term":[{"taxonomy":"category","embeddable":true,"href":"https:\/\/wp.kristdemokraterna.se\/linkoping\/wp-json\/wp\/v2\/categories?post=1297"},{"taxonomy":"post_tag","embeddable":true,"href":"https:\/\/wp.kristdemokraterna.se\/linkoping\/wp-json\/wp\/v2\/tags?post=1297"}],"curies":[{"name":"wp","href":"https:\/\/api.w.org\/{rel}","templated":true}]}}