{"id":1306,"date":"2019-08-13T11:20:06","date_gmt":"2019-08-13T09:20:06","guid":{"rendered":"http:\/\/wp.kristdemokraterna.se\/linkoping\/?p=1306"},"modified":"2021-08-13T11:47:49","modified_gmt":"2021-08-13T09:47:49","slug":"christina-landoff-foreslas-bli-nytt-kommunalrad","status":"publish","type":"post","link":"https:\/\/wp.kristdemokraterna.se\/linkoping\/christina-landoff-foreslas-bli-nytt-kommunalrad\/","title":{"rendered":"Christina Landoff f\u00f6resl\u00e5s bli nytt kommunalr\u00e5d"},"content":{"rendered":"<p>Christina Landoff, idag f\u00f6rste vice ordf\u00f6rande i Tekniska n\u00e4mnden (KD) och f\u00f6retagare i Mj\u00f6lby kommun, f\u00f6resl\u00e5s bli nytt kommunalr\u00e5d f\u00f6r Kristdemokraterna i Link\u00f6ping, efter Sara Skyttedal, som l\u00e4mnar efter att ha tagit plats i europaparlamentet.<\/p>\n<blockquote><p><em>&#8211; Vi \u00e4r mycket glada att kunna f\u00f6resl\u00e5 en person som har l\u00e5ng erfarenhet av ledarskap inom b\u00e5de offentlig och privat sektor. Hon \u00e4r en ambiti\u00f6s och energisk person som kommer bidra med en tempo\u00f6kning i v\u00e5rt lokala politiska arbete i Link\u00f6ping, och samtidigt leda en politikutveckling med sikte p\u00e5 valet 2022, kommenterar Fredrik Topplund, ordf\u00f6rande i nomineringsgruppen f\u00f6r Kristdemokraterna i Link\u00f6ping.<\/em><\/p><\/blockquote>\n<p>En enig nomineringsgrupp presenterar f\u00f6rslaget till nytt kommunalr\u00e5d, vilket styrelsen f\u00f6r partiavdelningen i Link\u00f6ping ska ta st\u00e4llning till vid sitt sammantr\u00e4de den 19 augusti och tilltr\u00e4de \u00e4r planerat att ske 2 september, efter formellt val i kommunfullm\u00e4ktige 27 augusti.<\/p>\n<blockquote><p><em>&#8211; Jag \u00e4r oerh\u00f6rt stolt och hedrad \u00f6ver att bli nominerad till detta uppdrag, <\/em><br \/>\n<em>s\u00e4ger Christina Landoff.<\/em><\/p>\n<p><em>&#8211; Med tio \u00e5r som kommunal tj\u00e4nsteman och tio \u00e5r som f\u00f6retagare \u00e4r det dags f\u00f6r ett nytt steg. Att satsa helhj\u00e4rtat p\u00e5 politiken \u00e4r en dr\u00f6m f\u00f6r mig och d\u00e5 familjen \u00e4r p\u00e5 v\u00e4g till Link\u00f6ping, sammanf\u00f6ll nomineringsgruppens arbete med mina planer v\u00e4ldigt v\u00e4l. Jag hoppas att f\u00e5 bidra med positivt utvecklingst\u00e4nk och samtidigt f\u00f6rvalta Saras idoga arbete kring god ekonomisk hantering av skattemedel. Tillsammans med min partigrupp, ska vi ocks\u00e5 st\u00e4rka den Kristdemokratiska politiken i kommunen!, avslutar Landoff.<\/em><\/p><\/blockquote>\n<p><strong>F\u00f6r ytterligare kommentarer<\/strong><\/p>\n<p>Fredrik Topplund, 0703-38 52 70<br \/>\nordf\u00f6rande i nomineringsgruppen<br \/>\n<a href=\"mailto:fredrik.topplund@kristdemokraterna.se\">fredrik.topplund@kristdemokraterna.se<\/a><\/p>\n<p>Christina Landoff, 0700-20 20 22<br \/>\n<a href=\"mailto:christina.landoff@kristdemokraterna.se\">christina.landoff@kristdemokraterna.se<\/a><\/p>\n<p>Denise Cassel, 0762-13 00 62<br \/>\npolitisk sekreterare Link\u00f6pings kommun<br \/>\n<a href=\"mailto:denise.cassel@kristdemokraterna.se\">denise.cassel@kristdemokraterna.se<\/a><\/p>\n","protected":false},"excerpt":{"rendered":"<p>Christina Landoff, idag f\u00f6rste vice ordf\u00f6rande i Tekniska n\u00e4mnden (KD) och f\u00f6retagare i Mj\u00f6lby kommun, f\u00f6resl\u00e5s bli nytt kommunalr\u00e5d f\u00f6r Kristdemokraterna i Link\u00f6ping, efter Sara Skyttedal, som l\u00e4mnar efter att ha tagit plats i europaparlamentet. &#8211; Vi \u00e4r mycket glada att kunna f\u00f6resl\u00e5 en person som har l\u00e5ng erfarenhet av ledarskap inom b\u00e5de offentlig och <a class=\"read-more-link\" href=\"https:\/\/wp.kristdemokraterna.se\/linkoping\/christina-landoff-foreslas-bli-nytt-kommunalrad\/\">Read More<\/a><\/p>\n","protected":false},"author":410,"featured_media":1308,"comment_status":"closed","ping_status":"closed","sticky":false,"template":"","format":"standard","meta":{"_acf_changed":false,"footnotes":""},"categories":[22,1],"tags":[],"class_list":["post-1306","post","type-post","status-publish","format-standard","hentry","category-arkiv","category-okategoriserade"],"acf":[],"yoast_head":"<!-- This site is optimized with the Yoast SEO plugin v27.4 - https:\/\/yoast.com\/product\/yoast-seo-wordpress\/ -->\n<title>Christina Landoff f\u00f6resl\u00e5s bli nytt kommunalr\u00e5d - Kristdemokraterna i Link\u00f6ping<\/title>\n<meta name=\"robots\" content=\"index, follow, max-snippet:-1, max-image-preview:large, max-video-preview:-1\" \/>\n<link rel=\"canonical\" href=\"https:\/\/wp.kristdemokraterna.se\/linkoping\/christina-landoff-foreslas-bli-nytt-kommunalrad\/\" \/>\n<meta property=\"og:locale\" content=\"sv_SE\" \/>\n<meta property=\"og:type\" content=\"article\" \/>\n<meta property=\"og:title\" content=\"Christina Landoff f\u00f6resl\u00e5s bli nytt kommunalr\u00e5d - Kristdemokraterna i Link\u00f6ping\" \/>\n<meta property=\"og:description\" content=\"Christina Landoff, idag f\u00f6rste vice ordf\u00f6rande i Tekniska n\u00e4mnden (KD) och f\u00f6retagare i Mj\u00f6lby kommun, f\u00f6resl\u00e5s bli nytt kommunalr\u00e5d f\u00f6r Kristdemokraterna i Link\u00f6ping, efter Sara Skyttedal, som l\u00e4mnar efter att ha tagit plats i europaparlamentet. &#8211; Vi \u00e4r mycket glada att kunna f\u00f6resl\u00e5 en person som har l\u00e5ng erfarenhet av ledarskap inom b\u00e5de offentlig och Read More\" \/>\n<meta property=\"og:url\" content=\"https:\/\/wp.kristdemokraterna.se\/linkoping\/christina-landoff-foreslas-bli-nytt-kommunalrad\/\" \/>\n<meta property=\"og:site_name\" content=\"Kristdemokraterna i Link\u00f6ping\" \/>\n<meta property=\"article:author\" content=\"https:\/\/www.facebook.com\/kdlinkoping\/\" \/>\n<meta property=\"article:published_time\" content=\"2019-08-13T09:20:06+00:00\" \/>\n<meta property=\"article:modified_time\" content=\"2021-08-13T09:47:49+00:00\" \/>\n<meta property=\"og:image\" content=\"https:\/\/wp.kristdemokraterna.se\/linkoping\/files\/2019\/08\/christina1.jpg\" \/>\n\t<meta property=\"og:image:width\" content=\"1000\" \/>\n\t<meta property=\"og:image:height\" content=\"750\" \/>\n\t<meta property=\"og:image:type\" content=\"image\/jpeg\" \/>\n<meta name=\"author\" content=\"linkoping\" \/>\n<meta name=\"twitter:card\" content=\"summary_large_image\" \/>\n<meta name=\"twitter:label1\" content=\"Skriven av\" \/>\n\t<meta name=\"twitter:data1\" content=\"linkoping\" \/>\n\t<meta name=\"twitter:label2\" content=\"Ber\u00e4knad l\u00e4stid\" \/>\n\t<meta name=\"twitter:data2\" content=\"2 minuter\" \/>\n<script type=\"application\/ld+json\" class=\"yoast-schema-graph\">{\"@context\":\"https:\\\/\\\/schema.org\",\"@graph\":[{\"@type\":\"Article\",\"@id\":\"https:\\\/\\\/wp.kristdemokraterna.se\\\/linkoping\\\/christina-landoff-foreslas-bli-nytt-kommunalrad\\\/#article\",\"isPartOf\":{\"@id\":\"https:\\\/\\\/wp.kristdemokraterna.se\\\/linkoping\\\/christina-landoff-foreslas-bli-nytt-kommunalrad\\\/\"},\"author\":{\"name\":\"linkoping\",\"@id\":\"https:\\\/\\\/wp.kristdemokraterna.se\\\/linkoping\\\/#\\\/schema\\\/person\\\/b0148c3c8863db76d330faa282b9521a\"},\"headline\":\"Christina Landoff f\u00f6resl\u00e5s bli nytt kommunalr\u00e5d\",\"datePublished\":\"2019-08-13T09:20:06+00:00\",\"dateModified\":\"2021-08-13T09:47:49+00:00\",\"mainEntityOfPage\":{\"@id\":\"https:\\\/\\\/wp.kristdemokraterna.se\\\/linkoping\\\/christina-landoff-foreslas-bli-nytt-kommunalrad\\\/\"},\"wordCount\":317,\"image\":{\"@id\":\"https:\\\/\\\/wp.kristdemokraterna.se\\\/linkoping\\\/christina-landoff-foreslas-bli-nytt-kommunalrad\\\/#primaryimage\"},\"thumbnailUrl\":\"https:\\\/\\\/wp.kristdemokraterna.se\\\/linkoping\\\/files\\\/2019\\\/08\\\/christina1.jpg\",\"articleSection\":[\"arkiv\",\"okategoriserade\"],\"inLanguage\":\"sv-SE\"},{\"@type\":\"WebPage\",\"@id\":\"https:\\\/\\\/wp.kristdemokraterna.se\\\/linkoping\\\/christina-landoff-foreslas-bli-nytt-kommunalrad\\\/\",\"url\":\"https:\\\/\\\/wp.kristdemokraterna.se\\\/linkoping\\\/christina-landoff-foreslas-bli-nytt-kommunalrad\\\/\",\"name\":\"Christina Landoff f\u00f6resl\u00e5s bli nytt kommunalr\u00e5d - Kristdemokraterna i Link\u00f6ping\",\"isPartOf\":{\"@id\":\"https:\\\/\\\/wp.kristdemokraterna.se\\\/linkoping\\\/#website\"},\"primaryImageOfPage\":{\"@id\":\"https:\\\/\\\/wp.kristdemokraterna.se\\\/linkoping\\\/christina-landoff-foreslas-bli-nytt-kommunalrad\\\/#primaryimage\"},\"image\":{\"@id\":\"https:\\\/\\\/wp.kristdemokraterna.se\\\/linkoping\\\/christina-landoff-foreslas-bli-nytt-kommunalrad\\\/#primaryimage\"},\"thumbnailUrl\":\"https:\\\/\\\/wp.kristdemokraterna.se\\\/linkoping\\\/files\\\/2019\\\/08\\\/christina1.jpg\",\"datePublished\":\"2019-08-13T09:20:06+00:00\",\"dateModified\":\"2021-08-13T09:47:49+00:00\",\"author\":{\"@id\":\"https:\\\/\\\/wp.kristdemokraterna.se\\\/linkoping\\\/#\\\/schema\\\/person\\\/b0148c3c8863db76d330faa282b9521a\"},\"breadcrumb\":{\"@id\":\"https:\\\/\\\/wp.kristdemokraterna.se\\\/linkoping\\\/christina-landoff-foreslas-bli-nytt-kommunalrad\\\/#breadcrumb\"},\"inLanguage\":\"sv-SE\",\"potentialAction\":[{\"@type\":\"ReadAction\",\"target\":[\"https:\\\/\\\/wp.kristdemokraterna.se\\\/linkoping\\\/christina-landoff-foreslas-bli-nytt-kommunalrad\\\/\"]}]},{\"@type\":\"ImageObject\",\"inLanguage\":\"sv-SE\",\"@id\":\"https:\\\/\\\/wp.kristdemokraterna.se\\\/linkoping\\\/christina-landoff-foreslas-bli-nytt-kommunalrad\\\/#primaryimage\",\"url\":\"https:\\\/\\\/wp.kristdemokraterna.se\\\/linkoping\\\/files\\\/2019\\\/08\\\/christina1.jpg\",\"contentUrl\":\"https:\\\/\\\/wp.kristdemokraterna.se\\\/linkoping\\\/files\\\/2019\\\/08\\\/christina1.jpg\",\"width\":1000,\"height\":750},{\"@type\":\"BreadcrumbList\",\"@id\":\"https:\\\/\\\/wp.kristdemokraterna.se\\\/linkoping\\\/christina-landoff-foreslas-bli-nytt-kommunalrad\\\/#breadcrumb\",\"itemListElement\":[{\"@type\":\"ListItem\",\"position\":1,\"name\":\"Hem\",\"item\":\"https:\\\/\\\/wp.kristdemokraterna.se\\\/linkoping\\\/\"},{\"@type\":\"ListItem\",\"position\":2,\"name\":\"Christina Landoff f\u00f6resl\u00e5s bli nytt kommunalr\u00e5d\"}]},{\"@type\":\"WebSite\",\"@id\":\"https:\\\/\\\/wp.kristdemokraterna.se\\\/linkoping\\\/#website\",\"url\":\"https:\\\/\\\/wp.kristdemokraterna.se\\\/linkoping\\\/\",\"name\":\"Kristdemokraterna i Link\u00f6ping\",\"description\":\"\",\"inLanguage\":\"sv-SE\"},{\"@type\":\"Person\",\"@id\":\"https:\\\/\\\/wp.kristdemokraterna.se\\\/linkoping\\\/#\\\/schema\\\/person\\\/b0148c3c8863db76d330faa282b9521a\",\"name\":\"linkoping\",\"image\":{\"@type\":\"ImageObject\",\"inLanguage\":\"sv-SE\",\"@id\":\"https:\\\/\\\/secure.gravatar.com\\\/avatar\\\/016e7965fec0e08fdd07b021a7d25181278d4b29b1d5bab57b16017e35421895?s=96&r=g\",\"url\":\"https:\\\/\\\/secure.gravatar.com\\\/avatar\\\/016e7965fec0e08fdd07b021a7d25181278d4b29b1d5bab57b16017e35421895?s=96&r=g\",\"contentUrl\":\"https:\\\/\\\/secure.gravatar.com\\\/avatar\\\/016e7965fec0e08fdd07b021a7d25181278d4b29b1d5bab57b16017e35421895?s=96&r=g\",\"caption\":\"linkoping\"},\"sameAs\":[\"https:\\\/\\\/www.facebook.com\\\/kdlinkoping\\\/\"],\"url\":\"https:\\\/\\\/wp.kristdemokraterna.se\\\/linkoping\\\/author\\\/linkoping\\\/\"}]}<\/script>\n<!-- \/ Yoast SEO plugin. -->","yoast_head_json":{"title":"Christina Landoff f\u00f6resl\u00e5s bli nytt kommunalr\u00e5d - Kristdemokraterna i Link\u00f6ping","robots":{"index":"index","follow":"follow","max-snippet":"max-snippet:-1","max-image-preview":"max-image-preview:large","max-video-preview":"max-video-preview:-1"},"canonical":"https:\/\/wp.kristdemokraterna.se\/linkoping\/christina-landoff-foreslas-bli-nytt-kommunalrad\/","og_locale":"sv_SE","og_type":"article","og_title":"Christina Landoff f\u00f6resl\u00e5s bli nytt kommunalr\u00e5d - Kristdemokraterna i Link\u00f6ping","og_description":"Christina Landoff, idag f\u00f6rste vice ordf\u00f6rande i Tekniska n\u00e4mnden (KD) och f\u00f6retagare i Mj\u00f6lby kommun, f\u00f6resl\u00e5s bli nytt kommunalr\u00e5d f\u00f6r Kristdemokraterna i Link\u00f6ping, efter Sara Skyttedal, som l\u00e4mnar efter att ha tagit plats i europaparlamentet. &#8211; Vi \u00e4r mycket glada att kunna f\u00f6resl\u00e5 en person som har l\u00e5ng erfarenhet av ledarskap inom b\u00e5de offentlig och Read More","og_url":"https:\/\/wp.kristdemokraterna.se\/linkoping\/christina-landoff-foreslas-bli-nytt-kommunalrad\/","og_site_name":"Kristdemokraterna i Link\u00f6ping","article_author":"https:\/\/www.facebook.com\/kdlinkoping\/","article_published_time":"2019-08-13T09:20:06+00:00","article_modified_time":"2021-08-13T09:47:49+00:00","og_image":[{"width":1000,"height":750,"url":"https:\/\/wp.kristdemokraterna.se\/linkoping\/files\/2019\/08\/christina1.jpg","type":"image\/jpeg"}],"author":"linkoping","twitter_card":"summary_large_image","twitter_misc":{"Skriven av":"linkoping","Ber\u00e4knad l\u00e4stid":"2 minuter"},"schema":{"@context":"https:\/\/schema.org","@graph":[{"@type":"Article","@id":"https:\/\/wp.kristdemokraterna.se\/linkoping\/christina-landoff-foreslas-bli-nytt-kommunalrad\/#article","isPartOf":{"@id":"https:\/\/wp.kristdemokraterna.se\/linkoping\/christina-landoff-foreslas-bli-nytt-kommunalrad\/"},"author":{"name":"linkoping","@id":"https:\/\/wp.kristdemokraterna.se\/linkoping\/#\/schema\/person\/b0148c3c8863db76d330faa282b9521a"},"headline":"Christina Landoff f\u00f6resl\u00e5s bli nytt kommunalr\u00e5d","datePublished":"2019-08-13T09:20:06+00:00","dateModified":"2021-08-13T09:47:49+00:00","mainEntityOfPage":{"@id":"https:\/\/wp.kristdemokraterna.se\/linkoping\/christina-landoff-foreslas-bli-nytt-kommunalrad\/"},"wordCount":317,"image":{"@id":"https:\/\/wp.kristdemokraterna.se\/linkoping\/christina-landoff-foreslas-bli-nytt-kommunalrad\/#primaryimage"},"thumbnailUrl":"https:\/\/wp.kristdemokraterna.se\/linkoping\/files\/2019\/08\/christina1.jpg","articleSection":["arkiv","okategoriserade"],"inLanguage":"sv-SE"},{"@type":"WebPage","@id":"https:\/\/wp.kristdemokraterna.se\/linkoping\/christina-landoff-foreslas-bli-nytt-kommunalrad\/","url":"https:\/\/wp.kristdemokraterna.se\/linkoping\/christina-landoff-foreslas-bli-nytt-kommunalrad\/","name":"Christina Landoff f\u00f6resl\u00e5s bli nytt kommunalr\u00e5d - Kristdemokraterna i Link\u00f6ping","isPartOf":{"@id":"https:\/\/wp.kristdemokraterna.se\/linkoping\/#website"},"primaryImageOfPage":{"@id":"https:\/\/wp.kristdemokraterna.se\/linkoping\/christina-landoff-foreslas-bli-nytt-kommunalrad\/#primaryimage"},"image":{"@id":"https:\/\/wp.kristdemokraterna.se\/linkoping\/christina-landoff-foreslas-bli-nytt-kommunalrad\/#primaryimage"},"thumbnailUrl":"https:\/\/wp.kristdemokraterna.se\/linkoping\/files\/2019\/08\/christina1.jpg","datePublished":"2019-08-13T09:20:06+00:00","dateModified":"2021-08-13T09:47:49+00:00","author":{"@id":"https:\/\/wp.kristdemokraterna.se\/linkoping\/#\/schema\/person\/b0148c3c8863db76d330faa282b9521a"},"breadcrumb":{"@id":"https:\/\/wp.kristdemokraterna.se\/linkoping\/christina-landoff-foreslas-bli-nytt-kommunalrad\/#breadcrumb"},"inLanguage":"sv-SE","potentialAction":[{"@type":"ReadAction","target":["https:\/\/wp.kristdemokraterna.se\/linkoping\/christina-landoff-foreslas-bli-nytt-kommunalrad\/"]}]},{"@type":"ImageObject","inLanguage":"sv-SE","@id":"https:\/\/wp.kristdemokraterna.se\/linkoping\/christina-landoff-foreslas-bli-nytt-kommunalrad\/#primaryimage","url":"https:\/\/wp.kristdemokraterna.se\/linkoping\/files\/2019\/08\/christina1.jpg","contentUrl":"https:\/\/wp.kristdemokraterna.se\/linkoping\/files\/2019\/08\/christina1.jpg","width":1000,"height":750},{"@type":"BreadcrumbList","@id":"https:\/\/wp.kristdemokraterna.se\/linkoping\/christina-landoff-foreslas-bli-nytt-kommunalrad\/#breadcrumb","itemListElement":[{"@type":"ListItem","position":1,"name":"Hem","item":"https:\/\/wp.kristdemokraterna.se\/linkoping\/"},{"@type":"ListItem","position":2,"name":"Christina Landoff f\u00f6resl\u00e5s bli nytt kommunalr\u00e5d"}]},{"@type":"WebSite","@id":"https:\/\/wp.kristdemokraterna.se\/linkoping\/#website","url":"https:\/\/wp.kristdemokraterna.se\/linkoping\/","name":"Kristdemokraterna i Link\u00f6ping","description":"","inLanguage":"sv-SE"},{"@type":"Person","@id":"https:\/\/wp.kristdemokraterna.se\/linkoping\/#\/schema\/person\/b0148c3c8863db76d330faa282b9521a","name":"linkoping","image":{"@type":"ImageObject","inLanguage":"sv-SE","@id":"https:\/\/secure.gravatar.com\/avatar\/016e7965fec0e08fdd07b021a7d25181278d4b29b1d5bab57b16017e35421895?s=96&r=g","url":"https:\/\/secure.gravatar.com\/avatar\/016e7965fec0e08fdd07b021a7d25181278d4b29b1d5bab57b16017e35421895?s=96&r=g","contentUrl":"https:\/\/secure.gravatar.com\/avatar\/016e7965fec0e08fdd07b021a7d25181278d4b29b1d5bab57b16017e35421895?s=96&r=g","caption":"linkoping"},"sameAs":["https:\/\/www.facebook.com\/kdlinkoping\/"],"url":"https:\/\/wp.kristdemokraterna.se\/linkoping\/author\/linkoping\/"}]}},"_links":{"self":[{"href":"https:\/\/wp.kristdemokraterna.se\/linkoping\/wp-json\/wp\/v2\/posts\/1306","targetHints":{"allow":["GET"]}}],"collection":[{"href":"https:\/\/wp.kristdemokraterna.se\/linkoping\/wp-json\/wp\/v2\/posts"}],"about":[{"href":"https:\/\/wp.kristdemokraterna.se\/linkoping\/wp-json\/wp\/v2\/types\/post"}],"author":[{"embeddable":true,"href":"https:\/\/wp.kristdemokraterna.se\/linkoping\/wp-json\/wp\/v2\/users\/410"}],"replies":[{"embeddable":true,"href":"https:\/\/wp.kristdemokraterna.se\/linkoping\/wp-json\/wp\/v2\/comments?post=1306"}],"version-history":[{"count":1,"href":"https:\/\/wp.kristdemokraterna.se\/linkoping\/wp-json\/wp\/v2\/posts\/1306\/revisions"}],"predecessor-version":[{"id":1307,"href":"https:\/\/wp.kristdemokraterna.se\/linkoping\/wp-json\/wp\/v2\/posts\/1306\/revisions\/1307"}],"wp:featuredmedia":[{"embeddable":true,"href":"https:\/\/wp.kristdemokraterna.se\/linkoping\/wp-json\/wp\/v2\/media\/1308"}],"wp:attachment":[{"href":"https:\/\/wp.kristdemokraterna.se\/linkoping\/wp-json\/wp\/v2\/media?parent=1306"}],"wp:term":[{"taxonomy":"category","embeddable":true,"href":"https:\/\/wp.kristdemokraterna.se\/linkoping\/wp-json\/wp\/v2\/categories?post=1306"},{"taxonomy":"post_tag","embeddable":true,"href":"https:\/\/wp.kristdemokraterna.se\/linkoping\/wp-json\/wp\/v2\/tags?post=1306"}],"curies":[{"name":"wp","href":"https:\/\/api.w.org\/{rel}","templated":true}]}}