{"id":1316,"date":"2019-08-20T19:54:25","date_gmt":"2019-08-20T17:54:25","guid":{"rendered":"http:\/\/wp.kristdemokraterna.se\/linkoping\/?p=1316"},"modified":"2021-08-13T11:47:49","modified_gmt":"2021-08-13T09:47:49","slug":"denise-cassel-blir-nytt-kommunalrad-for-kristdemokraterna-i-linkoping","status":"publish","type":"post","link":"https:\/\/wp.kristdemokraterna.se\/linkoping\/denise-cassel-blir-nytt-kommunalrad-for-kristdemokraterna-i-linkoping\/","title":{"rendered":"Denise Cassel blir nytt kommunalr\u00e5d"},"content":{"rendered":"<h6>Bild: Johnny Gustavsson<\/h6>\n<p>P\u00e5 Kristdemokraterna i Link\u00f6pings partiavdelningsstyrelsem\u00f6te m\u00e5ndagen den 19 augusti valdes Denise Cassel att eftertr\u00e4da Sara Skyttedal p\u00e5 den kommunalr\u00e5dspost i Link\u00f6ping som partiet innehar. Formellt kommer Cassel att tilltr\u00e4da 2 september. Denise Cassel \u00e4r 28 \u00e5r och ing\u00e5r i den lokala kommunfullm\u00e4ktigegruppen och \u00e4r idag ledamot av bygg- och milj\u00f6n\u00e4mnden. Hon \u00e4r f\u00f6dd i Link\u00f6ping men uppvuxen p\u00e5 Costa del Sol i Spanien. Hon har bott i Link\u00f6ping sedan 2010.<\/p>\n<p>Cassel har en bakgrund som l\u00e4rare i spanska, engelska och SvA men har under de senaste \u00e5ren arbetat som politisk sekreterare \u00e5t Kristdemokraterna i Link\u00f6ping och dessf\u00f6rinnan i Norrk\u00f6ping, ett jobb som hon nu l\u00e4mnar f\u00f6r att kunna \u00e4gna sig p\u00e5 heltid \u00e5t kommunalr\u00e5dsposten.<\/p>\n<p><em>&#8211; Det k\u00e4nns fantastisk kul att f\u00e5 styrelsens f\u00f6rtroende att leda det kommunpolitiska arbetet. Jag brinner f\u00f6r m\u00e5nga fr\u00e5gor och f\u00f6r mig kommer m\u00e4nniskan alltid att g\u00e5 f\u00f6re det politiska systemet. Kommunen har ett ansvar att klara av sina m\u00e5sten innan man tar itu med \u00f6nskem\u00e5l. M\u00e5sten \u00e4r att v\u00e4lf\u00e4rdens k\u00e4rnuppgifter s\u00e5 som omsorg, skola och utbildning h\u00e5ller h\u00f6g kvalitet. \u00d6nskem\u00e5l \u00e4r att utveckla Link\u00f6pings kommun p\u00e5 ett s\u00e4tt som g\u00f6r den attraktiv att leva och verka i. Privatpersoner, f\u00f6reningsliv och f\u00f6retag ska vilja etablera sig h\u00e4r s\u00e4ger, Denise Cassel.<\/em><\/p>\n","protected":false},"excerpt":{"rendered":"<p>Bild: Johnny Gustavsson P\u00e5 Kristdemokraterna i Link\u00f6pings partiavdelningsstyrelsem\u00f6te m\u00e5ndagen den 19 augusti valdes Denise Cassel att eftertr\u00e4da Sara Skyttedal p\u00e5 den kommunalr\u00e5dspost i Link\u00f6ping som partiet innehar. Formellt kommer Cassel att tilltr\u00e4da 2 september. Denise Cassel \u00e4r 28 \u00e5r och ing\u00e5r i den lokala kommunfullm\u00e4ktigegruppen och \u00e4r idag ledamot av bygg- och milj\u00f6n\u00e4mnden. Hon \u00e4r <a class=\"read-more-link\" href=\"https:\/\/wp.kristdemokraterna.se\/linkoping\/denise-cassel-blir-nytt-kommunalrad-for-kristdemokraterna-i-linkoping\/\">Read More<\/a><\/p>\n","protected":false},"author":410,"featured_media":1321,"comment_status":"closed","ping_status":"closed","sticky":false,"template":"","format":"standard","meta":{"_acf_changed":false,"footnotes":""},"categories":[22,1],"tags":[],"class_list":["post-1316","post","type-post","status-publish","format-standard","hentry","category-arkiv","category-okategoriserade"],"acf":[],"yoast_head":"<!-- This site is optimized with the Yoast SEO plugin v27.4 - https:\/\/yoast.com\/product\/yoast-seo-wordpress\/ -->\n<title>Denise Cassel blir nytt kommunalr\u00e5d - Kristdemokraterna i Link\u00f6ping<\/title>\n<meta name=\"robots\" content=\"index, follow, max-snippet:-1, max-image-preview:large, max-video-preview:-1\" \/>\n<link rel=\"canonical\" href=\"https:\/\/wp.kristdemokraterna.se\/linkoping\/denise-cassel-blir-nytt-kommunalrad-for-kristdemokraterna-i-linkoping\/\" \/>\n<meta property=\"og:locale\" content=\"sv_SE\" \/>\n<meta property=\"og:type\" content=\"article\" \/>\n<meta property=\"og:title\" content=\"Denise Cassel blir nytt kommunalr\u00e5d - Kristdemokraterna i Link\u00f6ping\" \/>\n<meta property=\"og:description\" content=\"Bild: Johnny Gustavsson P\u00e5 Kristdemokraterna i Link\u00f6pings partiavdelningsstyrelsem\u00f6te m\u00e5ndagen den 19 augusti valdes Denise Cassel att eftertr\u00e4da Sara Skyttedal p\u00e5 den kommunalr\u00e5dspost i Link\u00f6ping som partiet innehar. Formellt kommer Cassel att tilltr\u00e4da 2 september. Denise Cassel \u00e4r 28 \u00e5r och ing\u00e5r i den lokala kommunfullm\u00e4ktigegruppen och \u00e4r idag ledamot av bygg- och milj\u00f6n\u00e4mnden. Hon \u00e4r Read More\" \/>\n<meta property=\"og:url\" content=\"https:\/\/wp.kristdemokraterna.se\/linkoping\/denise-cassel-blir-nytt-kommunalrad-for-kristdemokraterna-i-linkoping\/\" \/>\n<meta property=\"og:site_name\" content=\"Kristdemokraterna i Link\u00f6ping\" \/>\n<meta property=\"article:author\" content=\"https:\/\/www.facebook.com\/kdlinkoping\/\" \/>\n<meta property=\"article:published_time\" content=\"2019-08-20T17:54:25+00:00\" \/>\n<meta property=\"article:modified_time\" content=\"2021-08-13T09:47:49+00:00\" \/>\n<meta property=\"og:image\" content=\"https:\/\/wp.kristdemokraterna.se\/linkoping\/files\/2019\/09\/denise.magnus.jpg\" \/>\n\t<meta property=\"og:image:width\" content=\"640\" \/>\n\t<meta property=\"og:image:height\" content=\"360\" \/>\n\t<meta property=\"og:image:type\" content=\"image\/jpeg\" \/>\n<meta name=\"author\" content=\"linkoping\" \/>\n<meta name=\"twitter:card\" content=\"summary_large_image\" \/>\n<meta name=\"twitter:label1\" content=\"Skriven av\" \/>\n\t<meta name=\"twitter:data1\" content=\"linkoping\" \/>\n\t<meta name=\"twitter:label2\" content=\"Ber\u00e4knad l\u00e4stid\" \/>\n\t<meta name=\"twitter:data2\" content=\"1 minut\" \/>\n<script type=\"application\/ld+json\" class=\"yoast-schema-graph\">{\"@context\":\"https:\\\/\\\/schema.org\",\"@graph\":[{\"@type\":\"Article\",\"@id\":\"https:\\\/\\\/wp.kristdemokraterna.se\\\/linkoping\\\/denise-cassel-blir-nytt-kommunalrad-for-kristdemokraterna-i-linkoping\\\/#article\",\"isPartOf\":{\"@id\":\"https:\\\/\\\/wp.kristdemokraterna.se\\\/linkoping\\\/denise-cassel-blir-nytt-kommunalrad-for-kristdemokraterna-i-linkoping\\\/\"},\"author\":{\"name\":\"linkoping\",\"@id\":\"https:\\\/\\\/wp.kristdemokraterna.se\\\/linkoping\\\/#\\\/schema\\\/person\\\/b0148c3c8863db76d330faa282b9521a\"},\"headline\":\"Denise Cassel blir nytt kommunalr\u00e5d\",\"datePublished\":\"2019-08-20T17:54:25+00:00\",\"dateModified\":\"2021-08-13T09:47:49+00:00\",\"mainEntityOfPage\":{\"@id\":\"https:\\\/\\\/wp.kristdemokraterna.se\\\/linkoping\\\/denise-cassel-blir-nytt-kommunalrad-for-kristdemokraterna-i-linkoping\\\/\"},\"wordCount\":254,\"image\":{\"@id\":\"https:\\\/\\\/wp.kristdemokraterna.se\\\/linkoping\\\/denise-cassel-blir-nytt-kommunalrad-for-kristdemokraterna-i-linkoping\\\/#primaryimage\"},\"thumbnailUrl\":\"https:\\\/\\\/wp.kristdemokraterna.se\\\/linkoping\\\/files\\\/2019\\\/09\\\/denise.magnus.jpg\",\"articleSection\":[\"arkiv\",\"okategoriserade\"],\"inLanguage\":\"sv-SE\"},{\"@type\":\"WebPage\",\"@id\":\"https:\\\/\\\/wp.kristdemokraterna.se\\\/linkoping\\\/denise-cassel-blir-nytt-kommunalrad-for-kristdemokraterna-i-linkoping\\\/\",\"url\":\"https:\\\/\\\/wp.kristdemokraterna.se\\\/linkoping\\\/denise-cassel-blir-nytt-kommunalrad-for-kristdemokraterna-i-linkoping\\\/\",\"name\":\"Denise Cassel blir nytt kommunalr\u00e5d - Kristdemokraterna i Link\u00f6ping\",\"isPartOf\":{\"@id\":\"https:\\\/\\\/wp.kristdemokraterna.se\\\/linkoping\\\/#website\"},\"primaryImageOfPage\":{\"@id\":\"https:\\\/\\\/wp.kristdemokraterna.se\\\/linkoping\\\/denise-cassel-blir-nytt-kommunalrad-for-kristdemokraterna-i-linkoping\\\/#primaryimage\"},\"image\":{\"@id\":\"https:\\\/\\\/wp.kristdemokraterna.se\\\/linkoping\\\/denise-cassel-blir-nytt-kommunalrad-for-kristdemokraterna-i-linkoping\\\/#primaryimage\"},\"thumbnailUrl\":\"https:\\\/\\\/wp.kristdemokraterna.se\\\/linkoping\\\/files\\\/2019\\\/09\\\/denise.magnus.jpg\",\"datePublished\":\"2019-08-20T17:54:25+00:00\",\"dateModified\":\"2021-08-13T09:47:49+00:00\",\"author\":{\"@id\":\"https:\\\/\\\/wp.kristdemokraterna.se\\\/linkoping\\\/#\\\/schema\\\/person\\\/b0148c3c8863db76d330faa282b9521a\"},\"breadcrumb\":{\"@id\":\"https:\\\/\\\/wp.kristdemokraterna.se\\\/linkoping\\\/denise-cassel-blir-nytt-kommunalrad-for-kristdemokraterna-i-linkoping\\\/#breadcrumb\"},\"inLanguage\":\"sv-SE\",\"potentialAction\":[{\"@type\":\"ReadAction\",\"target\":[\"https:\\\/\\\/wp.kristdemokraterna.se\\\/linkoping\\\/denise-cassel-blir-nytt-kommunalrad-for-kristdemokraterna-i-linkoping\\\/\"]}]},{\"@type\":\"ImageObject\",\"inLanguage\":\"sv-SE\",\"@id\":\"https:\\\/\\\/wp.kristdemokraterna.se\\\/linkoping\\\/denise-cassel-blir-nytt-kommunalrad-for-kristdemokraterna-i-linkoping\\\/#primaryimage\",\"url\":\"https:\\\/\\\/wp.kristdemokraterna.se\\\/linkoping\\\/files\\\/2019\\\/09\\\/denise.magnus.jpg\",\"contentUrl\":\"https:\\\/\\\/wp.kristdemokraterna.se\\\/linkoping\\\/files\\\/2019\\\/09\\\/denise.magnus.jpg\",\"width\":640,\"height\":360},{\"@type\":\"BreadcrumbList\",\"@id\":\"https:\\\/\\\/wp.kristdemokraterna.se\\\/linkoping\\\/denise-cassel-blir-nytt-kommunalrad-for-kristdemokraterna-i-linkoping\\\/#breadcrumb\",\"itemListElement\":[{\"@type\":\"ListItem\",\"position\":1,\"name\":\"Hem\",\"item\":\"https:\\\/\\\/wp.kristdemokraterna.se\\\/linkoping\\\/\"},{\"@type\":\"ListItem\",\"position\":2,\"name\":\"Denise Cassel blir nytt kommunalr\u00e5d\"}]},{\"@type\":\"WebSite\",\"@id\":\"https:\\\/\\\/wp.kristdemokraterna.se\\\/linkoping\\\/#website\",\"url\":\"https:\\\/\\\/wp.kristdemokraterna.se\\\/linkoping\\\/\",\"name\":\"Kristdemokraterna i Link\u00f6ping\",\"description\":\"\",\"inLanguage\":\"sv-SE\"},{\"@type\":\"Person\",\"@id\":\"https:\\\/\\\/wp.kristdemokraterna.se\\\/linkoping\\\/#\\\/schema\\\/person\\\/b0148c3c8863db76d330faa282b9521a\",\"name\":\"linkoping\",\"image\":{\"@type\":\"ImageObject\",\"inLanguage\":\"sv-SE\",\"@id\":\"https:\\\/\\\/secure.gravatar.com\\\/avatar\\\/016e7965fec0e08fdd07b021a7d25181278d4b29b1d5bab57b16017e35421895?s=96&r=g\",\"url\":\"https:\\\/\\\/secure.gravatar.com\\\/avatar\\\/016e7965fec0e08fdd07b021a7d25181278d4b29b1d5bab57b16017e35421895?s=96&r=g\",\"contentUrl\":\"https:\\\/\\\/secure.gravatar.com\\\/avatar\\\/016e7965fec0e08fdd07b021a7d25181278d4b29b1d5bab57b16017e35421895?s=96&r=g\",\"caption\":\"linkoping\"},\"sameAs\":[\"https:\\\/\\\/www.facebook.com\\\/kdlinkoping\\\/\"],\"url\":\"https:\\\/\\\/wp.kristdemokraterna.se\\\/linkoping\\\/author\\\/linkoping\\\/\"}]}<\/script>\n<!-- \/ Yoast SEO plugin. -->","yoast_head_json":{"title":"Denise Cassel blir nytt kommunalr\u00e5d - Kristdemokraterna i Link\u00f6ping","robots":{"index":"index","follow":"follow","max-snippet":"max-snippet:-1","max-image-preview":"max-image-preview:large","max-video-preview":"max-video-preview:-1"},"canonical":"https:\/\/wp.kristdemokraterna.se\/linkoping\/denise-cassel-blir-nytt-kommunalrad-for-kristdemokraterna-i-linkoping\/","og_locale":"sv_SE","og_type":"article","og_title":"Denise Cassel blir nytt kommunalr\u00e5d - Kristdemokraterna i Link\u00f6ping","og_description":"Bild: Johnny Gustavsson P\u00e5 Kristdemokraterna i Link\u00f6pings partiavdelningsstyrelsem\u00f6te m\u00e5ndagen den 19 augusti valdes Denise Cassel att eftertr\u00e4da Sara Skyttedal p\u00e5 den kommunalr\u00e5dspost i Link\u00f6ping som partiet innehar. Formellt kommer Cassel att tilltr\u00e4da 2 september. Denise Cassel \u00e4r 28 \u00e5r och ing\u00e5r i den lokala kommunfullm\u00e4ktigegruppen och \u00e4r idag ledamot av bygg- och milj\u00f6n\u00e4mnden. Hon \u00e4r Read More","og_url":"https:\/\/wp.kristdemokraterna.se\/linkoping\/denise-cassel-blir-nytt-kommunalrad-for-kristdemokraterna-i-linkoping\/","og_site_name":"Kristdemokraterna i Link\u00f6ping","article_author":"https:\/\/www.facebook.com\/kdlinkoping\/","article_published_time":"2019-08-20T17:54:25+00:00","article_modified_time":"2021-08-13T09:47:49+00:00","og_image":[{"width":640,"height":360,"url":"https:\/\/wp.kristdemokraterna.se\/linkoping\/files\/2019\/09\/denise.magnus.jpg","type":"image\/jpeg"}],"author":"linkoping","twitter_card":"summary_large_image","twitter_misc":{"Skriven av":"linkoping","Ber\u00e4knad l\u00e4stid":"1 minut"},"schema":{"@context":"https:\/\/schema.org","@graph":[{"@type":"Article","@id":"https:\/\/wp.kristdemokraterna.se\/linkoping\/denise-cassel-blir-nytt-kommunalrad-for-kristdemokraterna-i-linkoping\/#article","isPartOf":{"@id":"https:\/\/wp.kristdemokraterna.se\/linkoping\/denise-cassel-blir-nytt-kommunalrad-for-kristdemokraterna-i-linkoping\/"},"author":{"name":"linkoping","@id":"https:\/\/wp.kristdemokraterna.se\/linkoping\/#\/schema\/person\/b0148c3c8863db76d330faa282b9521a"},"headline":"Denise Cassel blir nytt kommunalr\u00e5d","datePublished":"2019-08-20T17:54:25+00:00","dateModified":"2021-08-13T09:47:49+00:00","mainEntityOfPage":{"@id":"https:\/\/wp.kristdemokraterna.se\/linkoping\/denise-cassel-blir-nytt-kommunalrad-for-kristdemokraterna-i-linkoping\/"},"wordCount":254,"image":{"@id":"https:\/\/wp.kristdemokraterna.se\/linkoping\/denise-cassel-blir-nytt-kommunalrad-for-kristdemokraterna-i-linkoping\/#primaryimage"},"thumbnailUrl":"https:\/\/wp.kristdemokraterna.se\/linkoping\/files\/2019\/09\/denise.magnus.jpg","articleSection":["arkiv","okategoriserade"],"inLanguage":"sv-SE"},{"@type":"WebPage","@id":"https:\/\/wp.kristdemokraterna.se\/linkoping\/denise-cassel-blir-nytt-kommunalrad-for-kristdemokraterna-i-linkoping\/","url":"https:\/\/wp.kristdemokraterna.se\/linkoping\/denise-cassel-blir-nytt-kommunalrad-for-kristdemokraterna-i-linkoping\/","name":"Denise Cassel blir nytt kommunalr\u00e5d - Kristdemokraterna i Link\u00f6ping","isPartOf":{"@id":"https:\/\/wp.kristdemokraterna.se\/linkoping\/#website"},"primaryImageOfPage":{"@id":"https:\/\/wp.kristdemokraterna.se\/linkoping\/denise-cassel-blir-nytt-kommunalrad-for-kristdemokraterna-i-linkoping\/#primaryimage"},"image":{"@id":"https:\/\/wp.kristdemokraterna.se\/linkoping\/denise-cassel-blir-nytt-kommunalrad-for-kristdemokraterna-i-linkoping\/#primaryimage"},"thumbnailUrl":"https:\/\/wp.kristdemokraterna.se\/linkoping\/files\/2019\/09\/denise.magnus.jpg","datePublished":"2019-08-20T17:54:25+00:00","dateModified":"2021-08-13T09:47:49+00:00","author":{"@id":"https:\/\/wp.kristdemokraterna.se\/linkoping\/#\/schema\/person\/b0148c3c8863db76d330faa282b9521a"},"breadcrumb":{"@id":"https:\/\/wp.kristdemokraterna.se\/linkoping\/denise-cassel-blir-nytt-kommunalrad-for-kristdemokraterna-i-linkoping\/#breadcrumb"},"inLanguage":"sv-SE","potentialAction":[{"@type":"ReadAction","target":["https:\/\/wp.kristdemokraterna.se\/linkoping\/denise-cassel-blir-nytt-kommunalrad-for-kristdemokraterna-i-linkoping\/"]}]},{"@type":"ImageObject","inLanguage":"sv-SE","@id":"https:\/\/wp.kristdemokraterna.se\/linkoping\/denise-cassel-blir-nytt-kommunalrad-for-kristdemokraterna-i-linkoping\/#primaryimage","url":"https:\/\/wp.kristdemokraterna.se\/linkoping\/files\/2019\/09\/denise.magnus.jpg","contentUrl":"https:\/\/wp.kristdemokraterna.se\/linkoping\/files\/2019\/09\/denise.magnus.jpg","width":640,"height":360},{"@type":"BreadcrumbList","@id":"https:\/\/wp.kristdemokraterna.se\/linkoping\/denise-cassel-blir-nytt-kommunalrad-for-kristdemokraterna-i-linkoping\/#breadcrumb","itemListElement":[{"@type":"ListItem","position":1,"name":"Hem","item":"https:\/\/wp.kristdemokraterna.se\/linkoping\/"},{"@type":"ListItem","position":2,"name":"Denise Cassel blir nytt kommunalr\u00e5d"}]},{"@type":"WebSite","@id":"https:\/\/wp.kristdemokraterna.se\/linkoping\/#website","url":"https:\/\/wp.kristdemokraterna.se\/linkoping\/","name":"Kristdemokraterna i Link\u00f6ping","description":"","inLanguage":"sv-SE"},{"@type":"Person","@id":"https:\/\/wp.kristdemokraterna.se\/linkoping\/#\/schema\/person\/b0148c3c8863db76d330faa282b9521a","name":"linkoping","image":{"@type":"ImageObject","inLanguage":"sv-SE","@id":"https:\/\/secure.gravatar.com\/avatar\/016e7965fec0e08fdd07b021a7d25181278d4b29b1d5bab57b16017e35421895?s=96&r=g","url":"https:\/\/secure.gravatar.com\/avatar\/016e7965fec0e08fdd07b021a7d25181278d4b29b1d5bab57b16017e35421895?s=96&r=g","contentUrl":"https:\/\/secure.gravatar.com\/avatar\/016e7965fec0e08fdd07b021a7d25181278d4b29b1d5bab57b16017e35421895?s=96&r=g","caption":"linkoping"},"sameAs":["https:\/\/www.facebook.com\/kdlinkoping\/"],"url":"https:\/\/wp.kristdemokraterna.se\/linkoping\/author\/linkoping\/"}]}},"_links":{"self":[{"href":"https:\/\/wp.kristdemokraterna.se\/linkoping\/wp-json\/wp\/v2\/posts\/1316","targetHints":{"allow":["GET"]}}],"collection":[{"href":"https:\/\/wp.kristdemokraterna.se\/linkoping\/wp-json\/wp\/v2\/posts"}],"about":[{"href":"https:\/\/wp.kristdemokraterna.se\/linkoping\/wp-json\/wp\/v2\/types\/post"}],"author":[{"embeddable":true,"href":"https:\/\/wp.kristdemokraterna.se\/linkoping\/wp-json\/wp\/v2\/users\/410"}],"replies":[{"embeddable":true,"href":"https:\/\/wp.kristdemokraterna.se\/linkoping\/wp-json\/wp\/v2\/comments?post=1316"}],"version-history":[{"count":15,"href":"https:\/\/wp.kristdemokraterna.se\/linkoping\/wp-json\/wp\/v2\/posts\/1316\/revisions"}],"predecessor-version":[{"id":1396,"href":"https:\/\/wp.kristdemokraterna.se\/linkoping\/wp-json\/wp\/v2\/posts\/1316\/revisions\/1396"}],"wp:featuredmedia":[{"embeddable":true,"href":"https:\/\/wp.kristdemokraterna.se\/linkoping\/wp-json\/wp\/v2\/media\/1321"}],"wp:attachment":[{"href":"https:\/\/wp.kristdemokraterna.se\/linkoping\/wp-json\/wp\/v2\/media?parent=1316"}],"wp:term":[{"taxonomy":"category","embeddable":true,"href":"https:\/\/wp.kristdemokraterna.se\/linkoping\/wp-json\/wp\/v2\/categories?post=1316"},{"taxonomy":"post_tag","embeddable":true,"href":"https:\/\/wp.kristdemokraterna.se\/linkoping\/wp-json\/wp\/v2\/tags?post=1316"}],"curies":[{"name":"wp","href":"https:\/\/api.w.org\/{rel}","templated":true}]}}